{"id":4777,"date":"2025-11-13T08:50:49","date_gmt":"2025-11-13T11:50:49","guid":{"rendered":"https:\/\/portal.pi.gov.br\/adapi\/?p=4777"},"modified":"2025-11-13T08:50:50","modified_gmt":"2025-11-13T11:50:50","slug":"excell-10-conclusao-da-avaliacao-tecnica","status":"publish","type":"post","link":"https:\/\/portal.pi.gov.br\/adapi\/2025\/11\/13\/excell-10-conclusao-da-avaliacao-tecnica\/","title":{"rendered":"Excell 10: Conclus\u00e3o da avalia\u00e7\u00e3o t\u00e9cnica."},"content":{"rendered":"\n<figure class=\"wp-block-image size-large\"><img decoding=\"async\" loading=\"lazy\" width=\"819\" height=\"1024\" src=\"https:\/\/portal.pi.gov.br\/adapi\/wp-content\/uploads\/sites\/103\/2025\/11\/comunicado-819x1024.jpg\" alt=\"\" class=\"wp-image-4778\" srcset=\"https:\/\/portal.pi.gov.br\/adapi\/wp-content\/uploads\/sites\/103\/2025\/11\/comunicado-819x1024.jpg 819w, https:\/\/portal.pi.gov.br\/adapi\/wp-content\/uploads\/sites\/103\/2025\/11\/comunicado-240x300.jpg 240w, https:\/\/portal.pi.gov.br\/adapi\/wp-content\/uploads\/sites\/103\/2025\/11\/comunicado-768x960.jpg 768w, https:\/\/portal.pi.gov.br\/adapi\/wp-content\/uploads\/sites\/103\/2025\/11\/comunicado-336x420.jpg 336w, https:\/\/portal.pi.gov.br\/adapi\/wp-content\/uploads\/sites\/103\/2025\/11\/comunicado-432x540.jpg 432w, https:\/\/portal.pi.gov.br\/adapi\/wp-content\/uploads\/sites\/103\/2025\/11\/comunicado-624x780.jpg 624w, https:\/\/portal.pi.gov.br\/adapi\/wp-content\/uploads\/sites\/103\/2025\/11\/comunicado-947x1184.jpg 947w, https:\/\/portal.pi.gov.br\/adapi\/wp-content\/uploads\/sites\/103\/2025\/11\/comunicado.jpg 1080w\" sizes=\"(max-width: 819px) 100vw, 819px\" \/><\/figure>\n\n\n\n<p><\/p>\n\n\n\n<p><\/p>\n\n\n\n<p><\/p>\n\n\n\n<p>A Dechra Brasil anuncia hoje a conclus\u00e3o de sua investiga\u00e7\u00e3o sobre a causa raiz dos eventos adversos que resultaram no recolhimento dos produtos Excell 10.<\/p>\n\n\n\n<p>Ap\u00f3s relatos de eventos adversos em bovinos, caprinos e ovinos vacinados com os lotes 016\/24 e 018\/24 da Excell 10, a Dechra conduziu uma an\u00e1lise abrangente para identificar a causa principal.<\/p>\n\n\n\n<p>A conclus\u00e3o da Dechra \u00e9 que o fator mais prov\u00e1vel foi uma falha no processo de inativa\u00e7\u00e3o. Todas as informa\u00e7\u00f5es relevantes foram compartilhadas com o Minist\u00e9rio da Agricultura e Pecu\u00e1ria (MAPA).<\/p>\n\n\n\n<p>&#8220;A Dechra continua trabalhando em estreita colabora\u00e7\u00e3o com o MAPA e est\u00e1 implementando todas as medidas necess\u00e1rias para garantir que problemas semelhantes n\u00e3o ocorram com a Excell 10 nem com qualquer outro produto que fabricamos.<\/p>\n\n\n\n<p>Como parte desse trabalho, suspendemos temporariamente, de forma volunt\u00e1ria, toda a fabrica\u00e7\u00e3o na unidade de Londrina, enquanto conclu\u00edmos uma revis\u00e3o completa das opera\u00e7\u00f5es e processos. O fornecimento de alguns produtos ser\u00e1 afetado durante esse per\u00edodo.<\/p>\n\n\n\n<p>Reafirmamos nosso compromisso inabal\u00e1vel em manter os mais altos padr\u00f5es de seguran\u00e7a e qualidade em todos os nossos produtos.<\/p>\n\n\n\n<p>Clientes com d\u00favidas devem entrar em contato com seu representante local da Dechra ou com nosso SAC pelo telefone: 0800 400 7997&#8243;<\/p>\n","protected":false},"excerpt":{"rendered":"<p>A Dechra Brasil anuncia hoje a conclus\u00e3o de sua investiga\u00e7\u00e3o sobre a causa raiz dos eventos adversos que resultaram no recolhimento dos produtos Excell 10. Ap\u00f3s relatos de eventos adversos [&hellip;]<\/p>\n","protected":false},"author":1819,"featured_media":4778,"comment_status":"closed","ping_status":"closed","sticky":true,"template":"","format":"standard","meta":[],"categories":[31,30],"tags":[36,479,49,35],"featured_image_urls":{"full":["https:\/\/portal.pi.gov.br\/adapi\/wp-content\/uploads\/sites\/103\/2025\/11\/comunicado.jpg",1080,1350,false],"thumbnail":["https:\/\/portal.pi.gov.br\/adapi\/wp-content\/uploads\/sites\/103\/2025\/11\/comunicado-150x150.jpg",150,150,true],"medium":["https:\/\/portal.pi.gov.br\/adapi\/wp-content\/uploads\/sites\/103\/2025\/11\/comunicado-240x300.jpg",240,300,true],"medium_large":["https:\/\/portal.pi.gov.br\/adapi\/wp-content\/uploads\/sites\/103\/2025\/11\/comunicado-768x960.jpg",768,960,true],"large":["https:\/\/portal.pi.gov.br\/adapi\/wp-content\/uploads\/sites\/103\/2025\/11\/comunicado-819x1024.jpg",819,1024,true],"sgg-420":["https:\/\/portal.pi.gov.br\/adapi\/wp-content\/uploads\/sites\/103\/2025\/11\/comunicado-336x420.jpg",336,420,true],"sgg-540":["https:\/\/portal.pi.gov.br\/adapi\/wp-content\/uploads\/sites\/103\/2025\/11\/comunicado-432x540.jpg",432,540,true],"sgg-780":["https:\/\/portal.pi.gov.br\/adapi\/wp-content\/uploads\/sites\/103\/2025\/11\/comunicado-624x780.jpg",624,780,true],"1536x1536":["https:\/\/portal.pi.gov.br\/adapi\/wp-content\/uploads\/sites\/103\/2025\/11\/comunicado.jpg",1080,1350,false],"2048x2048":["https:\/\/portal.pi.gov.br\/adapi\/wp-content\/uploads\/sites\/103\/2025\/11\/comunicado.jpg",1080,1350,false],"homepage-slider":["https:\/\/portal.pi.gov.br\/adapi\/wp-content\/uploads\/sites\/103\/2025\/11\/comunicado-1080x500.jpg",1080,500,true],"homepage-slider-small":["https:\/\/portal.pi.gov.br\/adapi\/wp-content\/uploads\/sites\/103\/2025\/11\/comunicado-947x500.jpg",947,500,true],"page-top":["https:\/\/portal.pi.gov.br\/adapi\/wp-content\/uploads\/sites\/103\/2025\/11\/comunicado-947x1184.jpg",947,1184,true],"page-small":["https:\/\/portal.pi.gov.br\/adapi\/wp-content\/uploads\/sites\/103\/2025\/11\/comunicado-624x780.jpg",624,780,true],"loop-main":["https:\/\/portal.pi.gov.br\/adapi\/wp-content\/uploads\/sites\/103\/2025\/11\/comunicado-365x240.jpg",365,240,true],"thumb-gallery-widget":["https:\/\/portal.pi.gov.br\/adapi\/wp-content\/uploads\/sites\/103\/2025\/11\/comunicado-84x56.jpg",84,56,true]},"post_excerpt_stackable":"<p>A Dechra Brasil anuncia hoje a conclus\u00e3o de sua investiga\u00e7\u00e3o sobre a causa raiz dos eventos adversos que resultaram no recolhimento dos produtos Excell 10. Ap\u00f3s relatos de eventos adversos em bovinos, caprinos e ovinos vacinados com os lotes 016\/24 e 018\/24 da Excell 10, a Dechra conduziu uma an\u00e1lise abrangente para identificar a causa principal. A conclus\u00e3o da Dechra \u00e9 que o fator mais prov\u00e1vel foi uma falha no processo de inativa\u00e7\u00e3o. Todas as informa\u00e7\u00f5es relevantes foram compartilhadas com o Minist\u00e9rio da Agricultura e Pecu\u00e1ria (MAPA). &#8220;A Dechra continua trabalhando em estreita colabora\u00e7\u00e3o com o MAPA e est\u00e1 implementando&hellip;<\/p>\n","category_list":"<a href=\"https:\/\/portal.pi.gov.br\/adapi\/category\/galeria-de-fotos\/\" rel=\"category tag\">Galeria de Fotos<\/a>, <a href=\"https:\/\/portal.pi.gov.br\/adapi\/category\/noticias\/\" rel=\"category tag\">Not\u00edcias<\/a>","author_info":{"name":"pauloalbuquerque","url":"https:\/\/portal.pi.gov.br\/adapi\/author\/pauloalbuquerque\/"},"comments_num":"0 coment\u00e1rio","featured_image_urls_v2":{"full":["https:\/\/portal.pi.gov.br\/adapi\/wp-content\/uploads\/sites\/103\/2025\/11\/comunicado.jpg",1080,1350,false],"thumbnail":["https:\/\/portal.pi.gov.br\/adapi\/wp-content\/uploads\/sites\/103\/2025\/11\/comunicado-150x150.jpg",150,150,true],"medium":["https:\/\/portal.pi.gov.br\/adapi\/wp-content\/uploads\/sites\/103\/2025\/11\/comunicado-240x300.jpg",240,300,true],"medium_large":["https:\/\/portal.pi.gov.br\/adapi\/wp-content\/uploads\/sites\/103\/2025\/11\/comunicado-768x960.jpg",768,960,true],"large":["https:\/\/portal.pi.gov.br\/adapi\/wp-content\/uploads\/sites\/103\/2025\/11\/comunicado-819x1024.jpg",819,1024,true],"sgg-420":["https:\/\/portal.pi.gov.br\/adapi\/wp-content\/uploads\/sites\/103\/2025\/11\/comunicado-336x420.jpg",336,420,true],"sgg-540":["https:\/\/portal.pi.gov.br\/adapi\/wp-content\/uploads\/sites\/103\/2025\/11\/comunicado-432x540.jpg",432,540,true],"sgg-780":["https:\/\/portal.pi.gov.br\/adapi\/wp-content\/uploads\/sites\/103\/2025\/11\/comunicado-624x780.jpg",624,780,true],"1536x1536":["https:\/\/portal.pi.gov.br\/adapi\/wp-content\/uploads\/sites\/103\/2025\/11\/comunicado.jpg",1080,1350,false],"2048x2048":["https:\/\/portal.pi.gov.br\/adapi\/wp-content\/uploads\/sites\/103\/2025\/11\/comunicado.jpg",1080,1350,false],"homepage-slider":["https:\/\/portal.pi.gov.br\/adapi\/wp-content\/uploads\/sites\/103\/2025\/11\/comunicado-1080x500.jpg",1080,500,true],"homepage-slider-small":["https:\/\/portal.pi.gov.br\/adapi\/wp-content\/uploads\/sites\/103\/2025\/11\/comunicado-947x500.jpg",947,500,true],"page-top":["https:\/\/portal.pi.gov.br\/adapi\/wp-content\/uploads\/sites\/103\/2025\/11\/comunicado-947x1184.jpg",947,1184,true],"page-small":["https:\/\/portal.pi.gov.br\/adapi\/wp-content\/uploads\/sites\/103\/2025\/11\/comunicado-624x780.jpg",624,780,true],"loop-main":["https:\/\/portal.pi.gov.br\/adapi\/wp-content\/uploads\/sites\/103\/2025\/11\/comunicado-365x240.jpg",365,240,true],"thumb-gallery-widget":["https:\/\/portal.pi.gov.br\/adapi\/wp-content\/uploads\/sites\/103\/2025\/11\/comunicado-84x56.jpg",84,56,true]},"post_excerpt_stackable_v2":"<p>A Dechra Brasil anuncia hoje a conclus\u00e3o de sua investiga\u00e7\u00e3o sobre a causa raiz dos eventos adversos que resultaram no recolhimento dos produtos Excell 10. Ap\u00f3s relatos de eventos adversos em bovinos, caprinos e ovinos vacinados com os lotes 016\/24 e 018\/24 da Excell 10, a Dechra conduziu uma an\u00e1lise abrangente para identificar a causa principal. A conclus\u00e3o da Dechra \u00e9 que o fator mais prov\u00e1vel foi uma falha no processo de inativa\u00e7\u00e3o. Todas as informa\u00e7\u00f5es relevantes foram compartilhadas com o Minist\u00e9rio da Agricultura e Pecu\u00e1ria (MAPA). &#8220;A Dechra continua trabalhando em estreita colabora\u00e7\u00e3o com o MAPA e est\u00e1 implementando&hellip;<\/p>\n","category_list_v2":"<a href=\"https:\/\/portal.pi.gov.br\/adapi\/category\/galeria-de-fotos\/\" rel=\"category tag\">Galeria de Fotos<\/a>, <a href=\"https:\/\/portal.pi.gov.br\/adapi\/category\/noticias\/\" rel=\"category tag\">Not\u00edcias<\/a>","author_info_v2":{"name":"pauloalbuquerque","url":"https:\/\/portal.pi.gov.br\/adapi\/author\/pauloalbuquerque\/"},"comments_num_v2":"0 coment\u00e1rio","jetpack_featured_media_url":"https:\/\/portal.pi.gov.br\/adapi\/wp-content\/uploads\/sites\/103\/2025\/11\/comunicado.jpg","_links":{"self":[{"href":"https:\/\/portal.pi.gov.br\/adapi\/wp-json\/wp\/v2\/posts\/4777"}],"collection":[{"href":"https:\/\/portal.pi.gov.br\/adapi\/wp-json\/wp\/v2\/posts"}],"about":[{"href":"https:\/\/portal.pi.gov.br\/adapi\/wp-json\/wp\/v2\/types\/post"}],"author":[{"embeddable":true,"href":"https:\/\/portal.pi.gov.br\/adapi\/wp-json\/wp\/v2\/users\/1819"}],"replies":[{"embeddable":true,"href":"https:\/\/portal.pi.gov.br\/adapi\/wp-json\/wp\/v2\/comments?post=4777"}],"version-history":[{"count":2,"href":"https:\/\/portal.pi.gov.br\/adapi\/wp-json\/wp\/v2\/posts\/4777\/revisions"}],"predecessor-version":[{"id":4780,"href":"https:\/\/portal.pi.gov.br\/adapi\/wp-json\/wp\/v2\/posts\/4777\/revisions\/4780"}],"wp:featuredmedia":[{"embeddable":true,"href":"https:\/\/portal.pi.gov.br\/adapi\/wp-json\/wp\/v2\/media\/4778"}],"wp:attachment":[{"href":"https:\/\/portal.pi.gov.br\/adapi\/wp-json\/wp\/v2\/media?parent=4777"}],"wp:term":[{"taxonomy":"category","embeddable":true,"href":"https:\/\/portal.pi.gov.br\/adapi\/wp-json\/wp\/v2\/categories?post=4777"},{"taxonomy":"post_tag","embeddable":true,"href":"https:\/\/portal.pi.gov.br\/adapi\/wp-json\/wp\/v2\/tags?post=4777"}],"curies":[{"name":"wp","href":"https:\/\/api.w.org\/{rel}","templated":true}]}}