{"id":5474,"date":"2026-04-29T12:05:04","date_gmt":"2026-04-29T15:05:04","guid":{"rendered":"https:\/\/portal.pi.gov.br\/adapi\/?p=5474"},"modified":"2026-04-29T12:05:05","modified_gmt":"2026-04-29T15:05:05","slug":"adapi-representa-o-piaui-e-reforca-articulacao-no-nordeste-em-encontro-sobre-nova-lei-de-agrotoxicos","status":"publish","type":"post","link":"https:\/\/portal.pi.gov.br\/adapi\/2026\/04\/29\/adapi-representa-o-piaui-e-reforca-articulacao-no-nordeste-em-encontro-sobre-nova-lei-de-agrotoxicos\/","title":{"rendered":"Adapi representa o Piau\u00ed e refor\u00e7a articula\u00e7\u00e3o no Nordeste em encontro sobre nova lei de agrot\u00f3xicos"},"content":{"rendered":"\n<p><strong>O evento re\u00fane representantes de diversos estados para discutir pautas estrat\u00e9gicas relacionadas ao setor agropecu\u00e1rio.<\/strong><\/p>\n\n\n\n<p><br><\/p>\n\n\n\n<p>A Ag\u00eancia de Defesa Agropecu\u00e1ria do Piau\u00ed (Adapi) participa, nesta ter\u00e7a-feira (28), em S\u00e3o Paulo, do encontro das Ag\u00eancias de Defesa Agropecu\u00e1ria da regi\u00e3o Nordeste. O evento re\u00fane representantes de diversos estados para discutir pautas estrat\u00e9gicas relacionadas ao setor agropecu\u00e1rio, com destaque para a nova legisla\u00e7\u00e3o sobre agrot\u00f3xicos.<\/p>\n\n\n\n<p>O Piau\u00ed est\u00e1 sendo representado pelo gerente de Defesa Vegetal da Adapi, Ozael David, que acompanha as discuss\u00f5es e contribui com o posicionamento do estado diante dos temas abordados. Al\u00e9m das Ag\u00eancias estaduais, o encontro conta com a participa\u00e7\u00e3o de representantes do Minist\u00e9rio da Agricultura e Pecu\u00e1ria (Mapa) e da Associa\u00e7\u00e3o Nacional das Empresas de Produtos Fitossanit\u00e1rios (Aenda).<\/p>\n\n\n\n<figure class=\"wp-block-image size-large\"><img decoding=\"async\" loading=\"lazy\" width=\"1024\" height=\"769\" src=\"https:\/\/portal.pi.gov.br\/adapi\/wp-content\/uploads\/sites\/103\/2026\/04\/WhatsApp-Image-2026-04-28-at-11.19.06-1024x769.jpeg\" alt=\"\" class=\"wp-image-5475\" srcset=\"https:\/\/portal.pi.gov.br\/adapi\/wp-content\/uploads\/sites\/103\/2026\/04\/WhatsApp-Image-2026-04-28-at-11.19.06-1024x769.jpeg 1024w, https:\/\/portal.pi.gov.br\/adapi\/wp-content\/uploads\/sites\/103\/2026\/04\/WhatsApp-Image-2026-04-28-at-11.19.06-300x225.jpeg 300w, https:\/\/portal.pi.gov.br\/adapi\/wp-content\/uploads\/sites\/103\/2026\/04\/WhatsApp-Image-2026-04-28-at-11.19.06-768x576.jpeg 768w, https:\/\/portal.pi.gov.br\/adapi\/wp-content\/uploads\/sites\/103\/2026\/04\/WhatsApp-Image-2026-04-28-at-11.19.06-420x315.jpeg 420w, https:\/\/portal.pi.gov.br\/adapi\/wp-content\/uploads\/sites\/103\/2026\/04\/WhatsApp-Image-2026-04-28-at-11.19.06-540x405.jpeg 540w, https:\/\/portal.pi.gov.br\/adapi\/wp-content\/uploads\/sites\/103\/2026\/04\/WhatsApp-Image-2026-04-28-at-11.19.06-780x585.jpeg 780w, https:\/\/portal.pi.gov.br\/adapi\/wp-content\/uploads\/sites\/103\/2026\/04\/WhatsApp-Image-2026-04-28-at-11.19.06-1536x1153.jpeg 1536w, https:\/\/portal.pi.gov.br\/adapi\/wp-content\/uploads\/sites\/103\/2026\/04\/WhatsApp-Image-2026-04-28-at-11.19.06-947x711.jpeg 947w, https:\/\/portal.pi.gov.br\/adapi\/wp-content\/uploads\/sites\/103\/2026\/04\/WhatsApp-Image-2026-04-28-at-11.19.06-624x468.jpeg 624w, https:\/\/portal.pi.gov.br\/adapi\/wp-content\/uploads\/sites\/103\/2026\/04\/WhatsApp-Image-2026-04-28-at-11.19.06.jpeg 1600w\" sizes=\"(max-width: 1024px) 100vw, 1024px\" \/><figcaption class=\"wp-element-caption\">Foto: Ascom Adapi<\/figcaption><\/figure>\n\n\n\n<p>Entre os principais pontos em debate est\u00e3o a nova lei de agrot\u00f3xicos e sua regulamenta\u00e7\u00e3o, bem como a legisla\u00e7\u00e3o voltada aos bioinsumos, temas considerados fundamentais para o fortalecimento das pol\u00edticas de controle, fiscaliza\u00e7\u00e3o e uso respons\u00e1vel desses produtos no pa\u00eds.<\/p>\n\n\n\n<p>De acordo com Ozael David, a participa\u00e7\u00e3o da Adapi no encontro refor\u00e7a o compromisso institucional com a defesa dos interesses do Piau\u00ed. \u201cEstamos aqui para defender os interesses do Estado do Piau\u00ed e tamb\u00e9m da Ag\u00eancia de Defesa Agropecu\u00e1ria no que diz respeito \u00e0s suas atribui\u00e7\u00f5es em rela\u00e7\u00e3o \u00e0 fiscaliza\u00e7\u00e3o desses produtos e ao controle do com\u00e9rcio e do uso\u201d, destacou.<\/p>\n\n\n\n<p>A presen\u00e7a da Adapi no evento tamb\u00e9m contribui para o alinhamento de estrat\u00e9gias entre os estados nordestinos, promovendo maior integra\u00e7\u00e3o e efici\u00eancia nas a\u00e7\u00f5es de defesa agropecu\u00e1ria na regi\u00e3o.<\/p>\n","protected":false},"excerpt":{"rendered":"<p>O evento re\u00fane representantes de diversos estados para discutir pautas estrat\u00e9gicas relacionadas ao setor agropecu\u00e1rio. A Ag\u00eancia de Defesa Agropecu\u00e1ria do Piau\u00ed (Adapi) participa, nesta ter\u00e7a-feira (28), em S\u00e3o Paulo, [&hellip;]<\/p>\n","protected":false},"author":1819,"featured_media":5475,"comment_status":"closed","ping_status":"closed","sticky":false,"template":"","format":"standard","meta":[],"categories":[30],"tags":[36,531,191,39,530,152,49,35,389],"featured_image_urls":{"full":["https:\/\/portal.pi.gov.br\/adapi\/wp-content\/uploads\/sites\/103\/2026\/04\/WhatsApp-Image-2026-04-28-at-11.19.06.jpeg",1600,1201,false],"thumbnail":["https:\/\/portal.pi.gov.br\/adapi\/wp-content\/uploads\/sites\/103\/2026\/04\/WhatsApp-Image-2026-04-28-at-11.19.06-150x150.jpeg",150,150,true],"medium":["https:\/\/portal.pi.gov.br\/adapi\/wp-content\/uploads\/sites\/103\/2026\/04\/WhatsApp-Image-2026-04-28-at-11.19.06-300x225.jpeg",300,225,true],"medium_large":["https:\/\/portal.pi.gov.br\/adapi\/wp-content\/uploads\/sites\/103\/2026\/04\/WhatsApp-Image-2026-04-28-at-11.19.06-768x576.jpeg",768,576,true],"large":["https:\/\/portal.pi.gov.br\/adapi\/wp-content\/uploads\/sites\/103\/2026\/04\/WhatsApp-Image-2026-04-28-at-11.19.06-1024x769.jpeg",887,666,true],"sgg-420":["https:\/\/portal.pi.gov.br\/adapi\/wp-content\/uploads\/sites\/103\/2026\/04\/WhatsApp-Image-2026-04-28-at-11.19.06-420x315.jpeg",420,315,true],"sgg-540":["https:\/\/portal.pi.gov.br\/adapi\/wp-content\/uploads\/sites\/103\/2026\/04\/WhatsApp-Image-2026-04-28-at-11.19.06-540x405.jpeg",540,405,true],"sgg-780":["https:\/\/portal.pi.gov.br\/adapi\/wp-content\/uploads\/sites\/103\/2026\/04\/WhatsApp-Image-2026-04-28-at-11.19.06-780x585.jpeg",780,585,true],"1536x1536":["https:\/\/portal.pi.gov.br\/adapi\/wp-content\/uploads\/sites\/103\/2026\/04\/WhatsApp-Image-2026-04-28-at-11.19.06-1536x1153.jpeg",1536,1153,true],"2048x2048":["https:\/\/portal.pi.gov.br\/adapi\/wp-content\/uploads\/sites\/103\/2026\/04\/WhatsApp-Image-2026-04-28-at-11.19.06.jpeg",1600,1201,false],"homepage-slider":["https:\/\/portal.pi.gov.br\/adapi\/wp-content\/uploads\/sites\/103\/2026\/04\/WhatsApp-Image-2026-04-28-at-11.19.06-1270x500.jpeg",1270,500,true],"homepage-slider-small":["https:\/\/portal.pi.gov.br\/adapi\/wp-content\/uploads\/sites\/103\/2026\/04\/WhatsApp-Image-2026-04-28-at-11.19.06-947x500.jpeg",947,500,true],"page-top":["https:\/\/portal.pi.gov.br\/adapi\/wp-content\/uploads\/sites\/103\/2026\/04\/WhatsApp-Image-2026-04-28-at-11.19.06-947x711.jpeg",947,711,true],"page-small":["https:\/\/portal.pi.gov.br\/adapi\/wp-content\/uploads\/sites\/103\/2026\/04\/WhatsApp-Image-2026-04-28-at-11.19.06-624x468.jpeg",624,468,true],"loop-main":["https:\/\/portal.pi.gov.br\/adapi\/wp-content\/uploads\/sites\/103\/2026\/04\/WhatsApp-Image-2026-04-28-at-11.19.06-365x240.jpeg",365,240,true],"thumb-gallery-widget":["https:\/\/portal.pi.gov.br\/adapi\/wp-content\/uploads\/sites\/103\/2026\/04\/WhatsApp-Image-2026-04-28-at-11.19.06-84x56.jpeg",84,56,true]},"post_excerpt_stackable":"<p>O evento re\u00fane representantes de diversos estados para discutir pautas estrat\u00e9gicas relacionadas ao setor agropecu\u00e1rio. A Ag\u00eancia de Defesa Agropecu\u00e1ria do Piau\u00ed (Adapi) participa, nesta ter\u00e7a-feira (28), em S\u00e3o Paulo, do encontro das Ag\u00eancias de Defesa Agropecu\u00e1ria da regi\u00e3o Nordeste. O evento re\u00fane representantes de diversos estados para discutir pautas estrat\u00e9gicas relacionadas ao setor agropecu\u00e1rio, com destaque para a nova legisla\u00e7\u00e3o sobre agrot\u00f3xicos. O Piau\u00ed est\u00e1 sendo representado pelo gerente de Defesa Vegetal da Adapi, Ozael David, que acompanha as discuss\u00f5es e contribui com o posicionamento do estado diante dos temas abordados. Al\u00e9m das Ag\u00eancias estaduais, o encontro conta com&hellip;<\/p>\n","category_list":"<a href=\"https:\/\/portal.pi.gov.br\/adapi\/category\/noticias\/\" rel=\"category tag\">Not\u00edcias<\/a>","author_info":{"name":"pauloalbuquerque","url":"https:\/\/portal.pi.gov.br\/adapi\/author\/pauloalbuquerque\/"},"comments_num":"0 coment\u00e1rio","featured_image_urls_v2":{"full":["https:\/\/portal.pi.gov.br\/adapi\/wp-content\/uploads\/sites\/103\/2026\/04\/WhatsApp-Image-2026-04-28-at-11.19.06.jpeg",1600,1201,false],"thumbnail":["https:\/\/portal.pi.gov.br\/adapi\/wp-content\/uploads\/sites\/103\/2026\/04\/WhatsApp-Image-2026-04-28-at-11.19.06-150x150.jpeg",150,150,true],"medium":["https:\/\/portal.pi.gov.br\/adapi\/wp-content\/uploads\/sites\/103\/2026\/04\/WhatsApp-Image-2026-04-28-at-11.19.06-300x225.jpeg",300,225,true],"medium_large":["https:\/\/portal.pi.gov.br\/adapi\/wp-content\/uploads\/sites\/103\/2026\/04\/WhatsApp-Image-2026-04-28-at-11.19.06-768x576.jpeg",768,576,true],"large":["https:\/\/portal.pi.gov.br\/adapi\/wp-content\/uploads\/sites\/103\/2026\/04\/WhatsApp-Image-2026-04-28-at-11.19.06-1024x769.jpeg",887,666,true],"sgg-420":["https:\/\/portal.pi.gov.br\/adapi\/wp-content\/uploads\/sites\/103\/2026\/04\/WhatsApp-Image-2026-04-28-at-11.19.06-420x315.jpeg",420,315,true],"sgg-540":["https:\/\/portal.pi.gov.br\/adapi\/wp-content\/uploads\/sites\/103\/2026\/04\/WhatsApp-Image-2026-04-28-at-11.19.06-540x405.jpeg",540,405,true],"sgg-780":["https:\/\/portal.pi.gov.br\/adapi\/wp-content\/uploads\/sites\/103\/2026\/04\/WhatsApp-Image-2026-04-28-at-11.19.06-780x585.jpeg",780,585,true],"1536x1536":["https:\/\/portal.pi.gov.br\/adapi\/wp-content\/uploads\/sites\/103\/2026\/04\/WhatsApp-Image-2026-04-28-at-11.19.06-1536x1153.jpeg",1536,1153,true],"2048x2048":["https:\/\/portal.pi.gov.br\/adapi\/wp-content\/uploads\/sites\/103\/2026\/04\/WhatsApp-Image-2026-04-28-at-11.19.06.jpeg",1600,1201,false],"homepage-slider":["https:\/\/portal.pi.gov.br\/adapi\/wp-content\/uploads\/sites\/103\/2026\/04\/WhatsApp-Image-2026-04-28-at-11.19.06-1270x500.jpeg",1270,500,true],"homepage-slider-small":["https:\/\/portal.pi.gov.br\/adapi\/wp-content\/uploads\/sites\/103\/2026\/04\/WhatsApp-Image-2026-04-28-at-11.19.06-947x500.jpeg",947,500,true],"page-top":["https:\/\/portal.pi.gov.br\/adapi\/wp-content\/uploads\/sites\/103\/2026\/04\/WhatsApp-Image-2026-04-28-at-11.19.06-947x711.jpeg",947,711,true],"page-small":["https:\/\/portal.pi.gov.br\/adapi\/wp-content\/uploads\/sites\/103\/2026\/04\/WhatsApp-Image-2026-04-28-at-11.19.06-624x468.jpeg",624,468,true],"loop-main":["https:\/\/portal.pi.gov.br\/adapi\/wp-content\/uploads\/sites\/103\/2026\/04\/WhatsApp-Image-2026-04-28-at-11.19.06-365x240.jpeg",365,240,true],"thumb-gallery-widget":["https:\/\/portal.pi.gov.br\/adapi\/wp-content\/uploads\/sites\/103\/2026\/04\/WhatsApp-Image-2026-04-28-at-11.19.06-84x56.jpeg",84,56,true]},"post_excerpt_stackable_v2":"<p>O evento re\u00fane representantes de diversos estados para discutir pautas estrat\u00e9gicas relacionadas ao setor agropecu\u00e1rio. A Ag\u00eancia de Defesa Agropecu\u00e1ria do Piau\u00ed (Adapi) participa, nesta ter\u00e7a-feira (28), em S\u00e3o Paulo, do encontro das Ag\u00eancias de Defesa Agropecu\u00e1ria da regi\u00e3o Nordeste. O evento re\u00fane representantes de diversos estados para discutir pautas estrat\u00e9gicas relacionadas ao setor agropecu\u00e1rio, com destaque para a nova legisla\u00e7\u00e3o sobre agrot\u00f3xicos. O Piau\u00ed est\u00e1 sendo representado pelo gerente de Defesa Vegetal da Adapi, Ozael David, que acompanha as discuss\u00f5es e contribui com o posicionamento do estado diante dos temas abordados. Al\u00e9m das Ag\u00eancias estaduais, o encontro conta com&hellip;<\/p>\n","category_list_v2":"<a href=\"https:\/\/portal.pi.gov.br\/adapi\/category\/noticias\/\" rel=\"category tag\">Not\u00edcias<\/a>","author_info_v2":{"name":"pauloalbuquerque","url":"https:\/\/portal.pi.gov.br\/adapi\/author\/pauloalbuquerque\/"},"comments_num_v2":"0 coment\u00e1rio","jetpack_featured_media_url":"https:\/\/portal.pi.gov.br\/adapi\/wp-content\/uploads\/sites\/103\/2026\/04\/WhatsApp-Image-2026-04-28-at-11.19.06.jpeg","_links":{"self":[{"href":"https:\/\/portal.pi.gov.br\/adapi\/wp-json\/wp\/v2\/posts\/5474"}],"collection":[{"href":"https:\/\/portal.pi.gov.br\/adapi\/wp-json\/wp\/v2\/posts"}],"about":[{"href":"https:\/\/portal.pi.gov.br\/adapi\/wp-json\/wp\/v2\/types\/post"}],"author":[{"embeddable":true,"href":"https:\/\/portal.pi.gov.br\/adapi\/wp-json\/wp\/v2\/users\/1819"}],"replies":[{"embeddable":true,"href":"https:\/\/portal.pi.gov.br\/adapi\/wp-json\/wp\/v2\/comments?post=5474"}],"version-history":[{"count":1,"href":"https:\/\/portal.pi.gov.br\/adapi\/wp-json\/wp\/v2\/posts\/5474\/revisions"}],"predecessor-version":[{"id":5476,"href":"https:\/\/portal.pi.gov.br\/adapi\/wp-json\/wp\/v2\/posts\/5474\/revisions\/5476"}],"wp:featuredmedia":[{"embeddable":true,"href":"https:\/\/portal.pi.gov.br\/adapi\/wp-json\/wp\/v2\/media\/5475"}],"wp:attachment":[{"href":"https:\/\/portal.pi.gov.br\/adapi\/wp-json\/wp\/v2\/media?parent=5474"}],"wp:term":[{"taxonomy":"category","embeddable":true,"href":"https:\/\/portal.pi.gov.br\/adapi\/wp-json\/wp\/v2\/categories?post=5474"},{"taxonomy":"post_tag","embeddable":true,"href":"https:\/\/portal.pi.gov.br\/adapi\/wp-json\/wp\/v2\/tags?post=5474"}],"curies":[{"name":"wp","href":"https:\/\/api.w.org\/{rel}","templated":true}]}}