{"id":5480,"date":"2026-04-29T13:19:45","date_gmt":"2026-04-29T16:19:45","guid":{"rendered":"https:\/\/portal.pi.gov.br\/adapi\/?p=5480"},"modified":"2026-04-29T21:43:10","modified_gmt":"2026-04-30T00:43:10","slug":"sada-adapi-e-ufpi-fortalecem-parceria-e-anunciam-seminario-sobre-apicultura-em-picos","status":"publish","type":"post","link":"https:\/\/portal.pi.gov.br\/adapi\/2026\/04\/29\/sada-adapi-e-ufpi-fortalecem-parceria-e-anunciam-seminario-sobre-apicultura-em-picos\/","title":{"rendered":"Sada, Adapi e UFPI fortalecem parceria e anunciam semin\u00e1rio sobre apicultura em Picos"},"content":{"rendered":"\n<p><strong>O semin\u00e1rio ser\u00e1 realizado nos dias 19 e 20 de maio, no audit\u00f3rio Fontes Ibiapina da UFPI de Picos.<\/strong><\/p>\n\n\n\n<p><br><\/p>\n\n\n\n<p>O secret\u00e1rio da Assist\u00eancia T\u00e9cnica e Defesa Agropecu\u00e1ria do Piau\u00ed (Sada), Jo\u00e3o Rodrigues, recebeu, na manh\u00e3 desta quarta-feira (29), o chefe do Departamento de Zootecnia da Universidade Federal do Piau\u00ed (UFPI), Darcet Costa Souza, para tratar do fortalecimento de parcerias institucionais voltadas ao desenvolvimento da apicultura no estado.<\/p>\n\n\n\n<p>A iniciativa envolve a Sada, a Ag\u00eancia de Defesa Agropecu\u00e1ria do Piau\u00ed (Adapi) e a UFPI, com foco na realiza\u00e7\u00e3o de atividades de capacita\u00e7\u00e3o e treinamento para produtores, t\u00e9cnicos e demais atores da cadeia produtiva, visando impulsionar o setor ap\u00edcola piauiense.<\/p>\n\n\n\n<figure class=\"wp-block-image size-large\"><img decoding=\"async\" loading=\"lazy\" width=\"1024\" height=\"768\" src=\"https:\/\/portal.pi.gov.br\/adapi\/wp-content\/uploads\/sites\/103\/2026\/04\/WhatsApp-Image-2026-04-29-at-10.45.16-1024x768.jpeg\" alt=\"\" class=\"wp-image-5481\" srcset=\"https:\/\/portal.pi.gov.br\/adapi\/wp-content\/uploads\/sites\/103\/2026\/04\/WhatsApp-Image-2026-04-29-at-10.45.16-1024x768.jpeg 1024w, https:\/\/portal.pi.gov.br\/adapi\/wp-content\/uploads\/sites\/103\/2026\/04\/WhatsApp-Image-2026-04-29-at-10.45.16-300x225.jpeg 300w, https:\/\/portal.pi.gov.br\/adapi\/wp-content\/uploads\/sites\/103\/2026\/04\/WhatsApp-Image-2026-04-29-at-10.45.16-768x576.jpeg 768w, https:\/\/portal.pi.gov.br\/adapi\/wp-content\/uploads\/sites\/103\/2026\/04\/WhatsApp-Image-2026-04-29-at-10.45.16-420x315.jpeg 420w, https:\/\/portal.pi.gov.br\/adapi\/wp-content\/uploads\/sites\/103\/2026\/04\/WhatsApp-Image-2026-04-29-at-10.45.16-540x405.jpeg 540w, https:\/\/portal.pi.gov.br\/adapi\/wp-content\/uploads\/sites\/103\/2026\/04\/WhatsApp-Image-2026-04-29-at-10.45.16-780x585.jpeg 780w, https:\/\/portal.pi.gov.br\/adapi\/wp-content\/uploads\/sites\/103\/2026\/04\/WhatsApp-Image-2026-04-29-at-10.45.16-1536x1152.jpeg 1536w, https:\/\/portal.pi.gov.br\/adapi\/wp-content\/uploads\/sites\/103\/2026\/04\/WhatsApp-Image-2026-04-29-at-10.45.16-947x710.jpeg 947w, https:\/\/portal.pi.gov.br\/adapi\/wp-content\/uploads\/sites\/103\/2026\/04\/WhatsApp-Image-2026-04-29-at-10.45.16-624x468.jpeg 624w, https:\/\/portal.pi.gov.br\/adapi\/wp-content\/uploads\/sites\/103\/2026\/04\/WhatsApp-Image-2026-04-29-at-10.45.16.jpeg 1600w\" sizes=\"(max-width: 1024px) 100vw, 1024px\" \/><figcaption class=\"wp-element-caption\">Foto: Ascom Sada<\/figcaption><\/figure>\n\n\n\n<p>Durante o encontro, que contou tamb\u00e9m com a presen\u00e7a do gerente de Defesa Animal da Adapi, Id\u00edlio Moura, foi anunciado o 1\u00ba Semin\u00e1rio de Defesa e Inspe\u00e7\u00e3o de Abelhas e Produtos Ap\u00edcolas do Piau\u00ed. \u201cEstamos aqui fazendo o convite a todos os apicultores, produtores, institui\u00e7\u00f5es, cooperativas, associa\u00e7\u00f5es e demais interessados para participarem do primeiro semin\u00e1rio. Ser\u00e1 um momento de integra\u00e7\u00e3o, troca de experi\u00eancias e conhecimentos, com o objetivo de fortalecer as a\u00e7\u00f5es de defesa sanit\u00e1ria, a inspe\u00e7\u00e3o de produtos ap\u00edcolas e integrar toda a cadeia produtiva\u201d, destacou o gerente.<\/p>\n\n\n\n<p>O evento ser\u00e1 promovido pelo Governo do Estado, por meio da Sada, Adapi e diversas institui\u00e7\u00f5es, em parceria com a UFPI, o Sebrae, o Senar e cooperativas do setor. O semin\u00e1rio ser\u00e1 realizado no munic\u00edpio de Picos, nos dias 19 e 20 de maio de 2026, no audit\u00f3rio Fontes Ibiapina da UFPI.<\/p>\n\n\n\n<p>Para o secret\u00e1rio da Assist\u00eancia T\u00e9cnica e Defesa Agropecu\u00e1ria, Jo\u00e3o Rodrigues, a iniciativa representa um avan\u00e7o importante para o fortalecimento da atividade no estado. \u201cSer\u00e1 um momento de grande aproxima\u00e7\u00e3o e integra\u00e7\u00e3o, que contribuir\u00e1 diretamente para o desenvolvimento e fortalecimento da apicultura piauiense\u201d, ressaltou.<\/p>\n","protected":false},"excerpt":{"rendered":"<p>O semin\u00e1rio ser\u00e1 realizado nos dias 19 e 20 de maio, no audit\u00f3rio Fontes Ibiapina da UFPI de Picos. O secret\u00e1rio da Assist\u00eancia T\u00e9cnica e Defesa Agropecu\u00e1ria do Piau\u00ed (Sada), [&hellip;]<\/p>\n","protected":false},"author":1819,"featured_media":5481,"comment_status":"closed","ping_status":"closed","sticky":true,"template":"","format":"standard","meta":[],"categories":[30],"tags":[36,65,532,533,49,454,35,369],"featured_image_urls":{"full":["https:\/\/portal.pi.gov.br\/adapi\/wp-content\/uploads\/sites\/103\/2026\/04\/WhatsApp-Image-2026-04-29-at-10.45.16.jpeg",1600,1200,false],"thumbnail":["https:\/\/portal.pi.gov.br\/adapi\/wp-content\/uploads\/sites\/103\/2026\/04\/WhatsApp-Image-2026-04-29-at-10.45.16-150x150.jpeg",150,150,true],"medium":["https:\/\/portal.pi.gov.br\/adapi\/wp-content\/uploads\/sites\/103\/2026\/04\/WhatsApp-Image-2026-04-29-at-10.45.16-300x225.jpeg",300,225,true],"medium_large":["https:\/\/portal.pi.gov.br\/adapi\/wp-content\/uploads\/sites\/103\/2026\/04\/WhatsApp-Image-2026-04-29-at-10.45.16-768x576.jpeg",768,576,true],"large":["https:\/\/portal.pi.gov.br\/adapi\/wp-content\/uploads\/sites\/103\/2026\/04\/WhatsApp-Image-2026-04-29-at-10.45.16-1024x768.jpeg",887,665,true],"sgg-420":["https:\/\/portal.pi.gov.br\/adapi\/wp-content\/uploads\/sites\/103\/2026\/04\/WhatsApp-Image-2026-04-29-at-10.45.16-420x315.jpeg",420,315,true],"sgg-540":["https:\/\/portal.pi.gov.br\/adapi\/wp-content\/uploads\/sites\/103\/2026\/04\/WhatsApp-Image-2026-04-29-at-10.45.16-540x405.jpeg",540,405,true],"sgg-780":["https:\/\/portal.pi.gov.br\/adapi\/wp-content\/uploads\/sites\/103\/2026\/04\/WhatsApp-Image-2026-04-29-at-10.45.16-780x585.jpeg",780,585,true],"1536x1536":["https:\/\/portal.pi.gov.br\/adapi\/wp-content\/uploads\/sites\/103\/2026\/04\/WhatsApp-Image-2026-04-29-at-10.45.16-1536x1152.jpeg",1536,1152,true],"2048x2048":["https:\/\/portal.pi.gov.br\/adapi\/wp-content\/uploads\/sites\/103\/2026\/04\/WhatsApp-Image-2026-04-29-at-10.45.16.jpeg",1600,1200,false],"homepage-slider":["https:\/\/portal.pi.gov.br\/adapi\/wp-content\/uploads\/sites\/103\/2026\/04\/WhatsApp-Image-2026-04-29-at-10.45.16-1270x500.jpeg",1270,500,true],"homepage-slider-small":["https:\/\/portal.pi.gov.br\/adapi\/wp-content\/uploads\/sites\/103\/2026\/04\/WhatsApp-Image-2026-04-29-at-10.45.16-947x500.jpeg",947,500,true],"page-top":["https:\/\/portal.pi.gov.br\/adapi\/wp-content\/uploads\/sites\/103\/2026\/04\/WhatsApp-Image-2026-04-29-at-10.45.16-947x710.jpeg",947,710,true],"page-small":["https:\/\/portal.pi.gov.br\/adapi\/wp-content\/uploads\/sites\/103\/2026\/04\/WhatsApp-Image-2026-04-29-at-10.45.16-624x468.jpeg",624,468,true],"loop-main":["https:\/\/portal.pi.gov.br\/adapi\/wp-content\/uploads\/sites\/103\/2026\/04\/WhatsApp-Image-2026-04-29-at-10.45.16-365x240.jpeg",365,240,true],"thumb-gallery-widget":["https:\/\/portal.pi.gov.br\/adapi\/wp-content\/uploads\/sites\/103\/2026\/04\/WhatsApp-Image-2026-04-29-at-10.45.16-84x56.jpeg",84,56,true]},"post_excerpt_stackable":"<p>O semin\u00e1rio ser\u00e1 realizado nos dias 19 e 20 de maio, no audit\u00f3rio Fontes Ibiapina da UFPI de Picos. O secret\u00e1rio da Assist\u00eancia T\u00e9cnica e Defesa Agropecu\u00e1ria do Piau\u00ed (Sada), Jo\u00e3o Rodrigues, recebeu, na manh\u00e3 desta quarta-feira (29), o chefe do Departamento de Zootecnia da Universidade Federal do Piau\u00ed (UFPI), Darcet Costa Souza, para tratar do fortalecimento de parcerias institucionais voltadas ao desenvolvimento da apicultura no estado. A iniciativa envolve a Sada, a Ag\u00eancia de Defesa Agropecu\u00e1ria do Piau\u00ed (Adapi) e a UFPI, com foco na realiza\u00e7\u00e3o de atividades de capacita\u00e7\u00e3o e treinamento para produtores, t\u00e9cnicos e demais atores da&hellip;<\/p>\n","category_list":"<a href=\"https:\/\/portal.pi.gov.br\/adapi\/category\/noticias\/\" rel=\"category tag\">Not\u00edcias<\/a>","author_info":{"name":"pauloalbuquerque","url":"https:\/\/portal.pi.gov.br\/adapi\/author\/pauloalbuquerque\/"},"comments_num":"0 coment\u00e1rio","featured_image_urls_v2":{"full":["https:\/\/portal.pi.gov.br\/adapi\/wp-content\/uploads\/sites\/103\/2026\/04\/WhatsApp-Image-2026-04-29-at-10.45.16.jpeg",1600,1200,false],"thumbnail":["https:\/\/portal.pi.gov.br\/adapi\/wp-content\/uploads\/sites\/103\/2026\/04\/WhatsApp-Image-2026-04-29-at-10.45.16-150x150.jpeg",150,150,true],"medium":["https:\/\/portal.pi.gov.br\/adapi\/wp-content\/uploads\/sites\/103\/2026\/04\/WhatsApp-Image-2026-04-29-at-10.45.16-300x225.jpeg",300,225,true],"medium_large":["https:\/\/portal.pi.gov.br\/adapi\/wp-content\/uploads\/sites\/103\/2026\/04\/WhatsApp-Image-2026-04-29-at-10.45.16-768x576.jpeg",768,576,true],"large":["https:\/\/portal.pi.gov.br\/adapi\/wp-content\/uploads\/sites\/103\/2026\/04\/WhatsApp-Image-2026-04-29-at-10.45.16-1024x768.jpeg",887,665,true],"sgg-420":["https:\/\/portal.pi.gov.br\/adapi\/wp-content\/uploads\/sites\/103\/2026\/04\/WhatsApp-Image-2026-04-29-at-10.45.16-420x315.jpeg",420,315,true],"sgg-540":["https:\/\/portal.pi.gov.br\/adapi\/wp-content\/uploads\/sites\/103\/2026\/04\/WhatsApp-Image-2026-04-29-at-10.45.16-540x405.jpeg",540,405,true],"sgg-780":["https:\/\/portal.pi.gov.br\/adapi\/wp-content\/uploads\/sites\/103\/2026\/04\/WhatsApp-Image-2026-04-29-at-10.45.16-780x585.jpeg",780,585,true],"1536x1536":["https:\/\/portal.pi.gov.br\/adapi\/wp-content\/uploads\/sites\/103\/2026\/04\/WhatsApp-Image-2026-04-29-at-10.45.16-1536x1152.jpeg",1536,1152,true],"2048x2048":["https:\/\/portal.pi.gov.br\/adapi\/wp-content\/uploads\/sites\/103\/2026\/04\/WhatsApp-Image-2026-04-29-at-10.45.16.jpeg",1600,1200,false],"homepage-slider":["https:\/\/portal.pi.gov.br\/adapi\/wp-content\/uploads\/sites\/103\/2026\/04\/WhatsApp-Image-2026-04-29-at-10.45.16-1270x500.jpeg",1270,500,true],"homepage-slider-small":["https:\/\/portal.pi.gov.br\/adapi\/wp-content\/uploads\/sites\/103\/2026\/04\/WhatsApp-Image-2026-04-29-at-10.45.16-947x500.jpeg",947,500,true],"page-top":["https:\/\/portal.pi.gov.br\/adapi\/wp-content\/uploads\/sites\/103\/2026\/04\/WhatsApp-Image-2026-04-29-at-10.45.16-947x710.jpeg",947,710,true],"page-small":["https:\/\/portal.pi.gov.br\/adapi\/wp-content\/uploads\/sites\/103\/2026\/04\/WhatsApp-Image-2026-04-29-at-10.45.16-624x468.jpeg",624,468,true],"loop-main":["https:\/\/portal.pi.gov.br\/adapi\/wp-content\/uploads\/sites\/103\/2026\/04\/WhatsApp-Image-2026-04-29-at-10.45.16-365x240.jpeg",365,240,true],"thumb-gallery-widget":["https:\/\/portal.pi.gov.br\/adapi\/wp-content\/uploads\/sites\/103\/2026\/04\/WhatsApp-Image-2026-04-29-at-10.45.16-84x56.jpeg",84,56,true]},"post_excerpt_stackable_v2":"<p>O semin\u00e1rio ser\u00e1 realizado nos dias 19 e 20 de maio, no audit\u00f3rio Fontes Ibiapina da UFPI de Picos. O secret\u00e1rio da Assist\u00eancia T\u00e9cnica e Defesa Agropecu\u00e1ria do Piau\u00ed (Sada), Jo\u00e3o Rodrigues, recebeu, na manh\u00e3 desta quarta-feira (29), o chefe do Departamento de Zootecnia da Universidade Federal do Piau\u00ed (UFPI), Darcet Costa Souza, para tratar do fortalecimento de parcerias institucionais voltadas ao desenvolvimento da apicultura no estado. A iniciativa envolve a Sada, a Ag\u00eancia de Defesa Agropecu\u00e1ria do Piau\u00ed (Adapi) e a UFPI, com foco na realiza\u00e7\u00e3o de atividades de capacita\u00e7\u00e3o e treinamento para produtores, t\u00e9cnicos e demais atores da&hellip;<\/p>\n","category_list_v2":"<a href=\"https:\/\/portal.pi.gov.br\/adapi\/category\/noticias\/\" rel=\"category tag\">Not\u00edcias<\/a>","author_info_v2":{"name":"pauloalbuquerque","url":"https:\/\/portal.pi.gov.br\/adapi\/author\/pauloalbuquerque\/"},"comments_num_v2":"0 coment\u00e1rio","jetpack_featured_media_url":"https:\/\/portal.pi.gov.br\/adapi\/wp-content\/uploads\/sites\/103\/2026\/04\/WhatsApp-Image-2026-04-29-at-10.45.16.jpeg","_links":{"self":[{"href":"https:\/\/portal.pi.gov.br\/adapi\/wp-json\/wp\/v2\/posts\/5480"}],"collection":[{"href":"https:\/\/portal.pi.gov.br\/adapi\/wp-json\/wp\/v2\/posts"}],"about":[{"href":"https:\/\/portal.pi.gov.br\/adapi\/wp-json\/wp\/v2\/types\/post"}],"author":[{"embeddable":true,"href":"https:\/\/portal.pi.gov.br\/adapi\/wp-json\/wp\/v2\/users\/1819"}],"replies":[{"embeddable":true,"href":"https:\/\/portal.pi.gov.br\/adapi\/wp-json\/wp\/v2\/comments?post=5480"}],"version-history":[{"count":1,"href":"https:\/\/portal.pi.gov.br\/adapi\/wp-json\/wp\/v2\/posts\/5480\/revisions"}],"predecessor-version":[{"id":5482,"href":"https:\/\/portal.pi.gov.br\/adapi\/wp-json\/wp\/v2\/posts\/5480\/revisions\/5482"}],"wp:featuredmedia":[{"embeddable":true,"href":"https:\/\/portal.pi.gov.br\/adapi\/wp-json\/wp\/v2\/media\/5481"}],"wp:attachment":[{"href":"https:\/\/portal.pi.gov.br\/adapi\/wp-json\/wp\/v2\/media?parent=5480"}],"wp:term":[{"taxonomy":"category","embeddable":true,"href":"https:\/\/portal.pi.gov.br\/adapi\/wp-json\/wp\/v2\/categories?post=5480"},{"taxonomy":"post_tag","embeddable":true,"href":"https:\/\/portal.pi.gov.br\/adapi\/wp-json\/wp\/v2\/tags?post=5480"}],"curies":[{"name":"wp","href":"https:\/\/api.w.org\/{rel}","templated":true}]}}