{"id":1430,"date":"2024-02-02T12:20:02","date_gmt":"2024-02-02T15:20:02","guid":{"rendered":"https:\/\/portal.pi.gov.br\/adh\/?p=1430"},"modified":"2024-02-02T12:20:22","modified_gmt":"2024-02-02T15:20:22","slug":"adh-e-sead-levam-informacoes-sobre-programa-de-regularizacao-fundiaria-a-moradores-de-floriano","status":"publish","type":"post","link":"https:\/\/portal.pi.gov.br\/adh\/2024\/02\/02\/adh-e-sead-levam-informacoes-sobre-programa-de-regularizacao-fundiaria-a-moradores-de-floriano\/","title":{"rendered":"ADH e Sead levam informa\u00e7\u00f5es sobre programa de regulariza\u00e7\u00e3o fundi\u00e1ria a moradores de Floriano"},"content":{"rendered":"\n<p>Os moradores dos conjuntos habitacionais Pedro Simpl\u00edcio, Para\u00edso, Hermes Pacheco e Irapu\u00e1, em Floriano, participaram, nesta quinta (1) e sexta-feira (2), da reuni\u00e3o sobre o Programa de Regulariza\u00e7\u00e3o Fundi\u00e1ria Urbana Espec\u00edfica (ProUrbe). Na oportunidade, foi explicada toda a sistem\u00e1tica do programa e tiradas as d\u00favidas dos mutu\u00e1rios. A Ag\u00eancia de Desenvolvimento Habitacional do Piau\u00ed (ADH-PI) \u00e9 parceira do ProUrbe, que vem sendo executado pela Secretaria da Administra\u00e7\u00e3o (Sead), por meio da Superintend\u00eancia de Patrim\u00f4nio Imobili\u00e1rio (SPI).<\/p>\n\n\n<div class=\"wp-block-image\">\n<figure class=\"aligncenter size-large is-resized\"><img decoding=\"async\" loading=\"lazy\" src=\"https:\/\/portal.pi.gov.br\/adh\/wp-content\/uploads\/sites\/79\/2024\/02\/WhatsApp-Image-2024-02-01-at-21.00.19-1024x683.jpeg\" alt=\"\" class=\"wp-image-1431\" width=\"768\" height=\"512\" srcset=\"https:\/\/portal.pi.gov.br\/adh\/wp-content\/uploads\/sites\/79\/2024\/02\/WhatsApp-Image-2024-02-01-at-21.00.19-1024x683.jpeg 1024w, https:\/\/portal.pi.gov.br\/adh\/wp-content\/uploads\/sites\/79\/2024\/02\/WhatsApp-Image-2024-02-01-at-21.00.19-300x200.jpeg 300w, https:\/\/portal.pi.gov.br\/adh\/wp-content\/uploads\/sites\/79\/2024\/02\/WhatsApp-Image-2024-02-01-at-21.00.19-768x512.jpeg 768w, https:\/\/portal.pi.gov.br\/adh\/wp-content\/uploads\/sites\/79\/2024\/02\/WhatsApp-Image-2024-02-01-at-21.00.19-420x280.jpeg 420w, https:\/\/portal.pi.gov.br\/adh\/wp-content\/uploads\/sites\/79\/2024\/02\/WhatsApp-Image-2024-02-01-at-21.00.19-540x360.jpeg 540w, https:\/\/portal.pi.gov.br\/adh\/wp-content\/uploads\/sites\/79\/2024\/02\/WhatsApp-Image-2024-02-01-at-21.00.19-780x520.jpeg 780w, https:\/\/portal.pi.gov.br\/adh\/wp-content\/uploads\/sites\/79\/2024\/02\/WhatsApp-Image-2024-02-01-at-21.00.19-1536x1024.jpeg 1536w, https:\/\/portal.pi.gov.br\/adh\/wp-content\/uploads\/sites\/79\/2024\/02\/WhatsApp-Image-2024-02-01-at-21.00.19-947x632.jpeg 947w, https:\/\/portal.pi.gov.br\/adh\/wp-content\/uploads\/sites\/79\/2024\/02\/WhatsApp-Image-2024-02-01-at-21.00.19-624x416.jpeg 624w, https:\/\/portal.pi.gov.br\/adh\/wp-content\/uploads\/sites\/79\/2024\/02\/WhatsApp-Image-2024-02-01-at-21.00.19-84x56.jpeg 84w, https:\/\/portal.pi.gov.br\/adh\/wp-content\/uploads\/sites\/79\/2024\/02\/WhatsApp-Image-2024-02-01-at-21.00.19.jpeg 1600w\" sizes=\"(max-width: 768px) 100vw, 768px\" \/><\/figure><\/div>\n\n\n<p>O ProUrbe faz parte da pol\u00edtica estadual de regulariza\u00e7\u00e3o fundi\u00e1ria urbana, institu\u00edda por meio da Lei n\u00ba 8.153\/23, com o objetivo de identificar as ocupa\u00e7\u00f5es individuais ou coletivas informais, consolidadas em im\u00f3veis p\u00fablicos estaduais, e garantir a transfer\u00eancia da propriedade imobili\u00e1ria aos seus respectivos ocupantes. Todo o processo \u00e9 feito de forma gratuita aos benefici\u00e1rios.<\/p>\n\n\n\n<p>Ao lado da superintendente da SPI, Caroline Viveiros, o diretor-presidente da ADH-PI, Carlos Edilson, falou aos moradores sobre a import\u00e2ncia de ter um im\u00f3vel regularizado e a seguran\u00e7a jur\u00eddica que \u00e9 proporcionada. \u201cCom o im\u00f3vel regularizado, o propriet\u00e1rio pode obter financiamentos banc\u00e1rios dando o im\u00f3vel como garantia e possibilitando novos investimentos, como reformas ou aquisi\u00e7\u00e3o de novos bens. A regulariza\u00e7\u00e3o tamb\u00e9m aumenta o valor de mercado do im\u00f3vel e confere mais autonomia para que o dono possa vender\u201d, explicou.<\/p>\n\n\n<div class=\"wp-block-image\">\n<figure class=\"aligncenter size-large is-resized\"><img decoding=\"async\" loading=\"lazy\" src=\"https:\/\/portal.pi.gov.br\/adh\/wp-content\/uploads\/sites\/79\/2024\/02\/ProUrbe-Floriano-2-1024x683.jpeg\" alt=\"\" class=\"wp-image-1432\" width=\"768\" height=\"512\" srcset=\"https:\/\/portal.pi.gov.br\/adh\/wp-content\/uploads\/sites\/79\/2024\/02\/ProUrbe-Floriano-2-1024x683.jpeg 1024w, https:\/\/portal.pi.gov.br\/adh\/wp-content\/uploads\/sites\/79\/2024\/02\/ProUrbe-Floriano-2-300x200.jpeg 300w, https:\/\/portal.pi.gov.br\/adh\/wp-content\/uploads\/sites\/79\/2024\/02\/ProUrbe-Floriano-2-768x512.jpeg 768w, https:\/\/portal.pi.gov.br\/adh\/wp-content\/uploads\/sites\/79\/2024\/02\/ProUrbe-Floriano-2-420x280.jpeg 420w, https:\/\/portal.pi.gov.br\/adh\/wp-content\/uploads\/sites\/79\/2024\/02\/ProUrbe-Floriano-2-540x360.jpeg 540w, https:\/\/portal.pi.gov.br\/adh\/wp-content\/uploads\/sites\/79\/2024\/02\/ProUrbe-Floriano-2-780x520.jpeg 780w, https:\/\/portal.pi.gov.br\/adh\/wp-content\/uploads\/sites\/79\/2024\/02\/ProUrbe-Floriano-2-1536x1024.jpeg 1536w, https:\/\/portal.pi.gov.br\/adh\/wp-content\/uploads\/sites\/79\/2024\/02\/ProUrbe-Floriano-2-947x632.jpeg 947w, https:\/\/portal.pi.gov.br\/adh\/wp-content\/uploads\/sites\/79\/2024\/02\/ProUrbe-Floriano-2-624x416.jpeg 624w, https:\/\/portal.pi.gov.br\/adh\/wp-content\/uploads\/sites\/79\/2024\/02\/ProUrbe-Floriano-2-84x56.jpeg 84w, https:\/\/portal.pi.gov.br\/adh\/wp-content\/uploads\/sites\/79\/2024\/02\/ProUrbe-Floriano-2.jpeg 1600w\" sizes=\"(max-width: 768px) 100vw, 768px\" \/><\/figure><\/div>\n\n\n<p>Ainda segundo o diretor-presidente da ADH-PI, a parceria com o ProUrbe promete impulsionar ainda mais as a\u00e7\u00f5es de regulariza\u00e7\u00e3o fundi\u00e1ria e o desenvolvimento das cidades. \u201cEssa uni\u00e3o de esfor\u00e7os com a Sead, atrav\u00e9s da SPI, representa um marco significativo para os moradores desses conjuntos habitacionais, pois promete avan\u00e7os concretos na regulariza\u00e7\u00e3o fundi\u00e1ria e na melhoria das condi\u00e7\u00f5es de vida dos piauienses, visando tamb\u00e9m o desenvolvimento econ\u00f4mico no Estado\u201d, destacou.<\/p>\n\n\n\n<p>Floriano \u00e9 a terceira cidade do Piau\u00ed a receber as a\u00e7\u00f5es do ProUrbe. Al\u00e9m de Teresina, os trabalhos de regulariza\u00e7\u00e3o j\u00e1 foram iniciados em Parna\u00edba. \u201cA ideia \u00e9 que a gente realize esse trabalho em todo o estado. Nos reunimos com a comunidade para, al\u00e9m de informar, esclarecer d\u00favidas a respeito de como vai funcionar o processo de regulariza\u00e7\u00e3o em cada uma dessas regi\u00f5es. Especialmente no que diz respeito ao momento de coleta de dados do im\u00f3vel e dos ocupantes, passo extremamente importante para concluir o processo de regulariza\u00e7\u00e3o e que depende dessa abertura e acolhimento da popula\u00e7\u00e3o para com nossa equipe.&#8221;, destacou Caroline Viveiros.<\/p>\n\n\n<div class=\"wp-block-image\">\n<figure class=\"aligncenter size-large is-resized\"><img decoding=\"async\" loading=\"lazy\" src=\"https:\/\/portal.pi.gov.br\/adh\/wp-content\/uploads\/sites\/79\/2024\/02\/ProUrbe-Floriano-1-1024x683.jpeg\" alt=\"\" class=\"wp-image-1433\" width=\"768\" height=\"512\" srcset=\"https:\/\/portal.pi.gov.br\/adh\/wp-content\/uploads\/sites\/79\/2024\/02\/ProUrbe-Floriano-1-1024x683.jpeg 1024w, https:\/\/portal.pi.gov.br\/adh\/wp-content\/uploads\/sites\/79\/2024\/02\/ProUrbe-Floriano-1-300x200.jpeg 300w, https:\/\/portal.pi.gov.br\/adh\/wp-content\/uploads\/sites\/79\/2024\/02\/ProUrbe-Floriano-1-768x512.jpeg 768w, https:\/\/portal.pi.gov.br\/adh\/wp-content\/uploads\/sites\/79\/2024\/02\/ProUrbe-Floriano-1-420x280.jpeg 420w, https:\/\/portal.pi.gov.br\/adh\/wp-content\/uploads\/sites\/79\/2024\/02\/ProUrbe-Floriano-1-540x360.jpeg 540w, https:\/\/portal.pi.gov.br\/adh\/wp-content\/uploads\/sites\/79\/2024\/02\/ProUrbe-Floriano-1-780x520.jpeg 780w, https:\/\/portal.pi.gov.br\/adh\/wp-content\/uploads\/sites\/79\/2024\/02\/ProUrbe-Floriano-1-1536x1024.jpeg 1536w, https:\/\/portal.pi.gov.br\/adh\/wp-content\/uploads\/sites\/79\/2024\/02\/ProUrbe-Floriano-1-947x632.jpeg 947w, https:\/\/portal.pi.gov.br\/adh\/wp-content\/uploads\/sites\/79\/2024\/02\/ProUrbe-Floriano-1-624x416.jpeg 624w, https:\/\/portal.pi.gov.br\/adh\/wp-content\/uploads\/sites\/79\/2024\/02\/ProUrbe-Floriano-1-84x56.jpeg 84w, https:\/\/portal.pi.gov.br\/adh\/wp-content\/uploads\/sites\/79\/2024\/02\/ProUrbe-Floriano-1.jpeg 1600w\" sizes=\"(max-width: 768px) 100vw, 768px\" \/><\/figure><\/div>\n\n\n<p>Durante a reuni\u00e3o, os moradores puderam conhecer melhor os planos e metas do ProUrbe. Al\u00e9m disso, foram abertas oportunidades para esclarecimento de d\u00favidas promovendo assim um di\u00e1logo transparente e participativo.<\/p>\n\n\n\n<p>O procedimento de regulariza\u00e7\u00e3o inicia com a identifica\u00e7\u00e3o da ocupa\u00e7\u00e3o em im\u00f3veis estaduais, onde \u00e9 feito um voo de drone pelo local para demarcar os lotes. A partir da\u00ed, as equipes iniciam o trabalho de cadastro social das fam\u00edlias moradoras. Em seguida, \u00e9 elaborado um projeto com o memorial descritivo, com todos os detalhes do tipo de edifica\u00e7\u00e3o em cada lote. Depois, o projeto \u00e9 submetido ao Programa Regularizar, do Tribunal de Justi\u00e7a do Piau\u00ed, para registro em cart\u00f3rio.<\/p>\n","protected":false},"excerpt":{"rendered":"<p>Os moradores dos conjuntos habitacionais Pedro Simpl\u00edcio, Para\u00edso, Hermes Pacheco e Irapu\u00e1, em Floriano, participaram, nesta quinta (1) e sexta-feira (2), da reuni\u00e3o sobre o Programa de Regulariza\u00e7\u00e3o Fundi\u00e1ria Urbana [&hellip;]<\/p>\n","protected":false},"author":1745,"featured_media":1434,"comment_status":"closed","ping_status":"closed","sticky":false,"template":"","format":"standard","meta":[],"categories":[32],"tags":[],"featured_image_urls":{"full":["https:\/\/portal.pi.gov.br\/adh\/wp-content\/uploads\/sites\/79\/2024\/02\/ProUrbe-Floriano-4-e1706887192655.jpeg",1600,916,false],"thumbnail":["https:\/\/portal.pi.gov.br\/adh\/wp-content\/uploads\/sites\/79\/2024\/02\/ProUrbe-Floriano-4-e1706887192655-150x150.jpeg",150,150,true],"medium":["https:\/\/portal.pi.gov.br\/adh\/wp-content\/uploads\/sites\/79\/2024\/02\/ProUrbe-Floriano-4-e1706887192655-300x172.jpeg",300,172,true],"medium_large":["https:\/\/portal.pi.gov.br\/adh\/wp-content\/uploads\/sites\/79\/2024\/02\/ProUrbe-Floriano-4-e1706887192655-768x440.jpeg",768,440,true],"large":["https:\/\/portal.pi.gov.br\/adh\/wp-content\/uploads\/sites\/79\/2024\/02\/ProUrbe-Floriano-4-e1706887192655-1024x586.jpeg",887,508,true],"sgg-420":["https:\/\/portal.pi.gov.br\/adh\/wp-content\/uploads\/sites\/79\/2024\/02\/ProUrbe-Floriano-4-e1706887192655-420x240.jpeg",420,240,true],"sgg-540":["https:\/\/portal.pi.gov.br\/adh\/wp-content\/uploads\/sites\/79\/2024\/02\/ProUrbe-Floriano-4-e1706887192655-540x309.jpeg",540,309,true],"sgg-780":["https:\/\/portal.pi.gov.br\/adh\/wp-content\/uploads\/sites\/79\/2024\/02\/ProUrbe-Floriano-4-e1706887192655-780x447.jpeg",780,447,true],"1536x1536":["https:\/\/portal.pi.gov.br\/adh\/wp-content\/uploads\/sites\/79\/2024\/02\/ProUrbe-Floriano-4-e1706887192655-1536x879.jpeg",1536,879,true],"2048x2048":["https:\/\/portal.pi.gov.br\/adh\/wp-content\/uploads\/sites\/79\/2024\/02\/ProUrbe-Floriano-4-e1706887192655.jpeg",1600,916,false],"homepage-slider":["https:\/\/portal.pi.gov.br\/adh\/wp-content\/uploads\/sites\/79\/2024\/02\/ProUrbe-Floriano-4-e1706887192655-1270x500.jpeg",1270,500,true],"homepage-slider-small":["https:\/\/portal.pi.gov.br\/adh\/wp-content\/uploads\/sites\/79\/2024\/02\/ProUrbe-Floriano-4-e1706887192655-947x500.jpeg",947,500,true],"page-top":["https:\/\/portal.pi.gov.br\/adh\/wp-content\/uploads\/sites\/79\/2024\/02\/ProUrbe-Floriano-4-e1706887192655-947x542.jpeg",947,542,true],"page-small":["https:\/\/portal.pi.gov.br\/adh\/wp-content\/uploads\/sites\/79\/2024\/02\/ProUrbe-Floriano-4-e1706887192655-624x357.jpeg",624,357,true],"loop-main":["https:\/\/portal.pi.gov.br\/adh\/wp-content\/uploads\/sites\/79\/2024\/02\/ProUrbe-Floriano-4-e1706887192655-365x240.jpeg",365,240,true],"thumb-gallery-widget":["https:\/\/portal.pi.gov.br\/adh\/wp-content\/uploads\/sites\/79\/2024\/02\/ProUrbe-Floriano-4-e1706887192655-84x56.jpeg",84,56,true]},"post_excerpt_stackable":"<p>Os moradores dos conjuntos habitacionais Pedro Simpl\u00edcio, Para\u00edso, Hermes Pacheco e Irapu\u00e1, em Floriano, participaram, nesta quinta (1) e sexta-feira (2), da reuni\u00e3o sobre o Programa de Regulariza\u00e7\u00e3o Fundi\u00e1ria Urbana Espec\u00edfica (ProUrbe). Na oportunidade, foi explicada toda a sistem\u00e1tica do programa e tiradas as d\u00favidas dos mutu\u00e1rios. A Ag\u00eancia de Desenvolvimento Habitacional do Piau\u00ed (ADH-PI) \u00e9 parceira do ProUrbe, que vem sendo executado pela Secretaria da Administra\u00e7\u00e3o (Sead), por meio da Superintend\u00eancia de Patrim\u00f4nio Imobili\u00e1rio (SPI). O ProUrbe faz parte da pol\u00edtica estadual de regulariza\u00e7\u00e3o fundi\u00e1ria urbana, institu\u00edda por meio da Lei n\u00ba 8.153\/23, com o objetivo de identificar as&hellip;<\/p>\n","category_list":"<a href=\"https:\/\/portal.pi.gov.br\/adh\/category\/noticias\/\" rel=\"category tag\">Not\u00edcias<\/a>","author_info":{"name":"sheilarodrigues","url":"https:\/\/portal.pi.gov.br\/adh\/author\/sheilarodrigues\/"},"comments_num":"0 coment\u00e1rio","featured_image_urls_v2":{"full":["https:\/\/portal.pi.gov.br\/adh\/wp-content\/uploads\/sites\/79\/2024\/02\/ProUrbe-Floriano-4-e1706887192655.jpeg",1600,916,false],"thumbnail":["https:\/\/portal.pi.gov.br\/adh\/wp-content\/uploads\/sites\/79\/2024\/02\/ProUrbe-Floriano-4-e1706887192655-150x150.jpeg",150,150,true],"medium":["https:\/\/portal.pi.gov.br\/adh\/wp-content\/uploads\/sites\/79\/2024\/02\/ProUrbe-Floriano-4-e1706887192655-300x172.jpeg",300,172,true],"medium_large":["https:\/\/portal.pi.gov.br\/adh\/wp-content\/uploads\/sites\/79\/2024\/02\/ProUrbe-Floriano-4-e1706887192655-768x440.jpeg",768,440,true],"large":["https:\/\/portal.pi.gov.br\/adh\/wp-content\/uploads\/sites\/79\/2024\/02\/ProUrbe-Floriano-4-e1706887192655-1024x586.jpeg",887,508,true],"sgg-420":["https:\/\/portal.pi.gov.br\/adh\/wp-content\/uploads\/sites\/79\/2024\/02\/ProUrbe-Floriano-4-e1706887192655-420x240.jpeg",420,240,true],"sgg-540":["https:\/\/portal.pi.gov.br\/adh\/wp-content\/uploads\/sites\/79\/2024\/02\/ProUrbe-Floriano-4-e1706887192655-540x309.jpeg",540,309,true],"sgg-780":["https:\/\/portal.pi.gov.br\/adh\/wp-content\/uploads\/sites\/79\/2024\/02\/ProUrbe-Floriano-4-e1706887192655-780x447.jpeg",780,447,true],"1536x1536":["https:\/\/portal.pi.gov.br\/adh\/wp-content\/uploads\/sites\/79\/2024\/02\/ProUrbe-Floriano-4-e1706887192655-1536x879.jpeg",1536,879,true],"2048x2048":["https:\/\/portal.pi.gov.br\/adh\/wp-content\/uploads\/sites\/79\/2024\/02\/ProUrbe-Floriano-4-e1706887192655.jpeg",1600,916,false],"homepage-slider":["https:\/\/portal.pi.gov.br\/adh\/wp-content\/uploads\/sites\/79\/2024\/02\/ProUrbe-Floriano-4-e1706887192655-1270x500.jpeg",1270,500,true],"homepage-slider-small":["https:\/\/portal.pi.gov.br\/adh\/wp-content\/uploads\/sites\/79\/2024\/02\/ProUrbe-Floriano-4-e1706887192655-947x500.jpeg",947,500,true],"page-top":["https:\/\/portal.pi.gov.br\/adh\/wp-content\/uploads\/sites\/79\/2024\/02\/ProUrbe-Floriano-4-e1706887192655-947x542.jpeg",947,542,true],"page-small":["https:\/\/portal.pi.gov.br\/adh\/wp-content\/uploads\/sites\/79\/2024\/02\/ProUrbe-Floriano-4-e1706887192655-624x357.jpeg",624,357,true],"loop-main":["https:\/\/portal.pi.gov.br\/adh\/wp-content\/uploads\/sites\/79\/2024\/02\/ProUrbe-Floriano-4-e1706887192655-365x240.jpeg",365,240,true],"thumb-gallery-widget":["https:\/\/portal.pi.gov.br\/adh\/wp-content\/uploads\/sites\/79\/2024\/02\/ProUrbe-Floriano-4-e1706887192655-84x56.jpeg",84,56,true]},"post_excerpt_stackable_v2":"<p>Os moradores dos conjuntos habitacionais Pedro Simpl\u00edcio, Para\u00edso, Hermes Pacheco e Irapu\u00e1, em Floriano, participaram, nesta quinta (1) e sexta-feira (2), da reuni\u00e3o sobre o Programa de Regulariza\u00e7\u00e3o Fundi\u00e1ria Urbana Espec\u00edfica (ProUrbe). Na oportunidade, foi explicada toda a sistem\u00e1tica do programa e tiradas as d\u00favidas dos mutu\u00e1rios. A Ag\u00eancia de Desenvolvimento Habitacional do Piau\u00ed (ADH-PI) \u00e9 parceira do ProUrbe, que vem sendo executado pela Secretaria da Administra\u00e7\u00e3o (Sead), por meio da Superintend\u00eancia de Patrim\u00f4nio Imobili\u00e1rio (SPI). O ProUrbe faz parte da pol\u00edtica estadual de regulariza\u00e7\u00e3o fundi\u00e1ria urbana, institu\u00edda por meio da Lei n\u00ba 8.153\/23, com o objetivo de identificar as&hellip;<\/p>\n","category_list_v2":"<a href=\"https:\/\/portal.pi.gov.br\/adh\/category\/noticias\/\" rel=\"category tag\">Not\u00edcias<\/a>","author_info_v2":{"name":"sheilarodrigues","url":"https:\/\/portal.pi.gov.br\/adh\/author\/sheilarodrigues\/"},"comments_num_v2":"0 coment\u00e1rio","jetpack_featured_media_url":"https:\/\/portal.pi.gov.br\/adh\/wp-content\/uploads\/sites\/79\/2024\/02\/ProUrbe-Floriano-4-e1706887192655.jpeg","_links":{"self":[{"href":"https:\/\/portal.pi.gov.br\/adh\/wp-json\/wp\/v2\/posts\/1430"}],"collection":[{"href":"https:\/\/portal.pi.gov.br\/adh\/wp-json\/wp\/v2\/posts"}],"about":[{"href":"https:\/\/portal.pi.gov.br\/adh\/wp-json\/wp\/v2\/types\/post"}],"author":[{"embeddable":true,"href":"https:\/\/portal.pi.gov.br\/adh\/wp-json\/wp\/v2\/users\/1745"}],"replies":[{"embeddable":true,"href":"https:\/\/portal.pi.gov.br\/adh\/wp-json\/wp\/v2\/comments?post=1430"}],"version-history":[{"count":1,"href":"https:\/\/portal.pi.gov.br\/adh\/wp-json\/wp\/v2\/posts\/1430\/revisions"}],"predecessor-version":[{"id":1435,"href":"https:\/\/portal.pi.gov.br\/adh\/wp-json\/wp\/v2\/posts\/1430\/revisions\/1435"}],"wp:featuredmedia":[{"embeddable":true,"href":"https:\/\/portal.pi.gov.br\/adh\/wp-json\/wp\/v2\/media\/1434"}],"wp:attachment":[{"href":"https:\/\/portal.pi.gov.br\/adh\/wp-json\/wp\/v2\/media?parent=1430"}],"wp:term":[{"taxonomy":"category","embeddable":true,"href":"https:\/\/portal.pi.gov.br\/adh\/wp-json\/wp\/v2\/categories?post=1430"},{"taxonomy":"post_tag","embeddable":true,"href":"https:\/\/portal.pi.gov.br\/adh\/wp-json\/wp\/v2\/tags?post=1430"}],"curies":[{"name":"wp","href":"https:\/\/api.w.org\/{rel}","templated":true}]}}