{"id":2435,"date":"2025-04-16T21:26:52","date_gmt":"2025-04-17T00:26:52","guid":{"rendered":"https:\/\/portal.pi.gov.br\/agrespi\/?p=2435"},"modified":"2025-04-16T21:28:13","modified_gmt":"2025-04-17T00:28:13","slug":"edital-de-convocacao-de-reuniao-do-conselho-diretor-da-agrespi","status":"publish","type":"post","link":"https:\/\/portal.pi.gov.br\/agrespi\/2025\/04\/16\/edital-de-convocacao-de-reuniao-do-conselho-diretor-da-agrespi\/","title":{"rendered":"EDITAL DE CONVOCA\u00c7\u00c3O DE REUNI\u00c3O DO CONSELHO DIRETOR DA AGRESPI"},"content":{"rendered":"\n<p>A Ag\u00eancia Reguladora dos Servi\u00e7os P\u00fablicos Delegados do Estado do<br>Piau\u00ed \u2013 AGRESPI, por meio de sua Diretora-Geral, convoca todos os Conselheiros<br>da AGRESPI, com fulcro no art. 12 da Lei 7.049\/17 e art. 11, II, da Resolu\u00e7\u00e3o n\u00ba<br>01\/2018, para reuni\u00e3o a ser realizada no dia 22 de abril de 2025, ter\u00e7a-feira, \u00e0s 10:30<br>horas, online e, na nossa sede, localizada na Rua Jaic\u00f3s, n\u00ba 1435, Bairro Ilhotas,<br>Teresina \u2013 PI.<\/p>\n\n\n\n<p><strong>Na ocasi\u00e3o, ser\u00e3o discutidas as seguintes pautas:<\/strong><\/p>\n\n\n\n<p>\u27a2 <strong>Diretoria Geral<\/strong><\/p>\n\n\n\n<p>\u2756 Ato de Posse dos Diretores<\/p>\n\n\n\n<p>\u2756 An\u00e1lise e aprova\u00e7\u00e3o das seguintes Resolu\u00e7\u00f5es:<\/p>\n\n\n\n<p>\u2022 C\u00f3digo de \u00c9tica e Conduta, com indica\u00e7\u00e3o e aprova\u00e7\u00e3o da Comiss\u00e3o de<\/p>\n\n\n\n<p>\u00c9tica e Conduta;<\/p>\n\n\n\n<p>\u2022 Processo Sancionat\u00f3rio;<\/p>\n\n\n\n<p>\u2022 Envio a diretoria jur\u00eddica da Minuta do Projeto de Lei para cria\u00e7\u00e3o do Fundo<\/p>\n\n\n\n<p>Regulat\u00f3rio<\/p>\n\n\n\n<p>\u27a2 <strong>Diretoria de Saneamento e Transporte:<\/strong><\/p>\n\n\n\n<p>\u2756 An\u00e1lise e aprova\u00e7\u00e3o das seguintes Resolu\u00e7\u00f5es:<\/p>\n\n\n\n<p>\u2022 Regulamenta\u00e7\u00e3o Dila\u00e7\u00e3o do prazo para a universaliza\u00e7\u00e3o do esgotamento<\/p>\n\n\n\n<p>sanit\u00e1rio;<\/p>\n\n\n\n<p>\u2022 Regulamenta\u00e7\u00e3o das Atribui\u00e7\u00f5es da AGRESPI no contrato da MRAE;<\/p>\n\n\n\n<p>\u2022 Regulamenta\u00e7\u00e3o das Atribui\u00e7\u00f5es da AGRESPI no contrato da Transcerrado;<\/p>\n\n\n\n<p>\u2022 Deliberar a Resolu\u00e7\u00e3o da explora\u00e7\u00e3o da faixa de dom\u00ednio das rodovias<\/p>\n\n\n\n<p>concedidas.<\/p>\n\n\n\n<p>\u2756 Definir os servidores da AGRESPI que ter\u00e3o acesso ao sistema Cad\u00danico,<\/p>\n\n\n\n<p>visando \u00e0 sua utiliza\u00e7\u00e3o como ferramenta de interface referente \u00e0 Tarifa<\/p>\n\n\n\n<p>Social.<\/p>\n\n\n\n<p>\u27a2 <strong>Diretoria de Energia, Comunica\u00e7\u00e3o e G\u00e1s Canalizado<\/strong><\/p>\n\n\n\n<p>\u2756 Atualiza\u00e7\u00e3o sobre a Celebra\u00e7\u00e3o de Acordo de Coopera\u00e7\u00e3o com a ANEEL.<\/p>\n\n\n\n<p>\u27a2 <strong>Diretoria Administrativa e Financeira<\/strong><\/p>\n\n\n\n<p>\u2756 Apresenta\u00e7\u00e3o do Or\u00e7amento da AGRESPI<\/p>\n\n\n\n<p>\u2756 Alinhamento para dar in\u00edcio a constru\u00e7\u00e3o do Planejamento Estrat\u00e9gico e<\/p>\n\n\n\n<p>Plano Anual de Gest\u00e3o<\/p>\n\n\n\n<p><\/p>\n\n\n\n<p><strong>Teresina, 16 de abril de 2025.<\/strong><\/p>\n\n\n\n<p><\/p>\n\n\n\n<p><strong>Tha\u00eds de A. O. Araripe Palmeira Dias<\/strong><\/p>\n\n\n\n<p>Diretora-Geral<\/p>\n","protected":false},"excerpt":{"rendered":"<p>A Ag\u00eancia Reguladora dos Servi\u00e7os P\u00fablicos Delegados do Estado doPiau\u00ed \u2013 AGRESPI, por meio de sua Diretora-Geral, convoca todos os Conselheirosda AGRESPI, com fulcro no art. 12 da Lei 7.049\/17 [&hellip;]<\/p>\n","protected":false},"author":1837,"featured_media":0,"comment_status":"closed","ping_status":"closed","sticky":false,"template":"","format":"standard","meta":[],"categories":[1,84],"tags":[],"featured_image_urls":{"full":"","thumbnail":"","medium":"","medium_large":"","large":"","sgg-420":"","sgg-540":"","sgg-780":"","1536x1536":"","2048x2048":"","homepage-slider":"","homepage-slider-small":"","page-top":"","page-small":"","loop-main":"","thumb-gallery-widget":""},"post_excerpt_stackable":"<p>A Ag\u00eancia Reguladora dos Servi\u00e7os P\u00fablicos Delegados do Estado doPiau\u00ed \u2013 AGRESPI, por meio de sua Diretora-Geral, convoca todos os Conselheirosda AGRESPI, com fulcro no art. 12 da Lei 7.049\/17 e art. 11, II, da Resolu\u00e7\u00e3o n\u00ba01\/2018, para reuni\u00e3o a ser realizada no dia 22 de abril de 2025, ter\u00e7a-feira, \u00e0s 10:30horas, online e, na nossa sede, localizada na Rua Jaic\u00f3s, n\u00ba 1435, Bairro Ilhotas,Teresina \u2013 PI. Na ocasi\u00e3o, ser\u00e3o discutidas as seguintes pautas: \u27a2 Diretoria Geral \u2756 Ato de Posse dos Diretores \u2756 An\u00e1lise e aprova\u00e7\u00e3o das seguintes Resolu\u00e7\u00f5es: \u2022 C\u00f3digo de \u00c9tica e Conduta, com indica\u00e7\u00e3o e aprova\u00e7\u00e3o&hellip;<\/p>\n","category_list":"<a href=\"https:\/\/portal.pi.gov.br\/agrespi\/category\/noticias\/\" rel=\"category tag\">Not\u00edcias<\/a>, <a href=\"https:\/\/portal.pi.gov.br\/agrespi\/category\/reuniao-conselho-diretor\/\" rel=\"category tag\">Reuni\u00e3o Conselho Diretor<\/a>","author_info":{"name":"isadorasousa","url":"https:\/\/portal.pi.gov.br\/agrespi\/author\/isadorasousa\/"},"comments_num":"0 coment\u00e1rio","featured_image_urls_v2":{"full":"","thumbnail":"","medium":"","medium_large":"","large":"","sgg-420":"","sgg-540":"","sgg-780":"","1536x1536":"","2048x2048":"","homepage-slider":"","homepage-slider-small":"","page-top":"","page-small":"","loop-main":"","thumb-gallery-widget":""},"post_excerpt_stackable_v2":"<p>A Ag\u00eancia Reguladora dos Servi\u00e7os P\u00fablicos Delegados do Estado doPiau\u00ed \u2013 AGRESPI, por meio de sua Diretora-Geral, convoca todos os Conselheirosda AGRESPI, com fulcro no art. 12 da Lei 7.049\/17 e art. 11, II, da Resolu\u00e7\u00e3o n\u00ba01\/2018, para reuni\u00e3o a ser realizada no dia 22 de abril de 2025, ter\u00e7a-feira, \u00e0s 10:30horas, online e, na nossa sede, localizada na Rua Jaic\u00f3s, n\u00ba 1435, Bairro Ilhotas,Teresina \u2013 PI. Na ocasi\u00e3o, ser\u00e3o discutidas as seguintes pautas: \u27a2 Diretoria Geral \u2756 Ato de Posse dos Diretores \u2756 An\u00e1lise e aprova\u00e7\u00e3o das seguintes Resolu\u00e7\u00f5es: \u2022 C\u00f3digo de \u00c9tica e Conduta, com indica\u00e7\u00e3o e aprova\u00e7\u00e3o&hellip;<\/p>\n","category_list_v2":"<a href=\"https:\/\/portal.pi.gov.br\/agrespi\/category\/noticias\/\" rel=\"category tag\">Not\u00edcias<\/a>, <a href=\"https:\/\/portal.pi.gov.br\/agrespi\/category\/reuniao-conselho-diretor\/\" rel=\"category tag\">Reuni\u00e3o Conselho Diretor<\/a>","author_info_v2":{"name":"isadorasousa","url":"https:\/\/portal.pi.gov.br\/agrespi\/author\/isadorasousa\/"},"comments_num_v2":"0 coment\u00e1rio","jetpack_featured_media_url":"","_links":{"self":[{"href":"https:\/\/portal.pi.gov.br\/agrespi\/wp-json\/wp\/v2\/posts\/2435"}],"collection":[{"href":"https:\/\/portal.pi.gov.br\/agrespi\/wp-json\/wp\/v2\/posts"}],"about":[{"href":"https:\/\/portal.pi.gov.br\/agrespi\/wp-json\/wp\/v2\/types\/post"}],"author":[{"embeddable":true,"href":"https:\/\/portal.pi.gov.br\/agrespi\/wp-json\/wp\/v2\/users\/1837"}],"replies":[{"embeddable":true,"href":"https:\/\/portal.pi.gov.br\/agrespi\/wp-json\/wp\/v2\/comments?post=2435"}],"version-history":[{"count":2,"href":"https:\/\/portal.pi.gov.br\/agrespi\/wp-json\/wp\/v2\/posts\/2435\/revisions"}],"predecessor-version":[{"id":2438,"href":"https:\/\/portal.pi.gov.br\/agrespi\/wp-json\/wp\/v2\/posts\/2435\/revisions\/2438"}],"wp:attachment":[{"href":"https:\/\/portal.pi.gov.br\/agrespi\/wp-json\/wp\/v2\/media?parent=2435"}],"wp:term":[{"taxonomy":"category","embeddable":true,"href":"https:\/\/portal.pi.gov.br\/agrespi\/wp-json\/wp\/v2\/categories?post=2435"},{"taxonomy":"post_tag","embeddable":true,"href":"https:\/\/portal.pi.gov.br\/agrespi\/wp-json\/wp\/v2\/tags?post=2435"}],"curies":[{"name":"wp","href":"https:\/\/api.w.org\/{rel}","templated":true}]}}