{"id":2449,"date":"2025-04-29T08:07:48","date_gmt":"2025-04-29T11:07:48","guid":{"rendered":"https:\/\/portal.pi.gov.br\/agrespi\/?p=2449"},"modified":"2025-04-29T08:07:49","modified_gmt":"2025-04-29T11:07:49","slug":"edital-de-convocacao-reuniao-extraordinaria-do-conselho-diretor-da-agrespi","status":"publish","type":"post","link":"https:\/\/portal.pi.gov.br\/agrespi\/2025\/04\/29\/edital-de-convocacao-reuniao-extraordinaria-do-conselho-diretor-da-agrespi\/","title":{"rendered":"EDITAL DE CONVOCA\u00c7\u00c3O REUNI\u00c3O EXTRAORDIN\u00c1RIA DO CONSELHO DIRETOR DA AGRESPI"},"content":{"rendered":"\n<p class=\"has-text-align-center\">A Ag\u00eancia Reguladora dos Servi\u00e7os P\u00fablicos Delegados do Estado do Piau\u00ed \u2013 AGRESPI, por meio de sua Diretora-Geral, convoca todos os Conselheiros da AGRESPI, com fulcro no art. 12 da Lei 7.049\/17 e art. 11, II, da Resolu\u00e7\u00e3o n\u00ba 01\/2018, para reuni\u00e3o a ser realizada no dia 30 de abril de 2025, quarta-feira \u00e0s 09:30 horas, na nossa sede, localizada na Rua Jaic\u00f3s, n\u00ba 1435, Bairro Ilhotas, Teresina \u2013 PI.<br><br>Na ocasi\u00e3o, ser\u00e1 discutida a seguinte pauta:<br> \u2022 Diretoria de Saneamento, Transporte e Infraestrutura:<br>An\u00e1lise e delibera\u00e7\u00e3o sobre a solicita\u00e7\u00e3o de prorroga\u00e7\u00e3o da Fase de Transi\u00e7\u00e3o do Sistema pela \u00c1guas do Piau\u00ed SPE S.A.<br><br>Teresina, 28 de abril de 2025.<br><br>Tha\u00eds de A. O. Araripe Palmeira Dias<br>Diretora-Geral<\/p>\n","protected":false},"excerpt":{"rendered":"<p>A Ag\u00eancia Reguladora dos Servi\u00e7os P\u00fablicos Delegados do Estado do Piau\u00ed \u2013 AGRESPI, por meio de sua Diretora-Geral, convoca todos os Conselheiros da AGRESPI, com fulcro no art. 12 da [&hellip;]<\/p>\n","protected":false},"author":1837,"featured_media":0,"comment_status":"closed","ping_status":"closed","sticky":false,"template":"","format":"standard","meta":[],"categories":[1,84],"tags":[],"featured_image_urls":{"full":"","thumbnail":"","medium":"","medium_large":"","large":"","sgg-420":"","sgg-540":"","sgg-780":"","1536x1536":"","2048x2048":"","homepage-slider":"","homepage-slider-small":"","page-top":"","page-small":"","loop-main":"","thumb-gallery-widget":""},"post_excerpt_stackable":"<p>A Ag\u00eancia Reguladora dos Servi\u00e7os P\u00fablicos Delegados do Estado do Piau\u00ed \u2013 AGRESPI, por meio de sua Diretora-Geral, convoca todos os Conselheiros da AGRESPI, com fulcro no art. 12 da Lei 7.049\/17 e art. 11, II, da Resolu\u00e7\u00e3o n\u00ba 01\/2018, para reuni\u00e3o a ser realizada no dia 30 de abril de 2025, quarta-feira \u00e0s 09:30 horas, na nossa sede, localizada na Rua Jaic\u00f3s, n\u00ba 1435, Bairro Ilhotas, Teresina \u2013 PI.Na ocasi\u00e3o, ser\u00e1 discutida a seguinte pauta: \u2022 Diretoria de Saneamento, Transporte e Infraestrutura:An\u00e1lise e delibera\u00e7\u00e3o sobre a solicita\u00e7\u00e3o de prorroga\u00e7\u00e3o da Fase de Transi\u00e7\u00e3o do Sistema pela \u00c1guas do Piau\u00ed&hellip;<\/p>\n","category_list":"<a href=\"https:\/\/portal.pi.gov.br\/agrespi\/category\/noticias\/\" rel=\"category tag\">Not\u00edcias<\/a>, <a href=\"https:\/\/portal.pi.gov.br\/agrespi\/category\/reuniao-conselho-diretor\/\" rel=\"category tag\">Reuni\u00e3o Conselho Diretor<\/a>","author_info":{"name":"isadorasousa","url":"https:\/\/portal.pi.gov.br\/agrespi\/author\/isadorasousa\/"},"comments_num":"0 coment\u00e1rio","featured_image_urls_v2":{"full":"","thumbnail":"","medium":"","medium_large":"","large":"","sgg-420":"","sgg-540":"","sgg-780":"","1536x1536":"","2048x2048":"","homepage-slider":"","homepage-slider-small":"","page-top":"","page-small":"","loop-main":"","thumb-gallery-widget":""},"post_excerpt_stackable_v2":"<p>A Ag\u00eancia Reguladora dos Servi\u00e7os P\u00fablicos Delegados do Estado do Piau\u00ed \u2013 AGRESPI, por meio de sua Diretora-Geral, convoca todos os Conselheiros da AGRESPI, com fulcro no art. 12 da Lei 7.049\/17 e art. 11, II, da Resolu\u00e7\u00e3o n\u00ba 01\/2018, para reuni\u00e3o a ser realizada no dia 30 de abril de 2025, quarta-feira \u00e0s 09:30 horas, na nossa sede, localizada na Rua Jaic\u00f3s, n\u00ba 1435, Bairro Ilhotas, Teresina \u2013 PI.Na ocasi\u00e3o, ser\u00e1 discutida a seguinte pauta: \u2022 Diretoria de Saneamento, Transporte e Infraestrutura:An\u00e1lise e delibera\u00e7\u00e3o sobre a solicita\u00e7\u00e3o de prorroga\u00e7\u00e3o da Fase de Transi\u00e7\u00e3o do Sistema pela \u00c1guas do Piau\u00ed&hellip;<\/p>\n","category_list_v2":"<a href=\"https:\/\/portal.pi.gov.br\/agrespi\/category\/noticias\/\" rel=\"category tag\">Not\u00edcias<\/a>, <a href=\"https:\/\/portal.pi.gov.br\/agrespi\/category\/reuniao-conselho-diretor\/\" rel=\"category tag\">Reuni\u00e3o Conselho Diretor<\/a>","author_info_v2":{"name":"isadorasousa","url":"https:\/\/portal.pi.gov.br\/agrespi\/author\/isadorasousa\/"},"comments_num_v2":"0 coment\u00e1rio","jetpack_featured_media_url":"","_links":{"self":[{"href":"https:\/\/portal.pi.gov.br\/agrespi\/wp-json\/wp\/v2\/posts\/2449"}],"collection":[{"href":"https:\/\/portal.pi.gov.br\/agrespi\/wp-json\/wp\/v2\/posts"}],"about":[{"href":"https:\/\/portal.pi.gov.br\/agrespi\/wp-json\/wp\/v2\/types\/post"}],"author":[{"embeddable":true,"href":"https:\/\/portal.pi.gov.br\/agrespi\/wp-json\/wp\/v2\/users\/1837"}],"replies":[{"embeddable":true,"href":"https:\/\/portal.pi.gov.br\/agrespi\/wp-json\/wp\/v2\/comments?post=2449"}],"version-history":[{"count":2,"href":"https:\/\/portal.pi.gov.br\/agrespi\/wp-json\/wp\/v2\/posts\/2449\/revisions"}],"predecessor-version":[{"id":2459,"href":"https:\/\/portal.pi.gov.br\/agrespi\/wp-json\/wp\/v2\/posts\/2449\/revisions\/2459"}],"wp:attachment":[{"href":"https:\/\/portal.pi.gov.br\/agrespi\/wp-json\/wp\/v2\/media?parent=2449"}],"wp:term":[{"taxonomy":"category","embeddable":true,"href":"https:\/\/portal.pi.gov.br\/agrespi\/wp-json\/wp\/v2\/categories?post=2449"},{"taxonomy":"post_tag","embeddable":true,"href":"https:\/\/portal.pi.gov.br\/agrespi\/wp-json\/wp\/v2\/tags?post=2449"}],"curies":[{"name":"wp","href":"https:\/\/api.w.org\/{rel}","templated":true}]}}