{"id":2672,"date":"2025-06-07T12:00:39","date_gmt":"2025-06-07T15:00:39","guid":{"rendered":"https:\/\/portal.pi.gov.br\/agrespi\/?p=2672"},"modified":"2025-06-07T12:00:40","modified_gmt":"2025-06-07T15:00:40","slug":"agrespi-e-aneel-assinam-acordo-de-cooperacao-para-fiscalizar-a-energia-eletrica-no-piaui","status":"publish","type":"post","link":"https:\/\/portal.pi.gov.br\/agrespi\/2025\/06\/07\/agrespi-e-aneel-assinam-acordo-de-cooperacao-para-fiscalizar-a-energia-eletrica-no-piaui\/","title":{"rendered":"Agrespi e Aneel assinam acordo de coopera\u00e7\u00e3o para fiscalizar a energia el\u00e9trica no Piau\u00ed"},"content":{"rendered":"\n<p><em>Com o conv\u00eanio de subdelega\u00e7\u00e3o, Agrespi ter\u00e1 autonomia para acessar e monitorar dados relativos \u00e0 concess\u00e3o de energia no territ\u00f3rio piauiense<\/em>.<br><br>A Ag\u00eancia Reguladora de Servi\u00e7os P\u00fablicos Delegados do Piau\u00ed (Agrespi) e a Ag\u00eancia Nacional de Energia El\u00e9trica (Aneel) formalizaram, em ato simb\u00f3lico nesta sexta-feira (06) no Brazil Energy Conference, a assinatura de Conv\u00eanio de Coopera\u00e7\u00e3o T\u00e9cnica com a presen\u00e7a do governador Rafael Fonteles e do diretor-geral da Aneel, Sandoval Feitosa.  De acordo com os termos do conv\u00eanio, a Ag\u00eancia Reguladora atuar\u00e1 de forma colaborativa no apoio \u00e0s atividades de regula\u00e7\u00e3o e fiscaliza\u00e7\u00e3o dos servi\u00e7os e instala\u00e7\u00f5es de energia el\u00e9trica no estado.<br><\/p>\n\n\n\n<p>\u201cA gera\u00e7\u00e3o e distribui\u00e7\u00e3o de energia ainda encontra muitos obst\u00e1culos para fornecer um servi\u00e7o de qualidade aos piauienses e se mostra um gargalo para o desenvolvimento do estado com todos os investimentos e empresas que estamos atraindo. Ent\u00e3o esse acordo busca garantir uma presta\u00e7\u00e3o de servi\u00e7o mais eficiente e uma supera\u00e7\u00e3o mais r\u00e1pida desses empecilhos, que, porventura, existam para a instala\u00e7\u00e3o de novos empreendimentos industriais. A energia el\u00e9trica passa, portanto, a ser um item ainda mais estrat\u00e9gico para o nosso projeto de desenvolvimento econ\u00f4mico do Estado\u201d, destacou Rafael Fonteles.<br><\/p>\n\n\n<div class=\"wp-block-image\">\n<figure class=\"aligncenter size-large is-resized\"><img decoding=\"async\" loading=\"lazy\" src=\"https:\/\/portal.pi.gov.br\/agrespi\/wp-content\/uploads\/sites\/66\/2025\/06\/WhatsApp-Image-2025-06-06-at-20.20.27-1024x683.jpeg\" alt=\"\" class=\"wp-image-2680\" width=\"558\" height=\"372\" srcset=\"https:\/\/portal.pi.gov.br\/agrespi\/wp-content\/uploads\/sites\/66\/2025\/06\/WhatsApp-Image-2025-06-06-at-20.20.27-1024x683.jpeg 1024w, https:\/\/portal.pi.gov.br\/agrespi\/wp-content\/uploads\/sites\/66\/2025\/06\/WhatsApp-Image-2025-06-06-at-20.20.27-300x200.jpeg 300w, https:\/\/portal.pi.gov.br\/agrespi\/wp-content\/uploads\/sites\/66\/2025\/06\/WhatsApp-Image-2025-06-06-at-20.20.27-768x512.jpeg 768w, https:\/\/portal.pi.gov.br\/agrespi\/wp-content\/uploads\/sites\/66\/2025\/06\/WhatsApp-Image-2025-06-06-at-20.20.27-420x280.jpeg 420w, https:\/\/portal.pi.gov.br\/agrespi\/wp-content\/uploads\/sites\/66\/2025\/06\/WhatsApp-Image-2025-06-06-at-20.20.27-540x360.jpeg 540w, https:\/\/portal.pi.gov.br\/agrespi\/wp-content\/uploads\/sites\/66\/2025\/06\/WhatsApp-Image-2025-06-06-at-20.20.27-780x520.jpeg 780w, https:\/\/portal.pi.gov.br\/agrespi\/wp-content\/uploads\/sites\/66\/2025\/06\/WhatsApp-Image-2025-06-06-at-20.20.27-1536x1024.jpeg 1536w, https:\/\/portal.pi.gov.br\/agrespi\/wp-content\/uploads\/sites\/66\/2025\/06\/WhatsApp-Image-2025-06-06-at-20.20.27-2048x1366.jpeg 2048w, https:\/\/portal.pi.gov.br\/agrespi\/wp-content\/uploads\/sites\/66\/2025\/06\/WhatsApp-Image-2025-06-06-at-20.20.27-947x631.jpeg 947w, https:\/\/portal.pi.gov.br\/agrespi\/wp-content\/uploads\/sites\/66\/2025\/06\/WhatsApp-Image-2025-06-06-at-20.20.27-624x416.jpeg 624w, https:\/\/portal.pi.gov.br\/agrespi\/wp-content\/uploads\/sites\/66\/2025\/06\/WhatsApp-Image-2025-06-06-at-20.20.27-84x56.jpeg 84w\" sizes=\"(max-width: 558px) 100vw, 558px\" \/><figcaption class=\"wp-element-caption\">FOTO: Gabriel Paulino<\/figcaption><\/figure><\/div>\n\n\n<p>O acordo busca estreitar o relacionamento institucional entre as duas ag\u00eancias reguladoras, ampliando o interc\u00e2mbio de informa\u00e7\u00f5es, conhecimentos e experi\u00eancias, al\u00e9m de potencializar a atua\u00e7\u00e3o conjunta no acompanhamento dos servi\u00e7os prestados \u00e0 popula\u00e7\u00e3o piauiense. \u201c\u00c9 um marco muito importante para a fiscaliza\u00e7\u00e3o e regula\u00e7\u00e3o no nosso estado. Ele demonstra que a Agrespi atingiu um n\u00edvel de maturidade institucional que permitiu a Aneel delegar essa responsabilidade em tempo recorde. Agora, vamos nos capacitar para estarmos sempre alinhados \u00e0s diretrizes da Ag\u00eancia Nacional\u201d, afirmou Tha\u00eds Araripe, diretora-geral da Agrespi.<br><\/p>\n\n\n<div class=\"wp-block-image\">\n<figure class=\"aligncenter size-large is-resized\"><img decoding=\"async\" loading=\"lazy\" src=\"https:\/\/portal.pi.gov.br\/agrespi\/wp-content\/uploads\/sites\/66\/2025\/06\/WhatsApp-Image-2025-06-06-at-20.20.26-1024x683.jpeg\" alt=\"\" class=\"wp-image-2681\" width=\"701\" height=\"467\" srcset=\"https:\/\/portal.pi.gov.br\/agrespi\/wp-content\/uploads\/sites\/66\/2025\/06\/WhatsApp-Image-2025-06-06-at-20.20.26-1024x683.jpeg 1024w, https:\/\/portal.pi.gov.br\/agrespi\/wp-content\/uploads\/sites\/66\/2025\/06\/WhatsApp-Image-2025-06-06-at-20.20.26-300x200.jpeg 300w, https:\/\/portal.pi.gov.br\/agrespi\/wp-content\/uploads\/sites\/66\/2025\/06\/WhatsApp-Image-2025-06-06-at-20.20.26-768x512.jpeg 768w, https:\/\/portal.pi.gov.br\/agrespi\/wp-content\/uploads\/sites\/66\/2025\/06\/WhatsApp-Image-2025-06-06-at-20.20.26-420x280.jpeg 420w, https:\/\/portal.pi.gov.br\/agrespi\/wp-content\/uploads\/sites\/66\/2025\/06\/WhatsApp-Image-2025-06-06-at-20.20.26-540x360.jpeg 540w, https:\/\/portal.pi.gov.br\/agrespi\/wp-content\/uploads\/sites\/66\/2025\/06\/WhatsApp-Image-2025-06-06-at-20.20.26-780x520.jpeg 780w, https:\/\/portal.pi.gov.br\/agrespi\/wp-content\/uploads\/sites\/66\/2025\/06\/WhatsApp-Image-2025-06-06-at-20.20.26-1536x1024.jpeg 1536w, https:\/\/portal.pi.gov.br\/agrespi\/wp-content\/uploads\/sites\/66\/2025\/06\/WhatsApp-Image-2025-06-06-at-20.20.26-2048x1366.jpeg 2048w, https:\/\/portal.pi.gov.br\/agrespi\/wp-content\/uploads\/sites\/66\/2025\/06\/WhatsApp-Image-2025-06-06-at-20.20.26-947x631.jpeg 947w, https:\/\/portal.pi.gov.br\/agrespi\/wp-content\/uploads\/sites\/66\/2025\/06\/WhatsApp-Image-2025-06-06-at-20.20.26-624x416.jpeg 624w, https:\/\/portal.pi.gov.br\/agrespi\/wp-content\/uploads\/sites\/66\/2025\/06\/WhatsApp-Image-2025-06-06-at-20.20.26-84x56.jpeg 84w\" sizes=\"(max-width: 701px) 100vw, 701px\" \/><figcaption class=\"wp-element-caption\">Foto: Gabriel Paulino<\/figcaption><\/figure><\/div>\n\n\n<p>Para a ANEEL, o conv\u00eanio \u00e9 uma estrat\u00e9gia para fortalecer a atua\u00e7\u00e3o local, valorizando a capilaridade das ag\u00eancias estaduais, que est\u00e3o mais pr\u00f3ximas dos usu\u00e1rios dos servi\u00e7os p\u00fablicos e das especificidades de cada regi\u00e3o. \u201cEste conv\u00eanio intensifica a colabora\u00e7\u00e3o entre as ag\u00eancias e permite a transfer\u00eancia de conhecimento, pr\u00e1ticas e tecnologias fiscalizat\u00f3rias. Isso \u00e9 fundamental para que, no futuro, possamos avan\u00e7ar para novas etapas, como os contratos de metas, sempre buscando melhorar a qualidade dos servi\u00e7os prestados aos cidad\u00e3os do Piau\u00ed, que \u00e9 o d\u00e9cimo segundo estado a firmar esse acordo\u201d, destaca o diretor-geral da ANEEL, Sandoval Feitosa.<br><\/p>\n\n\n<div class=\"wp-block-image\">\n<figure class=\"aligncenter size-large is-resized\"><img decoding=\"async\" loading=\"lazy\" src=\"https:\/\/portal.pi.gov.br\/agrespi\/wp-content\/uploads\/sites\/66\/2025\/06\/WhatsApp-Image-2025-06-06-at-20.20.26-2-1024x683.jpeg\" alt=\"\" class=\"wp-image-2682\" width=\"680\" height=\"453\" srcset=\"https:\/\/portal.pi.gov.br\/agrespi\/wp-content\/uploads\/sites\/66\/2025\/06\/WhatsApp-Image-2025-06-06-at-20.20.26-2-1024x683.jpeg 1024w, https:\/\/portal.pi.gov.br\/agrespi\/wp-content\/uploads\/sites\/66\/2025\/06\/WhatsApp-Image-2025-06-06-at-20.20.26-2-300x200.jpeg 300w, https:\/\/portal.pi.gov.br\/agrespi\/wp-content\/uploads\/sites\/66\/2025\/06\/WhatsApp-Image-2025-06-06-at-20.20.26-2-768x512.jpeg 768w, https:\/\/portal.pi.gov.br\/agrespi\/wp-content\/uploads\/sites\/66\/2025\/06\/WhatsApp-Image-2025-06-06-at-20.20.26-2-420x280.jpeg 420w, https:\/\/portal.pi.gov.br\/agrespi\/wp-content\/uploads\/sites\/66\/2025\/06\/WhatsApp-Image-2025-06-06-at-20.20.26-2-540x360.jpeg 540w, https:\/\/portal.pi.gov.br\/agrespi\/wp-content\/uploads\/sites\/66\/2025\/06\/WhatsApp-Image-2025-06-06-at-20.20.26-2-780x520.jpeg 780w, https:\/\/portal.pi.gov.br\/agrespi\/wp-content\/uploads\/sites\/66\/2025\/06\/WhatsApp-Image-2025-06-06-at-20.20.26-2-1536x1024.jpeg 1536w, https:\/\/portal.pi.gov.br\/agrespi\/wp-content\/uploads\/sites\/66\/2025\/06\/WhatsApp-Image-2025-06-06-at-20.20.26-2-2048x1366.jpeg 2048w, https:\/\/portal.pi.gov.br\/agrespi\/wp-content\/uploads\/sites\/66\/2025\/06\/WhatsApp-Image-2025-06-06-at-20.20.26-2-947x631.jpeg 947w, https:\/\/portal.pi.gov.br\/agrespi\/wp-content\/uploads\/sites\/66\/2025\/06\/WhatsApp-Image-2025-06-06-at-20.20.26-2-624x416.jpeg 624w, https:\/\/portal.pi.gov.br\/agrespi\/wp-content\/uploads\/sites\/66\/2025\/06\/WhatsApp-Image-2025-06-06-at-20.20.26-2-84x56.jpeg 84w\" sizes=\"(max-width: 680px) 100vw, 680px\" \/><figcaption class=\"wp-element-caption\">Foto: Gabriel Paulino<\/figcaption><\/figure><\/div>\n\n\n<p>Para que o acordo fosse poss\u00edvel, a AGRESPI precisou atender a uma s\u00e9rie de requisitos t\u00e9cnicos, legais e institucionais estabelecidos pela Resolu\u00e7\u00e3o Normativa ANEEL n\u00ba 914, de 23 de fevereiro de 2021, que regula as condi\u00e7\u00f5es para formaliza\u00e7\u00e3o de conv\u00eanios de coopera\u00e7\u00e3o entre a ag\u00eancia federal e as ag\u00eancias estaduais. Foram eles:<br><\/p>\n\n\n\n<p>\u2022 Exist\u00eancia de lei de cria\u00e7\u00e3o, regimento interno e regulamenta\u00e7\u00e3o, assegurando compet\u00eancias para executar, sob delega\u00e7\u00e3o, servi\u00e7os p\u00fablicos da Uni\u00e3o.<br>\u2022 Autonomia administrativa, financeira, decis\u00f3ria e patrimonial.<br>\u2022 Processo de nomea\u00e7\u00e3o de dirigentes com mandatos fixos, preferencialmente n\u00e3o coincidentes, e aprovados pela Assembleia Legislativa.<br>\u2022 Exist\u00eancia de um \u00f3rg\u00e3o colegiado deliberativo com pelo menos tr\u00eas membros n\u00e3o impedidos.<br>\u2022 Estrutura recursal administrativa com, no m\u00e1ximo, duas inst\u00e2ncias, tendo a ANEEL como inst\u00e2ncia m\u00e1xima nos processos de energia el\u00e9trica.<br>\u2022 Corpo t\u00e9cnico qualificado, com capacidade para executar as atividades descentralizadas.<br>Instala\u00e7\u00f5es f\u00edsicas adequadas e a exist\u00eancia de uma Comiss\u00e3o de \u00c9tica, conforme par\u00e2metros do servi\u00e7o p\u00fablico federal.<\/p>\n","protected":false},"excerpt":{"rendered":"<p>Com o conv\u00eanio de subdelega\u00e7\u00e3o, Agrespi ter\u00e1 autonomia para acessar e monitorar dados relativos \u00e0 concess\u00e3o de energia no territ\u00f3rio piauiense. A Ag\u00eancia Reguladora de Servi\u00e7os P\u00fablicos Delegados do Piau\u00ed [&hellip;]<\/p>\n","protected":false},"author":1837,"featured_media":2679,"comment_status":"closed","ping_status":"closed","sticky":false,"template":"","format":"standard","meta":[],"categories":[1],"tags":[],"featured_image_urls":{"full":["https:\/\/portal.pi.gov.br\/agrespi\/wp-content\/uploads\/sites\/66\/2025\/06\/WhatsApp-Image-2025-06-06-at-20.20.27-1-scaled.jpeg",2560,1707,false],"thumbnail":["https:\/\/portal.pi.gov.br\/agrespi\/wp-content\/uploads\/sites\/66\/2025\/06\/WhatsApp-Image-2025-06-06-at-20.20.27-1-150x150.jpeg",150,150,true],"medium":["https:\/\/portal.pi.gov.br\/agrespi\/wp-content\/uploads\/sites\/66\/2025\/06\/WhatsApp-Image-2025-06-06-at-20.20.27-1-300x200.jpeg",300,200,true],"medium_large":["https:\/\/portal.pi.gov.br\/agrespi\/wp-content\/uploads\/sites\/66\/2025\/06\/WhatsApp-Image-2025-06-06-at-20.20.27-1-768x512.jpeg",768,512,true],"large":["https:\/\/portal.pi.gov.br\/agrespi\/wp-content\/uploads\/sites\/66\/2025\/06\/WhatsApp-Image-2025-06-06-at-20.20.27-1-1024x683.jpeg",887,592,true],"sgg-420":["https:\/\/portal.pi.gov.br\/agrespi\/wp-content\/uploads\/sites\/66\/2025\/06\/WhatsApp-Image-2025-06-06-at-20.20.27-1-420x280.jpeg",420,280,true],"sgg-540":["https:\/\/portal.pi.gov.br\/agrespi\/wp-content\/uploads\/sites\/66\/2025\/06\/WhatsApp-Image-2025-06-06-at-20.20.27-1-540x360.jpeg",540,360,true],"sgg-780":["https:\/\/portal.pi.gov.br\/agrespi\/wp-content\/uploads\/sites\/66\/2025\/06\/WhatsApp-Image-2025-06-06-at-20.20.27-1-780x520.jpeg",780,520,true],"1536x1536":["https:\/\/portal.pi.gov.br\/agrespi\/wp-content\/uploads\/sites\/66\/2025\/06\/WhatsApp-Image-2025-06-06-at-20.20.27-1-1536x1024.jpeg",1536,1024,true],"2048x2048":["https:\/\/portal.pi.gov.br\/agrespi\/wp-content\/uploads\/sites\/66\/2025\/06\/WhatsApp-Image-2025-06-06-at-20.20.27-1-2048x1366.jpeg",2048,1366,true],"homepage-slider":["https:\/\/portal.pi.gov.br\/agrespi\/wp-content\/uploads\/sites\/66\/2025\/06\/WhatsApp-Image-2025-06-06-at-20.20.27-1-1270x500.jpeg",1270,500,true],"homepage-slider-small":["https:\/\/portal.pi.gov.br\/agrespi\/wp-content\/uploads\/sites\/66\/2025\/06\/WhatsApp-Image-2025-06-06-at-20.20.27-1-947x500.jpeg",947,500,true],"page-top":["https:\/\/portal.pi.gov.br\/agrespi\/wp-content\/uploads\/sites\/66\/2025\/06\/WhatsApp-Image-2025-06-06-at-20.20.27-1-947x631.jpeg",947,631,true],"page-small":["https:\/\/portal.pi.gov.br\/agrespi\/wp-content\/uploads\/sites\/66\/2025\/06\/WhatsApp-Image-2025-06-06-at-20.20.27-1-624x416.jpeg",624,416,true],"loop-main":["https:\/\/portal.pi.gov.br\/agrespi\/wp-content\/uploads\/sites\/66\/2025\/06\/WhatsApp-Image-2025-06-06-at-20.20.27-1-365x240.jpeg",365,240,true],"thumb-gallery-widget":["https:\/\/portal.pi.gov.br\/agrespi\/wp-content\/uploads\/sites\/66\/2025\/06\/WhatsApp-Image-2025-06-06-at-20.20.27-1-84x56.jpeg",84,56,true]},"post_excerpt_stackable":"<p>Com o conv\u00eanio de subdelega\u00e7\u00e3o, Agrespi ter\u00e1 autonomia para acessar e monitorar dados relativos \u00e0 concess\u00e3o de energia no territ\u00f3rio piauiense.A Ag\u00eancia Reguladora de Servi\u00e7os P\u00fablicos Delegados do Piau\u00ed (Agrespi) e a Ag\u00eancia Nacional de Energia El\u00e9trica (Aneel) formalizaram, em ato simb\u00f3lico nesta sexta-feira (06) no Brazil Energy Conference, a assinatura de Conv\u00eanio de Coopera\u00e7\u00e3o T\u00e9cnica com a presen\u00e7a do governador Rafael Fonteles e do diretor-geral da Aneel, Sandoval Feitosa. De acordo com os termos do conv\u00eanio, a Ag\u00eancia Reguladora atuar\u00e1 de forma colaborativa no apoio \u00e0s atividades de regula\u00e7\u00e3o e fiscaliza\u00e7\u00e3o dos servi\u00e7os e instala\u00e7\u00f5es de energia el\u00e9trica no&hellip;<\/p>\n","category_list":"<a href=\"https:\/\/portal.pi.gov.br\/agrespi\/category\/noticias\/\" rel=\"category tag\">Not\u00edcias<\/a>","author_info":{"name":"isadorasousa","url":"https:\/\/portal.pi.gov.br\/agrespi\/author\/isadorasousa\/"},"comments_num":"0 coment\u00e1rio","featured_image_urls_v2":{"full":["https:\/\/portal.pi.gov.br\/agrespi\/wp-content\/uploads\/sites\/66\/2025\/06\/WhatsApp-Image-2025-06-06-at-20.20.27-1-scaled.jpeg",2560,1707,false],"thumbnail":["https:\/\/portal.pi.gov.br\/agrespi\/wp-content\/uploads\/sites\/66\/2025\/06\/WhatsApp-Image-2025-06-06-at-20.20.27-1-150x150.jpeg",150,150,true],"medium":["https:\/\/portal.pi.gov.br\/agrespi\/wp-content\/uploads\/sites\/66\/2025\/06\/WhatsApp-Image-2025-06-06-at-20.20.27-1-300x200.jpeg",300,200,true],"medium_large":["https:\/\/portal.pi.gov.br\/agrespi\/wp-content\/uploads\/sites\/66\/2025\/06\/WhatsApp-Image-2025-06-06-at-20.20.27-1-768x512.jpeg",768,512,true],"large":["https:\/\/portal.pi.gov.br\/agrespi\/wp-content\/uploads\/sites\/66\/2025\/06\/WhatsApp-Image-2025-06-06-at-20.20.27-1-1024x683.jpeg",887,592,true],"sgg-420":["https:\/\/portal.pi.gov.br\/agrespi\/wp-content\/uploads\/sites\/66\/2025\/06\/WhatsApp-Image-2025-06-06-at-20.20.27-1-420x280.jpeg",420,280,true],"sgg-540":["https:\/\/portal.pi.gov.br\/agrespi\/wp-content\/uploads\/sites\/66\/2025\/06\/WhatsApp-Image-2025-06-06-at-20.20.27-1-540x360.jpeg",540,360,true],"sgg-780":["https:\/\/portal.pi.gov.br\/agrespi\/wp-content\/uploads\/sites\/66\/2025\/06\/WhatsApp-Image-2025-06-06-at-20.20.27-1-780x520.jpeg",780,520,true],"1536x1536":["https:\/\/portal.pi.gov.br\/agrespi\/wp-content\/uploads\/sites\/66\/2025\/06\/WhatsApp-Image-2025-06-06-at-20.20.27-1-1536x1024.jpeg",1536,1024,true],"2048x2048":["https:\/\/portal.pi.gov.br\/agrespi\/wp-content\/uploads\/sites\/66\/2025\/06\/WhatsApp-Image-2025-06-06-at-20.20.27-1-2048x1366.jpeg",2048,1366,true],"homepage-slider":["https:\/\/portal.pi.gov.br\/agrespi\/wp-content\/uploads\/sites\/66\/2025\/06\/WhatsApp-Image-2025-06-06-at-20.20.27-1-1270x500.jpeg",1270,500,true],"homepage-slider-small":["https:\/\/portal.pi.gov.br\/agrespi\/wp-content\/uploads\/sites\/66\/2025\/06\/WhatsApp-Image-2025-06-06-at-20.20.27-1-947x500.jpeg",947,500,true],"page-top":["https:\/\/portal.pi.gov.br\/agrespi\/wp-content\/uploads\/sites\/66\/2025\/06\/WhatsApp-Image-2025-06-06-at-20.20.27-1-947x631.jpeg",947,631,true],"page-small":["https:\/\/portal.pi.gov.br\/agrespi\/wp-content\/uploads\/sites\/66\/2025\/06\/WhatsApp-Image-2025-06-06-at-20.20.27-1-624x416.jpeg",624,416,true],"loop-main":["https:\/\/portal.pi.gov.br\/agrespi\/wp-content\/uploads\/sites\/66\/2025\/06\/WhatsApp-Image-2025-06-06-at-20.20.27-1-365x240.jpeg",365,240,true],"thumb-gallery-widget":["https:\/\/portal.pi.gov.br\/agrespi\/wp-content\/uploads\/sites\/66\/2025\/06\/WhatsApp-Image-2025-06-06-at-20.20.27-1-84x56.jpeg",84,56,true]},"post_excerpt_stackable_v2":"<p>Com o conv\u00eanio de subdelega\u00e7\u00e3o, Agrespi ter\u00e1 autonomia para acessar e monitorar dados relativos \u00e0 concess\u00e3o de energia no territ\u00f3rio piauiense.A Ag\u00eancia Reguladora de Servi\u00e7os P\u00fablicos Delegados do Piau\u00ed (Agrespi) e a Ag\u00eancia Nacional de Energia El\u00e9trica (Aneel) formalizaram, em ato simb\u00f3lico nesta sexta-feira (06) no Brazil Energy Conference, a assinatura de Conv\u00eanio de Coopera\u00e7\u00e3o T\u00e9cnica com a presen\u00e7a do governador Rafael Fonteles e do diretor-geral da Aneel, Sandoval Feitosa. De acordo com os termos do conv\u00eanio, a Ag\u00eancia Reguladora atuar\u00e1 de forma colaborativa no apoio \u00e0s atividades de regula\u00e7\u00e3o e fiscaliza\u00e7\u00e3o dos servi\u00e7os e instala\u00e7\u00f5es de energia el\u00e9trica no&hellip;<\/p>\n","category_list_v2":"<a href=\"https:\/\/portal.pi.gov.br\/agrespi\/category\/noticias\/\" rel=\"category tag\">Not\u00edcias<\/a>","author_info_v2":{"name":"isadorasousa","url":"https:\/\/portal.pi.gov.br\/agrespi\/author\/isadorasousa\/"},"comments_num_v2":"0 coment\u00e1rio","jetpack_featured_media_url":"https:\/\/portal.pi.gov.br\/agrespi\/wp-content\/uploads\/sites\/66\/2025\/06\/WhatsApp-Image-2025-06-06-at-20.20.27-1-scaled.jpeg","_links":{"self":[{"href":"https:\/\/portal.pi.gov.br\/agrespi\/wp-json\/wp\/v2\/posts\/2672"}],"collection":[{"href":"https:\/\/portal.pi.gov.br\/agrespi\/wp-json\/wp\/v2\/posts"}],"about":[{"href":"https:\/\/portal.pi.gov.br\/agrespi\/wp-json\/wp\/v2\/types\/post"}],"author":[{"embeddable":true,"href":"https:\/\/portal.pi.gov.br\/agrespi\/wp-json\/wp\/v2\/users\/1837"}],"replies":[{"embeddable":true,"href":"https:\/\/portal.pi.gov.br\/agrespi\/wp-json\/wp\/v2\/comments?post=2672"}],"version-history":[{"count":2,"href":"https:\/\/portal.pi.gov.br\/agrespi\/wp-json\/wp\/v2\/posts\/2672\/revisions"}],"predecessor-version":[{"id":2683,"href":"https:\/\/portal.pi.gov.br\/agrespi\/wp-json\/wp\/v2\/posts\/2672\/revisions\/2683"}],"wp:featuredmedia":[{"embeddable":true,"href":"https:\/\/portal.pi.gov.br\/agrespi\/wp-json\/wp\/v2\/media\/2679"}],"wp:attachment":[{"href":"https:\/\/portal.pi.gov.br\/agrespi\/wp-json\/wp\/v2\/media?parent=2672"}],"wp:term":[{"taxonomy":"category","embeddable":true,"href":"https:\/\/portal.pi.gov.br\/agrespi\/wp-json\/wp\/v2\/categories?post=2672"},{"taxonomy":"post_tag","embeddable":true,"href":"https:\/\/portal.pi.gov.br\/agrespi\/wp-json\/wp\/v2\/tags?post=2672"}],"curies":[{"name":"wp","href":"https:\/\/api.w.org\/{rel}","templated":true}]}}