{"id":2723,"date":"2025-06-20T12:01:26","date_gmt":"2025-06-20T15:01:26","guid":{"rendered":"https:\/\/portal.pi.gov.br\/agrespi\/?p=2723"},"modified":"2025-06-20T12:01:27","modified_gmt":"2025-06-20T15:01:27","slug":"mais-da-metade-dos-municipios-piauienses-ja-contam-com-nova-operacao-de-saneamento-regulada-pela-agrespi","status":"publish","type":"post","link":"https:\/\/portal.pi.gov.br\/agrespi\/2025\/06\/20\/mais-da-metade-dos-municipios-piauienses-ja-contam-com-nova-operacao-de-saneamento-regulada-pela-agrespi\/","title":{"rendered":"Mais da metade dos munic\u00edpios piauienses j\u00e1 contam com nova opera\u00e7\u00e3o de saneamento regulada pela AGRESPI"},"content":{"rendered":"\n<p>Mais 64 cidades passam a integrar opera\u00e7\u00e3o da concession\u00e1ria de saneamento; popula\u00e7\u00e3o atendida chega a quase 2 milh\u00f5es de piauienses<br><br>A Ag\u00eancia de Regula\u00e7\u00e3o dos Servi\u00e7os P\u00fablicos do Estado do Piau\u00ed (AGRESPI) anuncia uma nova e importante etapa da \u201cEstrat\u00e9gia de Entrada\u201d da concession\u00e1ria de abastecimento de \u00e1gua e esgoto. Prevista para este domingo, 22 de junho, mais 64 munic\u00edpios ter\u00e3o a antecipa\u00e7\u00e3o da opera\u00e7\u00e3o do atendimento de saneamento, chegando a mais da metade do Piau\u00ed englobado no contrato de concess\u00e3o antes do fim da fase de transi\u00e7\u00e3o. <\/p>\n\n\n\n<p><br>Esta fase de expans\u00e3o marca a entrada em munic\u00edpios como Corrente, Cristino Castro, Santa Filomena, Angical do Piau\u00ed, S\u00e3o Gon\u00e7alo do Piau\u00ed, Manoel Em\u00eddio, Monsenhor Gil, entre outros listados na estrat\u00e9gia desta etapa. Ao todo, cerca de 481 mil novos habitantes passam a ser atendidos, elevando para aproximadamente 1,99 milh\u00e3o o n\u00famero total de piauienses sob a cobertura da nova estrutura de abastecimento de \u00e1gua e esgotamento sanit\u00e1rio.<br><br>Com a adi\u00e7\u00e3o dessas 64 cidades, j\u00e1 s\u00e3o 154 munic\u00edpios sob responsabilidade da opera\u00e7\u00e3o \u2014 o que representa 83% das cidades previstas no escopo da concess\u00e3o. \u201cAtingir mais da metade dos munic\u00edpios \u00e9 um marco estrat\u00e9gico para a concess\u00e3o. Isso mostra o compromisso da AGRESPI em garantir uma regula\u00e7\u00e3o firme, t\u00e9cnica e comprometida com os interesses da popula\u00e7\u00e3o. Estamos acompanhando de perto todas as fases do processo para assegurar a melhoria real na qualidade dos servi\u00e7os prestados\u201d, destacou a diretora-geral da ag\u00eancia, Tha\u00eds Araripe.<br><br>A AGRESPI continua com seu cronograma de visitas t\u00e9cnicas, fiscaliza\u00e7\u00e3o de metas contratuais, di\u00e1logo com os munic\u00edpios e a\u00e7\u00f5es educativas junto \u00e0 popula\u00e7\u00e3o, refor\u00e7ando o papel da regula\u00e7\u00e3o na promo\u00e7\u00e3o de um saneamento universal, inclusivo e sustent\u00e1vel no Piau\u00ed.<\/p>\n\n\n\n<p>Confira se o seu munic\u00edpio ser\u00e1 atendindo na pr\u00f3xima etapa: <\/p>\n\n\n\n<p>Paes Landim<\/p>\n\n\n\n<p>Corrente<\/p>\n\n\n\n<p>Cristino Castro<\/p>\n\n\n\n<p>Curimat\u00e1<\/p>\n\n\n\n<p>Curral Novo do Piau\u00ed<\/p>\n\n\n\n<p>Dirceu Arcoverde<\/p>\n\n\n\n<p>Francisco Santos<\/p>\n\n\n\n<p>Gilbu\u00e9s<\/p>\n\n\n\n<p>Hugo Napole\u00e3o<\/p>\n\n\n\n<p>Isa\u00edas Coelho<\/p>\n\n\n\n<p>Itain\u00f3polis<\/p>\n\n\n\n<p>Jacobina do Piau\u00ed<\/p>\n\n\n\n<p>Jaic\u00f3s<\/p>\n\n\n\n<p>Jardim do Mulato<\/p>\n\n\n\n<p>J\u00falio Borges<\/p>\n\n\n\n<p>Jurema<\/p>\n\n\n\n<p>Lagoa Alegre<\/p>\n\n\n\n<p>Nazar\u00e9<\/p>\n\n\n\n<p>Manoel Em\u00eddio<\/p>\n\n\n\n<p>Monsenhor Gil<\/p>\n\n\n\n<p>Monsenhor Hip\u00f3lito<\/p>\n\n\n\n<p>Monte Alegre do Piau\u00ed<\/p>\n\n\n\n<p>Nova Santa Rita<\/p>\n\n\n\n<p>Palmeira do Piau\u00ed<\/p>\n\n\n\n<p>Parnagu\u00e1<\/p>\n\n\n\n<p>Pimenteiras<\/p>\n\n\n\n<p>Prata do Piau\u00ed<\/p>\n\n\n\n<p>Regenera\u00e7\u00e3o<\/p>\n\n\n\n<p>Santa Filomena<\/p>\n\n\n\n<p>S\u00e3o Francisco de Assis do Piau\u00ed<\/p>\n\n\n\n<p>S\u00e3o Gon\u00e7alo do Piau\u00ed<\/p>\n\n\n\n<p>S\u00e3o Jo\u00e3o da Canabrava<\/p>\n\n\n\n<p>S\u00e3o Lu\u00eds do Piau\u00ed<\/p>\n\n\n\n<p>Sim\u00f5es<\/p>\n\n\n\n<p>Simpl\u00edcio Mendes<\/p>\n\n\n\n<p>Acau\u00e3<\/p>\n\n\n\n<p>Eliseu Martins<\/p>\n\n\n\n<p>Agricol\u00e2ndia<\/p>\n\n\n\n<p>Alagoinha do Piau\u00ed<\/p>\n\n\n\n<p>Alto Long\u00e1<\/p>\n\n\n\n<p>Angical do Piau\u00ed<\/p>\n\n\n\n<p>An\u00edsio de Abreu<\/p>\n\n\n\n<p>Avelino Lopes<\/p>\n\n\n\n<p>Barreiras do Piau\u00ed<\/p>\n\n\n\n<p>Barro Duro<\/p>\n\n\n\n<p>Bel\u00e9m do Piau\u00ed<\/p>\n\n\n\n<p>Beneditinos<\/p>\n\n\n\n<p>Brejo do Piau\u00ed<\/p>\n\n\n\n<p>Campinas do Piau\u00ed<\/p>\n\n\n\n<p>Canto do Buriti<\/p>\n\n\n\n<p>Caracol<\/p>\n\n\n\n<p>Col\u00f4nia do Piau\u00ed<\/p>\n\n\n\n<p>Col\u00f4nia do Gurgueia<\/p>\n\n\n\n<p>Col\u00f4nia do Buriti<\/p>\n\n\n\n<p>Concei\u00e7\u00e3o do Canind\u00e9<\/p>\n\n\n\n<p>Francin\u00f3polis<\/p>\n\n\n\n<p>Guaribas<\/p>\n\n\n\n<p>Passagem Franca do Piau\u00ed<\/p>\n\n\n\n<p>Patos do Piau\u00ed<\/p>\n\n\n\n<p>Santa Rosa do Piau\u00ed<\/p>\n\n\n\n<p>Santo Ant\u00f4nio dos Milagres<\/p>\n\n\n\n<p>Santo In\u00e1cio do Piau\u00ed<\/p>\n\n\n\n<p>S\u00e3o F\u00e9lix do Piau\u00ed<\/p>\n\n\n\n<p>V\u00e1rzea Grande<\/p>\n","protected":false},"excerpt":{"rendered":"<p>Mais 64 cidades passam a integrar opera\u00e7\u00e3o da concession\u00e1ria de saneamento; popula\u00e7\u00e3o atendida chega a quase 2 milh\u00f5es de piauienses A Ag\u00eancia de Regula\u00e7\u00e3o dos Servi\u00e7os P\u00fablicos do Estado do [&hellip;]<\/p>\n","protected":false},"author":1837,"featured_media":2752,"comment_status":"closed","ping_status":"closed","sticky":false,"template":"","format":"standard","meta":[],"categories":[1],"tags":[],"featured_image_urls":{"full":["https:\/\/portal.pi.gov.br\/agrespi\/wp-content\/uploads\/sites\/66\/2025\/06\/salve-a-agua-gota-de-agua-da-torneira-de-agua-desperdicio-de-agua-torneira-de-grama-no-fundo-da-natu.png",626,416,false],"thumbnail":["https:\/\/portal.pi.gov.br\/agrespi\/wp-content\/uploads\/sites\/66\/2025\/06\/salve-a-agua-gota-de-agua-da-torneira-de-agua-desperdicio-de-agua-torneira-de-grama-no-fundo-da-natu-150x150.png",150,150,true],"medium":["https:\/\/portal.pi.gov.br\/agrespi\/wp-content\/uploads\/sites\/66\/2025\/06\/salve-a-agua-gota-de-agua-da-torneira-de-agua-desperdicio-de-agua-torneira-de-grama-no-fundo-da-natu-300x199.png",300,199,true],"medium_large":["https:\/\/portal.pi.gov.br\/agrespi\/wp-content\/uploads\/sites\/66\/2025\/06\/salve-a-agua-gota-de-agua-da-torneira-de-agua-desperdicio-de-agua-torneira-de-grama-no-fundo-da-natu.png",626,416,false],"large":["https:\/\/portal.pi.gov.br\/agrespi\/wp-content\/uploads\/sites\/66\/2025\/06\/salve-a-agua-gota-de-agua-da-torneira-de-agua-desperdicio-de-agua-torneira-de-grama-no-fundo-da-natu.png",626,416,false],"sgg-420":["https:\/\/portal.pi.gov.br\/agrespi\/wp-content\/uploads\/sites\/66\/2025\/06\/salve-a-agua-gota-de-agua-da-torneira-de-agua-desperdicio-de-agua-torneira-de-grama-no-fundo-da-natu-420x279.png",420,279,true],"sgg-540":["https:\/\/portal.pi.gov.br\/agrespi\/wp-content\/uploads\/sites\/66\/2025\/06\/salve-a-agua-gota-de-agua-da-torneira-de-agua-desperdicio-de-agua-torneira-de-grama-no-fundo-da-natu-540x359.png",540,359,true],"sgg-780":["https:\/\/portal.pi.gov.br\/agrespi\/wp-content\/uploads\/sites\/66\/2025\/06\/salve-a-agua-gota-de-agua-da-torneira-de-agua-desperdicio-de-agua-torneira-de-grama-no-fundo-da-natu.png",626,416,false],"1536x1536":["https:\/\/portal.pi.gov.br\/agrespi\/wp-content\/uploads\/sites\/66\/2025\/06\/salve-a-agua-gota-de-agua-da-torneira-de-agua-desperdicio-de-agua-torneira-de-grama-no-fundo-da-natu.png",626,416,false],"2048x2048":["https:\/\/portal.pi.gov.br\/agrespi\/wp-content\/uploads\/sites\/66\/2025\/06\/salve-a-agua-gota-de-agua-da-torneira-de-agua-desperdicio-de-agua-torneira-de-grama-no-fundo-da-natu.png",626,416,false],"homepage-slider":["https:\/\/portal.pi.gov.br\/agrespi\/wp-content\/uploads\/sites\/66\/2025\/06\/salve-a-agua-gota-de-agua-da-torneira-de-agua-desperdicio-de-agua-torneira-de-grama-no-fundo-da-natu.png",626,416,false],"homepage-slider-small":["https:\/\/portal.pi.gov.br\/agrespi\/wp-content\/uploads\/sites\/66\/2025\/06\/salve-a-agua-gota-de-agua-da-torneira-de-agua-desperdicio-de-agua-torneira-de-grama-no-fundo-da-natu.png",626,416,false],"page-top":["https:\/\/portal.pi.gov.br\/agrespi\/wp-content\/uploads\/sites\/66\/2025\/06\/salve-a-agua-gota-de-agua-da-torneira-de-agua-desperdicio-de-agua-torneira-de-grama-no-fundo-da-natu.png",626,416,false],"page-small":["https:\/\/portal.pi.gov.br\/agrespi\/wp-content\/uploads\/sites\/66\/2025\/06\/salve-a-agua-gota-de-agua-da-torneira-de-agua-desperdicio-de-agua-torneira-de-grama-no-fundo-da-natu-624x415.png",624,415,true],"loop-main":["https:\/\/portal.pi.gov.br\/agrespi\/wp-content\/uploads\/sites\/66\/2025\/06\/salve-a-agua-gota-de-agua-da-torneira-de-agua-desperdicio-de-agua-torneira-de-grama-no-fundo-da-natu-365x240.png",365,240,true],"thumb-gallery-widget":["https:\/\/portal.pi.gov.br\/agrespi\/wp-content\/uploads\/sites\/66\/2025\/06\/salve-a-agua-gota-de-agua-da-torneira-de-agua-desperdicio-de-agua-torneira-de-grama-no-fundo-da-natu-84x56.png",84,56,true]},"post_excerpt_stackable":"<p>Mais 64 cidades passam a integrar opera\u00e7\u00e3o da concession\u00e1ria de saneamento; popula\u00e7\u00e3o atendida chega a quase 2 milh\u00f5es de piauiensesA Ag\u00eancia de Regula\u00e7\u00e3o dos Servi\u00e7os P\u00fablicos do Estado do Piau\u00ed (AGRESPI) anuncia uma nova e importante etapa da \u201cEstrat\u00e9gia de Entrada\u201d da concession\u00e1ria de abastecimento de \u00e1gua e esgoto. Prevista para este domingo, 22 de junho, mais 64 munic\u00edpios ter\u00e3o a antecipa\u00e7\u00e3o da opera\u00e7\u00e3o do atendimento de saneamento, chegando a mais da metade do Piau\u00ed englobado no contrato de concess\u00e3o antes do fim da fase de transi\u00e7\u00e3o. Esta fase de expans\u00e3o marca a entrada em munic\u00edpios como Corrente, Cristino Castro,&hellip;<\/p>\n","category_list":"<a href=\"https:\/\/portal.pi.gov.br\/agrespi\/category\/noticias\/\" rel=\"category tag\">Not\u00edcias<\/a>","author_info":{"name":"isadorasousa","url":"https:\/\/portal.pi.gov.br\/agrespi\/author\/isadorasousa\/"},"comments_num":"0 coment\u00e1rio","featured_image_urls_v2":{"full":["https:\/\/portal.pi.gov.br\/agrespi\/wp-content\/uploads\/sites\/66\/2025\/06\/salve-a-agua-gota-de-agua-da-torneira-de-agua-desperdicio-de-agua-torneira-de-grama-no-fundo-da-natu.png",626,416,false],"thumbnail":["https:\/\/portal.pi.gov.br\/agrespi\/wp-content\/uploads\/sites\/66\/2025\/06\/salve-a-agua-gota-de-agua-da-torneira-de-agua-desperdicio-de-agua-torneira-de-grama-no-fundo-da-natu-150x150.png",150,150,true],"medium":["https:\/\/portal.pi.gov.br\/agrespi\/wp-content\/uploads\/sites\/66\/2025\/06\/salve-a-agua-gota-de-agua-da-torneira-de-agua-desperdicio-de-agua-torneira-de-grama-no-fundo-da-natu-300x199.png",300,199,true],"medium_large":["https:\/\/portal.pi.gov.br\/agrespi\/wp-content\/uploads\/sites\/66\/2025\/06\/salve-a-agua-gota-de-agua-da-torneira-de-agua-desperdicio-de-agua-torneira-de-grama-no-fundo-da-natu.png",626,416,false],"large":["https:\/\/portal.pi.gov.br\/agrespi\/wp-content\/uploads\/sites\/66\/2025\/06\/salve-a-agua-gota-de-agua-da-torneira-de-agua-desperdicio-de-agua-torneira-de-grama-no-fundo-da-natu.png",626,416,false],"sgg-420":["https:\/\/portal.pi.gov.br\/agrespi\/wp-content\/uploads\/sites\/66\/2025\/06\/salve-a-agua-gota-de-agua-da-torneira-de-agua-desperdicio-de-agua-torneira-de-grama-no-fundo-da-natu-420x279.png",420,279,true],"sgg-540":["https:\/\/portal.pi.gov.br\/agrespi\/wp-content\/uploads\/sites\/66\/2025\/06\/salve-a-agua-gota-de-agua-da-torneira-de-agua-desperdicio-de-agua-torneira-de-grama-no-fundo-da-natu-540x359.png",540,359,true],"sgg-780":["https:\/\/portal.pi.gov.br\/agrespi\/wp-content\/uploads\/sites\/66\/2025\/06\/salve-a-agua-gota-de-agua-da-torneira-de-agua-desperdicio-de-agua-torneira-de-grama-no-fundo-da-natu.png",626,416,false],"1536x1536":["https:\/\/portal.pi.gov.br\/agrespi\/wp-content\/uploads\/sites\/66\/2025\/06\/salve-a-agua-gota-de-agua-da-torneira-de-agua-desperdicio-de-agua-torneira-de-grama-no-fundo-da-natu.png",626,416,false],"2048x2048":["https:\/\/portal.pi.gov.br\/agrespi\/wp-content\/uploads\/sites\/66\/2025\/06\/salve-a-agua-gota-de-agua-da-torneira-de-agua-desperdicio-de-agua-torneira-de-grama-no-fundo-da-natu.png",626,416,false],"homepage-slider":["https:\/\/portal.pi.gov.br\/agrespi\/wp-content\/uploads\/sites\/66\/2025\/06\/salve-a-agua-gota-de-agua-da-torneira-de-agua-desperdicio-de-agua-torneira-de-grama-no-fundo-da-natu.png",626,416,false],"homepage-slider-small":["https:\/\/portal.pi.gov.br\/agrespi\/wp-content\/uploads\/sites\/66\/2025\/06\/salve-a-agua-gota-de-agua-da-torneira-de-agua-desperdicio-de-agua-torneira-de-grama-no-fundo-da-natu.png",626,416,false],"page-top":["https:\/\/portal.pi.gov.br\/agrespi\/wp-content\/uploads\/sites\/66\/2025\/06\/salve-a-agua-gota-de-agua-da-torneira-de-agua-desperdicio-de-agua-torneira-de-grama-no-fundo-da-natu.png",626,416,false],"page-small":["https:\/\/portal.pi.gov.br\/agrespi\/wp-content\/uploads\/sites\/66\/2025\/06\/salve-a-agua-gota-de-agua-da-torneira-de-agua-desperdicio-de-agua-torneira-de-grama-no-fundo-da-natu-624x415.png",624,415,true],"loop-main":["https:\/\/portal.pi.gov.br\/agrespi\/wp-content\/uploads\/sites\/66\/2025\/06\/salve-a-agua-gota-de-agua-da-torneira-de-agua-desperdicio-de-agua-torneira-de-grama-no-fundo-da-natu-365x240.png",365,240,true],"thumb-gallery-widget":["https:\/\/portal.pi.gov.br\/agrespi\/wp-content\/uploads\/sites\/66\/2025\/06\/salve-a-agua-gota-de-agua-da-torneira-de-agua-desperdicio-de-agua-torneira-de-grama-no-fundo-da-natu-84x56.png",84,56,true]},"post_excerpt_stackable_v2":"<p>Mais 64 cidades passam a integrar opera\u00e7\u00e3o da concession\u00e1ria de saneamento; popula\u00e7\u00e3o atendida chega a quase 2 milh\u00f5es de piauiensesA Ag\u00eancia de Regula\u00e7\u00e3o dos Servi\u00e7os P\u00fablicos do Estado do Piau\u00ed (AGRESPI) anuncia uma nova e importante etapa da \u201cEstrat\u00e9gia de Entrada\u201d da concession\u00e1ria de abastecimento de \u00e1gua e esgoto. Prevista para este domingo, 22 de junho, mais 64 munic\u00edpios ter\u00e3o a antecipa\u00e7\u00e3o da opera\u00e7\u00e3o do atendimento de saneamento, chegando a mais da metade do Piau\u00ed englobado no contrato de concess\u00e3o antes do fim da fase de transi\u00e7\u00e3o. Esta fase de expans\u00e3o marca a entrada em munic\u00edpios como Corrente, Cristino Castro,&hellip;<\/p>\n","category_list_v2":"<a href=\"https:\/\/portal.pi.gov.br\/agrespi\/category\/noticias\/\" rel=\"category tag\">Not\u00edcias<\/a>","author_info_v2":{"name":"isadorasousa","url":"https:\/\/portal.pi.gov.br\/agrespi\/author\/isadorasousa\/"},"comments_num_v2":"0 coment\u00e1rio","jetpack_featured_media_url":"https:\/\/portal.pi.gov.br\/agrespi\/wp-content\/uploads\/sites\/66\/2025\/06\/salve-a-agua-gota-de-agua-da-torneira-de-agua-desperdicio-de-agua-torneira-de-grama-no-fundo-da-natu.png","_links":{"self":[{"href":"https:\/\/portal.pi.gov.br\/agrespi\/wp-json\/wp\/v2\/posts\/2723"}],"collection":[{"href":"https:\/\/portal.pi.gov.br\/agrespi\/wp-json\/wp\/v2\/posts"}],"about":[{"href":"https:\/\/portal.pi.gov.br\/agrespi\/wp-json\/wp\/v2\/types\/post"}],"author":[{"embeddable":true,"href":"https:\/\/portal.pi.gov.br\/agrespi\/wp-json\/wp\/v2\/users\/1837"}],"replies":[{"embeddable":true,"href":"https:\/\/portal.pi.gov.br\/agrespi\/wp-json\/wp\/v2\/comments?post=2723"}],"version-history":[{"count":2,"href":"https:\/\/portal.pi.gov.br\/agrespi\/wp-json\/wp\/v2\/posts\/2723\/revisions"}],"predecessor-version":[{"id":2753,"href":"https:\/\/portal.pi.gov.br\/agrespi\/wp-json\/wp\/v2\/posts\/2723\/revisions\/2753"}],"wp:featuredmedia":[{"embeddable":true,"href":"https:\/\/portal.pi.gov.br\/agrespi\/wp-json\/wp\/v2\/media\/2752"}],"wp:attachment":[{"href":"https:\/\/portal.pi.gov.br\/agrespi\/wp-json\/wp\/v2\/media?parent=2723"}],"wp:term":[{"taxonomy":"category","embeddable":true,"href":"https:\/\/portal.pi.gov.br\/agrespi\/wp-json\/wp\/v2\/categories?post=2723"},{"taxonomy":"post_tag","embeddable":true,"href":"https:\/\/portal.pi.gov.br\/agrespi\/wp-json\/wp\/v2\/tags?post=2723"}],"curies":[{"name":"wp","href":"https:\/\/api.w.org\/{rel}","templated":true}]}}