{"id":3191,"date":"2025-09-17T10:15:08","date_gmt":"2025-09-17T13:15:08","guid":{"rendered":"https:\/\/portal.pi.gov.br\/agrespi\/?p=3191"},"modified":"2025-09-17T10:15:09","modified_gmt":"2025-09-17T13:15:09","slug":"agrespi-participa-de-lancamento-da-onee-no-piaui-e-celebra-acordo-de-delegacao-com-a-aneel","status":"publish","type":"post","link":"https:\/\/portal.pi.gov.br\/agrespi\/2025\/09\/17\/agrespi-participa-de-lancamento-da-onee-no-piaui-e-celebra-acordo-de-delegacao-com-a-aneel\/","title":{"rendered":"Agrespi participa de lan\u00e7amento da ONEE no Piau\u00ed e celebra acordo de delega\u00e7\u00e3o com a ANEEL"},"content":{"rendered":"\n<p>A Ag\u00eancia de Regula\u00e7\u00e3o dos Servi\u00e7os P\u00fablicos do Piau\u00ed (Agrespi) intensificou sua presen\u00e7a nas a\u00e7\u00f5es de efici\u00eancia energ\u00e9tica promovidas esta semana no estado, participando do lan\u00e7amento da <strong>Olimp\u00edada Nacional de Efici\u00eancia Energ\u00e9tica (ONEE) <\/strong>na sexta-feira, 12, cuja programa\u00e7\u00e3o incluiu a escolha do Piau\u00ed para sediar a Blitz Edi\u00e7\u00e3o Nordeste. As atividades come\u00e7aram pela manh\u00e3 com uma mobiliza\u00e7\u00e3o no CETI Cristino Castelo Branco, que envolveu estudantes na prepara\u00e7\u00e3o para a Olimp\u00edada e em palestras sobre consumo consciente e sustentabilidade. No per\u00edodo da tarde, a mobiliza\u00e7\u00e3o seguiu para a Escola Municipal Professora Ana Vit\u00f3ria de Carvalho Santos, onde alunos, professores e comunidade receberam orienta\u00e7\u00f5es pr\u00e1ticas sobre uso seguro da energia, economia no consumo e direitos dos consumidores.<\/p>\n\n\n\n<p>Para a diretora-geral da Agrespi, Tha\u00eds Araripe, as a\u00e7\u00f5es refor\u00e7am a import\u00e2ncia de aproximar regula\u00e7\u00e3o, popula\u00e7\u00e3o e operadores: \u201c\u00c9 uma honra para o estado ser palco da Blitz Nordeste e do lan\u00e7amento da ONEE. Com o acordo de delega\u00e7\u00e3o e o futuro contrato de metas, fortaleceremos nossa capacidade de interven\u00e7\u00e3o, melhorando a qualidade dos servi\u00e7os e garantindo que os consumidores sejam ouvidos e protegidos.\u201d<\/p>\n\n\n<div class=\"wp-block-image\">\n<figure class=\"aligncenter size-large is-resized\"><img decoding=\"async\" loading=\"lazy\" src=\"https:\/\/portal.pi.gov.br\/agrespi\/wp-content\/uploads\/sites\/66\/2025\/09\/EQUATORIAL-67-1024x683.jpg\" alt=\"\" class=\"wp-image-3193\" width=\"548\" height=\"365\" srcset=\"https:\/\/portal.pi.gov.br\/agrespi\/wp-content\/uploads\/sites\/66\/2025\/09\/EQUATORIAL-67-1024x683.jpg 1024w, https:\/\/portal.pi.gov.br\/agrespi\/wp-content\/uploads\/sites\/66\/2025\/09\/EQUATORIAL-67-300x200.jpg 300w, https:\/\/portal.pi.gov.br\/agrespi\/wp-content\/uploads\/sites\/66\/2025\/09\/EQUATORIAL-67-768x512.jpg 768w, https:\/\/portal.pi.gov.br\/agrespi\/wp-content\/uploads\/sites\/66\/2025\/09\/EQUATORIAL-67-420x280.jpg 420w, https:\/\/portal.pi.gov.br\/agrespi\/wp-content\/uploads\/sites\/66\/2025\/09\/EQUATORIAL-67-540x360.jpg 540w, https:\/\/portal.pi.gov.br\/agrespi\/wp-content\/uploads\/sites\/66\/2025\/09\/EQUATORIAL-67-780x520.jpg 780w, https:\/\/portal.pi.gov.br\/agrespi\/wp-content\/uploads\/sites\/66\/2025\/09\/EQUATORIAL-67-1536x1024.jpg 1536w, https:\/\/portal.pi.gov.br\/agrespi\/wp-content\/uploads\/sites\/66\/2025\/09\/EQUATORIAL-67-2048x1365.jpg 2048w, https:\/\/portal.pi.gov.br\/agrespi\/wp-content\/uploads\/sites\/66\/2025\/09\/EQUATORIAL-67-947x631.jpg 947w, https:\/\/portal.pi.gov.br\/agrespi\/wp-content\/uploads\/sites\/66\/2025\/09\/EQUATORIAL-67-624x416.jpg 624w, https:\/\/portal.pi.gov.br\/agrespi\/wp-content\/uploads\/sites\/66\/2025\/09\/EQUATORIAL-67-84x56.jpg 84w\" sizes=\"(max-width: 548px) 100vw, 548px\" \/><figcaption class=\"wp-element-caption\">Tha\u00eds Araripe (Diretora-Geral Agrespi) Foto: Equatorial<\/figcaption><\/figure><\/div>\n\n\n<p>Ap\u00f3s a agenda educativa, a delega\u00e7\u00e3o seguiu para uma visita institucional \u00e0 concession\u00e1ria Equatorial Piau\u00ed, acompanhando o diretor da Ag\u00eancia Nacional de Energia El\u00e9trica (ANEEL), Sandoval Feitosa, em uma avalia\u00e7\u00e3o das opera\u00e7\u00f5es e na troca de pontos sobre melhoria da qualidade do servi\u00e7o e do atendimento ao consumidor. A programa\u00e7\u00e3o foi conclu\u00edda com a recep\u00e7\u00e3o do diretor na sede da Agrespi, em encontro com a equipe t\u00e9cnica para celebrar o acordo de delega\u00e7\u00e3o que amplia as atribui\u00e7\u00f5es e a autonomia da ag\u00eancia estadual no acompanhamento, fiscaliza\u00e7\u00e3o e media\u00e7\u00e3o de demandas relativas ao servi\u00e7o de energia el\u00e9trica. O acordo representa um avan\u00e7o importante para o fortalecimento da regula\u00e7\u00e3o local e para a atua\u00e7\u00e3o mais pr\u00f3xima em defesa dos consumidores piauienses.<\/p>\n\n\n<div class=\"wp-block-image\">\n<figure class=\"aligncenter size-large is-resized\"><img decoding=\"async\" loading=\"lazy\" src=\"https:\/\/portal.pi.gov.br\/agrespi\/wp-content\/uploads\/sites\/66\/2025\/09\/208239D1-72AE-4616-A2D8-CF79C420CE0C-1024x768.jpg\" alt=\"\" class=\"wp-image-3194\" width=\"577\" height=\"432\" srcset=\"https:\/\/portal.pi.gov.br\/agrespi\/wp-content\/uploads\/sites\/66\/2025\/09\/208239D1-72AE-4616-A2D8-CF79C420CE0C-1024x768.jpg 1024w, https:\/\/portal.pi.gov.br\/agrespi\/wp-content\/uploads\/sites\/66\/2025\/09\/208239D1-72AE-4616-A2D8-CF79C420CE0C-300x225.jpg 300w, https:\/\/portal.pi.gov.br\/agrespi\/wp-content\/uploads\/sites\/66\/2025\/09\/208239D1-72AE-4616-A2D8-CF79C420CE0C-768x576.jpg 768w, https:\/\/portal.pi.gov.br\/agrespi\/wp-content\/uploads\/sites\/66\/2025\/09\/208239D1-72AE-4616-A2D8-CF79C420CE0C-420x315.jpg 420w, https:\/\/portal.pi.gov.br\/agrespi\/wp-content\/uploads\/sites\/66\/2025\/09\/208239D1-72AE-4616-A2D8-CF79C420CE0C-540x405.jpg 540w, https:\/\/portal.pi.gov.br\/agrespi\/wp-content\/uploads\/sites\/66\/2025\/09\/208239D1-72AE-4616-A2D8-CF79C420CE0C-780x585.jpg 780w, https:\/\/portal.pi.gov.br\/agrespi\/wp-content\/uploads\/sites\/66\/2025\/09\/208239D1-72AE-4616-A2D8-CF79C420CE0C-1536x1152.jpg 1536w, https:\/\/portal.pi.gov.br\/agrespi\/wp-content\/uploads\/sites\/66\/2025\/09\/208239D1-72AE-4616-A2D8-CF79C420CE0C-2048x1536.jpg 2048w, https:\/\/portal.pi.gov.br\/agrespi\/wp-content\/uploads\/sites\/66\/2025\/09\/208239D1-72AE-4616-A2D8-CF79C420CE0C-947x710.jpg 947w, https:\/\/portal.pi.gov.br\/agrespi\/wp-content\/uploads\/sites\/66\/2025\/09\/208239D1-72AE-4616-A2D8-CF79C420CE0C-624x468.jpg 624w\" sizes=\"(max-width: 577px) 100vw, 577px\" \/><figcaption class=\"wp-element-caption\">Visita a Agrespi<\/figcaption><\/figure><\/div>\n\n\n<p>O diretor da ANEEL, Sandoval Feitosa, destacou a relev\u00e2ncia da parceria com a ag\u00eancia estadual: \u201cEstar no Piau\u00ed e acompanhar de perto essas a\u00e7\u00f5es \u00e9 fundamental para apoiar a descentraliza\u00e7\u00e3o da regula\u00e7\u00e3o. O acordo de delega\u00e7\u00e3o d\u00e1 mais agilidade \u00e0s respostas regulat\u00f3rias e beneficia diretamente o consumidor.\u201d<\/p>\n\n\n\n<p>Com essa s\u00e9rie de iniciativas, a Agrespi reafirma seu compromisso com a transpar\u00eancia, a participa\u00e7\u00e3o cidad\u00e3 e a melhoria cont\u00ednua dos servi\u00e7os p\u00fablicos, atuando em articula\u00e7\u00e3o com institui\u00e7\u00f5es nacionais e locais para garantir mais seguran\u00e7a, efici\u00eancia e qualidade no fornecimento de energia el\u00e9trica no Piau\u00ed.<\/p>\n\n\n\n<p>O diretor de Energia da Agrespi, Di\u00f4natas Alves, ressaltou a dimens\u00e3o pr\u00e1tica das atividades: \u201cA regula\u00e7\u00e3o n\u00e3o pode estar distante das pessoas. As a\u00e7\u00f5es educativas, a mobiliza\u00e7\u00e3o com os estudantes e o acompanhamento institucional com a ANEEL e a Equatorial s\u00e3o passos concretos para um servi\u00e7o de energia mais justo, seguro e eficiente.\u201d<\/p>\n","protected":false},"excerpt":{"rendered":"<p>A Ag\u00eancia de Regula\u00e7\u00e3o dos Servi\u00e7os P\u00fablicos do Piau\u00ed (Agrespi) intensificou sua presen\u00e7a nas a\u00e7\u00f5es de efici\u00eancia energ\u00e9tica promovidas esta semana no estado, participando do lan\u00e7amento da Olimp\u00edada Nacional de [&hellip;]<\/p>\n","protected":false},"author":1837,"featured_media":3192,"comment_status":"closed","ping_status":"closed","sticky":false,"template":"","format":"standard","meta":[],"categories":[1],"tags":[],"featured_image_urls":{"full":["https:\/\/portal.pi.gov.br\/agrespi\/wp-content\/uploads\/sites\/66\/2025\/09\/EQUATORIAL-33.jpg",2250,1500,false],"thumbnail":["https:\/\/portal.pi.gov.br\/agrespi\/wp-content\/uploads\/sites\/66\/2025\/09\/EQUATORIAL-33-150x150.jpg",150,150,true],"medium":["https:\/\/portal.pi.gov.br\/agrespi\/wp-content\/uploads\/sites\/66\/2025\/09\/EQUATORIAL-33-300x200.jpg",300,200,true],"medium_large":["https:\/\/portal.pi.gov.br\/agrespi\/wp-content\/uploads\/sites\/66\/2025\/09\/EQUATORIAL-33-768x512.jpg",768,512,true],"large":["https:\/\/portal.pi.gov.br\/agrespi\/wp-content\/uploads\/sites\/66\/2025\/09\/EQUATORIAL-33-1024x683.jpg",887,592,true],"sgg-420":["https:\/\/portal.pi.gov.br\/agrespi\/wp-content\/uploads\/sites\/66\/2025\/09\/EQUATORIAL-33-420x280.jpg",420,280,true],"sgg-540":["https:\/\/portal.pi.gov.br\/agrespi\/wp-content\/uploads\/sites\/66\/2025\/09\/EQUATORIAL-33-540x360.jpg",540,360,true],"sgg-780":["https:\/\/portal.pi.gov.br\/agrespi\/wp-content\/uploads\/sites\/66\/2025\/09\/EQUATORIAL-33-780x520.jpg",780,520,true],"1536x1536":["https:\/\/portal.pi.gov.br\/agrespi\/wp-content\/uploads\/sites\/66\/2025\/09\/EQUATORIAL-33-1536x1024.jpg",1536,1024,true],"2048x2048":["https:\/\/portal.pi.gov.br\/agrespi\/wp-content\/uploads\/sites\/66\/2025\/09\/EQUATORIAL-33-2048x1365.jpg",2048,1365,true],"homepage-slider":["https:\/\/portal.pi.gov.br\/agrespi\/wp-content\/uploads\/sites\/66\/2025\/09\/EQUATORIAL-33-1270x500.jpg",1270,500,true],"homepage-slider-small":["https:\/\/portal.pi.gov.br\/agrespi\/wp-content\/uploads\/sites\/66\/2025\/09\/EQUATORIAL-33-947x500.jpg",947,500,true],"page-top":["https:\/\/portal.pi.gov.br\/agrespi\/wp-content\/uploads\/sites\/66\/2025\/09\/EQUATORIAL-33-947x631.jpg",947,631,true],"page-small":["https:\/\/portal.pi.gov.br\/agrespi\/wp-content\/uploads\/sites\/66\/2025\/09\/EQUATORIAL-33-624x416.jpg",624,416,true],"loop-main":["https:\/\/portal.pi.gov.br\/agrespi\/wp-content\/uploads\/sites\/66\/2025\/09\/EQUATORIAL-33-365x240.jpg",365,240,true],"thumb-gallery-widget":["https:\/\/portal.pi.gov.br\/agrespi\/wp-content\/uploads\/sites\/66\/2025\/09\/EQUATORIAL-33-84x56.jpg",84,56,true]},"post_excerpt_stackable":"<p>A Ag\u00eancia de Regula\u00e7\u00e3o dos Servi\u00e7os P\u00fablicos do Piau\u00ed (Agrespi) intensificou sua presen\u00e7a nas a\u00e7\u00f5es de efici\u00eancia energ\u00e9tica promovidas esta semana no estado, participando do lan\u00e7amento da Olimp\u00edada Nacional de Efici\u00eancia Energ\u00e9tica (ONEE) na sexta-feira, 12, cuja programa\u00e7\u00e3o incluiu a escolha do Piau\u00ed para sediar a Blitz Edi\u00e7\u00e3o Nordeste. As atividades come\u00e7aram pela manh\u00e3 com uma mobiliza\u00e7\u00e3o no CETI Cristino Castelo Branco, que envolveu estudantes na prepara\u00e7\u00e3o para a Olimp\u00edada e em palestras sobre consumo consciente e sustentabilidade. No per\u00edodo da tarde, a mobiliza\u00e7\u00e3o seguiu para a Escola Municipal Professora Ana Vit\u00f3ria de Carvalho Santos, onde alunos, professores e comunidade&hellip;<\/p>\n","category_list":"<a href=\"https:\/\/portal.pi.gov.br\/agrespi\/category\/noticias\/\" rel=\"category tag\">Not\u00edcias<\/a>","author_info":{"name":"isadorasousa","url":"https:\/\/portal.pi.gov.br\/agrespi\/author\/isadorasousa\/"},"comments_num":"0 coment\u00e1rio","featured_image_urls_v2":{"full":["https:\/\/portal.pi.gov.br\/agrespi\/wp-content\/uploads\/sites\/66\/2025\/09\/EQUATORIAL-33.jpg",2250,1500,false],"thumbnail":["https:\/\/portal.pi.gov.br\/agrespi\/wp-content\/uploads\/sites\/66\/2025\/09\/EQUATORIAL-33-150x150.jpg",150,150,true],"medium":["https:\/\/portal.pi.gov.br\/agrespi\/wp-content\/uploads\/sites\/66\/2025\/09\/EQUATORIAL-33-300x200.jpg",300,200,true],"medium_large":["https:\/\/portal.pi.gov.br\/agrespi\/wp-content\/uploads\/sites\/66\/2025\/09\/EQUATORIAL-33-768x512.jpg",768,512,true],"large":["https:\/\/portal.pi.gov.br\/agrespi\/wp-content\/uploads\/sites\/66\/2025\/09\/EQUATORIAL-33-1024x683.jpg",887,592,true],"sgg-420":["https:\/\/portal.pi.gov.br\/agrespi\/wp-content\/uploads\/sites\/66\/2025\/09\/EQUATORIAL-33-420x280.jpg",420,280,true],"sgg-540":["https:\/\/portal.pi.gov.br\/agrespi\/wp-content\/uploads\/sites\/66\/2025\/09\/EQUATORIAL-33-540x360.jpg",540,360,true],"sgg-780":["https:\/\/portal.pi.gov.br\/agrespi\/wp-content\/uploads\/sites\/66\/2025\/09\/EQUATORIAL-33-780x520.jpg",780,520,true],"1536x1536":["https:\/\/portal.pi.gov.br\/agrespi\/wp-content\/uploads\/sites\/66\/2025\/09\/EQUATORIAL-33-1536x1024.jpg",1536,1024,true],"2048x2048":["https:\/\/portal.pi.gov.br\/agrespi\/wp-content\/uploads\/sites\/66\/2025\/09\/EQUATORIAL-33-2048x1365.jpg",2048,1365,true],"homepage-slider":["https:\/\/portal.pi.gov.br\/agrespi\/wp-content\/uploads\/sites\/66\/2025\/09\/EQUATORIAL-33-1270x500.jpg",1270,500,true],"homepage-slider-small":["https:\/\/portal.pi.gov.br\/agrespi\/wp-content\/uploads\/sites\/66\/2025\/09\/EQUATORIAL-33-947x500.jpg",947,500,true],"page-top":["https:\/\/portal.pi.gov.br\/agrespi\/wp-content\/uploads\/sites\/66\/2025\/09\/EQUATORIAL-33-947x631.jpg",947,631,true],"page-small":["https:\/\/portal.pi.gov.br\/agrespi\/wp-content\/uploads\/sites\/66\/2025\/09\/EQUATORIAL-33-624x416.jpg",624,416,true],"loop-main":["https:\/\/portal.pi.gov.br\/agrespi\/wp-content\/uploads\/sites\/66\/2025\/09\/EQUATORIAL-33-365x240.jpg",365,240,true],"thumb-gallery-widget":["https:\/\/portal.pi.gov.br\/agrespi\/wp-content\/uploads\/sites\/66\/2025\/09\/EQUATORIAL-33-84x56.jpg",84,56,true]},"post_excerpt_stackable_v2":"<p>A Ag\u00eancia de Regula\u00e7\u00e3o dos Servi\u00e7os P\u00fablicos do Piau\u00ed (Agrespi) intensificou sua presen\u00e7a nas a\u00e7\u00f5es de efici\u00eancia energ\u00e9tica promovidas esta semana no estado, participando do lan\u00e7amento da Olimp\u00edada Nacional de Efici\u00eancia Energ\u00e9tica (ONEE) na sexta-feira, 12, cuja programa\u00e7\u00e3o incluiu a escolha do Piau\u00ed para sediar a Blitz Edi\u00e7\u00e3o Nordeste. As atividades come\u00e7aram pela manh\u00e3 com uma mobiliza\u00e7\u00e3o no CETI Cristino Castelo Branco, que envolveu estudantes na prepara\u00e7\u00e3o para a Olimp\u00edada e em palestras sobre consumo consciente e sustentabilidade. No per\u00edodo da tarde, a mobiliza\u00e7\u00e3o seguiu para a Escola Municipal Professora Ana Vit\u00f3ria de Carvalho Santos, onde alunos, professores e comunidade&hellip;<\/p>\n","category_list_v2":"<a href=\"https:\/\/portal.pi.gov.br\/agrespi\/category\/noticias\/\" rel=\"category tag\">Not\u00edcias<\/a>","author_info_v2":{"name":"isadorasousa","url":"https:\/\/portal.pi.gov.br\/agrespi\/author\/isadorasousa\/"},"comments_num_v2":"0 coment\u00e1rio","jetpack_featured_media_url":"https:\/\/portal.pi.gov.br\/agrespi\/wp-content\/uploads\/sites\/66\/2025\/09\/EQUATORIAL-33.jpg","_links":{"self":[{"href":"https:\/\/portal.pi.gov.br\/agrespi\/wp-json\/wp\/v2\/posts\/3191"}],"collection":[{"href":"https:\/\/portal.pi.gov.br\/agrespi\/wp-json\/wp\/v2\/posts"}],"about":[{"href":"https:\/\/portal.pi.gov.br\/agrespi\/wp-json\/wp\/v2\/types\/post"}],"author":[{"embeddable":true,"href":"https:\/\/portal.pi.gov.br\/agrespi\/wp-json\/wp\/v2\/users\/1837"}],"replies":[{"embeddable":true,"href":"https:\/\/portal.pi.gov.br\/agrespi\/wp-json\/wp\/v2\/comments?post=3191"}],"version-history":[{"count":1,"href":"https:\/\/portal.pi.gov.br\/agrespi\/wp-json\/wp\/v2\/posts\/3191\/revisions"}],"predecessor-version":[{"id":3195,"href":"https:\/\/portal.pi.gov.br\/agrespi\/wp-json\/wp\/v2\/posts\/3191\/revisions\/3195"}],"wp:featuredmedia":[{"embeddable":true,"href":"https:\/\/portal.pi.gov.br\/agrespi\/wp-json\/wp\/v2\/media\/3192"}],"wp:attachment":[{"href":"https:\/\/portal.pi.gov.br\/agrespi\/wp-json\/wp\/v2\/media?parent=3191"}],"wp:term":[{"taxonomy":"category","embeddable":true,"href":"https:\/\/portal.pi.gov.br\/agrespi\/wp-json\/wp\/v2\/categories?post=3191"},{"taxonomy":"post_tag","embeddable":true,"href":"https:\/\/portal.pi.gov.br\/agrespi\/wp-json\/wp\/v2\/tags?post=3191"}],"curies":[{"name":"wp","href":"https:\/\/api.w.org\/{rel}","templated":true}]}}