{"id":3232,"date":"2025-10-01T10:04:39","date_gmt":"2025-10-01T13:04:39","guid":{"rendered":"https:\/\/portal.pi.gov.br\/agrespi\/?p=3232"},"modified":"2025-10-01T10:04:41","modified_gmt":"2025-10-01T13:04:41","slug":"artigos-tecnicos-da-agrespi-sao-selecionados-para-o-xiv-congresso-da-abar-2025","status":"publish","type":"post","link":"https:\/\/portal.pi.gov.br\/agrespi\/2025\/10\/01\/artigos-tecnicos-da-agrespi-sao-selecionados-para-o-xiv-congresso-da-abar-2025\/","title":{"rendered":"Artigos t\u00e9cnicos da Agrespi s\u00e3o selecionados para o XIV Congresso da ABAR 2025"},"content":{"rendered":"\n<p>A Ag\u00eancia de Regula\u00e7\u00e3o dos Servi\u00e7os P\u00fablicos do Piau\u00ed (Agrespi) ter\u00e1 participa\u00e7\u00e3o de destaque no XIV Congresso Brasileiro de Regula\u00e7\u00e3o e 8\u00aa ExpoABAR, promovido pela Associa\u00e7\u00e3o Brasileira de Ag\u00eancias de Regula\u00e7\u00e3o (ABAR), que ser\u00e1 realizado de 26 a 28 de novembro de 2025, na cidade do Rio de Janeiro (RJ).<\/p>\n\n\n\n<p>Dois artigos t\u00e9cnicos produzidos pelas equipes das Diretorias de Saneamento, Infraestrutura e Transporte e de Energia, Comunica\u00e7\u00e3o e G\u00e1s Canalizado da Agrespi foram selecionados para apresenta\u00e7\u00e3o no evento. O primeiro trabalho, intitulado <strong>\u201cRegula\u00e7\u00e3o e universaliza\u00e7\u00e3o do abastecimento em \u00e1reas de rural disperso\u201d<\/strong>, foi elaborado por Keicyane Alves de Sousa, Estela Miridan Rosas, Th\u00e1lia Gaspar de Ara\u00fajo e Dayanne Gomes Albuquerque. O artigo aborda os desafios regulat\u00f3rios e institucionais para garantir acesso \u00e0 \u00e1gua em regi\u00f5es rurais dispersas, tocando temas como transpar\u00eancia, controle social, melhoria da qualidade regulat\u00f3ria e parcerias p\u00fablico-privadas.<\/p>\n\n\n\n<p>J\u00e1 o segundo artigo, desenvolvido em parceria com a UFPI pela Diretoria de Energia, Comunica\u00e7\u00e3o e G\u00e1s Canalizado, tem como t\u00edtulo <strong>\u201c<\/strong>Uso de intelig\u00eancia artificial para predi\u00e7\u00e3o de indicadores de continuidade na distribui\u00e7\u00e3o de energia\u201d. Assinado por Dionatas Rayron da Silva Alves, Lucas Moura Rufini, Tha\u00eds de Arag\u00e3o Oliveira Araripe Palmeira Dias, Jos\u00e9 Ant\u00f4nio dos Santos Neto e Artur Felipe da Silva Veloso, o estudo prop\u00f5e solu\u00e7\u00f5es inovadoras utilizando IA para melhorar a an\u00e1lise da continuidade no fornecimento de energia el\u00e9trica.<\/p>\n\n\n\n<p>A sele\u00e7\u00e3o desses trabalhos t\u00e9cnicos refor\u00e7a o compromisso da Agrespi com a produ\u00e7\u00e3o de conhecimento aplicado \u00e0 regula\u00e7\u00e3o, elevando a visibilidade do Piau\u00ed no cen\u00e1rio nacional. Para a diretora-geral da Agrespi, Tha\u00eds Araripe, o reconhecimento \u00e9 motivo de orgulho para toda a ag\u00eancia:<\/p>\n\n\n\n<blockquote class=\"wp-block-quote\">\n<p>\u201cTer nossos artigos aprovados num congresso do porte da ABAR \u00e9 um marco para a Agrespi. Mostra a dedica\u00e7\u00e3o e a qualidade t\u00e9cnica dos nossos quadros, que est\u00e3o contribuindo para o avan\u00e7o da regula\u00e7\u00e3o no Brasil com estudos que mesclam inova\u00e7\u00e3o, responsabilidade social e compromisso com a melhoria dos servi\u00e7os p\u00fablicos.\u201d<\/p>\n<\/blockquote>\n\n\n\n<p>O XIV Congresso da ABAR reunir\u00e1 representantes de ag\u00eancias reguladoras, especialistas, gestores p\u00fablicos e pesquisadores de todo o pa\u00eds para debater os principais desafios e avan\u00e7os do setor. Interessados em participar do congresso podem acessar o site oficial <a href=\"https:\/\/congressoabar.com.br\/\">congressoabar.com.br<\/a> para se inscrever. As modalidades incluem apresenta\u00e7\u00e3o de trabalhos, participa\u00e7\u00e3o como ouvinte e visita \u00e0 ExpoABAR. Fique atento ao prazo de inscri\u00e7\u00e3o e \u00e0s normas de submiss\u00e3o de trabalhos.<\/p>\n","protected":false},"excerpt":{"rendered":"<p>A Ag\u00eancia de Regula\u00e7\u00e3o dos Servi\u00e7os P\u00fablicos do Piau\u00ed (Agrespi) ter\u00e1 participa\u00e7\u00e3o de destaque no XIV Congresso Brasileiro de Regula\u00e7\u00e3o e 8\u00aa ExpoABAR, promovido pela Associa\u00e7\u00e3o Brasileira de Ag\u00eancias de [&hellip;]<\/p>\n","protected":false},"author":1837,"featured_media":3233,"comment_status":"closed","ping_status":"closed","sticky":false,"template":"","format":"standard","meta":[],"categories":[1],"tags":[],"featured_image_urls":{"full":["https:\/\/portal.pi.gov.br\/agrespi\/wp-content\/uploads\/sites\/66\/2025\/10\/Design-sem-nome.png",1366,768,false],"thumbnail":["https:\/\/portal.pi.gov.br\/agrespi\/wp-content\/uploads\/sites\/66\/2025\/10\/Design-sem-nome-150x150.png",150,150,true],"medium":["https:\/\/portal.pi.gov.br\/agrespi\/wp-content\/uploads\/sites\/66\/2025\/10\/Design-sem-nome-300x169.png",300,169,true],"medium_large":["https:\/\/portal.pi.gov.br\/agrespi\/wp-content\/uploads\/sites\/66\/2025\/10\/Design-sem-nome-768x432.png",768,432,true],"large":["https:\/\/portal.pi.gov.br\/agrespi\/wp-content\/uploads\/sites\/66\/2025\/10\/Design-sem-nome-1024x576.png",887,499,true],"sgg-420":["https:\/\/portal.pi.gov.br\/agrespi\/wp-content\/uploads\/sites\/66\/2025\/10\/Design-sem-nome-420x236.png",420,236,true],"sgg-540":["https:\/\/portal.pi.gov.br\/agrespi\/wp-content\/uploads\/sites\/66\/2025\/10\/Design-sem-nome-540x304.png",540,304,true],"sgg-780":["https:\/\/portal.pi.gov.br\/agrespi\/wp-content\/uploads\/sites\/66\/2025\/10\/Design-sem-nome-780x439.png",780,439,true],"1536x1536":["https:\/\/portal.pi.gov.br\/agrespi\/wp-content\/uploads\/sites\/66\/2025\/10\/Design-sem-nome.png",1366,768,false],"2048x2048":["https:\/\/portal.pi.gov.br\/agrespi\/wp-content\/uploads\/sites\/66\/2025\/10\/Design-sem-nome.png",1366,768,false],"homepage-slider":["https:\/\/portal.pi.gov.br\/agrespi\/wp-content\/uploads\/sites\/66\/2025\/10\/Design-sem-nome-1270x500.png",1270,500,true],"homepage-slider-small":["https:\/\/portal.pi.gov.br\/agrespi\/wp-content\/uploads\/sites\/66\/2025\/10\/Design-sem-nome-947x500.png",947,500,true],"page-top":["https:\/\/portal.pi.gov.br\/agrespi\/wp-content\/uploads\/sites\/66\/2025\/10\/Design-sem-nome-947x532.png",947,532,true],"page-small":["https:\/\/portal.pi.gov.br\/agrespi\/wp-content\/uploads\/sites\/66\/2025\/10\/Design-sem-nome-624x351.png",624,351,true],"loop-main":["https:\/\/portal.pi.gov.br\/agrespi\/wp-content\/uploads\/sites\/66\/2025\/10\/Design-sem-nome-365x240.png",365,240,true],"thumb-gallery-widget":["https:\/\/portal.pi.gov.br\/agrespi\/wp-content\/uploads\/sites\/66\/2025\/10\/Design-sem-nome-84x56.png",84,56,true]},"post_excerpt_stackable":"<p>A Ag\u00eancia de Regula\u00e7\u00e3o dos Servi\u00e7os P\u00fablicos do Piau\u00ed (Agrespi) ter\u00e1 participa\u00e7\u00e3o de destaque no XIV Congresso Brasileiro de Regula\u00e7\u00e3o e 8\u00aa ExpoABAR, promovido pela Associa\u00e7\u00e3o Brasileira de Ag\u00eancias de Regula\u00e7\u00e3o (ABAR), que ser\u00e1 realizado de 26 a 28 de novembro de 2025, na cidade do Rio de Janeiro (RJ). Dois artigos t\u00e9cnicos produzidos pelas equipes das Diretorias de Saneamento, Infraestrutura e Transporte e de Energia, Comunica\u00e7\u00e3o e G\u00e1s Canalizado da Agrespi foram selecionados para apresenta\u00e7\u00e3o no evento. O primeiro trabalho, intitulado \u201cRegula\u00e7\u00e3o e universaliza\u00e7\u00e3o do abastecimento em \u00e1reas de rural disperso\u201d, foi elaborado por Keicyane Alves de Sousa, Estela&hellip;<\/p>\n","category_list":"<a href=\"https:\/\/portal.pi.gov.br\/agrespi\/category\/noticias\/\" rel=\"category tag\">Not\u00edcias<\/a>","author_info":{"name":"isadorasousa","url":"https:\/\/portal.pi.gov.br\/agrespi\/author\/isadorasousa\/"},"comments_num":"0 coment\u00e1rio","featured_image_urls_v2":{"full":["https:\/\/portal.pi.gov.br\/agrespi\/wp-content\/uploads\/sites\/66\/2025\/10\/Design-sem-nome.png",1366,768,false],"thumbnail":["https:\/\/portal.pi.gov.br\/agrespi\/wp-content\/uploads\/sites\/66\/2025\/10\/Design-sem-nome-150x150.png",150,150,true],"medium":["https:\/\/portal.pi.gov.br\/agrespi\/wp-content\/uploads\/sites\/66\/2025\/10\/Design-sem-nome-300x169.png",300,169,true],"medium_large":["https:\/\/portal.pi.gov.br\/agrespi\/wp-content\/uploads\/sites\/66\/2025\/10\/Design-sem-nome-768x432.png",768,432,true],"large":["https:\/\/portal.pi.gov.br\/agrespi\/wp-content\/uploads\/sites\/66\/2025\/10\/Design-sem-nome-1024x576.png",887,499,true],"sgg-420":["https:\/\/portal.pi.gov.br\/agrespi\/wp-content\/uploads\/sites\/66\/2025\/10\/Design-sem-nome-420x236.png",420,236,true],"sgg-540":["https:\/\/portal.pi.gov.br\/agrespi\/wp-content\/uploads\/sites\/66\/2025\/10\/Design-sem-nome-540x304.png",540,304,true],"sgg-780":["https:\/\/portal.pi.gov.br\/agrespi\/wp-content\/uploads\/sites\/66\/2025\/10\/Design-sem-nome-780x439.png",780,439,true],"1536x1536":["https:\/\/portal.pi.gov.br\/agrespi\/wp-content\/uploads\/sites\/66\/2025\/10\/Design-sem-nome.png",1366,768,false],"2048x2048":["https:\/\/portal.pi.gov.br\/agrespi\/wp-content\/uploads\/sites\/66\/2025\/10\/Design-sem-nome.png",1366,768,false],"homepage-slider":["https:\/\/portal.pi.gov.br\/agrespi\/wp-content\/uploads\/sites\/66\/2025\/10\/Design-sem-nome-1270x500.png",1270,500,true],"homepage-slider-small":["https:\/\/portal.pi.gov.br\/agrespi\/wp-content\/uploads\/sites\/66\/2025\/10\/Design-sem-nome-947x500.png",947,500,true],"page-top":["https:\/\/portal.pi.gov.br\/agrespi\/wp-content\/uploads\/sites\/66\/2025\/10\/Design-sem-nome-947x532.png",947,532,true],"page-small":["https:\/\/portal.pi.gov.br\/agrespi\/wp-content\/uploads\/sites\/66\/2025\/10\/Design-sem-nome-624x351.png",624,351,true],"loop-main":["https:\/\/portal.pi.gov.br\/agrespi\/wp-content\/uploads\/sites\/66\/2025\/10\/Design-sem-nome-365x240.png",365,240,true],"thumb-gallery-widget":["https:\/\/portal.pi.gov.br\/agrespi\/wp-content\/uploads\/sites\/66\/2025\/10\/Design-sem-nome-84x56.png",84,56,true]},"post_excerpt_stackable_v2":"<p>A Ag\u00eancia de Regula\u00e7\u00e3o dos Servi\u00e7os P\u00fablicos do Piau\u00ed (Agrespi) ter\u00e1 participa\u00e7\u00e3o de destaque no XIV Congresso Brasileiro de Regula\u00e7\u00e3o e 8\u00aa ExpoABAR, promovido pela Associa\u00e7\u00e3o Brasileira de Ag\u00eancias de Regula\u00e7\u00e3o (ABAR), que ser\u00e1 realizado de 26 a 28 de novembro de 2025, na cidade do Rio de Janeiro (RJ). Dois artigos t\u00e9cnicos produzidos pelas equipes das Diretorias de Saneamento, Infraestrutura e Transporte e de Energia, Comunica\u00e7\u00e3o e G\u00e1s Canalizado da Agrespi foram selecionados para apresenta\u00e7\u00e3o no evento. O primeiro trabalho, intitulado \u201cRegula\u00e7\u00e3o e universaliza\u00e7\u00e3o do abastecimento em \u00e1reas de rural disperso\u201d, foi elaborado por Keicyane Alves de Sousa, Estela&hellip;<\/p>\n","category_list_v2":"<a href=\"https:\/\/portal.pi.gov.br\/agrespi\/category\/noticias\/\" rel=\"category tag\">Not\u00edcias<\/a>","author_info_v2":{"name":"isadorasousa","url":"https:\/\/portal.pi.gov.br\/agrespi\/author\/isadorasousa\/"},"comments_num_v2":"0 coment\u00e1rio","jetpack_featured_media_url":"https:\/\/portal.pi.gov.br\/agrespi\/wp-content\/uploads\/sites\/66\/2025\/10\/Design-sem-nome.png","_links":{"self":[{"href":"https:\/\/portal.pi.gov.br\/agrespi\/wp-json\/wp\/v2\/posts\/3232"}],"collection":[{"href":"https:\/\/portal.pi.gov.br\/agrespi\/wp-json\/wp\/v2\/posts"}],"about":[{"href":"https:\/\/portal.pi.gov.br\/agrespi\/wp-json\/wp\/v2\/types\/post"}],"author":[{"embeddable":true,"href":"https:\/\/portal.pi.gov.br\/agrespi\/wp-json\/wp\/v2\/users\/1837"}],"replies":[{"embeddable":true,"href":"https:\/\/portal.pi.gov.br\/agrespi\/wp-json\/wp\/v2\/comments?post=3232"}],"version-history":[{"count":1,"href":"https:\/\/portal.pi.gov.br\/agrespi\/wp-json\/wp\/v2\/posts\/3232\/revisions"}],"predecessor-version":[{"id":3234,"href":"https:\/\/portal.pi.gov.br\/agrespi\/wp-json\/wp\/v2\/posts\/3232\/revisions\/3234"}],"wp:featuredmedia":[{"embeddable":true,"href":"https:\/\/portal.pi.gov.br\/agrespi\/wp-json\/wp\/v2\/media\/3233"}],"wp:attachment":[{"href":"https:\/\/portal.pi.gov.br\/agrespi\/wp-json\/wp\/v2\/media?parent=3232"}],"wp:term":[{"taxonomy":"category","embeddable":true,"href":"https:\/\/portal.pi.gov.br\/agrespi\/wp-json\/wp\/v2\/categories?post=3232"},{"taxonomy":"post_tag","embeddable":true,"href":"https:\/\/portal.pi.gov.br\/agrespi\/wp-json\/wp\/v2\/tags?post=3232"}],"curies":[{"name":"wp","href":"https:\/\/api.w.org\/{rel}","templated":true}]}}