{"id":3235,"date":"2025-10-01T10:21:49","date_gmt":"2025-10-01T13:21:49","guid":{"rendered":"https:\/\/portal.pi.gov.br\/agrespi\/?p=3235"},"modified":"2025-10-02T12:43:16","modified_gmt":"2025-10-02T15:43:16","slug":"bandeira-vermelha-em-outubro-aumenta-conta-de-luz-no-piaui","status":"publish","type":"post","link":"https:\/\/portal.pi.gov.br\/agrespi\/2025\/10\/01\/bandeira-vermelha-em-outubro-aumenta-conta-de-luz-no-piaui\/","title":{"rendered":"Bandeiras tarif\u00e1rias na energia: o que significam e como consumidores podem se proteger"},"content":{"rendered":"\n<p><strong><em>Sistema de cores indica condi\u00e7\u00f5es de gera\u00e7\u00e3o de energia no pa\u00eds; Agrespi orienta piauienses sobre economia e direitos do consumidor.<\/em><\/strong><\/p>\n\n\n\n<p><\/p>\n\n\n\n<p>Todos os meses, a conta de energia chega ao consumidor com uma indica\u00e7\u00e3o de cor chamada bandeira tarif\u00e1ria. Esse mecanismo, criado pela Ag\u00eancia Nacional de Energia El\u00e9trica (ANEEL), funciona como um sem\u00e1foro que informa se a gera\u00e7\u00e3o de energia est\u00e1 mais barata ou mais cara no pa\u00eds \u2014 e, consequentemente, se haver\u00e1 ou n\u00e3o cobran\u00e7a adicional na fatura.&nbsp;A Ag\u00eancia de Regula\u00e7\u00e3o dos Servi\u00e7os P\u00fablicos do Piau\u00ed (Agrespi) refor\u00e7a que compreender esse sistema \u00e9 essencial para que o consumo seja&nbsp;planejado, evitando desperd\u00edcios e fazendo um acompanhamento transparente dos custos.<\/p>\n\n\n\n<p>A cor verde indica condi\u00e7\u00f5es favor\u00e1veis, sem acr\u00e9scimos. A bandeira amarela sinaliza custos intermedi\u00e1rios. J\u00e1 a bandeira vermelha, em seus dois patamares, representa condi\u00e7\u00f5es mais onerosas de gera\u00e7\u00e3o de energia, quando \u00e9 necess\u00e1rio acionar usinas t\u00e9rmicas.<\/p>\n\n\n\n<p>Segundo a diretora-geral da Agrespi, Tha\u00eds Araripe, mais do que um c\u00f3digo de cores, a bandeira \u00e9 uma forma de di\u00e1logo direto com a popula\u00e7\u00e3o. \u201cQuando o consumidor entende a l\u00f3gica das bandeiras, ele consegue se organizar melhor, adaptar h\u00e1bitos de consumo e at\u00e9 mesmo questionar eventuais cobran\u00e7as indevidas. \u00c9 um instrumento de informa\u00e7\u00e3o que empodera o cidad\u00e3o e amplia a transpar\u00eancia do setor el\u00e9trico.\u201d<\/p>\n\n\n\n<p>O diretor de Energia da Agrespi, Dionatas Alves, refor\u00e7a que o papel da ag\u00eancia \u00e9 justamente transformar esse tema t\u00e9cnico em informa\u00e7\u00e3o acess\u00edvel. \u201cNosso compromisso \u00e9 levar orienta\u00e7\u00e3o clara e \u00fatil. Mesmo em per\u00edodos de bandeira verde, quando n\u00e3o h\u00e1 acr\u00e9scimos, \u00e9 importante manter a consci\u00eancia de que cada quilowatt economizado faz diferen\u00e7a n\u00e3o apenas no bolso, mas tamb\u00e9m na preserva\u00e7\u00e3o dos recursos naturais e na efici\u00eancia de todo o sistema el\u00e9trico.\u201d<\/p>\n\n\n\n<p>A Agrespi lembra ainda que a bandeira em vigor pode ser consultada tanto na fatura mensal quanto nos canais digitais da ANEEL e da concession\u00e1ria local e que o valor da cobran\u00e7a adicional por bandeira deve estar facilmente identificado na conta. Caso o consumidor tenha d\u00favidas ou identifique cobran\u00e7as indevidas, pode acionar diretamente a empresa e, se necess\u00e1rio, registrar reclama\u00e7\u00e3o junto a ANEEL.<\/p>\n\n\n\n<p><strong>Dicas para economizar energia em qualquer bandeira:<\/strong><\/p>\n\n\n\n<ul>\n<li>Desligue aparelhos da tomada quando n\u00e3o estiverem em uso;<\/li>\n\n\n\n<li>Prefira l\u00e2mpadas LED e aproveite a luz natural;<\/li>\n\n\n\n<li>Use ar-condicionado na temperatura 22\u00ba ou 23\u00baC e chuveiro el\u00e9trico de forma racional;<\/li>\n\n\n\n<li>Mantenha a manuten\u00e7\u00e3o em dia de geladeiras, freezers e aparelhos de alto consumo.<\/li>\n<\/ul>\n","protected":false},"excerpt":{"rendered":"<p>Sistema de cores indica condi\u00e7\u00f5es de gera\u00e7\u00e3o de energia no pa\u00eds; Agrespi orienta piauienses sobre economia e direitos do consumidor. Todos os meses, a conta de energia chega ao consumidor [&hellip;]<\/p>\n","protected":false},"author":1837,"featured_media":3236,"comment_status":"closed","ping_status":"closed","sticky":false,"template":"","format":"standard","meta":[],"categories":[1],"tags":[],"featured_image_urls":{"full":["https:\/\/portal.pi.gov.br\/agrespi\/wp-content\/uploads\/sites\/66\/2025\/10\/MKT_2020_Imagem_Destacada_Voce_Sabia-68.png",1170,495,false],"thumbnail":["https:\/\/portal.pi.gov.br\/agrespi\/wp-content\/uploads\/sites\/66\/2025\/10\/MKT_2020_Imagem_Destacada_Voce_Sabia-68-150x150.png",150,150,true],"medium":["https:\/\/portal.pi.gov.br\/agrespi\/wp-content\/uploads\/sites\/66\/2025\/10\/MKT_2020_Imagem_Destacada_Voce_Sabia-68-300x127.png",300,127,true],"medium_large":["https:\/\/portal.pi.gov.br\/agrespi\/wp-content\/uploads\/sites\/66\/2025\/10\/MKT_2020_Imagem_Destacada_Voce_Sabia-68-768x325.png",768,325,true],"large":["https:\/\/portal.pi.gov.br\/agrespi\/wp-content\/uploads\/sites\/66\/2025\/10\/MKT_2020_Imagem_Destacada_Voce_Sabia-68-1024x433.png",887,375,true],"sgg-420":["https:\/\/portal.pi.gov.br\/agrespi\/wp-content\/uploads\/sites\/66\/2025\/10\/MKT_2020_Imagem_Destacada_Voce_Sabia-68-420x178.png",420,178,true],"sgg-540":["https:\/\/portal.pi.gov.br\/agrespi\/wp-content\/uploads\/sites\/66\/2025\/10\/MKT_2020_Imagem_Destacada_Voce_Sabia-68-540x228.png",540,228,true],"sgg-780":["https:\/\/portal.pi.gov.br\/agrespi\/wp-content\/uploads\/sites\/66\/2025\/10\/MKT_2020_Imagem_Destacada_Voce_Sabia-68-780x330.png",780,330,true],"1536x1536":["https:\/\/portal.pi.gov.br\/agrespi\/wp-content\/uploads\/sites\/66\/2025\/10\/MKT_2020_Imagem_Destacada_Voce_Sabia-68.png",1170,495,false],"2048x2048":["https:\/\/portal.pi.gov.br\/agrespi\/wp-content\/uploads\/sites\/66\/2025\/10\/MKT_2020_Imagem_Destacada_Voce_Sabia-68.png",1170,495,false],"homepage-slider":["https:\/\/portal.pi.gov.br\/agrespi\/wp-content\/uploads\/sites\/66\/2025\/10\/MKT_2020_Imagem_Destacada_Voce_Sabia-68.png",1170,495,false],"homepage-slider-small":["https:\/\/portal.pi.gov.br\/agrespi\/wp-content\/uploads\/sites\/66\/2025\/10\/MKT_2020_Imagem_Destacada_Voce_Sabia-68-947x495.png",947,495,true],"page-top":["https:\/\/portal.pi.gov.br\/agrespi\/wp-content\/uploads\/sites\/66\/2025\/10\/MKT_2020_Imagem_Destacada_Voce_Sabia-68-947x401.png",947,401,true],"page-small":["https:\/\/portal.pi.gov.br\/agrespi\/wp-content\/uploads\/sites\/66\/2025\/10\/MKT_2020_Imagem_Destacada_Voce_Sabia-68-624x264.png",624,264,true],"loop-main":["https:\/\/portal.pi.gov.br\/agrespi\/wp-content\/uploads\/sites\/66\/2025\/10\/MKT_2020_Imagem_Destacada_Voce_Sabia-68-365x240.png",365,240,true],"thumb-gallery-widget":["https:\/\/portal.pi.gov.br\/agrespi\/wp-content\/uploads\/sites\/66\/2025\/10\/MKT_2020_Imagem_Destacada_Voce_Sabia-68-84x56.png",84,56,true]},"post_excerpt_stackable":"<p>Sistema de cores indica condi\u00e7\u00f5es de gera\u00e7\u00e3o de energia no pa\u00eds; Agrespi orienta piauienses sobre economia e direitos do consumidor. Todos os meses, a conta de energia chega ao consumidor com uma indica\u00e7\u00e3o de cor chamada bandeira tarif\u00e1ria. Esse mecanismo, criado pela Ag\u00eancia Nacional de Energia El\u00e9trica (ANEEL), funciona como um sem\u00e1foro que informa se a gera\u00e7\u00e3o de energia est\u00e1 mais barata ou mais cara no pa\u00eds \u2014 e, consequentemente, se haver\u00e1 ou n\u00e3o cobran\u00e7a adicional na fatura.&nbsp;A Ag\u00eancia de Regula\u00e7\u00e3o dos Servi\u00e7os P\u00fablicos do Piau\u00ed (Agrespi) refor\u00e7a que compreender esse sistema \u00e9 essencial para que o consumo seja&nbsp;planejado, evitando&hellip;<\/p>\n","category_list":"<a href=\"https:\/\/portal.pi.gov.br\/agrespi\/category\/noticias\/\" rel=\"category tag\">Not\u00edcias<\/a>","author_info":{"name":"isadorasousa","url":"https:\/\/portal.pi.gov.br\/agrespi\/author\/isadorasousa\/"},"comments_num":"0 coment\u00e1rio","featured_image_urls_v2":{"full":["https:\/\/portal.pi.gov.br\/agrespi\/wp-content\/uploads\/sites\/66\/2025\/10\/MKT_2020_Imagem_Destacada_Voce_Sabia-68.png",1170,495,false],"thumbnail":["https:\/\/portal.pi.gov.br\/agrespi\/wp-content\/uploads\/sites\/66\/2025\/10\/MKT_2020_Imagem_Destacada_Voce_Sabia-68-150x150.png",150,150,true],"medium":["https:\/\/portal.pi.gov.br\/agrespi\/wp-content\/uploads\/sites\/66\/2025\/10\/MKT_2020_Imagem_Destacada_Voce_Sabia-68-300x127.png",300,127,true],"medium_large":["https:\/\/portal.pi.gov.br\/agrespi\/wp-content\/uploads\/sites\/66\/2025\/10\/MKT_2020_Imagem_Destacada_Voce_Sabia-68-768x325.png",768,325,true],"large":["https:\/\/portal.pi.gov.br\/agrespi\/wp-content\/uploads\/sites\/66\/2025\/10\/MKT_2020_Imagem_Destacada_Voce_Sabia-68-1024x433.png",887,375,true],"sgg-420":["https:\/\/portal.pi.gov.br\/agrespi\/wp-content\/uploads\/sites\/66\/2025\/10\/MKT_2020_Imagem_Destacada_Voce_Sabia-68-420x178.png",420,178,true],"sgg-540":["https:\/\/portal.pi.gov.br\/agrespi\/wp-content\/uploads\/sites\/66\/2025\/10\/MKT_2020_Imagem_Destacada_Voce_Sabia-68-540x228.png",540,228,true],"sgg-780":["https:\/\/portal.pi.gov.br\/agrespi\/wp-content\/uploads\/sites\/66\/2025\/10\/MKT_2020_Imagem_Destacada_Voce_Sabia-68-780x330.png",780,330,true],"1536x1536":["https:\/\/portal.pi.gov.br\/agrespi\/wp-content\/uploads\/sites\/66\/2025\/10\/MKT_2020_Imagem_Destacada_Voce_Sabia-68.png",1170,495,false],"2048x2048":["https:\/\/portal.pi.gov.br\/agrespi\/wp-content\/uploads\/sites\/66\/2025\/10\/MKT_2020_Imagem_Destacada_Voce_Sabia-68.png",1170,495,false],"homepage-slider":["https:\/\/portal.pi.gov.br\/agrespi\/wp-content\/uploads\/sites\/66\/2025\/10\/MKT_2020_Imagem_Destacada_Voce_Sabia-68.png",1170,495,false],"homepage-slider-small":["https:\/\/portal.pi.gov.br\/agrespi\/wp-content\/uploads\/sites\/66\/2025\/10\/MKT_2020_Imagem_Destacada_Voce_Sabia-68-947x495.png",947,495,true],"page-top":["https:\/\/portal.pi.gov.br\/agrespi\/wp-content\/uploads\/sites\/66\/2025\/10\/MKT_2020_Imagem_Destacada_Voce_Sabia-68-947x401.png",947,401,true],"page-small":["https:\/\/portal.pi.gov.br\/agrespi\/wp-content\/uploads\/sites\/66\/2025\/10\/MKT_2020_Imagem_Destacada_Voce_Sabia-68-624x264.png",624,264,true],"loop-main":["https:\/\/portal.pi.gov.br\/agrespi\/wp-content\/uploads\/sites\/66\/2025\/10\/MKT_2020_Imagem_Destacada_Voce_Sabia-68-365x240.png",365,240,true],"thumb-gallery-widget":["https:\/\/portal.pi.gov.br\/agrespi\/wp-content\/uploads\/sites\/66\/2025\/10\/MKT_2020_Imagem_Destacada_Voce_Sabia-68-84x56.png",84,56,true]},"post_excerpt_stackable_v2":"<p>Sistema de cores indica condi\u00e7\u00f5es de gera\u00e7\u00e3o de energia no pa\u00eds; Agrespi orienta piauienses sobre economia e direitos do consumidor. Todos os meses, a conta de energia chega ao consumidor com uma indica\u00e7\u00e3o de cor chamada bandeira tarif\u00e1ria. Esse mecanismo, criado pela Ag\u00eancia Nacional de Energia El\u00e9trica (ANEEL), funciona como um sem\u00e1foro que informa se a gera\u00e7\u00e3o de energia est\u00e1 mais barata ou mais cara no pa\u00eds \u2014 e, consequentemente, se haver\u00e1 ou n\u00e3o cobran\u00e7a adicional na fatura.&nbsp;A Ag\u00eancia de Regula\u00e7\u00e3o dos Servi\u00e7os P\u00fablicos do Piau\u00ed (Agrespi) refor\u00e7a que compreender esse sistema \u00e9 essencial para que o consumo seja&nbsp;planejado, evitando&hellip;<\/p>\n","category_list_v2":"<a href=\"https:\/\/portal.pi.gov.br\/agrespi\/category\/noticias\/\" rel=\"category tag\">Not\u00edcias<\/a>","author_info_v2":{"name":"isadorasousa","url":"https:\/\/portal.pi.gov.br\/agrespi\/author\/isadorasousa\/"},"comments_num_v2":"0 coment\u00e1rio","jetpack_featured_media_url":"https:\/\/portal.pi.gov.br\/agrespi\/wp-content\/uploads\/sites\/66\/2025\/10\/MKT_2020_Imagem_Destacada_Voce_Sabia-68.png","_links":{"self":[{"href":"https:\/\/portal.pi.gov.br\/agrespi\/wp-json\/wp\/v2\/posts\/3235"}],"collection":[{"href":"https:\/\/portal.pi.gov.br\/agrespi\/wp-json\/wp\/v2\/posts"}],"about":[{"href":"https:\/\/portal.pi.gov.br\/agrespi\/wp-json\/wp\/v2\/types\/post"}],"author":[{"embeddable":true,"href":"https:\/\/portal.pi.gov.br\/agrespi\/wp-json\/wp\/v2\/users\/1837"}],"replies":[{"embeddable":true,"href":"https:\/\/portal.pi.gov.br\/agrespi\/wp-json\/wp\/v2\/comments?post=3235"}],"version-history":[{"count":3,"href":"https:\/\/portal.pi.gov.br\/agrespi\/wp-json\/wp\/v2\/posts\/3235\/revisions"}],"predecessor-version":[{"id":3242,"href":"https:\/\/portal.pi.gov.br\/agrespi\/wp-json\/wp\/v2\/posts\/3235\/revisions\/3242"}],"wp:featuredmedia":[{"embeddable":true,"href":"https:\/\/portal.pi.gov.br\/agrespi\/wp-json\/wp\/v2\/media\/3236"}],"wp:attachment":[{"href":"https:\/\/portal.pi.gov.br\/agrespi\/wp-json\/wp\/v2\/media?parent=3235"}],"wp:term":[{"taxonomy":"category","embeddable":true,"href":"https:\/\/portal.pi.gov.br\/agrespi\/wp-json\/wp\/v2\/categories?post=3235"},{"taxonomy":"post_tag","embeddable":true,"href":"https:\/\/portal.pi.gov.br\/agrespi\/wp-json\/wp\/v2\/tags?post=3235"}],"curies":[{"name":"wp","href":"https:\/\/api.w.org\/{rel}","templated":true}]}}