{"id":3506,"date":"2025-11-17T09:02:13","date_gmt":"2025-11-17T12:02:13","guid":{"rendered":"https:\/\/portal.pi.gov.br\/agrespi\/?p=3506"},"modified":"2025-11-17T09:02:14","modified_gmt":"2025-11-17T12:02:14","slug":"agrespi-abre-consulta-publica-sobre-isencao-de-pedagio-para-eixos-suspensos-em-rodovias-estaduais-concedidas","status":"publish","type":"post","link":"https:\/\/portal.pi.gov.br\/agrespi\/2025\/11\/17\/agrespi-abre-consulta-publica-sobre-isencao-de-pedagio-para-eixos-suspensos-em-rodovias-estaduais-concedidas\/","title":{"rendered":"Agrespi abre Consulta P\u00fablica sobre isen\u00e7\u00e3o de ped\u00e1gio para eixos suspensos em rodovias estaduais concedidas"},"content":{"rendered":"\n<p>A Ag\u00eancia de Regula\u00e7\u00e3o dos Servi\u00e7os P\u00fablicos Delegados do Estado do Piau\u00ed (Agrespi) abriu, nesta segunda-feira (17), a Consulta P\u00fablica n\u00ba 004\/2025, destinada a receber contribui\u00e7\u00f5es da sociedade para o aprimoramento da Resolu\u00e7\u00e3o que regulamenta a isen\u00e7\u00e3o da cobran\u00e7a de ped\u00e1gio sobre eixos suspensos de ve\u00edculos de carga que circulam vazios nas rodovias estaduais concedidas.<\/p>\n\n\n\n<p>A medida segue o que determina a legisla\u00e7\u00e3o federal e estadual e busca alinhar os procedimentos t\u00e9cnicos e operacionais necess\u00e1rios para que transportadores que trafegam sem carga tenham acesso ao benef\u00edcio \u2014 j\u00e1 adotado em diversas rodovias pelo pa\u00eds.<\/p>\n\n\n\n<p>A diretora-geral da Agrespi, Tha\u00eds Araripe, destaca que a consulta refor\u00e7a o compromisso da Ag\u00eancia com a transpar\u00eancia e a participa\u00e7\u00e3o social:<\/p>\n\n\n\n<p>\u201cEssa regulamenta\u00e7\u00e3o \u00e9 importante tanto para o setor de transporte de cargas quanto para a gest\u00e3o das concess\u00f5es rodovi\u00e1rias. A Agrespi conduz o processo de forma t\u00e9cnica, aberta ao di\u00e1logo e comprometida com uma regula\u00e7\u00e3o moderna e eficiente. A consulta p\u00fablica \u00e9 o momento para que transportadores, entidades e cidad\u00e3os contribuam com sugest\u00f5es que aprimorem a norma.\u201d<\/p>\n\n\n\n<p>O texto da resolu\u00e7\u00e3o \u2014 dispon\u00edvel integralmente <strong><a href=\"https:\/\/portal.pi.gov.br\/agrespi\/wp-content\/uploads\/sites\/66\/2025\/11\/RESOLUCAO_AGRESPI_N__XX__Transcerrados__1_-2.pdf\" target=\"_blank\" rel=\"noreferrer noopener\">aqui<\/a><\/strong> \u2014 estabelece:<\/p>\n\n\n\n<ul>\n<li>Os crit\u00e9rios t\u00e9cnicos para comprova\u00e7\u00e3o de que o ve\u00edculo est\u00e1 circulando vazio, como avalia\u00e7\u00e3o visual, verifica\u00e7\u00e3o de MDF-e encerrado e aferi\u00e7\u00e3o de peso.<\/li>\n\n\n\n<li>Responsabilidades da concession\u00e1ria, que dever\u00e1 adaptar sistemas, integrar-se \u00e0 base de dados da Secretaria de Fazenda, ampliar tecnologias de leitura autom\u00e1tica de placas e treinar equipes.<\/li>\n\n\n\n<li>Cronograma de implanta\u00e7\u00e3o, com fase piloto em at\u00e9 120 dias e implementa\u00e7\u00e3o total em at\u00e9 180 dias ap\u00f3s esse per\u00edodo.<\/li>\n\n\n\n<li>Direito ao recurso, caso a isen\u00e7\u00e3o seja indeferida.<\/li>\n<\/ul>\n\n\n\n<p>A proposta tamb\u00e9m considera pareceres t\u00e9cnicos, normativas federais, a legisla\u00e7\u00e3o estadual de concess\u00f5es e estudos de viabilidade apresentados pelo Verificador Independente.<\/p>\n\n\n\n<h2 class=\"wp-block-heading\"><strong>Como participar da consulta<\/strong><\/h2>\n\n\n\n<p>De 17 a 28 de novembro de 2025, qualquer cidad\u00e3o pode enviar sugest\u00f5es por meio do formul\u00e1rio eletr\u00f4nico disponibilizado no portal da Agrespi:<\/p>\n\n\n\n<figure class=\"wp-block-embed is-type-wp-embed is-provider-agrespi wp-block-embed-agrespi\"><div class=\"wp-block-embed__wrapper\">\n<blockquote class=\"wp-embedded-content\" data-secret=\"AWuFWTtWBs\"><a href=\"https:\/\/portal.pi.gov.br\/agrespi\/consulta-publica\/formulario-de-contribuicao\/\">Formul\u00e1rio de Contribui\u00e7\u00e3o<\/a><\/blockquote><iframe class=\"wp-embedded-content\" sandbox=\"allow-scripts\" security=\"restricted\" style=\"position: absolute; clip: rect(1px, 1px, 1px, 1px);\" title=\"&#8220;Formul\u00e1rio de Contribui\u00e7\u00e3o&#8221; &#8212; AGRESPI\" src=\"https:\/\/portal.pi.gov.br\/agrespi\/consulta-publica\/formulario-de-contribuicao\/embed\/#?secret=FNPnGMlU2H#?secret=AWuFWTtWBs\" data-secret=\"AWuFWTtWBs\" width=\"600\" height=\"338\" frameborder=\"0\" marginwidth=\"0\" marginheight=\"0\" scrolling=\"no\"><\/iframe>\n<\/div><\/figure>\n\n\n\n<p>As contribui\u00e7\u00f5es devem ser enviadas de forma identificada e fundamentada, conforme previsto nas normas de participa\u00e7\u00e3o social.<\/p>\n","protected":false},"excerpt":{"rendered":"<p>A Ag\u00eancia de Regula\u00e7\u00e3o dos Servi\u00e7os P\u00fablicos Delegados do Estado do Piau\u00ed (Agrespi) abriu, nesta segunda-feira (17), a Consulta P\u00fablica n\u00ba 004\/2025, destinada a receber contribui\u00e7\u00f5es da sociedade para o [&hellip;]<\/p>\n","protected":false},"author":1837,"featured_media":3507,"comment_status":"closed","ping_status":"closed","sticky":false,"template":"","format":"standard","meta":[],"categories":[1],"tags":[],"featured_image_urls":{"full":["https:\/\/portal.pi.gov.br\/agrespi\/wp-content\/uploads\/sites\/66\/2025\/11\/WhatsApp-Image-2023-04-12-at-13.32.26.jpeg",900,506,false],"thumbnail":["https:\/\/portal.pi.gov.br\/agrespi\/wp-content\/uploads\/sites\/66\/2025\/11\/WhatsApp-Image-2023-04-12-at-13.32.26-150x150.jpeg",150,150,true],"medium":["https:\/\/portal.pi.gov.br\/agrespi\/wp-content\/uploads\/sites\/66\/2025\/11\/WhatsApp-Image-2023-04-12-at-13.32.26-300x169.jpeg",300,169,true],"medium_large":["https:\/\/portal.pi.gov.br\/agrespi\/wp-content\/uploads\/sites\/66\/2025\/11\/WhatsApp-Image-2023-04-12-at-13.32.26-768x432.jpeg",768,432,true],"large":["https:\/\/portal.pi.gov.br\/agrespi\/wp-content\/uploads\/sites\/66\/2025\/11\/WhatsApp-Image-2023-04-12-at-13.32.26.jpeg",887,499,false],"sgg-420":["https:\/\/portal.pi.gov.br\/agrespi\/wp-content\/uploads\/sites\/66\/2025\/11\/WhatsApp-Image-2023-04-12-at-13.32.26-420x236.jpeg",420,236,true],"sgg-540":["https:\/\/portal.pi.gov.br\/agrespi\/wp-content\/uploads\/sites\/66\/2025\/11\/WhatsApp-Image-2023-04-12-at-13.32.26-540x304.jpeg",540,304,true],"sgg-780":["https:\/\/portal.pi.gov.br\/agrespi\/wp-content\/uploads\/sites\/66\/2025\/11\/WhatsApp-Image-2023-04-12-at-13.32.26-780x439.jpeg",780,439,true],"1536x1536":["https:\/\/portal.pi.gov.br\/agrespi\/wp-content\/uploads\/sites\/66\/2025\/11\/WhatsApp-Image-2023-04-12-at-13.32.26.jpeg",900,506,false],"2048x2048":["https:\/\/portal.pi.gov.br\/agrespi\/wp-content\/uploads\/sites\/66\/2025\/11\/WhatsApp-Image-2023-04-12-at-13.32.26.jpeg",900,506,false],"homepage-slider":["https:\/\/portal.pi.gov.br\/agrespi\/wp-content\/uploads\/sites\/66\/2025\/11\/WhatsApp-Image-2023-04-12-at-13.32.26-900x500.jpeg",900,500,true],"homepage-slider-small":["https:\/\/portal.pi.gov.br\/agrespi\/wp-content\/uploads\/sites\/66\/2025\/11\/WhatsApp-Image-2023-04-12-at-13.32.26-900x500.jpeg",900,500,true],"page-top":["https:\/\/portal.pi.gov.br\/agrespi\/wp-content\/uploads\/sites\/66\/2025\/11\/WhatsApp-Image-2023-04-12-at-13.32.26.jpeg",900,506,false],"page-small":["https:\/\/portal.pi.gov.br\/agrespi\/wp-content\/uploads\/sites\/66\/2025\/11\/WhatsApp-Image-2023-04-12-at-13.32.26-624x351.jpeg",624,351,true],"loop-main":["https:\/\/portal.pi.gov.br\/agrespi\/wp-content\/uploads\/sites\/66\/2025\/11\/WhatsApp-Image-2023-04-12-at-13.32.26-365x240.jpeg",365,240,true],"thumb-gallery-widget":["https:\/\/portal.pi.gov.br\/agrespi\/wp-content\/uploads\/sites\/66\/2025\/11\/WhatsApp-Image-2023-04-12-at-13.32.26-84x56.jpeg",84,56,true]},"post_excerpt_stackable":"<p>A Ag\u00eancia de Regula\u00e7\u00e3o dos Servi\u00e7os P\u00fablicos Delegados do Estado do Piau\u00ed (Agrespi) abriu, nesta segunda-feira (17), a Consulta P\u00fablica n\u00ba 004\/2025, destinada a receber contribui\u00e7\u00f5es da sociedade para o aprimoramento da Resolu\u00e7\u00e3o que regulamenta a isen\u00e7\u00e3o da cobran\u00e7a de ped\u00e1gio sobre eixos suspensos de ve\u00edculos de carga que circulam vazios nas rodovias estaduais concedidas. A medida segue o que determina a legisla\u00e7\u00e3o federal e estadual e busca alinhar os procedimentos t\u00e9cnicos e operacionais necess\u00e1rios para que transportadores que trafegam sem carga tenham acesso ao benef\u00edcio \u2014 j\u00e1 adotado em diversas rodovias pelo pa\u00eds. A diretora-geral da Agrespi, Tha\u00eds Araripe,&hellip;<\/p>\n","category_list":"<a href=\"https:\/\/portal.pi.gov.br\/agrespi\/category\/noticias\/\" rel=\"category tag\">Not\u00edcias<\/a>","author_info":{"name":"isadorasousa","url":"https:\/\/portal.pi.gov.br\/agrespi\/author\/isadorasousa\/"},"comments_num":"0 coment\u00e1rio","featured_image_urls_v2":{"full":["https:\/\/portal.pi.gov.br\/agrespi\/wp-content\/uploads\/sites\/66\/2025\/11\/WhatsApp-Image-2023-04-12-at-13.32.26.jpeg",900,506,false],"thumbnail":["https:\/\/portal.pi.gov.br\/agrespi\/wp-content\/uploads\/sites\/66\/2025\/11\/WhatsApp-Image-2023-04-12-at-13.32.26-150x150.jpeg",150,150,true],"medium":["https:\/\/portal.pi.gov.br\/agrespi\/wp-content\/uploads\/sites\/66\/2025\/11\/WhatsApp-Image-2023-04-12-at-13.32.26-300x169.jpeg",300,169,true],"medium_large":["https:\/\/portal.pi.gov.br\/agrespi\/wp-content\/uploads\/sites\/66\/2025\/11\/WhatsApp-Image-2023-04-12-at-13.32.26-768x432.jpeg",768,432,true],"large":["https:\/\/portal.pi.gov.br\/agrespi\/wp-content\/uploads\/sites\/66\/2025\/11\/WhatsApp-Image-2023-04-12-at-13.32.26.jpeg",887,499,false],"sgg-420":["https:\/\/portal.pi.gov.br\/agrespi\/wp-content\/uploads\/sites\/66\/2025\/11\/WhatsApp-Image-2023-04-12-at-13.32.26-420x236.jpeg",420,236,true],"sgg-540":["https:\/\/portal.pi.gov.br\/agrespi\/wp-content\/uploads\/sites\/66\/2025\/11\/WhatsApp-Image-2023-04-12-at-13.32.26-540x304.jpeg",540,304,true],"sgg-780":["https:\/\/portal.pi.gov.br\/agrespi\/wp-content\/uploads\/sites\/66\/2025\/11\/WhatsApp-Image-2023-04-12-at-13.32.26-780x439.jpeg",780,439,true],"1536x1536":["https:\/\/portal.pi.gov.br\/agrespi\/wp-content\/uploads\/sites\/66\/2025\/11\/WhatsApp-Image-2023-04-12-at-13.32.26.jpeg",900,506,false],"2048x2048":["https:\/\/portal.pi.gov.br\/agrespi\/wp-content\/uploads\/sites\/66\/2025\/11\/WhatsApp-Image-2023-04-12-at-13.32.26.jpeg",900,506,false],"homepage-slider":["https:\/\/portal.pi.gov.br\/agrespi\/wp-content\/uploads\/sites\/66\/2025\/11\/WhatsApp-Image-2023-04-12-at-13.32.26-900x500.jpeg",900,500,true],"homepage-slider-small":["https:\/\/portal.pi.gov.br\/agrespi\/wp-content\/uploads\/sites\/66\/2025\/11\/WhatsApp-Image-2023-04-12-at-13.32.26-900x500.jpeg",900,500,true],"page-top":["https:\/\/portal.pi.gov.br\/agrespi\/wp-content\/uploads\/sites\/66\/2025\/11\/WhatsApp-Image-2023-04-12-at-13.32.26.jpeg",900,506,false],"page-small":["https:\/\/portal.pi.gov.br\/agrespi\/wp-content\/uploads\/sites\/66\/2025\/11\/WhatsApp-Image-2023-04-12-at-13.32.26-624x351.jpeg",624,351,true],"loop-main":["https:\/\/portal.pi.gov.br\/agrespi\/wp-content\/uploads\/sites\/66\/2025\/11\/WhatsApp-Image-2023-04-12-at-13.32.26-365x240.jpeg",365,240,true],"thumb-gallery-widget":["https:\/\/portal.pi.gov.br\/agrespi\/wp-content\/uploads\/sites\/66\/2025\/11\/WhatsApp-Image-2023-04-12-at-13.32.26-84x56.jpeg",84,56,true]},"post_excerpt_stackable_v2":"<p>A Ag\u00eancia de Regula\u00e7\u00e3o dos Servi\u00e7os P\u00fablicos Delegados do Estado do Piau\u00ed (Agrespi) abriu, nesta segunda-feira (17), a Consulta P\u00fablica n\u00ba 004\/2025, destinada a receber contribui\u00e7\u00f5es da sociedade para o aprimoramento da Resolu\u00e7\u00e3o que regulamenta a isen\u00e7\u00e3o da cobran\u00e7a de ped\u00e1gio sobre eixos suspensos de ve\u00edculos de carga que circulam vazios nas rodovias estaduais concedidas. A medida segue o que determina a legisla\u00e7\u00e3o federal e estadual e busca alinhar os procedimentos t\u00e9cnicos e operacionais necess\u00e1rios para que transportadores que trafegam sem carga tenham acesso ao benef\u00edcio \u2014 j\u00e1 adotado em diversas rodovias pelo pa\u00eds. A diretora-geral da Agrespi, Tha\u00eds Araripe,&hellip;<\/p>\n","category_list_v2":"<a href=\"https:\/\/portal.pi.gov.br\/agrespi\/category\/noticias\/\" rel=\"category tag\">Not\u00edcias<\/a>","author_info_v2":{"name":"isadorasousa","url":"https:\/\/portal.pi.gov.br\/agrespi\/author\/isadorasousa\/"},"comments_num_v2":"0 coment\u00e1rio","jetpack_featured_media_url":"https:\/\/portal.pi.gov.br\/agrespi\/wp-content\/uploads\/sites\/66\/2025\/11\/WhatsApp-Image-2023-04-12-at-13.32.26.jpeg","_links":{"self":[{"href":"https:\/\/portal.pi.gov.br\/agrespi\/wp-json\/wp\/v2\/posts\/3506"}],"collection":[{"href":"https:\/\/portal.pi.gov.br\/agrespi\/wp-json\/wp\/v2\/posts"}],"about":[{"href":"https:\/\/portal.pi.gov.br\/agrespi\/wp-json\/wp\/v2\/types\/post"}],"author":[{"embeddable":true,"href":"https:\/\/portal.pi.gov.br\/agrespi\/wp-json\/wp\/v2\/users\/1837"}],"replies":[{"embeddable":true,"href":"https:\/\/portal.pi.gov.br\/agrespi\/wp-json\/wp\/v2\/comments?post=3506"}],"version-history":[{"count":1,"href":"https:\/\/portal.pi.gov.br\/agrespi\/wp-json\/wp\/v2\/posts\/3506\/revisions"}],"predecessor-version":[{"id":3508,"href":"https:\/\/portal.pi.gov.br\/agrespi\/wp-json\/wp\/v2\/posts\/3506\/revisions\/3508"}],"wp:featuredmedia":[{"embeddable":true,"href":"https:\/\/portal.pi.gov.br\/agrespi\/wp-json\/wp\/v2\/media\/3507"}],"wp:attachment":[{"href":"https:\/\/portal.pi.gov.br\/agrespi\/wp-json\/wp\/v2\/media?parent=3506"}],"wp:term":[{"taxonomy":"category","embeddable":true,"href":"https:\/\/portal.pi.gov.br\/agrespi\/wp-json\/wp\/v2\/categories?post=3506"},{"taxonomy":"post_tag","embeddable":true,"href":"https:\/\/portal.pi.gov.br\/agrespi\/wp-json\/wp\/v2\/tags?post=3506"}],"curies":[{"name":"wp","href":"https:\/\/api.w.org\/{rel}","templated":true}]}}