{"id":3723,"date":"2026-01-07T11:50:47","date_gmt":"2026-01-07T14:50:47","guid":{"rendered":"https:\/\/portal.pi.gov.br\/agrespi\/?p=3723"},"modified":"2026-01-07T11:53:21","modified_gmt":"2026-01-07T14:53:21","slug":"agrespi-defende-reducao-equilibrada-da-tarifa-de-energia-no-nordeste","status":"publish","type":"post","link":"https:\/\/portal.pi.gov.br\/agrespi\/2026\/01\/07\/agrespi-defende-reducao-equilibrada-da-tarifa-de-energia-no-nordeste\/","title":{"rendered":"Agrespi defende redu\u00e7\u00e3o equilibrada da tarifa de energia no Nordeste"},"content":{"rendered":"\n<p>A Ag\u00eancia de Regula\u00e7\u00e3o dos Servi\u00e7os P\u00fablicos Delegados do Estado do Piau\u00ed (Agrespi) apresentou contribui\u00e7\u00e3o t\u00e9cnica \u00e0 Ag\u00eancia Nacional de Energia El\u00e9trica (Aneel) no \u00e2mbito da Consulta P\u00fablica n\u00ba 47\/2025, que discute os crit\u00e9rios para a destina\u00e7\u00e3o de recursos destinados \u00e0 redu\u00e7\u00e3o das tarifas de energia el\u00e9trica nas regi\u00f5es Nordeste e Norte do pa\u00eds, defendendo um modelo de redu\u00e7\u00e3o da tarifa de energia que leve em conta a realidade dos estados do Nordeste, especialmente do Piau\u00ed, onde o custo da energia pesa mais no or\u00e7amento das fam\u00edlias e na atividade econ\u00f4mica.<\/p>\n\n\n\n<p>A consulta discute como devem ser usados recursos extraordin\u00e1rios provenientes da repactua\u00e7\u00e3o do Uso do Bem P\u00fablico (UBP), valores que, por lei, precisam ser aplicados para diminuir a conta de luz dos consumidores das regi\u00f5es Norte e Nordeste nos pr\u00f3ximos anos.<\/p>\n\n\n<div class=\"wp-block-image\">\n<figure class=\"aligncenter size-large is-resized\"><img decoding=\"async\" loading=\"lazy\" src=\"https:\/\/portal.pi.gov.br\/agrespi\/wp-content\/uploads\/sites\/66\/2025\/10\/IMG_0243-1024x768.jpg\" alt=\"\" class=\"wp-image-3247\" width=\"508\" height=\"381\" srcset=\"https:\/\/portal.pi.gov.br\/agrespi\/wp-content\/uploads\/sites\/66\/2025\/10\/IMG_0243-1024x768.jpg 1024w, https:\/\/portal.pi.gov.br\/agrespi\/wp-content\/uploads\/sites\/66\/2025\/10\/IMG_0243-300x225.jpg 300w, https:\/\/portal.pi.gov.br\/agrespi\/wp-content\/uploads\/sites\/66\/2025\/10\/IMG_0243-768x576.jpg 768w, https:\/\/portal.pi.gov.br\/agrespi\/wp-content\/uploads\/sites\/66\/2025\/10\/IMG_0243-420x315.jpg 420w, https:\/\/portal.pi.gov.br\/agrespi\/wp-content\/uploads\/sites\/66\/2025\/10\/IMG_0243-540x405.jpg 540w, https:\/\/portal.pi.gov.br\/agrespi\/wp-content\/uploads\/sites\/66\/2025\/10\/IMG_0243-780x585.jpg 780w, https:\/\/portal.pi.gov.br\/agrespi\/wp-content\/uploads\/sites\/66\/2025\/10\/IMG_0243-1536x1152.jpg 1536w, https:\/\/portal.pi.gov.br\/agrespi\/wp-content\/uploads\/sites\/66\/2025\/10\/IMG_0243-2048x1536.jpg 2048w, https:\/\/portal.pi.gov.br\/agrespi\/wp-content\/uploads\/sites\/66\/2025\/10\/IMG_0243-947x710.jpg 947w, https:\/\/portal.pi.gov.br\/agrespi\/wp-content\/uploads\/sites\/66\/2025\/10\/IMG_0243-624x468.jpg 624w\" sizes=\"(max-width: 508px) 100vw, 508px\" \/><figcaption class=\"wp-element-caption\">Tha\u00eds Araripe (Foto: Ascom Agrespi)<\/figcaption><\/figure><\/div>\n\n\n<p>Para a Diretora-Geral da Agrespi, Tha\u00eds Araripe, participar desse debate \u00e9 uma forma de garantir que decis\u00f5es nacionais considerem o impacto real nos estados.<\/p>\n\n\n\n<p>\u201cNosso compromisso \u00e9 levar \u00e0 Aneel uma vis\u00e3o t\u00e9cnica baseada na realidade do estado. A regula\u00e7\u00e3o nacional precisa considerar o impacto que as decis\u00f5es t\u00eam na vida das pessoas, especialmente em regi\u00f5es onde a energia \u00e9 um fator determinante para o desenvolvimento\u201d, completou.<\/p>\n\n\n\n<p>Na contribui\u00e7\u00e3o encaminhada \u00e0 Aneel, a Agrespi manifestou apoio \u00e0 Alternativa 3, proposta que prev\u00ea a distribui\u00e7\u00e3o dos recursos de forma proporcional \u00e0s tarifas praticadas em cada \u00e1rea de concess\u00e3o. Em termos simples, isso significa direcionar mais recursos para onde a energia \u00e9 mais cara, permitindo uma redu\u00e7\u00e3o mais equilibrada da conta de luz.<\/p>\n\n\n<div class=\"wp-block-image\">\n<figure class=\"aligncenter size-large is-resized\"><img decoding=\"async\" loading=\"lazy\" src=\"https:\/\/portal.pi.gov.br\/agrespi\/wp-content\/uploads\/sites\/66\/2026\/01\/DIONATAS-597x1024.jpg\" alt=\"\" class=\"wp-image-3724\" width=\"259\" height=\"445\" srcset=\"https:\/\/portal.pi.gov.br\/agrespi\/wp-content\/uploads\/sites\/66\/2026\/01\/DIONATAS-597x1024.jpg 597w, https:\/\/portal.pi.gov.br\/agrespi\/wp-content\/uploads\/sites\/66\/2026\/01\/DIONATAS-175x300.jpg 175w, https:\/\/portal.pi.gov.br\/agrespi\/wp-content\/uploads\/sites\/66\/2026\/01\/DIONATAS-245x420.jpg 245w, https:\/\/portal.pi.gov.br\/agrespi\/wp-content\/uploads\/sites\/66\/2026\/01\/DIONATAS-315x540.jpg 315w, https:\/\/portal.pi.gov.br\/agrespi\/wp-content\/uploads\/sites\/66\/2026\/01\/DIONATAS-455x780.jpg 455w, https:\/\/portal.pi.gov.br\/agrespi\/wp-content\/uploads\/sites\/66\/2026\/01\/DIONATAS-624x1071.jpg 624w, https:\/\/portal.pi.gov.br\/agrespi\/wp-content\/uploads\/sites\/66\/2026\/01\/DIONATAS.jpg 746w\" sizes=\"(max-width: 259px) 100vw, 259px\" \/><figcaption class=\"wp-element-caption\">Dionatas Alves (Foto: Acervo Pessoal)<\/figcaption><\/figure><\/div>\n\n\n<p>Segundo o diretor de Energia, Comunica\u00e7\u00e3o e G\u00e1s Canalizado da Ag\u00eancia, Dionatas Alves, essa alternativa evita tratamentos iguais para realidades diferentes.<\/p>\n\n\n\n<p>\u201cNem todas as regi\u00f5es t\u00eam o mesmo custo para fornecer energia. O Nordeste, por exemplo, enfrenta desafios como longas dist\u00e2ncias, menor concentra\u00e7\u00e3o de consumidores e maiores perdas. A proposta que defendemos reconhece essas diferen\u00e7as porque tarifas mais equilibradas reduzem o custo da energia para consumidores residenciais, com\u00e9rcio e ind\u00fastria, o que tem reflexo direto na gera\u00e7\u00e3o de emprego, renda e atra\u00e7\u00e3o de investimentos\u201d, explicou.<\/p>\n\n\n\n<p>A estimativa \u00e9 que, caso adotada, a alternativa defendida possa resultar em uma redu\u00e7\u00e3o m\u00e9dia em torno de 12% nas tarifas das distribuidoras que n\u00e3o receberam antecipa\u00e7\u00f5es ao longo de 2025, sempre dentro dos limites definidos pela regula\u00e7\u00e3o.<\/p>\n\n\n\n<p>Na pr\u00e1tica, a proposta defendida pela Agrespi contribui para que o desconto na conta de luz tenha impacto semelhante para os consumidores, independentemente do estado, evitando que regi\u00f5es que j\u00e1 pagam tarifas elevadas recebam benef\u00edcios menores.<\/p>\n\n\n\n<p>Segundo a avalia\u00e7\u00e3o t\u00e9cnica apresentada pela Agrespi, a Alternativa 3 \u00e9 a que melhor incorpora os princ\u00edpios da legisla\u00e7\u00e3o tarif\u00e1ria brasileira, pois considera, de forma integrada, fatores que influenciam diretamente o valor final da conta de luz, como:<\/p>\n\n\n\n<ul>\n<li>custos operacionais das distribuidoras;<\/li>\n\n\n\n<li>perdas t\u00e9cnicas e n\u00e3o t\u00e9cnicas;<\/li>\n\n\n\n<li>densidade de carga;<\/li>\n\n\n\n<li>base de remunera\u00e7\u00e3o dos ativos;<\/li>\n\n\n\n<li>encargos setoriais e custos de transmiss\u00e3o.<\/li>\n<\/ul>\n\n\n\n<p>Ao utilizar a pr\u00f3pria tarifa como refer\u00eancia para o rateio dos recursos, o modelo permite que o desconto tenha impacto proporcional semelhante para todos os consumidores, independentemente da distribuidora, minimizando distor\u00e7\u00f5es e tratamentos desiguais.<\/p>\n\n\n\n<p>\u201cO objetivo \u00e9 simples: fazer com que o al\u00edvio na conta de luz seja sentido por quem mais precisa. Quando a tarifa cai de forma equilibrada, melhora o poder de compra das fam\u00edlias e tamb\u00e9m a competitividade das empresas locais\u201d, destacou Tha\u00eds Araripe.<\/p>\n\n\n\n<p>A Consulta P\u00fablica n\u00ba 47\/2025 segue aberta para contribui\u00e7\u00f5es da sociedade, e as manifesta\u00e7\u00f5es recebidas servir\u00e3o de subs\u00eddio para a defini\u00e7\u00e3o final do crit\u00e9rio de rateio dos recursos, que ser\u00e3o aplicados diretamente nas tarifas de energia el\u00e9trica.<\/p>\n","protected":false},"excerpt":{"rendered":"<p>A Ag\u00eancia de Regula\u00e7\u00e3o dos Servi\u00e7os P\u00fablicos Delegados do Estado do Piau\u00ed (Agrespi) apresentou contribui\u00e7\u00e3o t\u00e9cnica \u00e0 Ag\u00eancia Nacional de Energia El\u00e9trica (Aneel) no \u00e2mbito da Consulta P\u00fablica n\u00ba 47\/2025, [&hellip;]<\/p>\n","protected":false},"author":1837,"featured_media":3728,"comment_status":"closed","ping_status":"closed","sticky":false,"template":"","format":"standard","meta":[],"categories":[1],"tags":[],"featured_image_urls":{"full":["https:\/\/portal.pi.gov.br\/agrespi\/wp-content\/uploads\/sites\/66\/2026\/01\/lampada-brilhante-em-documentos-financeiros-perto-de-uma-calculadora_633842-40792.jpg",740,493,false],"thumbnail":["https:\/\/portal.pi.gov.br\/agrespi\/wp-content\/uploads\/sites\/66\/2026\/01\/lampada-brilhante-em-documentos-financeiros-perto-de-uma-calculadora_633842-40792-150x150.jpg",150,150,true],"medium":["https:\/\/portal.pi.gov.br\/agrespi\/wp-content\/uploads\/sites\/66\/2026\/01\/lampada-brilhante-em-documentos-financeiros-perto-de-uma-calculadora_633842-40792-300x200.jpg",300,200,true],"medium_large":["https:\/\/portal.pi.gov.br\/agrespi\/wp-content\/uploads\/sites\/66\/2026\/01\/lampada-brilhante-em-documentos-financeiros-perto-de-uma-calculadora_633842-40792.jpg",740,493,false],"large":["https:\/\/portal.pi.gov.br\/agrespi\/wp-content\/uploads\/sites\/66\/2026\/01\/lampada-brilhante-em-documentos-financeiros-perto-de-uma-calculadora_633842-40792.jpg",740,493,false],"sgg-420":["https:\/\/portal.pi.gov.br\/agrespi\/wp-content\/uploads\/sites\/66\/2026\/01\/lampada-brilhante-em-documentos-financeiros-perto-de-uma-calculadora_633842-40792-420x280.jpg",420,280,true],"sgg-540":["https:\/\/portal.pi.gov.br\/agrespi\/wp-content\/uploads\/sites\/66\/2026\/01\/lampada-brilhante-em-documentos-financeiros-perto-de-uma-calculadora_633842-40792-540x360.jpg",540,360,true],"sgg-780":["https:\/\/portal.pi.gov.br\/agrespi\/wp-content\/uploads\/sites\/66\/2026\/01\/lampada-brilhante-em-documentos-financeiros-perto-de-uma-calculadora_633842-40792.jpg",740,493,false],"1536x1536":["https:\/\/portal.pi.gov.br\/agrespi\/wp-content\/uploads\/sites\/66\/2026\/01\/lampada-brilhante-em-documentos-financeiros-perto-de-uma-calculadora_633842-40792.jpg",740,493,false],"2048x2048":["https:\/\/portal.pi.gov.br\/agrespi\/wp-content\/uploads\/sites\/66\/2026\/01\/lampada-brilhante-em-documentos-financeiros-perto-de-uma-calculadora_633842-40792.jpg",740,493,false],"homepage-slider":["https:\/\/portal.pi.gov.br\/agrespi\/wp-content\/uploads\/sites\/66\/2026\/01\/lampada-brilhante-em-documentos-financeiros-perto-de-uma-calculadora_633842-40792.jpg",740,493,false],"homepage-slider-small":["https:\/\/portal.pi.gov.br\/agrespi\/wp-content\/uploads\/sites\/66\/2026\/01\/lampada-brilhante-em-documentos-financeiros-perto-de-uma-calculadora_633842-40792.jpg",740,493,false],"page-top":["https:\/\/portal.pi.gov.br\/agrespi\/wp-content\/uploads\/sites\/66\/2026\/01\/lampada-brilhante-em-documentos-financeiros-perto-de-uma-calculadora_633842-40792.jpg",740,493,false],"page-small":["https:\/\/portal.pi.gov.br\/agrespi\/wp-content\/uploads\/sites\/66\/2026\/01\/lampada-brilhante-em-documentos-financeiros-perto-de-uma-calculadora_633842-40792-624x416.jpg",624,416,true],"loop-main":["https:\/\/portal.pi.gov.br\/agrespi\/wp-content\/uploads\/sites\/66\/2026\/01\/lampada-brilhante-em-documentos-financeiros-perto-de-uma-calculadora_633842-40792-365x240.jpg",365,240,true],"thumb-gallery-widget":["https:\/\/portal.pi.gov.br\/agrespi\/wp-content\/uploads\/sites\/66\/2026\/01\/lampada-brilhante-em-documentos-financeiros-perto-de-uma-calculadora_633842-40792-84x56.jpg",84,56,true]},"post_excerpt_stackable":"<p>A Ag\u00eancia de Regula\u00e7\u00e3o dos Servi\u00e7os P\u00fablicos Delegados do Estado do Piau\u00ed (Agrespi) apresentou contribui\u00e7\u00e3o t\u00e9cnica \u00e0 Ag\u00eancia Nacional de Energia El\u00e9trica (Aneel) no \u00e2mbito da Consulta P\u00fablica n\u00ba 47\/2025, que discute os crit\u00e9rios para a destina\u00e7\u00e3o de recursos destinados \u00e0 redu\u00e7\u00e3o das tarifas de energia el\u00e9trica nas regi\u00f5es Nordeste e Norte do pa\u00eds, defendendo um modelo de redu\u00e7\u00e3o da tarifa de energia que leve em conta a realidade dos estados do Nordeste, especialmente do Piau\u00ed, onde o custo da energia pesa mais no or\u00e7amento das fam\u00edlias e na atividade econ\u00f4mica. A consulta discute como devem ser usados recursos extraordin\u00e1rios&hellip;<\/p>\n","category_list":"<a href=\"https:\/\/portal.pi.gov.br\/agrespi\/category\/noticias\/\" rel=\"category tag\">Not\u00edcias<\/a>","author_info":{"name":"isadorasousa","url":"https:\/\/portal.pi.gov.br\/agrespi\/author\/isadorasousa\/"},"comments_num":"0 coment\u00e1rio","featured_image_urls_v2":{"full":["https:\/\/portal.pi.gov.br\/agrespi\/wp-content\/uploads\/sites\/66\/2026\/01\/lampada-brilhante-em-documentos-financeiros-perto-de-uma-calculadora_633842-40792.jpg",740,493,false],"thumbnail":["https:\/\/portal.pi.gov.br\/agrespi\/wp-content\/uploads\/sites\/66\/2026\/01\/lampada-brilhante-em-documentos-financeiros-perto-de-uma-calculadora_633842-40792-150x150.jpg",150,150,true],"medium":["https:\/\/portal.pi.gov.br\/agrespi\/wp-content\/uploads\/sites\/66\/2026\/01\/lampada-brilhante-em-documentos-financeiros-perto-de-uma-calculadora_633842-40792-300x200.jpg",300,200,true],"medium_large":["https:\/\/portal.pi.gov.br\/agrespi\/wp-content\/uploads\/sites\/66\/2026\/01\/lampada-brilhante-em-documentos-financeiros-perto-de-uma-calculadora_633842-40792.jpg",740,493,false],"large":["https:\/\/portal.pi.gov.br\/agrespi\/wp-content\/uploads\/sites\/66\/2026\/01\/lampada-brilhante-em-documentos-financeiros-perto-de-uma-calculadora_633842-40792.jpg",740,493,false],"sgg-420":["https:\/\/portal.pi.gov.br\/agrespi\/wp-content\/uploads\/sites\/66\/2026\/01\/lampada-brilhante-em-documentos-financeiros-perto-de-uma-calculadora_633842-40792-420x280.jpg",420,280,true],"sgg-540":["https:\/\/portal.pi.gov.br\/agrespi\/wp-content\/uploads\/sites\/66\/2026\/01\/lampada-brilhante-em-documentos-financeiros-perto-de-uma-calculadora_633842-40792-540x360.jpg",540,360,true],"sgg-780":["https:\/\/portal.pi.gov.br\/agrespi\/wp-content\/uploads\/sites\/66\/2026\/01\/lampada-brilhante-em-documentos-financeiros-perto-de-uma-calculadora_633842-40792.jpg",740,493,false],"1536x1536":["https:\/\/portal.pi.gov.br\/agrespi\/wp-content\/uploads\/sites\/66\/2026\/01\/lampada-brilhante-em-documentos-financeiros-perto-de-uma-calculadora_633842-40792.jpg",740,493,false],"2048x2048":["https:\/\/portal.pi.gov.br\/agrespi\/wp-content\/uploads\/sites\/66\/2026\/01\/lampada-brilhante-em-documentos-financeiros-perto-de-uma-calculadora_633842-40792.jpg",740,493,false],"homepage-slider":["https:\/\/portal.pi.gov.br\/agrespi\/wp-content\/uploads\/sites\/66\/2026\/01\/lampada-brilhante-em-documentos-financeiros-perto-de-uma-calculadora_633842-40792.jpg",740,493,false],"homepage-slider-small":["https:\/\/portal.pi.gov.br\/agrespi\/wp-content\/uploads\/sites\/66\/2026\/01\/lampada-brilhante-em-documentos-financeiros-perto-de-uma-calculadora_633842-40792.jpg",740,493,false],"page-top":["https:\/\/portal.pi.gov.br\/agrespi\/wp-content\/uploads\/sites\/66\/2026\/01\/lampada-brilhante-em-documentos-financeiros-perto-de-uma-calculadora_633842-40792.jpg",740,493,false],"page-small":["https:\/\/portal.pi.gov.br\/agrespi\/wp-content\/uploads\/sites\/66\/2026\/01\/lampada-brilhante-em-documentos-financeiros-perto-de-uma-calculadora_633842-40792-624x416.jpg",624,416,true],"loop-main":["https:\/\/portal.pi.gov.br\/agrespi\/wp-content\/uploads\/sites\/66\/2026\/01\/lampada-brilhante-em-documentos-financeiros-perto-de-uma-calculadora_633842-40792-365x240.jpg",365,240,true],"thumb-gallery-widget":["https:\/\/portal.pi.gov.br\/agrespi\/wp-content\/uploads\/sites\/66\/2026\/01\/lampada-brilhante-em-documentos-financeiros-perto-de-uma-calculadora_633842-40792-84x56.jpg",84,56,true]},"post_excerpt_stackable_v2":"<p>A Ag\u00eancia de Regula\u00e7\u00e3o dos Servi\u00e7os P\u00fablicos Delegados do Estado do Piau\u00ed (Agrespi) apresentou contribui\u00e7\u00e3o t\u00e9cnica \u00e0 Ag\u00eancia Nacional de Energia El\u00e9trica (Aneel) no \u00e2mbito da Consulta P\u00fablica n\u00ba 47\/2025, que discute os crit\u00e9rios para a destina\u00e7\u00e3o de recursos destinados \u00e0 redu\u00e7\u00e3o das tarifas de energia el\u00e9trica nas regi\u00f5es Nordeste e Norte do pa\u00eds, defendendo um modelo de redu\u00e7\u00e3o da tarifa de energia que leve em conta a realidade dos estados do Nordeste, especialmente do Piau\u00ed, onde o custo da energia pesa mais no or\u00e7amento das fam\u00edlias e na atividade econ\u00f4mica. A consulta discute como devem ser usados recursos extraordin\u00e1rios&hellip;<\/p>\n","category_list_v2":"<a href=\"https:\/\/portal.pi.gov.br\/agrespi\/category\/noticias\/\" rel=\"category tag\">Not\u00edcias<\/a>","author_info_v2":{"name":"isadorasousa","url":"https:\/\/portal.pi.gov.br\/agrespi\/author\/isadorasousa\/"},"comments_num_v2":"0 coment\u00e1rio","jetpack_featured_media_url":"https:\/\/portal.pi.gov.br\/agrespi\/wp-content\/uploads\/sites\/66\/2026\/01\/lampada-brilhante-em-documentos-financeiros-perto-de-uma-calculadora_633842-40792.jpg","_links":{"self":[{"href":"https:\/\/portal.pi.gov.br\/agrespi\/wp-json\/wp\/v2\/posts\/3723"}],"collection":[{"href":"https:\/\/portal.pi.gov.br\/agrespi\/wp-json\/wp\/v2\/posts"}],"about":[{"href":"https:\/\/portal.pi.gov.br\/agrespi\/wp-json\/wp\/v2\/types\/post"}],"author":[{"embeddable":true,"href":"https:\/\/portal.pi.gov.br\/agrespi\/wp-json\/wp\/v2\/users\/1837"}],"replies":[{"embeddable":true,"href":"https:\/\/portal.pi.gov.br\/agrespi\/wp-json\/wp\/v2\/comments?post=3723"}],"version-history":[{"count":1,"href":"https:\/\/portal.pi.gov.br\/agrespi\/wp-json\/wp\/v2\/posts\/3723\/revisions"}],"predecessor-version":[{"id":3726,"href":"https:\/\/portal.pi.gov.br\/agrespi\/wp-json\/wp\/v2\/posts\/3723\/revisions\/3726"}],"wp:featuredmedia":[{"embeddable":true,"href":"https:\/\/portal.pi.gov.br\/agrespi\/wp-json\/wp\/v2\/media\/3728"}],"wp:attachment":[{"href":"https:\/\/portal.pi.gov.br\/agrespi\/wp-json\/wp\/v2\/media?parent=3723"}],"wp:term":[{"taxonomy":"category","embeddable":true,"href":"https:\/\/portal.pi.gov.br\/agrespi\/wp-json\/wp\/v2\/categories?post=3723"},{"taxonomy":"post_tag","embeddable":true,"href":"https:\/\/portal.pi.gov.br\/agrespi\/wp-json\/wp\/v2\/tags?post=3723"}],"curies":[{"name":"wp","href":"https:\/\/api.w.org\/{rel}","templated":true}]}}