{"id":3746,"date":"2026-01-09T12:46:58","date_gmt":"2026-01-09T15:46:58","guid":{"rendered":"https:\/\/portal.pi.gov.br\/agrespi\/?p=3746"},"modified":"2026-01-09T12:46:59","modified_gmt":"2026-01-09T15:46:59","slug":"agrespi-acompanha-vistoria-da-anac-no-aeroporto-de-parnaiba","status":"publish","type":"post","link":"https:\/\/portal.pi.gov.br\/agrespi\/2026\/01\/09\/agrespi-acompanha-vistoria-da-anac-no-aeroporto-de-parnaiba\/","title":{"rendered":"Agrespi acompanha vistoria da Anac no Aeroporto de Parna\u00edba"},"content":{"rendered":"\n<p>A Ag\u00eancia de Regula\u00e7\u00e3o dos Servi\u00e7os P\u00fablicos Delegados do Estado do Piau\u00ed (Agrespi) acompanhou, nesta quinta (08) e sexta-feira (09), a vistoria t\u00e9cnica realizada pela Ag\u00eancia Nacional de Avia\u00e7\u00e3o Civil (Anac) no Aeroporto Internacional de Parna\u00edba, no litoral do estado. A atua\u00e7\u00e3o da Ag\u00eancia acontece de forma integrada e tem como foco o monitoramento t\u00e9cnico das discuss\u00f5es relacionadas \u00e0s obras previstas para a pista, sempre observando as regras de seguran\u00e7a da avia\u00e7\u00e3o civil.<\/p>\n\n\n<div class=\"wp-block-image\">\n<figure class=\"aligncenter size-large is-resized\"><img decoding=\"async\" loading=\"lazy\" src=\"https:\/\/portal.pi.gov.br\/agrespi\/wp-content\/uploads\/sites\/66\/2026\/01\/4032-3024-max-1024x768.jpg\" alt=\"\" class=\"wp-image-3748\" width=\"441\" height=\"331\" srcset=\"https:\/\/portal.pi.gov.br\/agrespi\/wp-content\/uploads\/sites\/66\/2026\/01\/4032-3024-max-1024x768.jpg 1024w, https:\/\/portal.pi.gov.br\/agrespi\/wp-content\/uploads\/sites\/66\/2026\/01\/4032-3024-max-300x225.jpg 300w, https:\/\/portal.pi.gov.br\/agrespi\/wp-content\/uploads\/sites\/66\/2026\/01\/4032-3024-max-768x576.jpg 768w, https:\/\/portal.pi.gov.br\/agrespi\/wp-content\/uploads\/sites\/66\/2026\/01\/4032-3024-max-420x315.jpg 420w, https:\/\/portal.pi.gov.br\/agrespi\/wp-content\/uploads\/sites\/66\/2026\/01\/4032-3024-max-540x405.jpg 540w, https:\/\/portal.pi.gov.br\/agrespi\/wp-content\/uploads\/sites\/66\/2026\/01\/4032-3024-max-780x585.jpg 780w, https:\/\/portal.pi.gov.br\/agrespi\/wp-content\/uploads\/sites\/66\/2026\/01\/4032-3024-max-1536x1152.jpg 1536w, https:\/\/portal.pi.gov.br\/agrespi\/wp-content\/uploads\/sites\/66\/2026\/01\/4032-3024-max-2048x1536.jpg 2048w, https:\/\/portal.pi.gov.br\/agrespi\/wp-content\/uploads\/sites\/66\/2026\/01\/4032-3024-max-947x710.jpg 947w, https:\/\/portal.pi.gov.br\/agrespi\/wp-content\/uploads\/sites\/66\/2026\/01\/4032-3024-max-624x468.jpg 624w\" sizes=\"(max-width: 441px) 100vw, 441px\" \/><figcaption class=\"wp-element-caption\">Foto: Ascom Cia Porto Piau\u00ed<\/figcaption><\/figure><\/div>\n\n\n<p>Os trabalhos tiveram in\u00edcio com uma reuni\u00e3o t\u00e9cnica, na qual foram consolidados pontos de an\u00e1lise sobre o planejamento das interven\u00e7\u00f5es na pista e os procedimentos necess\u00e1rios para que eventuais obras ocorram de forma segura e organizada, sem comprometer a opera\u00e7\u00e3o aeroportu\u00e1ria.<\/p>\n\n\n<div class=\"wp-block-image\">\n<figure class=\"aligncenter size-large is-resized\"><img decoding=\"async\" loading=\"lazy\" src=\"https:\/\/portal.pi.gov.br\/agrespi\/wp-content\/uploads\/sites\/66\/2026\/01\/1024-1365-768x1024.jpg\" alt=\"\" class=\"wp-image-3747\" width=\"305\" height=\"406\" srcset=\"https:\/\/portal.pi.gov.br\/agrespi\/wp-content\/uploads\/sites\/66\/2026\/01\/1024-1365-768x1024.jpg 768w, https:\/\/portal.pi.gov.br\/agrespi\/wp-content\/uploads\/sites\/66\/2026\/01\/1024-1365-225x300.jpg 225w, https:\/\/portal.pi.gov.br\/agrespi\/wp-content\/uploads\/sites\/66\/2026\/01\/1024-1365-315x420.jpg 315w, https:\/\/portal.pi.gov.br\/agrespi\/wp-content\/uploads\/sites\/66\/2026\/01\/1024-1365-405x540.jpg 405w, https:\/\/portal.pi.gov.br\/agrespi\/wp-content\/uploads\/sites\/66\/2026\/01\/1024-1365-585x780.jpg 585w, https:\/\/portal.pi.gov.br\/agrespi\/wp-content\/uploads\/sites\/66\/2026\/01\/1024-1365-947x1262.jpg 947w, https:\/\/portal.pi.gov.br\/agrespi\/wp-content\/uploads\/sites\/66\/2026\/01\/1024-1365-624x832.jpg 624w, https:\/\/portal.pi.gov.br\/agrespi\/wp-content\/uploads\/sites\/66\/2026\/01\/1024-1365.jpg 1024w\" sizes=\"(max-width: 305px) 100vw, 305px\" \/><figcaption class=\"wp-element-caption\">Tha\u00eds Araripe (Foto: Ascom Cia Porto Piau\u00ed)<\/figcaption><\/figure><\/div>\n\n\n<p>De acordo com a diretora-geral da Agrespi, Tha\u00eds Araripe, o papel da Ag\u00eancia, neste momento, \u00e9 acompanhar o processo conduzido pela autoridade reguladora da avia\u00e7\u00e3o civil, garantindo transpar\u00eancia e alinhamento institucional.<\/p>\n\n\n\n<p>\u201cA Agrespi est\u00e1 acompanhando a vistoria t\u00e9cnica realizada pela Anac e todo o processo de an\u00e1lise em torno das obras previstas para o aeroporto. Nosso foco \u00e9 assegurar que qualquer interven\u00e7\u00e3o seja feita em conformidade com as normas de seguran\u00e7a, respeitando os procedimentos regulat\u00f3rios e preservando o interesse p\u00fablico\u201d, destacou.<\/p>\n\n\n<div class=\"wp-block-image\">\n<figure class=\"aligncenter size-large is-resized\"><img decoding=\"async\" loading=\"lazy\" src=\"https:\/\/portal.pi.gov.br\/agrespi\/wp-content\/uploads\/sites\/66\/2026\/01\/1024-1365-2-768x1024.jpg\" alt=\"\" class=\"wp-image-3749\" width=\"347\" height=\"462\" srcset=\"https:\/\/portal.pi.gov.br\/agrespi\/wp-content\/uploads\/sites\/66\/2026\/01\/1024-1365-2-768x1024.jpg 768w, https:\/\/portal.pi.gov.br\/agrespi\/wp-content\/uploads\/sites\/66\/2026\/01\/1024-1365-2-225x300.jpg 225w, https:\/\/portal.pi.gov.br\/agrespi\/wp-content\/uploads\/sites\/66\/2026\/01\/1024-1365-2-315x420.jpg 315w, https:\/\/portal.pi.gov.br\/agrespi\/wp-content\/uploads\/sites\/66\/2026\/01\/1024-1365-2-405x540.jpg 405w, https:\/\/portal.pi.gov.br\/agrespi\/wp-content\/uploads\/sites\/66\/2026\/01\/1024-1365-2-585x780.jpg 585w, https:\/\/portal.pi.gov.br\/agrespi\/wp-content\/uploads\/sites\/66\/2026\/01\/1024-1365-2-947x1262.jpg 947w, https:\/\/portal.pi.gov.br\/agrespi\/wp-content\/uploads\/sites\/66\/2026\/01\/1024-1365-2-624x832.jpg 624w, https:\/\/portal.pi.gov.br\/agrespi\/wp-content\/uploads\/sites\/66\/2026\/01\/1024-1365-2.jpg 1024w\" sizes=\"(max-width: 347px) 100vw, 347px\" \/><figcaption class=\"wp-element-caption\">Foto: Ascom Cia Porto Piau\u00ed<\/figcaption><\/figure><\/div>\n\n\n<p>Durante as agendas t\u00e9cnicas, foram discutidos aspectos relacionados ao cronograma das obras, aos procedimentos operacionais durante o per\u00edodo de interven\u00e7\u00f5es e \u00e0s medidas necess\u00e1rias para garantir a seguran\u00e7a das opera\u00e7\u00f5es a\u00e9reas. A execu\u00e7\u00e3o das obras est\u00e1 condicionada ao cumprimento das etapas regulat\u00f3rias previstas, incluindo a publica\u00e7\u00e3o dos avisos operacionais exigidos pela avia\u00e7\u00e3o civil.<\/p>\n\n\n\n<p>Ap\u00f3s a reuni\u00e3o t\u00e9cnica, as equipes realizaram vistorias em pontos espec\u00edficos da pista, especialmente nas \u00e1reas de pouso e decolagem, que concentram maior aten\u00e7\u00e3o do ponto de vista operacional. Tamb\u00e9m est\u00e1 prevista a an\u00e1lise de outros elementos da infraestrutura aeroportu\u00e1ria, como sinaliza\u00e7\u00e3o, ilumina\u00e7\u00e3o e sistemas de comunica\u00e7\u00e3o.<\/p>\n\n\n\n<p>O Aeroporto Internacional de Parna\u00edba \u00e9 um equipamento estrat\u00e9gico para o desenvolvimento do litoral piauiense, com papel fundamental na mobilidade, no turismo e na economia regional. Nos \u00faltimos meses, o terminal registrou crescimento significativo no fluxo de passageiros, refletindo o aumento da procura pelo litoral do estado. Nesse contexto, o acompanhamento t\u00e9cnico das agendas institucionais e das vistorias em curso refor\u00e7a o compromisso da Ag\u00eancia em contribuir para que as opera\u00e7\u00f5es ocorram de forma segura, organizada e alinhada \u00e0s normas da avia\u00e7\u00e3o civil, garantindo a continuidade dos voos e o pleno funcionamento de um ativo essencial para o Piau\u00ed.<\/p>\n","protected":false},"excerpt":{"rendered":"<p>A Ag\u00eancia de Regula\u00e7\u00e3o dos Servi\u00e7os P\u00fablicos Delegados do Estado do Piau\u00ed (Agrespi) acompanhou, nesta quinta (08) e sexta-feira (09), a vistoria t\u00e9cnica realizada pela Ag\u00eancia Nacional de Avia\u00e7\u00e3o Civil [&hellip;]<\/p>\n","protected":false},"author":1837,"featured_media":3750,"comment_status":"closed","ping_status":"closed","sticky":false,"template":"","format":"standard","meta":[],"categories":[1],"tags":[],"featured_image_urls":{"full":["https:\/\/portal.pi.gov.br\/agrespi\/wp-content\/uploads\/sites\/66\/2026\/01\/IMG_1088-scaled.jpg",2560,1921,false],"thumbnail":["https:\/\/portal.pi.gov.br\/agrespi\/wp-content\/uploads\/sites\/66\/2026\/01\/IMG_1088-150x150.jpg",150,150,true],"medium":["https:\/\/portal.pi.gov.br\/agrespi\/wp-content\/uploads\/sites\/66\/2026\/01\/IMG_1088-300x225.jpg",300,225,true],"medium_large":["https:\/\/portal.pi.gov.br\/agrespi\/wp-content\/uploads\/sites\/66\/2026\/01\/IMG_1088-768x576.jpg",768,576,true],"large":["https:\/\/portal.pi.gov.br\/agrespi\/wp-content\/uploads\/sites\/66\/2026\/01\/IMG_1088-1024x768.jpg",887,665,true],"sgg-420":["https:\/\/portal.pi.gov.br\/agrespi\/wp-content\/uploads\/sites\/66\/2026\/01\/IMG_1088-420x315.jpg",420,315,true],"sgg-540":["https:\/\/portal.pi.gov.br\/agrespi\/wp-content\/uploads\/sites\/66\/2026\/01\/IMG_1088-540x405.jpg",540,405,true],"sgg-780":["https:\/\/portal.pi.gov.br\/agrespi\/wp-content\/uploads\/sites\/66\/2026\/01\/IMG_1088-780x585.jpg",780,585,true],"1536x1536":["https:\/\/portal.pi.gov.br\/agrespi\/wp-content\/uploads\/sites\/66\/2026\/01\/IMG_1088-1536x1152.jpg",1536,1152,true],"2048x2048":["https:\/\/portal.pi.gov.br\/agrespi\/wp-content\/uploads\/sites\/66\/2026\/01\/IMG_1088-2048x1537.jpg",2048,1537,true],"homepage-slider":["https:\/\/portal.pi.gov.br\/agrespi\/wp-content\/uploads\/sites\/66\/2026\/01\/IMG_1088-1270x500.jpg",1270,500,true],"homepage-slider-small":["https:\/\/portal.pi.gov.br\/agrespi\/wp-content\/uploads\/sites\/66\/2026\/01\/IMG_1088-947x500.jpg",947,500,true],"page-top":["https:\/\/portal.pi.gov.br\/agrespi\/wp-content\/uploads\/sites\/66\/2026\/01\/IMG_1088-947x710.jpg",947,710,true],"page-small":["https:\/\/portal.pi.gov.br\/agrespi\/wp-content\/uploads\/sites\/66\/2026\/01\/IMG_1088-624x468.jpg",624,468,true],"loop-main":["https:\/\/portal.pi.gov.br\/agrespi\/wp-content\/uploads\/sites\/66\/2026\/01\/IMG_1088-365x240.jpg",365,240,true],"thumb-gallery-widget":["https:\/\/portal.pi.gov.br\/agrespi\/wp-content\/uploads\/sites\/66\/2026\/01\/IMG_1088-84x56.jpg",84,56,true]},"post_excerpt_stackable":"<p>A Ag\u00eancia de Regula\u00e7\u00e3o dos Servi\u00e7os P\u00fablicos Delegados do Estado do Piau\u00ed (Agrespi) acompanhou, nesta quinta (08) e sexta-feira (09), a vistoria t\u00e9cnica realizada pela Ag\u00eancia Nacional de Avia\u00e7\u00e3o Civil (Anac) no Aeroporto Internacional de Parna\u00edba, no litoral do estado. A atua\u00e7\u00e3o da Ag\u00eancia acontece de forma integrada e tem como foco o monitoramento t\u00e9cnico das discuss\u00f5es relacionadas \u00e0s obras previstas para a pista, sempre observando as regras de seguran\u00e7a da avia\u00e7\u00e3o civil. Foto: Ascom Cia Porto Piau\u00ed Os trabalhos tiveram in\u00edcio com uma reuni\u00e3o t\u00e9cnica, na qual foram consolidados pontos de an\u00e1lise sobre o planejamento das interven\u00e7\u00f5es na pista&hellip;<\/p>\n","category_list":"<a href=\"https:\/\/portal.pi.gov.br\/agrespi\/category\/noticias\/\" rel=\"category tag\">Not\u00edcias<\/a>","author_info":{"name":"isadorasousa","url":"https:\/\/portal.pi.gov.br\/agrespi\/author\/isadorasousa\/"},"comments_num":"0 coment\u00e1rio","featured_image_urls_v2":{"full":["https:\/\/portal.pi.gov.br\/agrespi\/wp-content\/uploads\/sites\/66\/2026\/01\/IMG_1088-scaled.jpg",2560,1921,false],"thumbnail":["https:\/\/portal.pi.gov.br\/agrespi\/wp-content\/uploads\/sites\/66\/2026\/01\/IMG_1088-150x150.jpg",150,150,true],"medium":["https:\/\/portal.pi.gov.br\/agrespi\/wp-content\/uploads\/sites\/66\/2026\/01\/IMG_1088-300x225.jpg",300,225,true],"medium_large":["https:\/\/portal.pi.gov.br\/agrespi\/wp-content\/uploads\/sites\/66\/2026\/01\/IMG_1088-768x576.jpg",768,576,true],"large":["https:\/\/portal.pi.gov.br\/agrespi\/wp-content\/uploads\/sites\/66\/2026\/01\/IMG_1088-1024x768.jpg",887,665,true],"sgg-420":["https:\/\/portal.pi.gov.br\/agrespi\/wp-content\/uploads\/sites\/66\/2026\/01\/IMG_1088-420x315.jpg",420,315,true],"sgg-540":["https:\/\/portal.pi.gov.br\/agrespi\/wp-content\/uploads\/sites\/66\/2026\/01\/IMG_1088-540x405.jpg",540,405,true],"sgg-780":["https:\/\/portal.pi.gov.br\/agrespi\/wp-content\/uploads\/sites\/66\/2026\/01\/IMG_1088-780x585.jpg",780,585,true],"1536x1536":["https:\/\/portal.pi.gov.br\/agrespi\/wp-content\/uploads\/sites\/66\/2026\/01\/IMG_1088-1536x1152.jpg",1536,1152,true],"2048x2048":["https:\/\/portal.pi.gov.br\/agrespi\/wp-content\/uploads\/sites\/66\/2026\/01\/IMG_1088-2048x1537.jpg",2048,1537,true],"homepage-slider":["https:\/\/portal.pi.gov.br\/agrespi\/wp-content\/uploads\/sites\/66\/2026\/01\/IMG_1088-1270x500.jpg",1270,500,true],"homepage-slider-small":["https:\/\/portal.pi.gov.br\/agrespi\/wp-content\/uploads\/sites\/66\/2026\/01\/IMG_1088-947x500.jpg",947,500,true],"page-top":["https:\/\/portal.pi.gov.br\/agrespi\/wp-content\/uploads\/sites\/66\/2026\/01\/IMG_1088-947x710.jpg",947,710,true],"page-small":["https:\/\/portal.pi.gov.br\/agrespi\/wp-content\/uploads\/sites\/66\/2026\/01\/IMG_1088-624x468.jpg",624,468,true],"loop-main":["https:\/\/portal.pi.gov.br\/agrespi\/wp-content\/uploads\/sites\/66\/2026\/01\/IMG_1088-365x240.jpg",365,240,true],"thumb-gallery-widget":["https:\/\/portal.pi.gov.br\/agrespi\/wp-content\/uploads\/sites\/66\/2026\/01\/IMG_1088-84x56.jpg",84,56,true]},"post_excerpt_stackable_v2":"<p>A Ag\u00eancia de Regula\u00e7\u00e3o dos Servi\u00e7os P\u00fablicos Delegados do Estado do Piau\u00ed (Agrespi) acompanhou, nesta quinta (08) e sexta-feira (09), a vistoria t\u00e9cnica realizada pela Ag\u00eancia Nacional de Avia\u00e7\u00e3o Civil (Anac) no Aeroporto Internacional de Parna\u00edba, no litoral do estado. A atua\u00e7\u00e3o da Ag\u00eancia acontece de forma integrada e tem como foco o monitoramento t\u00e9cnico das discuss\u00f5es relacionadas \u00e0s obras previstas para a pista, sempre observando as regras de seguran\u00e7a da avia\u00e7\u00e3o civil. Foto: Ascom Cia Porto Piau\u00ed Os trabalhos tiveram in\u00edcio com uma reuni\u00e3o t\u00e9cnica, na qual foram consolidados pontos de an\u00e1lise sobre o planejamento das interven\u00e7\u00f5es na pista&hellip;<\/p>\n","category_list_v2":"<a href=\"https:\/\/portal.pi.gov.br\/agrespi\/category\/noticias\/\" rel=\"category tag\">Not\u00edcias<\/a>","author_info_v2":{"name":"isadorasousa","url":"https:\/\/portal.pi.gov.br\/agrespi\/author\/isadorasousa\/"},"comments_num_v2":"0 coment\u00e1rio","jetpack_featured_media_url":"https:\/\/portal.pi.gov.br\/agrespi\/wp-content\/uploads\/sites\/66\/2026\/01\/IMG_1088-scaled.jpg","_links":{"self":[{"href":"https:\/\/portal.pi.gov.br\/agrespi\/wp-json\/wp\/v2\/posts\/3746"}],"collection":[{"href":"https:\/\/portal.pi.gov.br\/agrespi\/wp-json\/wp\/v2\/posts"}],"about":[{"href":"https:\/\/portal.pi.gov.br\/agrespi\/wp-json\/wp\/v2\/types\/post"}],"author":[{"embeddable":true,"href":"https:\/\/portal.pi.gov.br\/agrespi\/wp-json\/wp\/v2\/users\/1837"}],"replies":[{"embeddable":true,"href":"https:\/\/portal.pi.gov.br\/agrespi\/wp-json\/wp\/v2\/comments?post=3746"}],"version-history":[{"count":1,"href":"https:\/\/portal.pi.gov.br\/agrespi\/wp-json\/wp\/v2\/posts\/3746\/revisions"}],"predecessor-version":[{"id":3751,"href":"https:\/\/portal.pi.gov.br\/agrespi\/wp-json\/wp\/v2\/posts\/3746\/revisions\/3751"}],"wp:featuredmedia":[{"embeddable":true,"href":"https:\/\/portal.pi.gov.br\/agrespi\/wp-json\/wp\/v2\/media\/3750"}],"wp:attachment":[{"href":"https:\/\/portal.pi.gov.br\/agrespi\/wp-json\/wp\/v2\/media?parent=3746"}],"wp:term":[{"taxonomy":"category","embeddable":true,"href":"https:\/\/portal.pi.gov.br\/agrespi\/wp-json\/wp\/v2\/categories?post=3746"},{"taxonomy":"post_tag","embeddable":true,"href":"https:\/\/portal.pi.gov.br\/agrespi\/wp-json\/wp\/v2\/tags?post=3746"}],"curies":[{"name":"wp","href":"https:\/\/api.w.org\/{rel}","templated":true}]}}