{"id":3772,"date":"2026-02-03T16:28:56","date_gmt":"2026-02-03T19:28:56","guid":{"rendered":"https:\/\/portal.pi.gov.br\/agrespi\/?p=3772"},"modified":"2026-02-03T16:30:14","modified_gmt":"2026-02-03T19:30:14","slug":"agrespi-fiscaliza-sistema-de-agua-e-participa-de-audiencia-publica-em-simplicio-mendes","status":"publish","type":"post","link":"https:\/\/portal.pi.gov.br\/agrespi\/2026\/02\/03\/agrespi-fiscaliza-sistema-de-agua-e-participa-de-audiencia-publica-em-simplicio-mendes\/","title":{"rendered":"AGRESPI fiscaliza sistema de \u00e1gua e participa de audi\u00eancia p\u00fablica em Simpl\u00edcio Mendes`"},"content":{"rendered":"\n<p>A Ag\u00eancia de Regula\u00e7\u00e3o dos Servi\u00e7os P\u00fablicos Delegados do Estado do Piau\u00ed (Agrespi) estar\u00e1 em Simpl\u00edcio Mendes nesta quinta-feira, 05, para realizar fiscaliza\u00e7\u00e3o nos ativos de abastecimento de \u00e1gua e esgotamento sanit\u00e1rio do munic\u00edpio e participar da segunda audi\u00eancia p\u00fablica convocada pelo Minist\u00e9rio P\u00fablico.<br><br>A audi\u00eancia, que acontecer\u00e1 \u00e0s 10h, no Audit\u00f3rio Professora Iolanda Ara\u00fajo Brito, da Secretaria Municipal de Educa\u00e7\u00e3o, tem como objetivo apresentar informa\u00e7\u00f5es atualizadas sobre a situa\u00e7\u00e3o do sistema de abastecimento, promover o di\u00e1logo entre autoridades, concession\u00e1ria, lideran\u00e7as comunit\u00e1rias e usu\u00e1rios, al\u00e9m de colher sugest\u00f5es e reclama\u00e7\u00f5es que possam subsidiar provid\u00eancias concretas para a melhoria dos servi\u00e7os.<br><br>Paralelo \u00e0 audi\u00eancia, a equipe t\u00e9cnica da Agrespi realizar\u00e1 vistorias em estruturas e equipamentos do sistema, como forma de subsidiar o trabalho regulat\u00f3rio e fortalecer o acompanhamento da presta\u00e7\u00e3o dos servi\u00e7os no munic\u00edpio.<\/p>\n\n\n<div class=\"wp-block-image\">\n<figure class=\"aligncenter size-full is-resized\"><img decoding=\"async\" loading=\"lazy\" src=\"https:\/\/portal.pi.gov.br\/agrespi\/wp-content\/uploads\/sites\/66\/2026\/02\/819-1024.jpg\" alt=\"\" class=\"wp-image-3785\" width=\"324\" height=\"405\" srcset=\"https:\/\/portal.pi.gov.br\/agrespi\/wp-content\/uploads\/sites\/66\/2026\/02\/819-1024.jpg 819w, https:\/\/portal.pi.gov.br\/agrespi\/wp-content\/uploads\/sites\/66\/2026\/02\/819-1024-240x300.jpg 240w, https:\/\/portal.pi.gov.br\/agrespi\/wp-content\/uploads\/sites\/66\/2026\/02\/819-1024-768x960.jpg 768w, https:\/\/portal.pi.gov.br\/agrespi\/wp-content\/uploads\/sites\/66\/2026\/02\/819-1024-336x420.jpg 336w, https:\/\/portal.pi.gov.br\/agrespi\/wp-content\/uploads\/sites\/66\/2026\/02\/819-1024-432x540.jpg 432w, https:\/\/portal.pi.gov.br\/agrespi\/wp-content\/uploads\/sites\/66\/2026\/02\/819-1024-624x780.jpg 624w\" sizes=\"(max-width: 324px) 100vw, 324px\" \/><figcaption class=\"wp-element-caption\">Foto: Gabriel Paulino<\/figcaption><\/figure><\/div>\n\n\n<p>\u201cNosso papel \u00e9 acompanhar de perto a realidade dos munic\u00edpios, fiscalizar os servi\u00e7os e garantir que as demandas da popula\u00e7\u00e3o sejam registradas, analisadas e encaminhadas dentro dos instrumentos regulat\u00f3rios. A audi\u00eancia p\u00fablica \u00e9 um espa\u00e7o fundamental para esse di\u00e1logo\u201d, destaca Tha\u00eds Araripe, diretora-geral.<br><br>A audi\u00eancia p\u00fablica \u00e9 aberta \u00e0 participa\u00e7\u00e3o de todos os cidad\u00e3os, entidades e representantes de institui\u00e7\u00f5es p\u00fablicas e privadas. Durante o encontro, os participantes poder\u00e3o apresentar manifesta\u00e7\u00f5es orais ou por escrito, conforme as regras estabelecidas no edital.<\/p>\n\n\n<div class=\"wp-block-image\">\n<figure class=\"aligncenter size-large is-resized\"><img decoding=\"async\" loading=\"lazy\" src=\"https:\/\/portal.pi.gov.br\/agrespi\/wp-content\/uploads\/sites\/66\/2026\/01\/DSF2400-1-1024x683.jpg\" alt=\"\" class=\"wp-image-3719\" width=\"478\" height=\"319\" srcset=\"https:\/\/portal.pi.gov.br\/agrespi\/wp-content\/uploads\/sites\/66\/2026\/01\/DSF2400-1-1024x683.jpg 1024w, https:\/\/portal.pi.gov.br\/agrespi\/wp-content\/uploads\/sites\/66\/2026\/01\/DSF2400-1-300x200.jpg 300w, https:\/\/portal.pi.gov.br\/agrespi\/wp-content\/uploads\/sites\/66\/2026\/01\/DSF2400-1-768x512.jpg 768w, https:\/\/portal.pi.gov.br\/agrespi\/wp-content\/uploads\/sites\/66\/2026\/01\/DSF2400-1-420x280.jpg 420w, https:\/\/portal.pi.gov.br\/agrespi\/wp-content\/uploads\/sites\/66\/2026\/01\/DSF2400-1-540x360.jpg 540w, https:\/\/portal.pi.gov.br\/agrespi\/wp-content\/uploads\/sites\/66\/2026\/01\/DSF2400-1-780x520.jpg 780w, https:\/\/portal.pi.gov.br\/agrespi\/wp-content\/uploads\/sites\/66\/2026\/01\/DSF2400-1-1536x1024.jpg 1536w, https:\/\/portal.pi.gov.br\/agrespi\/wp-content\/uploads\/sites\/66\/2026\/01\/DSF2400-1-2048x1365.jpg 2048w, https:\/\/portal.pi.gov.br\/agrespi\/wp-content\/uploads\/sites\/66\/2026\/01\/DSF2400-1-947x631.jpg 947w, https:\/\/portal.pi.gov.br\/agrespi\/wp-content\/uploads\/sites\/66\/2026\/01\/DSF2400-1-624x416.jpg 624w, https:\/\/portal.pi.gov.br\/agrespi\/wp-content\/uploads\/sites\/66\/2026\/01\/DSF2400-1-84x56.jpg 84w\" sizes=\"(max-width: 478px) 100vw, 478px\" \/><figcaption class=\"wp-element-caption\">Diretora de Saneamento, Transporte e Infraestrutura, Estela Miridan<\/figcaption><\/figure><\/div>\n\n\n<p>\u201cEsses momentos permitem alinhar informa\u00e7\u00f5es t\u00e9cnicas, ouvir os usu\u00e1rios e fortalecer a atua\u00e7\u00e3o conjunta entre poder p\u00fablico, concession\u00e1ria e sociedade. A fiscaliza\u00e7\u00e3o em campo \u00e9 essencial para orientar nossas a\u00e7\u00f5es e cobrar melhorias quando necess\u00e1rio\u201d, afirma a diretora de saneamento, transporte e infraestrutura, Estela Miridan.<br><br>A Agrespi refor\u00e7a que a participa\u00e7\u00e3o da popula\u00e7\u00e3o \u00e9 fundamental para o fortalecimento da regula\u00e7\u00e3o e para a constru\u00e7\u00e3o de solu\u00e7\u00f5es que contribuam para a melhoria cont\u00ednua dos servi\u00e7os de abastecimento de \u00e1gua e esgotamento sanit\u00e1rio no munic\u00edpio.<br><\/p>\n","protected":false},"excerpt":{"rendered":"<p>A Ag\u00eancia de Regula\u00e7\u00e3o dos Servi\u00e7os P\u00fablicos Delegados do Estado do Piau\u00ed (Agrespi) estar\u00e1 em Simpl\u00edcio Mendes nesta quinta-feira, 05, para realizar fiscaliza\u00e7\u00e3o nos ativos de abastecimento de \u00e1gua e [&hellip;]<\/p>\n","protected":false},"author":1837,"featured_media":3786,"comment_status":"closed","ping_status":"closed","sticky":false,"template":"","format":"standard","meta":[],"categories":[1],"tags":[],"featured_image_urls":{"full":["https:\/\/portal.pi.gov.br\/agrespi\/wp-content\/uploads\/sites\/66\/2026\/02\/1365-1024.jpg",1365,1024,false],"thumbnail":["https:\/\/portal.pi.gov.br\/agrespi\/wp-content\/uploads\/sites\/66\/2026\/02\/1365-1024-150x150.jpg",150,150,true],"medium":["https:\/\/portal.pi.gov.br\/agrespi\/wp-content\/uploads\/sites\/66\/2026\/02\/1365-1024-300x225.jpg",300,225,true],"medium_large":["https:\/\/portal.pi.gov.br\/agrespi\/wp-content\/uploads\/sites\/66\/2026\/02\/1365-1024-768x576.jpg",768,576,true],"large":["https:\/\/portal.pi.gov.br\/agrespi\/wp-content\/uploads\/sites\/66\/2026\/02\/1365-1024-1024x768.jpg",887,665,true],"sgg-420":["https:\/\/portal.pi.gov.br\/agrespi\/wp-content\/uploads\/sites\/66\/2026\/02\/1365-1024-420x315.jpg",420,315,true],"sgg-540":["https:\/\/portal.pi.gov.br\/agrespi\/wp-content\/uploads\/sites\/66\/2026\/02\/1365-1024-540x405.jpg",540,405,true],"sgg-780":["https:\/\/portal.pi.gov.br\/agrespi\/wp-content\/uploads\/sites\/66\/2026\/02\/1365-1024-780x585.jpg",780,585,true],"1536x1536":["https:\/\/portal.pi.gov.br\/agrespi\/wp-content\/uploads\/sites\/66\/2026\/02\/1365-1024.jpg",1365,1024,false],"2048x2048":["https:\/\/portal.pi.gov.br\/agrespi\/wp-content\/uploads\/sites\/66\/2026\/02\/1365-1024.jpg",1365,1024,false],"homepage-slider":["https:\/\/portal.pi.gov.br\/agrespi\/wp-content\/uploads\/sites\/66\/2026\/02\/1365-1024-1270x500.jpg",1270,500,true],"homepage-slider-small":["https:\/\/portal.pi.gov.br\/agrespi\/wp-content\/uploads\/sites\/66\/2026\/02\/1365-1024-947x500.jpg",947,500,true],"page-top":["https:\/\/portal.pi.gov.br\/agrespi\/wp-content\/uploads\/sites\/66\/2026\/02\/1365-1024-947x710.jpg",947,710,true],"page-small":["https:\/\/portal.pi.gov.br\/agrespi\/wp-content\/uploads\/sites\/66\/2026\/02\/1365-1024-624x468.jpg",624,468,true],"loop-main":["https:\/\/portal.pi.gov.br\/agrespi\/wp-content\/uploads\/sites\/66\/2026\/02\/1365-1024-365x240.jpg",365,240,true],"thumb-gallery-widget":["https:\/\/portal.pi.gov.br\/agrespi\/wp-content\/uploads\/sites\/66\/2026\/02\/1365-1024-84x56.jpg",84,56,true]},"post_excerpt_stackable":"<p>A Ag\u00eancia de Regula\u00e7\u00e3o dos Servi\u00e7os P\u00fablicos Delegados do Estado do Piau\u00ed (Agrespi) estar\u00e1 em Simpl\u00edcio Mendes nesta quinta-feira, 05, para realizar fiscaliza\u00e7\u00e3o nos ativos de abastecimento de \u00e1gua e esgotamento sanit\u00e1rio do munic\u00edpio e participar da segunda audi\u00eancia p\u00fablica convocada pelo Minist\u00e9rio P\u00fablico.A audi\u00eancia, que acontecer\u00e1 \u00e0s 10h, no Audit\u00f3rio Professora Iolanda Ara\u00fajo Brito, da Secretaria Municipal de Educa\u00e7\u00e3o, tem como objetivo apresentar informa\u00e7\u00f5es atualizadas sobre a situa\u00e7\u00e3o do sistema de abastecimento, promover o di\u00e1logo entre autoridades, concession\u00e1ria, lideran\u00e7as comunit\u00e1rias e usu\u00e1rios, al\u00e9m de colher sugest\u00f5es e reclama\u00e7\u00f5es que possam subsidiar provid\u00eancias concretas para a melhoria dos servi\u00e7os.Paralelo \u00e0&hellip;<\/p>\n","category_list":"<a href=\"https:\/\/portal.pi.gov.br\/agrespi\/category\/noticias\/\" rel=\"category tag\">Not\u00edcias<\/a>","author_info":{"name":"isadorasousa","url":"https:\/\/portal.pi.gov.br\/agrespi\/author\/isadorasousa\/"},"comments_num":"0 coment\u00e1rio","featured_image_urls_v2":{"full":["https:\/\/portal.pi.gov.br\/agrespi\/wp-content\/uploads\/sites\/66\/2026\/02\/1365-1024.jpg",1365,1024,false],"thumbnail":["https:\/\/portal.pi.gov.br\/agrespi\/wp-content\/uploads\/sites\/66\/2026\/02\/1365-1024-150x150.jpg",150,150,true],"medium":["https:\/\/portal.pi.gov.br\/agrespi\/wp-content\/uploads\/sites\/66\/2026\/02\/1365-1024-300x225.jpg",300,225,true],"medium_large":["https:\/\/portal.pi.gov.br\/agrespi\/wp-content\/uploads\/sites\/66\/2026\/02\/1365-1024-768x576.jpg",768,576,true],"large":["https:\/\/portal.pi.gov.br\/agrespi\/wp-content\/uploads\/sites\/66\/2026\/02\/1365-1024-1024x768.jpg",887,665,true],"sgg-420":["https:\/\/portal.pi.gov.br\/agrespi\/wp-content\/uploads\/sites\/66\/2026\/02\/1365-1024-420x315.jpg",420,315,true],"sgg-540":["https:\/\/portal.pi.gov.br\/agrespi\/wp-content\/uploads\/sites\/66\/2026\/02\/1365-1024-540x405.jpg",540,405,true],"sgg-780":["https:\/\/portal.pi.gov.br\/agrespi\/wp-content\/uploads\/sites\/66\/2026\/02\/1365-1024-780x585.jpg",780,585,true],"1536x1536":["https:\/\/portal.pi.gov.br\/agrespi\/wp-content\/uploads\/sites\/66\/2026\/02\/1365-1024.jpg",1365,1024,false],"2048x2048":["https:\/\/portal.pi.gov.br\/agrespi\/wp-content\/uploads\/sites\/66\/2026\/02\/1365-1024.jpg",1365,1024,false],"homepage-slider":["https:\/\/portal.pi.gov.br\/agrespi\/wp-content\/uploads\/sites\/66\/2026\/02\/1365-1024-1270x500.jpg",1270,500,true],"homepage-slider-small":["https:\/\/portal.pi.gov.br\/agrespi\/wp-content\/uploads\/sites\/66\/2026\/02\/1365-1024-947x500.jpg",947,500,true],"page-top":["https:\/\/portal.pi.gov.br\/agrespi\/wp-content\/uploads\/sites\/66\/2026\/02\/1365-1024-947x710.jpg",947,710,true],"page-small":["https:\/\/portal.pi.gov.br\/agrespi\/wp-content\/uploads\/sites\/66\/2026\/02\/1365-1024-624x468.jpg",624,468,true],"loop-main":["https:\/\/portal.pi.gov.br\/agrespi\/wp-content\/uploads\/sites\/66\/2026\/02\/1365-1024-365x240.jpg",365,240,true],"thumb-gallery-widget":["https:\/\/portal.pi.gov.br\/agrespi\/wp-content\/uploads\/sites\/66\/2026\/02\/1365-1024-84x56.jpg",84,56,true]},"post_excerpt_stackable_v2":"<p>A Ag\u00eancia de Regula\u00e7\u00e3o dos Servi\u00e7os P\u00fablicos Delegados do Estado do Piau\u00ed (Agrespi) estar\u00e1 em Simpl\u00edcio Mendes nesta quinta-feira, 05, para realizar fiscaliza\u00e7\u00e3o nos ativos de abastecimento de \u00e1gua e esgotamento sanit\u00e1rio do munic\u00edpio e participar da segunda audi\u00eancia p\u00fablica convocada pelo Minist\u00e9rio P\u00fablico.A audi\u00eancia, que acontecer\u00e1 \u00e0s 10h, no Audit\u00f3rio Professora Iolanda Ara\u00fajo Brito, da Secretaria Municipal de Educa\u00e7\u00e3o, tem como objetivo apresentar informa\u00e7\u00f5es atualizadas sobre a situa\u00e7\u00e3o do sistema de abastecimento, promover o di\u00e1logo entre autoridades, concession\u00e1ria, lideran\u00e7as comunit\u00e1rias e usu\u00e1rios, al\u00e9m de colher sugest\u00f5es e reclama\u00e7\u00f5es que possam subsidiar provid\u00eancias concretas para a melhoria dos servi\u00e7os.Paralelo \u00e0&hellip;<\/p>\n","category_list_v2":"<a href=\"https:\/\/portal.pi.gov.br\/agrespi\/category\/noticias\/\" rel=\"category tag\">Not\u00edcias<\/a>","author_info_v2":{"name":"isadorasousa","url":"https:\/\/portal.pi.gov.br\/agrespi\/author\/isadorasousa\/"},"comments_num_v2":"0 coment\u00e1rio","jetpack_featured_media_url":"https:\/\/portal.pi.gov.br\/agrespi\/wp-content\/uploads\/sites\/66\/2026\/02\/1365-1024.jpg","_links":{"self":[{"href":"https:\/\/portal.pi.gov.br\/agrespi\/wp-json\/wp\/v2\/posts\/3772"}],"collection":[{"href":"https:\/\/portal.pi.gov.br\/agrespi\/wp-json\/wp\/v2\/posts"}],"about":[{"href":"https:\/\/portal.pi.gov.br\/agrespi\/wp-json\/wp\/v2\/types\/post"}],"author":[{"embeddable":true,"href":"https:\/\/portal.pi.gov.br\/agrespi\/wp-json\/wp\/v2\/users\/1837"}],"replies":[{"embeddable":true,"href":"https:\/\/portal.pi.gov.br\/agrespi\/wp-json\/wp\/v2\/comments?post=3772"}],"version-history":[{"count":3,"href":"https:\/\/portal.pi.gov.br\/agrespi\/wp-json\/wp\/v2\/posts\/3772\/revisions"}],"predecessor-version":[{"id":3788,"href":"https:\/\/portal.pi.gov.br\/agrespi\/wp-json\/wp\/v2\/posts\/3772\/revisions\/3788"}],"wp:featuredmedia":[{"embeddable":true,"href":"https:\/\/portal.pi.gov.br\/agrespi\/wp-json\/wp\/v2\/media\/3786"}],"wp:attachment":[{"href":"https:\/\/portal.pi.gov.br\/agrespi\/wp-json\/wp\/v2\/media?parent=3772"}],"wp:term":[{"taxonomy":"category","embeddable":true,"href":"https:\/\/portal.pi.gov.br\/agrespi\/wp-json\/wp\/v2\/categories?post=3772"},{"taxonomy":"post_tag","embeddable":true,"href":"https:\/\/portal.pi.gov.br\/agrespi\/wp-json\/wp\/v2\/tags?post=3772"}],"curies":[{"name":"wp","href":"https:\/\/api.w.org\/{rel}","templated":true}]}}