{"id":3908,"date":"2026-03-25T10:27:47","date_gmt":"2026-03-25T13:27:47","guid":{"rendered":"https:\/\/portal.pi.gov.br\/agrespi\/?p=3908"},"modified":"2026-03-25T10:27:48","modified_gmt":"2026-03-25T13:27:48","slug":"tarifa-social-de-agua-avanca-no-piaui-e-pode-garantir-desconto-de-ate-50-para-familias-de-baixa-renda","status":"publish","type":"post","link":"https:\/\/portal.pi.gov.br\/agrespi\/2026\/03\/25\/tarifa-social-de-agua-avanca-no-piaui-e-pode-garantir-desconto-de-ate-50-para-familias-de-baixa-renda\/","title":{"rendered":"Tarifa social de \u00e1gua avan\u00e7a no Piau\u00ed e pode garantir desconto de at\u00e9 50% para fam\u00edlias de baixa renda"},"content":{"rendered":"\n<p>A Ag\u00eancia de Regula\u00e7\u00e3o dos Servi\u00e7os P\u00fablicos Delegados do Estado do Piau\u00ed (Agrespi) alcan\u00e7ou um marco importante na implementa\u00e7\u00e3o da tarifa social de \u00e1gua e esgoto ao integrar a lista positiva divulgada pela Ag\u00eancia Nacional de \u00c1guas e Saneamento B\u00e1sico (ANA). O reconhecimento coloca o Piau\u00ed entre os estados que j\u00e1 avan\u00e7aram no cumprimento da pol\u00edtica nacional e iniciaram as etapas para garantir desconto na conta de \u00e1gua para fam\u00edlias de baixa renda.<\/p>\n\n\n\n<p>No momento, o Piau\u00ed est\u00e1 na fase inicial do processo: a obten\u00e7\u00e3o dos dados do Cadastro \u00danico (Cad\u00danico) e do Benef\u00edcio de Presta\u00e7\u00e3o Continuada (BPC), etapa essencial para identificar quem tem direito ao benef\u00edcio.&nbsp;<\/p>\n\n\n\n<p>Criada pela Lei n\u00ba 14.898\/2024, a tarifa social estabelece desconto de 50% na conta de \u00e1gua e esgoto para fam\u00edlias com renda per capita de at\u00e9 meio sal\u00e1rio-m\u00ednimo, inscritas no Cad\u00danico ou benefici\u00e1rias do BPC, considerando consumo de at\u00e9 15 m\u00b3 mensais.<\/p>\n\n\n<div class=\"wp-block-image\">\n<figure class=\"aligncenter size-large is-resized\"><img decoding=\"async\" loading=\"lazy\" src=\"https:\/\/portal.pi.gov.br\/agrespi\/wp-content\/uploads\/sites\/66\/2026\/02\/1024-1280-max-819x1024.jpg\" alt=\"\" class=\"wp-image-3866\" width=\"244\" height=\"305\" srcset=\"https:\/\/portal.pi.gov.br\/agrespi\/wp-content\/uploads\/sites\/66\/2026\/02\/1024-1280-max-819x1024.jpg 819w, https:\/\/portal.pi.gov.br\/agrespi\/wp-content\/uploads\/sites\/66\/2026\/02\/1024-1280-max-240x300.jpg 240w, https:\/\/portal.pi.gov.br\/agrespi\/wp-content\/uploads\/sites\/66\/2026\/02\/1024-1280-max-768x960.jpg 768w, https:\/\/portal.pi.gov.br\/agrespi\/wp-content\/uploads\/sites\/66\/2026\/02\/1024-1280-max-336x420.jpg 336w, https:\/\/portal.pi.gov.br\/agrespi\/wp-content\/uploads\/sites\/66\/2026\/02\/1024-1280-max-432x540.jpg 432w, https:\/\/portal.pi.gov.br\/agrespi\/wp-content\/uploads\/sites\/66\/2026\/02\/1024-1280-max-624x780.jpg 624w, https:\/\/portal.pi.gov.br\/agrespi\/wp-content\/uploads\/sites\/66\/2026\/02\/1024-1280-max-947x1184.jpg 947w, https:\/\/portal.pi.gov.br\/agrespi\/wp-content\/uploads\/sites\/66\/2026\/02\/1024-1280-max.jpg 1024w\" sizes=\"(max-width: 244px) 100vw, 244px\" \/><figcaption class=\"wp-element-caption\">Tha\u00eds Araripe, Diretora-Geral (Foto: Gabriel Paulino)<\/figcaption><\/figure><\/div>\n\n\n<p>A diretora-geral da Agrespi, Tha\u00eds Araripe, destaca que o avan\u00e7o representa um passo importante para tornar o servi\u00e7o mais acess\u00edvel.<\/p>\n\n\n\n<p>\u201cA tarifa social \u00e9 um instrumento essencial para garantir que o acesso \u00e0 \u00e1gua e ao esgotamento sanit\u00e1rio seja compat\u00edvel com a realidade econ\u00f4mica das fam\u00edlias. Estar em conformidade com a ANA mostra que o Piau\u00ed est\u00e1 no caminho de uma regula\u00e7\u00e3o mais justa, que olha para quem mais precisa\u201d, afirmou.<\/p>\n\n\n\n<p>A implementa\u00e7\u00e3o segue etapas definidas nacionalmente: primeiro, a obten\u00e7\u00e3o dos dados do Cad\u00danico e BPC; depois, a identifica\u00e7\u00e3o dos benefici\u00e1rios eleg\u00edveis; em seguida, a eventual recomposi\u00e7\u00e3o do equil\u00edbrio econ\u00f4mico-financeiro dos contratos; e, por fim, a classifica\u00e7\u00e3o autom\u00e1tica dos usu\u00e1rios na categoria residencial social pelos prestadores.<\/p>\n\n\n<div class=\"wp-block-image is-style-default\">\n<figure class=\"aligncenter size-large is-resized\"><img decoding=\"async\" loading=\"lazy\" src=\"https:\/\/portal.pi.gov.br\/agrespi\/wp-content\/uploads\/sites\/66\/2026\/01\/DSF2400-1-1024x683.jpg\" alt=\"\" class=\"wp-image-3719\" width=\"406\" height=\"271\" srcset=\"https:\/\/portal.pi.gov.br\/agrespi\/wp-content\/uploads\/sites\/66\/2026\/01\/DSF2400-1-1024x683.jpg 1024w, https:\/\/portal.pi.gov.br\/agrespi\/wp-content\/uploads\/sites\/66\/2026\/01\/DSF2400-1-300x200.jpg 300w, https:\/\/portal.pi.gov.br\/agrespi\/wp-content\/uploads\/sites\/66\/2026\/01\/DSF2400-1-768x512.jpg 768w, https:\/\/portal.pi.gov.br\/agrespi\/wp-content\/uploads\/sites\/66\/2026\/01\/DSF2400-1-420x280.jpg 420w, https:\/\/portal.pi.gov.br\/agrespi\/wp-content\/uploads\/sites\/66\/2026\/01\/DSF2400-1-540x360.jpg 540w, https:\/\/portal.pi.gov.br\/agrespi\/wp-content\/uploads\/sites\/66\/2026\/01\/DSF2400-1-780x520.jpg 780w, https:\/\/portal.pi.gov.br\/agrespi\/wp-content\/uploads\/sites\/66\/2026\/01\/DSF2400-1-1536x1024.jpg 1536w, https:\/\/portal.pi.gov.br\/agrespi\/wp-content\/uploads\/sites\/66\/2026\/01\/DSF2400-1-2048x1365.jpg 2048w, https:\/\/portal.pi.gov.br\/agrespi\/wp-content\/uploads\/sites\/66\/2026\/01\/DSF2400-1-947x631.jpg 947w, https:\/\/portal.pi.gov.br\/agrespi\/wp-content\/uploads\/sites\/66\/2026\/01\/DSF2400-1-624x416.jpg 624w, https:\/\/portal.pi.gov.br\/agrespi\/wp-content\/uploads\/sites\/66\/2026\/01\/DSF2400-1-84x56.jpg 84w\" sizes=\"(max-width: 406px) 100vw, 406px\" \/><figcaption class=\"wp-element-caption\">Estela Miridan, Diretora de Saneamento, Transporte e Infraestrutura<\/figcaption><\/figure><\/div>\n\n\n<p>Segundo a diretora de Saneamento da Agrespi, Estela Miridan, essa fase inicial \u00e9 decisiva para a efetividade da pol\u00edtica.<\/p>\n\n\n\n<p>\u201cEsse \u00e9 o momento de estruturar a base de dados que vai permitir identificar corretamente quem tem direito ao benef\u00edcio. \u00c9 um trabalho t\u00e9cnico, que exige integra\u00e7\u00e3o de informa\u00e7\u00f5es e cuidado para que a tarifa social seja aplicada de forma justa, sem distor\u00e7\u00f5es\u201d, explicou.<\/p>\n\n\n\n<p>Al\u00e9m de garantir desconto na conta, a pol\u00edtica tamb\u00e9m enfrenta um desafio hist\u00f3rico: a desigualdade no acesso ao saneamento. No Brasil, a popula\u00e7\u00e3o de menor renda ainda \u00e9 a mais afetada pela falta de \u00e1gua tratada e coleta de esgoto .<\/p>\n\n\n<div class=\"wp-block-image\">\n<figure class=\"aligncenter size-large is-resized\"><img decoding=\"async\" loading=\"lazy\" src=\"https:\/\/portal.pi.gov.br\/agrespi\/wp-content\/uploads\/sites\/66\/2026\/01\/THALIA-768x1024.jpg\" alt=\"\" class=\"wp-image-3717\" width=\"256\" height=\"341\" srcset=\"https:\/\/portal.pi.gov.br\/agrespi\/wp-content\/uploads\/sites\/66\/2026\/01\/THALIA-768x1024.jpg 768w, https:\/\/portal.pi.gov.br\/agrespi\/wp-content\/uploads\/sites\/66\/2026\/01\/THALIA-225x300.jpg 225w, https:\/\/portal.pi.gov.br\/agrespi\/wp-content\/uploads\/sites\/66\/2026\/01\/THALIA-315x420.jpg 315w, https:\/\/portal.pi.gov.br\/agrespi\/wp-content\/uploads\/sites\/66\/2026\/01\/THALIA-405x540.jpg 405w, https:\/\/portal.pi.gov.br\/agrespi\/wp-content\/uploads\/sites\/66\/2026\/01\/THALIA-585x780.jpg 585w, https:\/\/portal.pi.gov.br\/agrespi\/wp-content\/uploads\/sites\/66\/2026\/01\/THALIA-1152x1536.jpg 1152w, https:\/\/portal.pi.gov.br\/agrespi\/wp-content\/uploads\/sites\/66\/2026\/01\/THALIA-1536x2048.jpg 1536w, https:\/\/portal.pi.gov.br\/agrespi\/wp-content\/uploads\/sites\/66\/2026\/01\/THALIA-947x1263.jpg 947w, https:\/\/portal.pi.gov.br\/agrespi\/wp-content\/uploads\/sites\/66\/2026\/01\/THALIA-624x832.jpg 624w, https:\/\/portal.pi.gov.br\/agrespi\/wp-content\/uploads\/sites\/66\/2026\/01\/THALIA-scaled.jpg 1920w\" sizes=\"(max-width: 256px) 100vw, 256px\" \/><figcaption class=\"wp-element-caption\">Th\u00e1lia Gaspar, Gerente de Regula\u00e7\u00e3o Econ\u00f4mica<\/figcaption><\/figure><\/div>\n\n\n<p>A gerente de Regula\u00e7\u00e3o Econ\u00f4mica da Agrespi, Th\u00e1lia Gaspar, refor\u00e7a que a inclus\u00e3o na lista positiva reflete o cumprimento das primeiras etapas regulat\u00f3rias exigidas pela ANA.<\/p>\n\n\n\n<p>\u201cA Ag\u00eancia j\u00e1 realizou o envio das informa\u00e7\u00f5es \u00e0 ANA indicando a fase atual de implementa\u00e7\u00e3o e iniciou os procedimentos relacionados \u00e0 obten\u00e7\u00e3o das bases do Cad\u00danico e do BPC. Essa etapa \u00e9 fundamental para, na sequ\u00eancia, viabilizar a identifica\u00e7\u00e3o dos benefici\u00e1rios e avaliar eventuais impactos econ\u00f4mico-financeiros da aplica\u00e7\u00e3o do benef\u00edcio, conforme previsto na norma de refer\u00eancia\u201d, destacou.<\/p>\n\n\n\n<p>De acordo com a Norma de Refer\u00eancia ANA n\u00ba 13\/2025, os estados e prestadores t\u00eam prazo at\u00e9 julho de 2026 para concluir todas as etapas de implementa\u00e7\u00e3o da tarifa social. A lista positiva divulgada pela ANA acompanha justamente essa evolu\u00e7\u00e3o, reconhecendo os entes que j\u00e1 iniciaram ou conclu\u00edram o processo.<\/p>\n","protected":false},"excerpt":{"rendered":"<p>A Ag\u00eancia de Regula\u00e7\u00e3o dos Servi\u00e7os P\u00fablicos Delegados do Estado do Piau\u00ed (Agrespi) alcan\u00e7ou um marco importante na implementa\u00e7\u00e3o da tarifa social de \u00e1gua e esgoto ao integrar a lista [&hellip;]<\/p>\n","protected":false},"author":1837,"featured_media":3909,"comment_status":"closed","ping_status":"closed","sticky":false,"template":"","format":"standard","meta":[],"categories":[1],"tags":[],"featured_image_urls":{"full":["https:\/\/portal.pi.gov.br\/agrespi\/wp-content\/uploads\/sites\/66\/2026\/03\/agua.png",596,378,false],"thumbnail":["https:\/\/portal.pi.gov.br\/agrespi\/wp-content\/uploads\/sites\/66\/2026\/03\/agua-150x150.png",150,150,true],"medium":["https:\/\/portal.pi.gov.br\/agrespi\/wp-content\/uploads\/sites\/66\/2026\/03\/agua-300x190.png",300,190,true],"medium_large":["https:\/\/portal.pi.gov.br\/agrespi\/wp-content\/uploads\/sites\/66\/2026\/03\/agua.png",596,378,false],"large":["https:\/\/portal.pi.gov.br\/agrespi\/wp-content\/uploads\/sites\/66\/2026\/03\/agua.png",596,378,false],"sgg-420":["https:\/\/portal.pi.gov.br\/agrespi\/wp-content\/uploads\/sites\/66\/2026\/03\/agua-420x266.png",420,266,true],"sgg-540":["https:\/\/portal.pi.gov.br\/agrespi\/wp-content\/uploads\/sites\/66\/2026\/03\/agua-540x342.png",540,342,true],"sgg-780":["https:\/\/portal.pi.gov.br\/agrespi\/wp-content\/uploads\/sites\/66\/2026\/03\/agua.png",596,378,false],"1536x1536":["https:\/\/portal.pi.gov.br\/agrespi\/wp-content\/uploads\/sites\/66\/2026\/03\/agua.png",596,378,false],"2048x2048":["https:\/\/portal.pi.gov.br\/agrespi\/wp-content\/uploads\/sites\/66\/2026\/03\/agua.png",596,378,false],"homepage-slider":["https:\/\/portal.pi.gov.br\/agrespi\/wp-content\/uploads\/sites\/66\/2026\/03\/agua.png",596,378,false],"homepage-slider-small":["https:\/\/portal.pi.gov.br\/agrespi\/wp-content\/uploads\/sites\/66\/2026\/03\/agua.png",596,378,false],"page-top":["https:\/\/portal.pi.gov.br\/agrespi\/wp-content\/uploads\/sites\/66\/2026\/03\/agua.png",596,378,false],"page-small":["https:\/\/portal.pi.gov.br\/agrespi\/wp-content\/uploads\/sites\/66\/2026\/03\/agua.png",596,378,false],"loop-main":["https:\/\/portal.pi.gov.br\/agrespi\/wp-content\/uploads\/sites\/66\/2026\/03\/agua-365x240.png",365,240,true],"thumb-gallery-widget":["https:\/\/portal.pi.gov.br\/agrespi\/wp-content\/uploads\/sites\/66\/2026\/03\/agua-84x56.png",84,56,true]},"post_excerpt_stackable":"<p>A Ag\u00eancia de Regula\u00e7\u00e3o dos Servi\u00e7os P\u00fablicos Delegados do Estado do Piau\u00ed (Agrespi) alcan\u00e7ou um marco importante na implementa\u00e7\u00e3o da tarifa social de \u00e1gua e esgoto ao integrar a lista positiva divulgada pela Ag\u00eancia Nacional de \u00c1guas e Saneamento B\u00e1sico (ANA). O reconhecimento coloca o Piau\u00ed entre os estados que j\u00e1 avan\u00e7aram no cumprimento da pol\u00edtica nacional e iniciaram as etapas para garantir desconto na conta de \u00e1gua para fam\u00edlias de baixa renda. No momento, o Piau\u00ed est\u00e1 na fase inicial do processo: a obten\u00e7\u00e3o dos dados do Cadastro \u00danico (Cad\u00danico) e do Benef\u00edcio de Presta\u00e7\u00e3o Continuada (BPC), etapa essencial&hellip;<\/p>\n","category_list":"<a href=\"https:\/\/portal.pi.gov.br\/agrespi\/category\/noticias\/\" rel=\"category tag\">Not\u00edcias<\/a>","author_info":{"name":"isadorasousa","url":"https:\/\/portal.pi.gov.br\/agrespi\/author\/isadorasousa\/"},"comments_num":"0 coment\u00e1rio","featured_image_urls_v2":{"full":["https:\/\/portal.pi.gov.br\/agrespi\/wp-content\/uploads\/sites\/66\/2026\/03\/agua.png",596,378,false],"thumbnail":["https:\/\/portal.pi.gov.br\/agrespi\/wp-content\/uploads\/sites\/66\/2026\/03\/agua-150x150.png",150,150,true],"medium":["https:\/\/portal.pi.gov.br\/agrespi\/wp-content\/uploads\/sites\/66\/2026\/03\/agua-300x190.png",300,190,true],"medium_large":["https:\/\/portal.pi.gov.br\/agrespi\/wp-content\/uploads\/sites\/66\/2026\/03\/agua.png",596,378,false],"large":["https:\/\/portal.pi.gov.br\/agrespi\/wp-content\/uploads\/sites\/66\/2026\/03\/agua.png",596,378,false],"sgg-420":["https:\/\/portal.pi.gov.br\/agrespi\/wp-content\/uploads\/sites\/66\/2026\/03\/agua-420x266.png",420,266,true],"sgg-540":["https:\/\/portal.pi.gov.br\/agrespi\/wp-content\/uploads\/sites\/66\/2026\/03\/agua-540x342.png",540,342,true],"sgg-780":["https:\/\/portal.pi.gov.br\/agrespi\/wp-content\/uploads\/sites\/66\/2026\/03\/agua.png",596,378,false],"1536x1536":["https:\/\/portal.pi.gov.br\/agrespi\/wp-content\/uploads\/sites\/66\/2026\/03\/agua.png",596,378,false],"2048x2048":["https:\/\/portal.pi.gov.br\/agrespi\/wp-content\/uploads\/sites\/66\/2026\/03\/agua.png",596,378,false],"homepage-slider":["https:\/\/portal.pi.gov.br\/agrespi\/wp-content\/uploads\/sites\/66\/2026\/03\/agua.png",596,378,false],"homepage-slider-small":["https:\/\/portal.pi.gov.br\/agrespi\/wp-content\/uploads\/sites\/66\/2026\/03\/agua.png",596,378,false],"page-top":["https:\/\/portal.pi.gov.br\/agrespi\/wp-content\/uploads\/sites\/66\/2026\/03\/agua.png",596,378,false],"page-small":["https:\/\/portal.pi.gov.br\/agrespi\/wp-content\/uploads\/sites\/66\/2026\/03\/agua.png",596,378,false],"loop-main":["https:\/\/portal.pi.gov.br\/agrespi\/wp-content\/uploads\/sites\/66\/2026\/03\/agua-365x240.png",365,240,true],"thumb-gallery-widget":["https:\/\/portal.pi.gov.br\/agrespi\/wp-content\/uploads\/sites\/66\/2026\/03\/agua-84x56.png",84,56,true]},"post_excerpt_stackable_v2":"<p>A Ag\u00eancia de Regula\u00e7\u00e3o dos Servi\u00e7os P\u00fablicos Delegados do Estado do Piau\u00ed (Agrespi) alcan\u00e7ou um marco importante na implementa\u00e7\u00e3o da tarifa social de \u00e1gua e esgoto ao integrar a lista positiva divulgada pela Ag\u00eancia Nacional de \u00c1guas e Saneamento B\u00e1sico (ANA). O reconhecimento coloca o Piau\u00ed entre os estados que j\u00e1 avan\u00e7aram no cumprimento da pol\u00edtica nacional e iniciaram as etapas para garantir desconto na conta de \u00e1gua para fam\u00edlias de baixa renda. No momento, o Piau\u00ed est\u00e1 na fase inicial do processo: a obten\u00e7\u00e3o dos dados do Cadastro \u00danico (Cad\u00danico) e do Benef\u00edcio de Presta\u00e7\u00e3o Continuada (BPC), etapa essencial&hellip;<\/p>\n","category_list_v2":"<a href=\"https:\/\/portal.pi.gov.br\/agrespi\/category\/noticias\/\" rel=\"category tag\">Not\u00edcias<\/a>","author_info_v2":{"name":"isadorasousa","url":"https:\/\/portal.pi.gov.br\/agrespi\/author\/isadorasousa\/"},"comments_num_v2":"0 coment\u00e1rio","jetpack_featured_media_url":"https:\/\/portal.pi.gov.br\/agrespi\/wp-content\/uploads\/sites\/66\/2026\/03\/agua.png","_links":{"self":[{"href":"https:\/\/portal.pi.gov.br\/agrespi\/wp-json\/wp\/v2\/posts\/3908"}],"collection":[{"href":"https:\/\/portal.pi.gov.br\/agrespi\/wp-json\/wp\/v2\/posts"}],"about":[{"href":"https:\/\/portal.pi.gov.br\/agrespi\/wp-json\/wp\/v2\/types\/post"}],"author":[{"embeddable":true,"href":"https:\/\/portal.pi.gov.br\/agrespi\/wp-json\/wp\/v2\/users\/1837"}],"replies":[{"embeddable":true,"href":"https:\/\/portal.pi.gov.br\/agrespi\/wp-json\/wp\/v2\/comments?post=3908"}],"version-history":[{"count":1,"href":"https:\/\/portal.pi.gov.br\/agrespi\/wp-json\/wp\/v2\/posts\/3908\/revisions"}],"predecessor-version":[{"id":3910,"href":"https:\/\/portal.pi.gov.br\/agrespi\/wp-json\/wp\/v2\/posts\/3908\/revisions\/3910"}],"wp:featuredmedia":[{"embeddable":true,"href":"https:\/\/portal.pi.gov.br\/agrespi\/wp-json\/wp\/v2\/media\/3909"}],"wp:attachment":[{"href":"https:\/\/portal.pi.gov.br\/agrespi\/wp-json\/wp\/v2\/media?parent=3908"}],"wp:term":[{"taxonomy":"category","embeddable":true,"href":"https:\/\/portal.pi.gov.br\/agrespi\/wp-json\/wp\/v2\/categories?post=3908"},{"taxonomy":"post_tag","embeddable":true,"href":"https:\/\/portal.pi.gov.br\/agrespi\/wp-json\/wp\/v2\/tags?post=3908"}],"curies":[{"name":"wp","href":"https:\/\/api.w.org\/{rel}","templated":true}]}}