{"id":3960,"date":"2026-04-27T08:00:00","date_gmt":"2026-04-27T11:00:00","guid":{"rendered":"https:\/\/portal.pi.gov.br\/agrespi\/?p=3960"},"modified":"2026-04-27T08:27:12","modified_gmt":"2026-04-27T11:27:12","slug":"piaui-leva-modelo-que-levou-agua-ao-sertao-para-a-onu","status":"publish","type":"post","link":"https:\/\/portal.pi.gov.br\/agrespi\/2026\/04\/27\/piaui-leva-modelo-que-levou-agua-ao-sertao-para-a-onu\/","title":{"rendered":"Piau\u00ed leva modelo que levou \u00e1gua ao sert\u00e3o para a ONU"},"content":{"rendered":"\n<p><em>O case ser\u00e1 apresentado em sess\u00e3o internacional nesta ter\u00e7a-feira, 28<\/em><\/p>\n\n\n\n<p>O Piau\u00ed ser\u00e1 apresentado ao mundo como exemplo de como pol\u00edticas p\u00fablicas podem transformar realidades e garantir direitos b\u00e1sicos. O case de atendimento \u00e0s popula\u00e7\u00f5es rurais dispersas, estruturado pela Ag\u00eancia de Regula\u00e7\u00e3o dos Servi\u00e7os P\u00fablicos Delegados do Estado do Piau\u00ed (Agrespi), foi selecionado para o 10\u00ba F\u00f3rum Internacional de Parcerias P\u00fablico-Privadas da Comiss\u00e3o Econ\u00f4mica das Na\u00e7\u00f5es Unidas para a Europa (UNECE), que acontece de 27 a 29 de abril de 2026, em Barcelona.<\/p>\n\n\n\n<p>A apresenta\u00e7\u00e3o do projeto piauiense, que acontece nesta ter\u00e7a-feira, 28 de abril, \u00e0s 11h30 (hor\u00e1rio de Barcelona), dentro da <em>Parallel Session 4 \u2013 Showcasing impactful projects<\/em>, integra um grupo seleto de projetos de diversos pa\u00edses, incluindo experi\u00eancias do Brasil, Canad\u00e1, China, Portugal, Espanha e Ucr\u00e2nia. <\/p>\n\n\n\n<p>A sele\u00e7\u00e3o coloca o estado entre experi\u00eancias internacionais consideradas capazes de promover desenvolvimento sustent\u00e1vel, reduzir desigualdades e ampliar o acesso a servi\u00e7os essenciais, um dos principais desafios da agenda global.<\/p>\n\n\n<div class=\"wp-block-image\">\n<figure class=\"aligncenter size-large is-resized\"><img decoding=\"async\" loading=\"lazy\" src=\"https:\/\/portal.pi.gov.br\/agrespi\/wp-content\/uploads\/sites\/66\/2026\/04\/Whats_App_Image_2024_10_30_at_11_59_24_1_985e4c17f1-1920x1280-1-1024x683.jpg\" alt=\"\" class=\"wp-image-3994\" width=\"452\" height=\"301\" srcset=\"https:\/\/portal.pi.gov.br\/agrespi\/wp-content\/uploads\/sites\/66\/2026\/04\/Whats_App_Image_2024_10_30_at_11_59_24_1_985e4c17f1-1920x1280-1-1024x683.jpg 1024w, https:\/\/portal.pi.gov.br\/agrespi\/wp-content\/uploads\/sites\/66\/2026\/04\/Whats_App_Image_2024_10_30_at_11_59_24_1_985e4c17f1-1920x1280-1-300x200.jpg 300w, https:\/\/portal.pi.gov.br\/agrespi\/wp-content\/uploads\/sites\/66\/2026\/04\/Whats_App_Image_2024_10_30_at_11_59_24_1_985e4c17f1-1920x1280-1-768x512.jpg 768w, https:\/\/portal.pi.gov.br\/agrespi\/wp-content\/uploads\/sites\/66\/2026\/04\/Whats_App_Image_2024_10_30_at_11_59_24_1_985e4c17f1-1920x1280-1-420x280.jpg 420w, https:\/\/portal.pi.gov.br\/agrespi\/wp-content\/uploads\/sites\/66\/2026\/04\/Whats_App_Image_2024_10_30_at_11_59_24_1_985e4c17f1-1920x1280-1-540x360.jpg 540w, https:\/\/portal.pi.gov.br\/agrespi\/wp-content\/uploads\/sites\/66\/2026\/04\/Whats_App_Image_2024_10_30_at_11_59_24_1_985e4c17f1-1920x1280-1-780x520.jpg 780w, https:\/\/portal.pi.gov.br\/agrespi\/wp-content\/uploads\/sites\/66\/2026\/04\/Whats_App_Image_2024_10_30_at_11_59_24_1_985e4c17f1-1920x1280-1-1536x1024.jpg 1536w, https:\/\/portal.pi.gov.br\/agrespi\/wp-content\/uploads\/sites\/66\/2026\/04\/Whats_App_Image_2024_10_30_at_11_59_24_1_985e4c17f1-1920x1280-1-947x631.jpg 947w, https:\/\/portal.pi.gov.br\/agrespi\/wp-content\/uploads\/sites\/66\/2026\/04\/Whats_App_Image_2024_10_30_at_11_59_24_1_985e4c17f1-1920x1280-1-624x416.jpg 624w, https:\/\/portal.pi.gov.br\/agrespi\/wp-content\/uploads\/sites\/66\/2026\/04\/Whats_App_Image_2024_10_30_at_11_59_24_1_985e4c17f1-1920x1280-1-84x56.jpg 84w, https:\/\/portal.pi.gov.br\/agrespi\/wp-content\/uploads\/sites\/66\/2026\/04\/Whats_App_Image_2024_10_30_at_11_59_24_1_985e4c17f1-1920x1280-1.jpg 1920w\" sizes=\"(max-width: 452px) 100vw, 452px\" \/><figcaption class=\"wp-element-caption\">Leil\u00e3o da concess\u00e3o de saneamento realizado em 2024 (Foto: Governo do Piau\u00ed)<\/figcaption><\/figure><\/div>\n\n\n<p>O avan\u00e7o tamb\u00e9m reflete uma estrat\u00e9gia de Estado conduzida pelo Governo do Piau\u00ed, sob a lideran\u00e7a do governador Rafael Fonteles, que estruturou a regionaliza\u00e7\u00e3o dos servi\u00e7os de saneamento e viabilizou o contrato de concess\u00e3o respons\u00e1vel pela expans\u00e3o do acesso \u00e0 \u00e1gua no estado. A iniciativa integra um conjunto de pol\u00edticas p\u00fablicas voltadas \u00e0 redu\u00e7\u00e3o das desigualdades e \u00e0 promo\u00e7\u00e3o da dignidade para a popula\u00e7\u00e3o, especialmente nas regi\u00f5es mais vulner\u00e1veis.<\/p>\n\n\n<div class=\"wp-block-image\">\n<figure class=\"aligncenter size-large is-resized\"><img decoding=\"async\" loading=\"lazy\" src=\"https:\/\/portal.pi.gov.br\/agrespi\/wp-content\/uploads\/sites\/66\/2026\/04\/WhatsApp-Image-2026-04-22-at-11.39.13-2-575x1024.jpeg\" alt=\"\" class=\"wp-image-3993\" width=\"181\" height=\"321\" srcset=\"https:\/\/portal.pi.gov.br\/agrespi\/wp-content\/uploads\/sites\/66\/2026\/04\/WhatsApp-Image-2026-04-22-at-11.39.13-2-575x1024.jpeg 575w, https:\/\/portal.pi.gov.br\/agrespi\/wp-content\/uploads\/sites\/66\/2026\/04\/WhatsApp-Image-2026-04-22-at-11.39.13-2-169x300.jpeg 169w, https:\/\/portal.pi.gov.br\/agrespi\/wp-content\/uploads\/sites\/66\/2026\/04\/WhatsApp-Image-2026-04-22-at-11.39.13-2-768x1367.jpeg 768w, https:\/\/portal.pi.gov.br\/agrespi\/wp-content\/uploads\/sites\/66\/2026\/04\/WhatsApp-Image-2026-04-22-at-11.39.13-2-236x420.jpeg 236w, https:\/\/portal.pi.gov.br\/agrespi\/wp-content\/uploads\/sites\/66\/2026\/04\/WhatsApp-Image-2026-04-22-at-11.39.13-2-438x780.jpeg 438w, https:\/\/portal.pi.gov.br\/agrespi\/wp-content\/uploads\/sites\/66\/2026\/04\/WhatsApp-Image-2026-04-22-at-11.39.13-2-863x1536.jpeg 863w, https:\/\/portal.pi.gov.br\/agrespi\/wp-content\/uploads\/sites\/66\/2026\/04\/WhatsApp-Image-2026-04-22-at-11.39.13-2-624x1111.jpeg 624w, https:\/\/portal.pi.gov.br\/agrespi\/wp-content\/uploads\/sites\/66\/2026\/04\/WhatsApp-Image-2026-04-22-at-11.39.13-2.jpeg 899w\" sizes=\"(max-width: 181px) 100vw, 181px\" \/><figcaption class=\"wp-element-caption\">Tha\u00eds Araripe, Diretora-Geral Agrespi (Foto: Ascom \u00c1guas do Piau\u00ed)<\/figcaption><\/figure><\/div>\n\n\n<p>\u201cMais do que um reconhecimento institucional, o destaque internacional refor\u00e7a o impacto direto do projeto na vida de milhares de piauienses que, at\u00e9 pouco tempo, viviam sem acesso regular \u00e0 \u00e1gua. E n\u00e3o para por aqui porque enquanto houver uma fam\u00edlia sem acesso \u00e0 \u00e1gua, o nosso trabalho n\u00e3o para. Esse \u00e9 o compromisso que move a Ag\u00eancia e toda a estrutura constru\u00edda no Piau\u00ed\u201d, enfatizou a diretora-geral da Agrespi, Tha\u00eds Araripe.<\/p>\n\n\n\n<p>O case chama a aten\u00e7\u00e3o justamente por enfrentar um problema hist\u00f3rico: o atendimento \u00e0s popula\u00e7\u00f5es rurais dispersas, \u00e1reas onde as casas s\u00e3o distantes entre si, fora das redes convencionais de abastecimento e saneamento, e onde o modelo tradicional de abastecimento de \u00e1gua e tratamento de esgoto n\u00e3o chega. No Piau\u00ed, esse cen\u00e1rio come\u00e7ou a mudar a partir de uma solu\u00e7\u00e3o inovadora e pioneira, que integrou essas comunidades ao contrato de concess\u00e3o dos servi\u00e7os.<\/p>\n\n\n\n<p>Pela primeira vez no pa\u00eds, um contrato de concess\u00e3o de \u00e1gua e esgoto passou a incluir, de forma estruturada, essas popula\u00e7\u00f5es. Em vez de tentar levar uma rede onde ela n\u00e3o \u00e9 vi\u00e1vel, foi criado um Cat\u00e1logo Integrado de Servi\u00e7os, com solu\u00e7\u00f5es adaptadas \u00e0 realidade local: abastecimento por carro-pipa, cisternas, po\u00e7os, m\u00f3dulos sanit\u00e1rios, fossas s\u00e9pticas e sistemas descentralizados por meio de um mandato de investimento operacional m\u00ednimo de&nbsp;R$ 20 milh\u00f5es por ano.<\/p>\n\n\n<div class=\"wp-block-image\">\n<figure class=\"aligncenter size-large is-resized\"><img decoding=\"async\" loading=\"lazy\" src=\"https:\/\/portal.pi.gov.br\/agrespi\/wp-content\/uploads\/sites\/66\/2026\/01\/DSF2400-1024x683.jpg\" alt=\"\" class=\"wp-image-3718\" width=\"358\" height=\"239\" srcset=\"https:\/\/portal.pi.gov.br\/agrespi\/wp-content\/uploads\/sites\/66\/2026\/01\/DSF2400-1024x683.jpg 1024w, https:\/\/portal.pi.gov.br\/agrespi\/wp-content\/uploads\/sites\/66\/2026\/01\/DSF2400-300x200.jpg 300w, https:\/\/portal.pi.gov.br\/agrespi\/wp-content\/uploads\/sites\/66\/2026\/01\/DSF2400-768x512.jpg 768w, https:\/\/portal.pi.gov.br\/agrespi\/wp-content\/uploads\/sites\/66\/2026\/01\/DSF2400-420x280.jpg 420w, https:\/\/portal.pi.gov.br\/agrespi\/wp-content\/uploads\/sites\/66\/2026\/01\/DSF2400-540x360.jpg 540w, https:\/\/portal.pi.gov.br\/agrespi\/wp-content\/uploads\/sites\/66\/2026\/01\/DSF2400-780x520.jpg 780w, https:\/\/portal.pi.gov.br\/agrespi\/wp-content\/uploads\/sites\/66\/2026\/01\/DSF2400-1536x1024.jpg 1536w, https:\/\/portal.pi.gov.br\/agrespi\/wp-content\/uploads\/sites\/66\/2026\/01\/DSF2400-2048x1365.jpg 2048w, https:\/\/portal.pi.gov.br\/agrespi\/wp-content\/uploads\/sites\/66\/2026\/01\/DSF2400-947x631.jpg 947w, https:\/\/portal.pi.gov.br\/agrespi\/wp-content\/uploads\/sites\/66\/2026\/01\/DSF2400-624x416.jpg 624w, https:\/\/portal.pi.gov.br\/agrespi\/wp-content\/uploads\/sites\/66\/2026\/01\/DSF2400-84x56.jpg 84w\" sizes=\"(max-width: 358px) 100vw, 358px\" \/><figcaption class=\"wp-element-caption\">Estela Miridan, Diretora de Saneamento, Transporte e Infraestrutura (Foto: Ascom Agrespi)<\/figcaption><\/figure><\/div>\n\n\n<p>&#8220;E isso n\u00e3o tem custos para o usu\u00e1rio porque outro diferencial desse contrato \u00e9 o modelo econ\u00f4mico, baseado em subs\u00eddio cruzado chamado de Fator R, em que parte da receita arrecadada nas \u00e1reas urbanas financia o atendimento nas regi\u00f5es rurais, garantindo gratuidade para a popula\u00e7\u00e3o atendida e viabilidade financeira ao projeto&#8221;, explica a diretora de Saneamento, Transporte e Infraestrutura da Agrespi, Estela Miridan. <\/p>\n\n\n\n<p>O funcionamento se d\u00e1 a partir de uma estrutura integrada: os munic\u00edpios e a pr\u00f3pria popula\u00e7\u00e3o identificam as necessidades, a Microrregi\u00e3o de \u00c1gua e Esgoto (MRAE) organiza as demandas, a Agrespi valida e autoriza as a\u00e7\u00f5es utilizando crit\u00e9rios de prioriza\u00e7\u00e3o, como vulnerabilidade econ\u00f4mica, situa\u00e7\u00e3o familiar e g\u00eanero, e a concession\u00e1ria executa os servi\u00e7os.<\/p>\n\n\n<div class=\"wp-block-image\">\n<figure class=\"aligncenter size-large is-resized\"><img decoding=\"async\" loading=\"lazy\" src=\"https:\/\/portal.pi.gov.br\/agrespi\/wp-content\/uploads\/sites\/66\/2026\/04\/A7C08699.jpg-1-1024x683.jpeg\" alt=\"\" class=\"wp-image-3996\" width=\"345\" height=\"230\" srcset=\"https:\/\/portal.pi.gov.br\/agrespi\/wp-content\/uploads\/sites\/66\/2026\/04\/A7C08699.jpg-1-1024x683.jpeg 1024w, https:\/\/portal.pi.gov.br\/agrespi\/wp-content\/uploads\/sites\/66\/2026\/04\/A7C08699.jpg-1-300x200.jpeg 300w, https:\/\/portal.pi.gov.br\/agrespi\/wp-content\/uploads\/sites\/66\/2026\/04\/A7C08699.jpg-1-768x512.jpeg 768w, https:\/\/portal.pi.gov.br\/agrespi\/wp-content\/uploads\/sites\/66\/2026\/04\/A7C08699.jpg-1-420x280.jpeg 420w, https:\/\/portal.pi.gov.br\/agrespi\/wp-content\/uploads\/sites\/66\/2026\/04\/A7C08699.jpg-1-540x360.jpeg 540w, https:\/\/portal.pi.gov.br\/agrespi\/wp-content\/uploads\/sites\/66\/2026\/04\/A7C08699.jpg-1-780x520.jpeg 780w, https:\/\/portal.pi.gov.br\/agrespi\/wp-content\/uploads\/sites\/66\/2026\/04\/A7C08699.jpg-1-1536x1024.jpeg 1536w, https:\/\/portal.pi.gov.br\/agrespi\/wp-content\/uploads\/sites\/66\/2026\/04\/A7C08699.jpg-1-2048x1365.jpeg 2048w, https:\/\/portal.pi.gov.br\/agrespi\/wp-content\/uploads\/sites\/66\/2026\/04\/A7C08699.jpg-1-947x631.jpeg 947w, https:\/\/portal.pi.gov.br\/agrespi\/wp-content\/uploads\/sites\/66\/2026\/04\/A7C08699.jpg-1-624x416.jpeg 624w, https:\/\/portal.pi.gov.br\/agrespi\/wp-content\/uploads\/sites\/66\/2026\/04\/A7C08699.jpg-1-84x56.jpeg 84w\" sizes=\"(max-width: 345px) 100vw, 345px\" \/><figcaption class=\"wp-element-caption\">Lucilaine Medeiros, Diretora-Presidente \u00c1guas do Piau\u00ed (Foto: Ascom \u00c1guas do Piau\u00ed)<\/figcaption><\/figure><\/div>\n\n\n<p>&#8220;Na \u00c1guas do Piau\u00ed, nosso foco \u00e9 levar \u00e1gua, levar dignidade para aqueles que mais precisam. Seja nos grandes centros ou seja nas comunidades mais distantes. E isso exige investimentos, tecnologias e, principalmente, velocidade porque quem tem sede tem pressa&#8221;, afirmou a diretora-presidente da \u00c1guas do Piau\u00ed, Lucilaine Medeiros. <\/p>\n\n\n\n<p>Foi justamente a resposta r\u00e1pida durante a seca extrema de 2025 que colocou o projeto no radar internacional. Com a chamada \u201cseca verde\u201d, caracterizada pela aus\u00eancia de chuvas mesmo durante per\u00edodos tradicionalmente chuvosos, agravaram-se as condi\u00e7\u00f5es de abastecimento em territ\u00f3rios historicamente marcados por escassez h\u00eddrica estrutural, limita\u00e7\u00f5es hidrogeol\u00f3gicas e elevada vulnerabilidade socioecon\u00f4mica e 126 munic\u00edpios piauienses decretaram estado de calamidade. Diante desse cen\u00e1rio, foi ativada a Opera\u00e7\u00e3o Carro-Pipa, com investimento de mais de R$ 6,7 milh\u00f5es, beneficiando 48 munic\u00edpios e mais de 43 mil pessoas em \u00e1reas rurais dispersas.<\/p>\n\n\n<div class=\"wp-block-image\">\n<figure class=\"aligncenter size-large is-resized\"><img decoding=\"async\" loading=\"lazy\" src=\"https:\/\/portal.pi.gov.br\/agrespi\/wp-content\/uploads\/sites\/66\/2026\/04\/2951-2214-max-1024x768.jpg\" alt=\"\" class=\"wp-image-4046\" width=\"-306\" height=\"-229\" srcset=\"https:\/\/portal.pi.gov.br\/agrespi\/wp-content\/uploads\/sites\/66\/2026\/04\/2951-2214-max-1024x768.jpg 1024w, https:\/\/portal.pi.gov.br\/agrespi\/wp-content\/uploads\/sites\/66\/2026\/04\/2951-2214-max-300x225.jpg 300w, https:\/\/portal.pi.gov.br\/agrespi\/wp-content\/uploads\/sites\/66\/2026\/04\/2951-2214-max-768x576.jpg 768w, https:\/\/portal.pi.gov.br\/agrespi\/wp-content\/uploads\/sites\/66\/2026\/04\/2951-2214-max-420x315.jpg 420w, https:\/\/portal.pi.gov.br\/agrespi\/wp-content\/uploads\/sites\/66\/2026\/04\/2951-2214-max-540x405.jpg 540w, https:\/\/portal.pi.gov.br\/agrespi\/wp-content\/uploads\/sites\/66\/2026\/04\/2951-2214-max-780x585.jpg 780w, https:\/\/portal.pi.gov.br\/agrespi\/wp-content\/uploads\/sites\/66\/2026\/04\/2951-2214-max-1536x1152.jpg 1536w, https:\/\/portal.pi.gov.br\/agrespi\/wp-content\/uploads\/sites\/66\/2026\/04\/2951-2214-max-2048x1537.jpg 2048w, https:\/\/portal.pi.gov.br\/agrespi\/wp-content\/uploads\/sites\/66\/2026\/04\/2951-2214-max-947x710.jpg 947w, https:\/\/portal.pi.gov.br\/agrespi\/wp-content\/uploads\/sites\/66\/2026\/04\/2951-2214-max-624x468.jpg 624w\" sizes=\"(max-width: 1024px) 100vw, 1024px\" \/><figcaption class=\"wp-element-caption\">Keicyane Alves, assessora t\u00e9cnica da Diretoria de Saneamento, Transporte e Infraestrutura (Foto: Arquivo Pessoal)<\/figcaption><\/figure><\/div>\n\n\n<p>\u201cA opera\u00e7\u00e3o s\u00f3 foi poss\u00edvel porque j\u00e1 existia uma base regulat\u00f3ria estruturada. O que fizemos foi ativar esses instrumentos de forma mais \u00e1gil, organizando a demanda dos munic\u00edpios, validando tecnicamente cada atendimento e garantindo que a execu\u00e7\u00e3o ocorresse com controle e foco em quem mais precisava\u201d, destaca Keicyane Alves, assessora t\u00e9cnica da Diretoria de Saneamento, Transporte e Infraestrutura da Agrespi. <\/p>\n\n\n\n<p>Para as comunidades atendidas, o impacto foi imediato.<\/p>\n\n\n<div class=\"wp-block-image\">\n<figure class=\"aligncenter size-large is-resized\"><img decoding=\"async\" loading=\"lazy\" src=\"https:\/\/portal.pi.gov.br\/agrespi\/wp-content\/uploads\/sites\/66\/2026\/04\/Captura-de-tela-2026-04-22-115857-1024x489.png\" alt=\"\" class=\"wp-image-3998\" width=\"435\" height=\"208\" srcset=\"https:\/\/portal.pi.gov.br\/agrespi\/wp-content\/uploads\/sites\/66\/2026\/04\/Captura-de-tela-2026-04-22-115857-1024x489.png 1024w, https:\/\/portal.pi.gov.br\/agrespi\/wp-content\/uploads\/sites\/66\/2026\/04\/Captura-de-tela-2026-04-22-115857-300x143.png 300w, https:\/\/portal.pi.gov.br\/agrespi\/wp-content\/uploads\/sites\/66\/2026\/04\/Captura-de-tela-2026-04-22-115857-768x367.png 768w, https:\/\/portal.pi.gov.br\/agrespi\/wp-content\/uploads\/sites\/66\/2026\/04\/Captura-de-tela-2026-04-22-115857-420x201.png 420w, https:\/\/portal.pi.gov.br\/agrespi\/wp-content\/uploads\/sites\/66\/2026\/04\/Captura-de-tela-2026-04-22-115857-540x258.png 540w, https:\/\/portal.pi.gov.br\/agrespi\/wp-content\/uploads\/sites\/66\/2026\/04\/Captura-de-tela-2026-04-22-115857-780x373.png 780w, https:\/\/portal.pi.gov.br\/agrespi\/wp-content\/uploads\/sites\/66\/2026\/04\/Captura-de-tela-2026-04-22-115857-1536x734.png 1536w, https:\/\/portal.pi.gov.br\/agrespi\/wp-content\/uploads\/sites\/66\/2026\/04\/Captura-de-tela-2026-04-22-115857-947x453.png 947w, https:\/\/portal.pi.gov.br\/agrespi\/wp-content\/uploads\/sites\/66\/2026\/04\/Captura-de-tela-2026-04-22-115857-624x298.png 624w, https:\/\/portal.pi.gov.br\/agrespi\/wp-content\/uploads\/sites\/66\/2026\/04\/Captura-de-tela-2026-04-22-115857.png 1917w\" sizes=\"(max-width: 435px) 100vw, 435px\" \/><figcaption class=\"wp-element-caption\">Jos\u00e9 Ger\u00f4nimo, morador de Acau\u00e3 (Foto: Ascom \u00c1guas do Piau\u00ed)<\/figcaption><\/figure><\/div>\n\n\n<p>\u201cAntes n\u00e3o tinha \u00e1gua. Os reservat\u00f3rios estavam secos, a gente n\u00e3o tinha nem pra beber direito. Depois da a\u00e7\u00e3o, come\u00e7ou a chegar \u00e1gua. Hoje a gente tem \u00e1gua pra beber, pra fazer comida, pra viver com mais dignidade.\u201d, resume, com alegria, Jos\u00e9 Ger\u00f4nimo, morador da localidade Barra Data Ing\u00e1, em Acau\u00e3 e um dos beneficiados com a opera\u00e7\u00e3o.<\/p>\n\n\n\n<p>O funcionamento da opera\u00e7\u00e3o depende do engajamento direto dos munic\u00edpios e das comunidades locais. As prefeituras identificam comunidades em situa\u00e7\u00e3o de escassez e encaminham pedidos emergenciais contendo informa\u00e7\u00f5es essenciais, como localiza\u00e7\u00e3o, n\u00famero de fam\u00edlias, coordenadas geogr\u00e1ficas e disponibilidade de cisternas, com apoio de pontos focais locais.<\/p>\n\n\n<div class=\"wp-block-image\">\n<figure class=\"aligncenter size-large is-resized\"><img decoding=\"async\" loading=\"lazy\" src=\"https:\/\/portal.pi.gov.br\/agrespi\/wp-content\/uploads\/sites\/66\/2026\/04\/Captura-de-tela-2026-04-22-115822-1024x485.png\" alt=\"\" class=\"wp-image-3999\" width=\"388\" height=\"183\" srcset=\"https:\/\/portal.pi.gov.br\/agrespi\/wp-content\/uploads\/sites\/66\/2026\/04\/Captura-de-tela-2026-04-22-115822-1024x485.png 1024w, https:\/\/portal.pi.gov.br\/agrespi\/wp-content\/uploads\/sites\/66\/2026\/04\/Captura-de-tela-2026-04-22-115822-300x142.png 300w, https:\/\/portal.pi.gov.br\/agrespi\/wp-content\/uploads\/sites\/66\/2026\/04\/Captura-de-tela-2026-04-22-115822-768x363.png 768w, https:\/\/portal.pi.gov.br\/agrespi\/wp-content\/uploads\/sites\/66\/2026\/04\/Captura-de-tela-2026-04-22-115822-420x199.png 420w, https:\/\/portal.pi.gov.br\/agrespi\/wp-content\/uploads\/sites\/66\/2026\/04\/Captura-de-tela-2026-04-22-115822-540x256.png 540w, https:\/\/portal.pi.gov.br\/agrespi\/wp-content\/uploads\/sites\/66\/2026\/04\/Captura-de-tela-2026-04-22-115822-780x369.png 780w, https:\/\/portal.pi.gov.br\/agrespi\/wp-content\/uploads\/sites\/66\/2026\/04\/Captura-de-tela-2026-04-22-115822-1536x727.png 1536w, https:\/\/portal.pi.gov.br\/agrespi\/wp-content\/uploads\/sites\/66\/2026\/04\/Captura-de-tela-2026-04-22-115822-947x448.png 947w, https:\/\/portal.pi.gov.br\/agrespi\/wp-content\/uploads\/sites\/66\/2026\/04\/Captura-de-tela-2026-04-22-115822-624x295.png 624w, https:\/\/portal.pi.gov.br\/agrespi\/wp-content\/uploads\/sites\/66\/2026\/04\/Captura-de-tela-2026-04-22-115822.png 1919w\" sizes=\"(max-width: 388px) 100vw, 388px\" \/><figcaption class=\"wp-element-caption\">Maria do Patroc\u00ednio, moradore de Pio IX (Foto: Ascom \u00c1guas do Piau\u00ed)<\/figcaption><\/figure><\/div>\n\n\n<p>\u201cQuando a \u00e1gua chegou aqui, melhorou muito porque a gente n\u00e3o precisou mais fazer uma despesa que n\u00e3o tinha condi\u00e7\u00e3o\u201d, conta Maria do Patroc\u00ednio, moradora da comunidade Primavera em Pio IX. <\/p>\n\n\n\n<p>O modelo piauiense chamou aten\u00e7\u00e3o justamente por n\u00e3o depender de solu\u00e7\u00f5es isoladas, mas de um arranjo institucional e regulat\u00f3rio que pode ser adaptado a outros contextos, dentro e fora do Brasil. Na pr\u00e1tica, a Ag\u00eancia deixou de atuar apenas como fiscalizadora e passou a coordenar a resposta com a publica\u00e7\u00e3o da resolu\u00e7\u00e3o 08\/2025, que definiu crit\u00e9rios de prioridade, validou custos, autorizou servi\u00e7os e garantiu controle e transpar\u00eancia de todo o processo e desburocratizou o processo.<\/p>\n\n\n\n<p>Para a diretora-geral da Agrespi, no entanto, o alcance do projeto vai al\u00e9m da infraestrutura.<\/p>\n\n\n\n<p>\u201c\u00c9 garantir que uma m\u00e3e n\u00e3o precise mais caminhar quil\u00f4metros para buscar \u00e1gua. \u00c9 assegurar que uma crian\u00e7a tenha condi\u00e7\u00f5es m\u00ednimas de sa\u00fade e higiene. O que aprendemos \u00e9 que regula\u00e7\u00e3o inteligente, aliada a parcerias bem estruturadas, pode transformar contratos em instrumentos de garantia de direitos.\u201d, finalizou Tha\u00eds Araripe. <\/p>\n\n\n\n<h3 class=\"wp-block-heading\">Como foi a sele\u00e7\u00e3o internacional<\/h3>\n\n\n\n<p>O projeto foi escolhido por meio de uma chamada global da UNECE, que re\u00fane iniciativas de diversos pa\u00edses avaliadas pela metodologia PIERS, voltada \u00e0 mensura\u00e7\u00e3o de impacto em sustentabilidade e desenvolvimento.<\/p>\n\n\n\n<p>Entre os principais crit\u00e9rios considerados est\u00e3o:<\/p>\n\n\n\n<ul>\n<li>Amplia\u00e7\u00e3o do acesso a servi\u00e7os essenciais<\/li>\n\n\n\n<li>Redu\u00e7\u00e3o de desigualdades sociais<\/li>\n\n\n\n<li>Sustentabilidade econ\u00f4mica e financeira<\/li>\n\n\n\n<li>Resili\u00eancia a crises, como eventos clim\u00e1ticos extremos<\/li>\n\n\n\n<li>Possibilidade de replica\u00e7\u00e3o em outros pa\u00edses<\/li>\n<\/ul>\n\n\n\n<p>O reconhecimento internacional tamb\u00e9m se soma a outras conquistas recentes do estado na \u00e1rea de parcerias p\u00fablico-privadas. O Piau\u00ed j\u00e1 havia sido premiado anteriormente com a PPP da Nova Ceasa, destacada pelo seu impacto econ\u00f4mico e modelo de gest\u00e3o.<\/p>\n","protected":false},"excerpt":{"rendered":"<p>O case ser\u00e1 apresentado em sess\u00e3o internacional nesta ter\u00e7a-feira, 28 O Piau\u00ed ser\u00e1 apresentado ao mundo como exemplo de como pol\u00edticas p\u00fablicas podem transformar realidades e garantir direitos b\u00e1sicos. O [&hellip;]<\/p>\n","protected":false},"author":1837,"featured_media":4000,"comment_status":"closed","ping_status":"closed","sticky":false,"template":"","format":"standard","meta":[],"categories":[1],"tags":[],"featured_image_urls":{"full":["https:\/\/portal.pi.gov.br\/agrespi\/wp-content\/uploads\/sites\/66\/2026\/04\/Captura-de-tela-2026-04-22-115750.png",1918,911,false],"thumbnail":["https:\/\/portal.pi.gov.br\/agrespi\/wp-content\/uploads\/sites\/66\/2026\/04\/Captura-de-tela-2026-04-22-115750-150x150.png",150,150,true],"medium":["https:\/\/portal.pi.gov.br\/agrespi\/wp-content\/uploads\/sites\/66\/2026\/04\/Captura-de-tela-2026-04-22-115750-300x142.png",300,142,true],"medium_large":["https:\/\/portal.pi.gov.br\/agrespi\/wp-content\/uploads\/sites\/66\/2026\/04\/Captura-de-tela-2026-04-22-115750-768x365.png",768,365,true],"large":["https:\/\/portal.pi.gov.br\/agrespi\/wp-content\/uploads\/sites\/66\/2026\/04\/Captura-de-tela-2026-04-22-115750-1024x486.png",887,421,true],"sgg-420":["https:\/\/portal.pi.gov.br\/agrespi\/wp-content\/uploads\/sites\/66\/2026\/04\/Captura-de-tela-2026-04-22-115750-420x199.png",420,199,true],"sgg-540":["https:\/\/portal.pi.gov.br\/agrespi\/wp-content\/uploads\/sites\/66\/2026\/04\/Captura-de-tela-2026-04-22-115750-540x256.png",540,256,true],"sgg-780":["https:\/\/portal.pi.gov.br\/agrespi\/wp-content\/uploads\/sites\/66\/2026\/04\/Captura-de-tela-2026-04-22-115750-780x370.png",780,370,true],"1536x1536":["https:\/\/portal.pi.gov.br\/agrespi\/wp-content\/uploads\/sites\/66\/2026\/04\/Captura-de-tela-2026-04-22-115750-1536x730.png",1536,730,true],"2048x2048":["https:\/\/portal.pi.gov.br\/agrespi\/wp-content\/uploads\/sites\/66\/2026\/04\/Captura-de-tela-2026-04-22-115750.png",1918,911,false],"homepage-slider":["https:\/\/portal.pi.gov.br\/agrespi\/wp-content\/uploads\/sites\/66\/2026\/04\/Captura-de-tela-2026-04-22-115750-1270x500.png",1270,500,true],"homepage-slider-small":["https:\/\/portal.pi.gov.br\/agrespi\/wp-content\/uploads\/sites\/66\/2026\/04\/Captura-de-tela-2026-04-22-115750-947x500.png",947,500,true],"page-top":["https:\/\/portal.pi.gov.br\/agrespi\/wp-content\/uploads\/sites\/66\/2026\/04\/Captura-de-tela-2026-04-22-115750-947x450.png",947,450,true],"page-small":["https:\/\/portal.pi.gov.br\/agrespi\/wp-content\/uploads\/sites\/66\/2026\/04\/Captura-de-tela-2026-04-22-115750-624x296.png",624,296,true],"loop-main":["https:\/\/portal.pi.gov.br\/agrespi\/wp-content\/uploads\/sites\/66\/2026\/04\/Captura-de-tela-2026-04-22-115750-365x240.png",365,240,true],"thumb-gallery-widget":["https:\/\/portal.pi.gov.br\/agrespi\/wp-content\/uploads\/sites\/66\/2026\/04\/Captura-de-tela-2026-04-22-115750-84x56.png",84,56,true]},"post_excerpt_stackable":"<p>O case ser\u00e1 apresentado em sess\u00e3o internacional nesta ter\u00e7a-feira, 28 O Piau\u00ed ser\u00e1 apresentado ao mundo como exemplo de como pol\u00edticas p\u00fablicas podem transformar realidades e garantir direitos b\u00e1sicos. O case de atendimento \u00e0s popula\u00e7\u00f5es rurais dispersas, estruturado pela Ag\u00eancia de Regula\u00e7\u00e3o dos Servi\u00e7os P\u00fablicos Delegados do Estado do Piau\u00ed (Agrespi), foi selecionado para o 10\u00ba F\u00f3rum Internacional de Parcerias P\u00fablico-Privadas da Comiss\u00e3o Econ\u00f4mica das Na\u00e7\u00f5es Unidas para a Europa (UNECE), que acontece de 27 a 29 de abril de 2026, em Barcelona. A apresenta\u00e7\u00e3o do projeto piauiense, que acontece nesta ter\u00e7a-feira, 28 de abril, \u00e0s 11h30 (hor\u00e1rio de Barcelona),&hellip;<\/p>\n","category_list":"<a href=\"https:\/\/portal.pi.gov.br\/agrespi\/category\/noticias\/\" rel=\"category tag\">Not\u00edcias<\/a>","author_info":{"name":"isadorasousa","url":"https:\/\/portal.pi.gov.br\/agrespi\/author\/isadorasousa\/"},"comments_num":"0 coment\u00e1rio","featured_image_urls_v2":{"full":["https:\/\/portal.pi.gov.br\/agrespi\/wp-content\/uploads\/sites\/66\/2026\/04\/Captura-de-tela-2026-04-22-115750.png",1918,911,false],"thumbnail":["https:\/\/portal.pi.gov.br\/agrespi\/wp-content\/uploads\/sites\/66\/2026\/04\/Captura-de-tela-2026-04-22-115750-150x150.png",150,150,true],"medium":["https:\/\/portal.pi.gov.br\/agrespi\/wp-content\/uploads\/sites\/66\/2026\/04\/Captura-de-tela-2026-04-22-115750-300x142.png",300,142,true],"medium_large":["https:\/\/portal.pi.gov.br\/agrespi\/wp-content\/uploads\/sites\/66\/2026\/04\/Captura-de-tela-2026-04-22-115750-768x365.png",768,365,true],"large":["https:\/\/portal.pi.gov.br\/agrespi\/wp-content\/uploads\/sites\/66\/2026\/04\/Captura-de-tela-2026-04-22-115750-1024x486.png",887,421,true],"sgg-420":["https:\/\/portal.pi.gov.br\/agrespi\/wp-content\/uploads\/sites\/66\/2026\/04\/Captura-de-tela-2026-04-22-115750-420x199.png",420,199,true],"sgg-540":["https:\/\/portal.pi.gov.br\/agrespi\/wp-content\/uploads\/sites\/66\/2026\/04\/Captura-de-tela-2026-04-22-115750-540x256.png",540,256,true],"sgg-780":["https:\/\/portal.pi.gov.br\/agrespi\/wp-content\/uploads\/sites\/66\/2026\/04\/Captura-de-tela-2026-04-22-115750-780x370.png",780,370,true],"1536x1536":["https:\/\/portal.pi.gov.br\/agrespi\/wp-content\/uploads\/sites\/66\/2026\/04\/Captura-de-tela-2026-04-22-115750-1536x730.png",1536,730,true],"2048x2048":["https:\/\/portal.pi.gov.br\/agrespi\/wp-content\/uploads\/sites\/66\/2026\/04\/Captura-de-tela-2026-04-22-115750.png",1918,911,false],"homepage-slider":["https:\/\/portal.pi.gov.br\/agrespi\/wp-content\/uploads\/sites\/66\/2026\/04\/Captura-de-tela-2026-04-22-115750-1270x500.png",1270,500,true],"homepage-slider-small":["https:\/\/portal.pi.gov.br\/agrespi\/wp-content\/uploads\/sites\/66\/2026\/04\/Captura-de-tela-2026-04-22-115750-947x500.png",947,500,true],"page-top":["https:\/\/portal.pi.gov.br\/agrespi\/wp-content\/uploads\/sites\/66\/2026\/04\/Captura-de-tela-2026-04-22-115750-947x450.png",947,450,true],"page-small":["https:\/\/portal.pi.gov.br\/agrespi\/wp-content\/uploads\/sites\/66\/2026\/04\/Captura-de-tela-2026-04-22-115750-624x296.png",624,296,true],"loop-main":["https:\/\/portal.pi.gov.br\/agrespi\/wp-content\/uploads\/sites\/66\/2026\/04\/Captura-de-tela-2026-04-22-115750-365x240.png",365,240,true],"thumb-gallery-widget":["https:\/\/portal.pi.gov.br\/agrespi\/wp-content\/uploads\/sites\/66\/2026\/04\/Captura-de-tela-2026-04-22-115750-84x56.png",84,56,true]},"post_excerpt_stackable_v2":"<p>O case ser\u00e1 apresentado em sess\u00e3o internacional nesta ter\u00e7a-feira, 28 O Piau\u00ed ser\u00e1 apresentado ao mundo como exemplo de como pol\u00edticas p\u00fablicas podem transformar realidades e garantir direitos b\u00e1sicos. O case de atendimento \u00e0s popula\u00e7\u00f5es rurais dispersas, estruturado pela Ag\u00eancia de Regula\u00e7\u00e3o dos Servi\u00e7os P\u00fablicos Delegados do Estado do Piau\u00ed (Agrespi), foi selecionado para o 10\u00ba F\u00f3rum Internacional de Parcerias P\u00fablico-Privadas da Comiss\u00e3o Econ\u00f4mica das Na\u00e7\u00f5es Unidas para a Europa (UNECE), que acontece de 27 a 29 de abril de 2026, em Barcelona. A apresenta\u00e7\u00e3o do projeto piauiense, que acontece nesta ter\u00e7a-feira, 28 de abril, \u00e0s 11h30 (hor\u00e1rio de Barcelona),&hellip;<\/p>\n","category_list_v2":"<a href=\"https:\/\/portal.pi.gov.br\/agrespi\/category\/noticias\/\" rel=\"category tag\">Not\u00edcias<\/a>","author_info_v2":{"name":"isadorasousa","url":"https:\/\/portal.pi.gov.br\/agrespi\/author\/isadorasousa\/"},"comments_num_v2":"0 coment\u00e1rio","jetpack_featured_media_url":"https:\/\/portal.pi.gov.br\/agrespi\/wp-content\/uploads\/sites\/66\/2026\/04\/Captura-de-tela-2026-04-22-115750.png","_links":{"self":[{"href":"https:\/\/portal.pi.gov.br\/agrespi\/wp-json\/wp\/v2\/posts\/3960"}],"collection":[{"href":"https:\/\/portal.pi.gov.br\/agrespi\/wp-json\/wp\/v2\/posts"}],"about":[{"href":"https:\/\/portal.pi.gov.br\/agrespi\/wp-json\/wp\/v2\/types\/post"}],"author":[{"embeddable":true,"href":"https:\/\/portal.pi.gov.br\/agrespi\/wp-json\/wp\/v2\/users\/1837"}],"replies":[{"embeddable":true,"href":"https:\/\/portal.pi.gov.br\/agrespi\/wp-json\/wp\/v2\/comments?post=3960"}],"version-history":[{"count":5,"href":"https:\/\/portal.pi.gov.br\/agrespi\/wp-json\/wp\/v2\/posts\/3960\/revisions"}],"predecessor-version":[{"id":4047,"href":"https:\/\/portal.pi.gov.br\/agrespi\/wp-json\/wp\/v2\/posts\/3960\/revisions\/4047"}],"wp:featuredmedia":[{"embeddable":true,"href":"https:\/\/portal.pi.gov.br\/agrespi\/wp-json\/wp\/v2\/media\/4000"}],"wp:attachment":[{"href":"https:\/\/portal.pi.gov.br\/agrespi\/wp-json\/wp\/v2\/media?parent=3960"}],"wp:term":[{"taxonomy":"category","embeddable":true,"href":"https:\/\/portal.pi.gov.br\/agrespi\/wp-json\/wp\/v2\/categories?post=3960"},{"taxonomy":"post_tag","embeddable":true,"href":"https:\/\/portal.pi.gov.br\/agrespi\/wp-json\/wp\/v2\/tags?post=3960"}],"curies":[{"name":"wp","href":"https:\/\/api.w.org\/{rel}","templated":true}]}}