{"id":11632,"date":"2026-03-26T13:48:09","date_gmt":"2026-03-26T16:48:09","guid":{"rendered":"https:\/\/portal.pi.gov.br\/cge\/?p=11632"},"modified":"2026-03-26T13:55:38","modified_gmt":"2026-03-26T16:55:38","slug":"servidores-da-seguranca-publica-passam-por-capacitacao-para-aprimorar-gestao-de-informacoes-de-pessoal","status":"publish","type":"post","link":"https:\/\/portal.pi.gov.br\/cge\/2026\/03\/26\/servidores-da-seguranca-publica-passam-por-capacitacao-para-aprimorar-gestao-de-informacoes-de-pessoal\/","title":{"rendered":"Servidores da Seguran\u00e7a P\u00fablica passam por capacita\u00e7\u00e3o para aprimorar gest\u00e3o de informa\u00e7\u00f5es de pessoal"},"content":{"rendered":"\n<p>Servidores da \u00e1rea de recursos humanos e do eSocial da Secretaria da Seguran\u00e7a P\u00fablica do Piau\u00ed participaram de uma capacita\u00e7\u00e3o voltada \u00e0 melhoria da gest\u00e3o de informa\u00e7\u00f5es de pessoal. O treinamento foi realizado pela Diretoria de Desenvolvimento de Pessoas, por meio da Ger\u00eancia do eSocial, da Secretaria da Administra\u00e7\u00e3o (Sead) e integra o desdobramento de reuni\u00f5es estrat\u00e9gicas promovidas em parceria com a Superintend\u00eancia de Controladoria-Geral do Estado.<\/p>\n\n\n\n<p>A iniciativa teve como objetivo qualificar o envio de dados ao eSocial, assegurando maior consist\u00eancia e conformidade com o Programa Receita Social Autorregulariza\u00e7\u00e3o, institu\u00eddo pela Receita Federal do Brasil por meio da Portaria n\u00ba 632\/2025.<\/p>\n\n\n\n<figure class=\"wp-block-image size-large\"><img decoding=\"async\" loading=\"lazy\" width=\"1024\" height=\"768\" src=\"https:\/\/portal.pi.gov.br\/cge\/wp-content\/uploads\/sites\/12\/2026\/03\/IMG_20260326_095649.jpg-1024x768.jpeg\" alt=\"\" class=\"wp-image-11636\" srcset=\"https:\/\/portal.pi.gov.br\/cge\/wp-content\/uploads\/sites\/12\/2026\/03\/IMG_20260326_095649.jpg-1024x768.jpeg 1024w, https:\/\/portal.pi.gov.br\/cge\/wp-content\/uploads\/sites\/12\/2026\/03\/IMG_20260326_095649.jpg-300x225.jpeg 300w, https:\/\/portal.pi.gov.br\/cge\/wp-content\/uploads\/sites\/12\/2026\/03\/IMG_20260326_095649.jpg-768x576.jpeg 768w, https:\/\/portal.pi.gov.br\/cge\/wp-content\/uploads\/sites\/12\/2026\/03\/IMG_20260326_095649.jpg-420x315.jpeg 420w, https:\/\/portal.pi.gov.br\/cge\/wp-content\/uploads\/sites\/12\/2026\/03\/IMG_20260326_095649.jpg-540x405.jpeg 540w, https:\/\/portal.pi.gov.br\/cge\/wp-content\/uploads\/sites\/12\/2026\/03\/IMG_20260326_095649.jpg-780x585.jpeg 780w, https:\/\/portal.pi.gov.br\/cge\/wp-content\/uploads\/sites\/12\/2026\/03\/IMG_20260326_095649.jpg-1536x1152.jpeg 1536w, https:\/\/portal.pi.gov.br\/cge\/wp-content\/uploads\/sites\/12\/2026\/03\/IMG_20260326_095649.jpg-2048x1536.jpeg 2048w, https:\/\/portal.pi.gov.br\/cge\/wp-content\/uploads\/sites\/12\/2026\/03\/IMG_20260326_095649.jpg-947x710.jpeg 947w, https:\/\/portal.pi.gov.br\/cge\/wp-content\/uploads\/sites\/12\/2026\/03\/IMG_20260326_095649.jpg-624x468.jpeg 624w\" sizes=\"(max-width: 1024px) 100vw, 1024px\" \/><\/figure>\n\n\n\n<p>A capacita\u00e7\u00e3o foi realizada em tr\u00eas momentos, nos dias 19, 20 de mar\u00e7o, concluindo nesta quinta-feira (26), com a participa\u00e7\u00e3o de representantes da CGE, entre eles o auditor governamental Marcos Honorato e as colaboradoras Erika Mota e Jana\u00edna Pereira.<\/p>\n\n\n\n<p>Para a Controladora-Geral do Estado, Amparo Esm\u00e9rio, a iniciativa contribui para o aperfei\u00e7oamento dos processos internos e para uma gest\u00e3o mais eficiente, segura e alinhada \u00e0s exig\u00eancias legais. \u201cReconhecemos que \u00e9 algo que precisa melhorar e incentivamos a capacita\u00e7\u00e3o desses servidores para aperfei\u00e7oar a gest\u00e3o das informa\u00e7\u00f5es\u201d, destacou.<\/p>\n\n\n\n<figure class=\"wp-block-image size-large\"><img decoding=\"async\" loading=\"lazy\" width=\"1024\" height=\"768\" src=\"https:\/\/portal.pi.gov.br\/cge\/wp-content\/uploads\/sites\/12\/2026\/03\/WhatsApp-Image-2026-03-20-at-11.51.25-1024x768.jpeg\" alt=\"\" class=\"wp-image-11633\" srcset=\"https:\/\/portal.pi.gov.br\/cge\/wp-content\/uploads\/sites\/12\/2026\/03\/WhatsApp-Image-2026-03-20-at-11.51.25-1024x768.jpeg 1024w, https:\/\/portal.pi.gov.br\/cge\/wp-content\/uploads\/sites\/12\/2026\/03\/WhatsApp-Image-2026-03-20-at-11.51.25-300x225.jpeg 300w, https:\/\/portal.pi.gov.br\/cge\/wp-content\/uploads\/sites\/12\/2026\/03\/WhatsApp-Image-2026-03-20-at-11.51.25-768x576.jpeg 768w, https:\/\/portal.pi.gov.br\/cge\/wp-content\/uploads\/sites\/12\/2026\/03\/WhatsApp-Image-2026-03-20-at-11.51.25-420x315.jpeg 420w, https:\/\/portal.pi.gov.br\/cge\/wp-content\/uploads\/sites\/12\/2026\/03\/WhatsApp-Image-2026-03-20-at-11.51.25-540x405.jpeg 540w, https:\/\/portal.pi.gov.br\/cge\/wp-content\/uploads\/sites\/12\/2026\/03\/WhatsApp-Image-2026-03-20-at-11.51.25-780x585.jpeg 780w, https:\/\/portal.pi.gov.br\/cge\/wp-content\/uploads\/sites\/12\/2026\/03\/WhatsApp-Image-2026-03-20-at-11.51.25-947x710.jpeg 947w, https:\/\/portal.pi.gov.br\/cge\/wp-content\/uploads\/sites\/12\/2026\/03\/WhatsApp-Image-2026-03-20-at-11.51.25-624x468.jpeg 624w, https:\/\/portal.pi.gov.br\/cge\/wp-content\/uploads\/sites\/12\/2026\/03\/WhatsApp-Image-2026-03-20-at-11.51.25.jpeg 1280w\" sizes=\"(max-width: 1024px) 100vw, 1024px\" \/><\/figure>\n\n\n\n<figure class=\"wp-block-image size-large\"><img decoding=\"async\" loading=\"lazy\" width=\"768\" height=\"1024\" src=\"https:\/\/portal.pi.gov.br\/cge\/wp-content\/uploads\/sites\/12\/2026\/03\/WhatsApp-Image-2026-03-20-at-11.51.23-1-768x1024.jpeg\" alt=\"\" class=\"wp-image-11634\" srcset=\"https:\/\/portal.pi.gov.br\/cge\/wp-content\/uploads\/sites\/12\/2026\/03\/WhatsApp-Image-2026-03-20-at-11.51.23-1-768x1024.jpeg 768w, https:\/\/portal.pi.gov.br\/cge\/wp-content\/uploads\/sites\/12\/2026\/03\/WhatsApp-Image-2026-03-20-at-11.51.23-1-225x300.jpeg 225w, https:\/\/portal.pi.gov.br\/cge\/wp-content\/uploads\/sites\/12\/2026\/03\/WhatsApp-Image-2026-03-20-at-11.51.23-1-315x420.jpeg 315w, https:\/\/portal.pi.gov.br\/cge\/wp-content\/uploads\/sites\/12\/2026\/03\/WhatsApp-Image-2026-03-20-at-11.51.23-1-405x540.jpeg 405w, https:\/\/portal.pi.gov.br\/cge\/wp-content\/uploads\/sites\/12\/2026\/03\/WhatsApp-Image-2026-03-20-at-11.51.23-1-585x780.jpeg 585w, https:\/\/portal.pi.gov.br\/cge\/wp-content\/uploads\/sites\/12\/2026\/03\/WhatsApp-Image-2026-03-20-at-11.51.23-1-947x1263.jpeg 947w, https:\/\/portal.pi.gov.br\/cge\/wp-content\/uploads\/sites\/12\/2026\/03\/WhatsApp-Image-2026-03-20-at-11.51.23-1-624x832.jpeg 624w, https:\/\/portal.pi.gov.br\/cge\/wp-content\/uploads\/sites\/12\/2026\/03\/WhatsApp-Image-2026-03-20-at-11.51.23-1.jpeg 960w\" sizes=\"(max-width: 768px) 100vw, 768px\" \/><\/figure>\n","protected":false},"excerpt":{"rendered":"<p>Servidores da \u00e1rea de recursos humanos e do eSocial da Secretaria da Seguran\u00e7a P\u00fablica do Piau\u00ed participaram de uma capacita\u00e7\u00e3o voltada \u00e0 melhoria da gest\u00e3o de informa\u00e7\u00f5es de pessoal. O [&hellip;]<\/p>\n","protected":false},"author":41,"featured_media":11641,"comment_status":"closed","ping_status":"closed","sticky":false,"template":"","format":"standard","meta":[],"categories":[5,39],"tags":[38,108],"featured_image_urls":{"full":["https:\/\/portal.pi.gov.br\/cge\/wp-content\/uploads\/sites\/12\/2026\/03\/CAPA-SITE-2026-18.png",1600,700,false],"thumbnail":["https:\/\/portal.pi.gov.br\/cge\/wp-content\/uploads\/sites\/12\/2026\/03\/CAPA-SITE-2026-18-150x150.png",150,150,true],"medium":["https:\/\/portal.pi.gov.br\/cge\/wp-content\/uploads\/sites\/12\/2026\/03\/CAPA-SITE-2026-18-300x131.png",300,131,true],"medium_large":["https:\/\/portal.pi.gov.br\/cge\/wp-content\/uploads\/sites\/12\/2026\/03\/CAPA-SITE-2026-18-768x336.png",768,336,true],"large":["https:\/\/portal.pi.gov.br\/cge\/wp-content\/uploads\/sites\/12\/2026\/03\/CAPA-SITE-2026-18-1024x448.png",887,388,true],"sgg-420":["https:\/\/portal.pi.gov.br\/cge\/wp-content\/uploads\/sites\/12\/2026\/03\/CAPA-SITE-2026-18-420x184.png",420,184,true],"sgg-540":["https:\/\/portal.pi.gov.br\/cge\/wp-content\/uploads\/sites\/12\/2026\/03\/CAPA-SITE-2026-18-540x236.png",540,236,true],"sgg-780":["https:\/\/portal.pi.gov.br\/cge\/wp-content\/uploads\/sites\/12\/2026\/03\/CAPA-SITE-2026-18-780x341.png",780,341,true],"1536x1536":["https:\/\/portal.pi.gov.br\/cge\/wp-content\/uploads\/sites\/12\/2026\/03\/CAPA-SITE-2026-18-1536x672.png",1536,672,true],"2048x2048":["https:\/\/portal.pi.gov.br\/cge\/wp-content\/uploads\/sites\/12\/2026\/03\/CAPA-SITE-2026-18.png",1600,700,false],"homepage-slider":["https:\/\/portal.pi.gov.br\/cge\/wp-content\/uploads\/sites\/12\/2026\/03\/CAPA-SITE-2026-18-1270x500.png",1270,500,true],"homepage-slider-small":["https:\/\/portal.pi.gov.br\/cge\/wp-content\/uploads\/sites\/12\/2026\/03\/CAPA-SITE-2026-18-947x500.png",947,500,true],"page-top":["https:\/\/portal.pi.gov.br\/cge\/wp-content\/uploads\/sites\/12\/2026\/03\/CAPA-SITE-2026-18-947x414.png",947,414,true],"page-small":["https:\/\/portal.pi.gov.br\/cge\/wp-content\/uploads\/sites\/12\/2026\/03\/CAPA-SITE-2026-18-624x273.png",624,273,true],"loop-main":["https:\/\/portal.pi.gov.br\/cge\/wp-content\/uploads\/sites\/12\/2026\/03\/CAPA-SITE-2026-18-365x240.png",365,240,true],"thumb-gallery-widget":["https:\/\/portal.pi.gov.br\/cge\/wp-content\/uploads\/sites\/12\/2026\/03\/CAPA-SITE-2026-18-84x56.png",84,56,true]},"post_excerpt_stackable":"<p>Servidores da \u00e1rea de recursos humanos e do eSocial da Secretaria da Seguran\u00e7a P\u00fablica do Piau\u00ed participaram de uma capacita\u00e7\u00e3o voltada \u00e0 melhoria da gest\u00e3o de informa\u00e7\u00f5es de pessoal. O treinamento foi realizado pela Diretoria de Desenvolvimento de Pessoas, por meio da Ger\u00eancia do eSocial, da Secretaria da Administra\u00e7\u00e3o (Sead) e integra o desdobramento de reuni\u00f5es estrat\u00e9gicas promovidas em parceria com a Superintend\u00eancia de Controladoria-Geral do Estado. A iniciativa teve como objetivo qualificar o envio de dados ao eSocial, assegurando maior consist\u00eancia e conformidade com o Programa Receita Social Autorregulariza\u00e7\u00e3o, institu\u00eddo pela Receita Federal do Brasil por meio da Portaria&hellip;<\/p>\n","category_list":"<a href=\"https:\/\/portal.pi.gov.br\/cge\/category\/noticias\/\" rel=\"category tag\">Imprensa<\/a>, <a href=\"https:\/\/portal.pi.gov.br\/cge\/category\/noticias\/noticia-destaque\/\" rel=\"category tag\">Not\u00edcia Destaque<\/a>","author_info":{"name":"anavirginia","url":"https:\/\/portal.pi.gov.br\/cge\/author\/anavirginia\/"},"comments_num":"0 coment\u00e1rio","featured_image_urls_v2":{"full":["https:\/\/portal.pi.gov.br\/cge\/wp-content\/uploads\/sites\/12\/2026\/03\/CAPA-SITE-2026-18.png",1600,700,false],"thumbnail":["https:\/\/portal.pi.gov.br\/cge\/wp-content\/uploads\/sites\/12\/2026\/03\/CAPA-SITE-2026-18-150x150.png",150,150,true],"medium":["https:\/\/portal.pi.gov.br\/cge\/wp-content\/uploads\/sites\/12\/2026\/03\/CAPA-SITE-2026-18-300x131.png",300,131,true],"medium_large":["https:\/\/portal.pi.gov.br\/cge\/wp-content\/uploads\/sites\/12\/2026\/03\/CAPA-SITE-2026-18-768x336.png",768,336,true],"large":["https:\/\/portal.pi.gov.br\/cge\/wp-content\/uploads\/sites\/12\/2026\/03\/CAPA-SITE-2026-18-1024x448.png",887,388,true],"sgg-420":["https:\/\/portal.pi.gov.br\/cge\/wp-content\/uploads\/sites\/12\/2026\/03\/CAPA-SITE-2026-18-420x184.png",420,184,true],"sgg-540":["https:\/\/portal.pi.gov.br\/cge\/wp-content\/uploads\/sites\/12\/2026\/03\/CAPA-SITE-2026-18-540x236.png",540,236,true],"sgg-780":["https:\/\/portal.pi.gov.br\/cge\/wp-content\/uploads\/sites\/12\/2026\/03\/CAPA-SITE-2026-18-780x341.png",780,341,true],"1536x1536":["https:\/\/portal.pi.gov.br\/cge\/wp-content\/uploads\/sites\/12\/2026\/03\/CAPA-SITE-2026-18-1536x672.png",1536,672,true],"2048x2048":["https:\/\/portal.pi.gov.br\/cge\/wp-content\/uploads\/sites\/12\/2026\/03\/CAPA-SITE-2026-18.png",1600,700,false],"homepage-slider":["https:\/\/portal.pi.gov.br\/cge\/wp-content\/uploads\/sites\/12\/2026\/03\/CAPA-SITE-2026-18-1270x500.png",1270,500,true],"homepage-slider-small":["https:\/\/portal.pi.gov.br\/cge\/wp-content\/uploads\/sites\/12\/2026\/03\/CAPA-SITE-2026-18-947x500.png",947,500,true],"page-top":["https:\/\/portal.pi.gov.br\/cge\/wp-content\/uploads\/sites\/12\/2026\/03\/CAPA-SITE-2026-18-947x414.png",947,414,true],"page-small":["https:\/\/portal.pi.gov.br\/cge\/wp-content\/uploads\/sites\/12\/2026\/03\/CAPA-SITE-2026-18-624x273.png",624,273,true],"loop-main":["https:\/\/portal.pi.gov.br\/cge\/wp-content\/uploads\/sites\/12\/2026\/03\/CAPA-SITE-2026-18-365x240.png",365,240,true],"thumb-gallery-widget":["https:\/\/portal.pi.gov.br\/cge\/wp-content\/uploads\/sites\/12\/2026\/03\/CAPA-SITE-2026-18-84x56.png",84,56,true]},"post_excerpt_stackable_v2":"<p>Servidores da \u00e1rea de recursos humanos e do eSocial da Secretaria da Seguran\u00e7a P\u00fablica do Piau\u00ed participaram de uma capacita\u00e7\u00e3o voltada \u00e0 melhoria da gest\u00e3o de informa\u00e7\u00f5es de pessoal. O treinamento foi realizado pela Diretoria de Desenvolvimento de Pessoas, por meio da Ger\u00eancia do eSocial, da Secretaria da Administra\u00e7\u00e3o (Sead) e integra o desdobramento de reuni\u00f5es estrat\u00e9gicas promovidas em parceria com a Superintend\u00eancia de Controladoria-Geral do Estado. A iniciativa teve como objetivo qualificar o envio de dados ao eSocial, assegurando maior consist\u00eancia e conformidade com o Programa Receita Social Autorregulariza\u00e7\u00e3o, institu\u00eddo pela Receita Federal do Brasil por meio da Portaria&hellip;<\/p>\n","category_list_v2":"<a href=\"https:\/\/portal.pi.gov.br\/cge\/category\/noticias\/\" rel=\"category tag\">Imprensa<\/a>, <a href=\"https:\/\/portal.pi.gov.br\/cge\/category\/noticias\/noticia-destaque\/\" rel=\"category tag\">Not\u00edcia Destaque<\/a>","author_info_v2":{"name":"anavirginia","url":"https:\/\/portal.pi.gov.br\/cge\/author\/anavirginia\/"},"comments_num_v2":"0 coment\u00e1rio","jetpack_sharing_enabled":true,"jetpack_featured_media_url":"https:\/\/portal.pi.gov.br\/cge\/wp-content\/uploads\/sites\/12\/2026\/03\/CAPA-SITE-2026-18.png","_links":{"self":[{"href":"https:\/\/portal.pi.gov.br\/cge\/wp-json\/wp\/v2\/posts\/11632"}],"collection":[{"href":"https:\/\/portal.pi.gov.br\/cge\/wp-json\/wp\/v2\/posts"}],"about":[{"href":"https:\/\/portal.pi.gov.br\/cge\/wp-json\/wp\/v2\/types\/post"}],"author":[{"embeddable":true,"href":"https:\/\/portal.pi.gov.br\/cge\/wp-json\/wp\/v2\/users\/41"}],"replies":[{"embeddable":true,"href":"https:\/\/portal.pi.gov.br\/cge\/wp-json\/wp\/v2\/comments?post=11632"}],"version-history":[{"count":3,"href":"https:\/\/portal.pi.gov.br\/cge\/wp-json\/wp\/v2\/posts\/11632\/revisions"}],"predecessor-version":[{"id":11640,"href":"https:\/\/portal.pi.gov.br\/cge\/wp-json\/wp\/v2\/posts\/11632\/revisions\/11640"}],"wp:featuredmedia":[{"embeddable":true,"href":"https:\/\/portal.pi.gov.br\/cge\/wp-json\/wp\/v2\/media\/11641"}],"wp:attachment":[{"href":"https:\/\/portal.pi.gov.br\/cge\/wp-json\/wp\/v2\/media?parent=11632"}],"wp:term":[{"taxonomy":"category","embeddable":true,"href":"https:\/\/portal.pi.gov.br\/cge\/wp-json\/wp\/v2\/categories?post=11632"},{"taxonomy":"post_tag","embeddable":true,"href":"https:\/\/portal.pi.gov.br\/cge\/wp-json\/wp\/v2\/tags?post=11632"}],"curies":[{"name":"wp","href":"https:\/\/api.w.org\/{rel}","templated":true}]}}