{"id":11809,"date":"2026-04-23T13:56:34","date_gmt":"2026-04-23T16:56:34","guid":{"rendered":"https:\/\/portal.pi.gov.br\/cge\/?p=11809"},"modified":"2026-04-23T13:56:36","modified_gmt":"2026-04-23T16:56:36","slug":"cge-conclui-ultima-turma-do-semestre-do-curso-reajuste-de-contratos-administrativos-2026","status":"publish","type":"post","link":"https:\/\/portal.pi.gov.br\/cge\/2026\/04\/23\/cge-conclui-ultima-turma-do-semestre-do-curso-reajuste-de-contratos-administrativos-2026\/","title":{"rendered":"CGE conclui \u00faltima turma do semestre do curso Reajuste de Contratos Administrativos &#8211; 2026"},"content":{"rendered":"\n<figure class=\"wp-block-image size-large\"><img decoding=\"async\" loading=\"lazy\" width=\"1024\" height=\"448\" src=\"https:\/\/portal.pi.gov.br\/cge\/wp-content\/uploads\/sites\/12\/2026\/04\/2-6-1024x448.png\" alt=\"\" class=\"wp-image-11813\" srcset=\"https:\/\/portal.pi.gov.br\/cge\/wp-content\/uploads\/sites\/12\/2026\/04\/2-6-1024x448.png 1024w, https:\/\/portal.pi.gov.br\/cge\/wp-content\/uploads\/sites\/12\/2026\/04\/2-6-300x131.png 300w, https:\/\/portal.pi.gov.br\/cge\/wp-content\/uploads\/sites\/12\/2026\/04\/2-6-768x336.png 768w, https:\/\/portal.pi.gov.br\/cge\/wp-content\/uploads\/sites\/12\/2026\/04\/2-6-420x184.png 420w, https:\/\/portal.pi.gov.br\/cge\/wp-content\/uploads\/sites\/12\/2026\/04\/2-6-540x236.png 540w, https:\/\/portal.pi.gov.br\/cge\/wp-content\/uploads\/sites\/12\/2026\/04\/2-6-780x341.png 780w, https:\/\/portal.pi.gov.br\/cge\/wp-content\/uploads\/sites\/12\/2026\/04\/2-6-1536x672.png 1536w, https:\/\/portal.pi.gov.br\/cge\/wp-content\/uploads\/sites\/12\/2026\/04\/2-6-2048x896.png 2048w, https:\/\/portal.pi.gov.br\/cge\/wp-content\/uploads\/sites\/12\/2026\/04\/2-6-947x414.png 947w, https:\/\/portal.pi.gov.br\/cge\/wp-content\/uploads\/sites\/12\/2026\/04\/2-6-624x273.png 624w\" sizes=\"(max-width: 1024px) 100vw, 1024px\" \/><\/figure>\n\n\n\n<p>Nesta quinta-feira (23), a Secretaria da Fazenda do Piau\u00ed (Sefaz), por meio da Superintend\u00eancia de Controladoria-Geral do Estado do Piau\u00ed (CGE), realizou, na Sala de Treinamentos do \u00f3rg\u00e3o, a \u00faltima turma do semenstte, do Curso Reajuste de Contratos Administrativos, em 2026.<\/p>\n\n\n\n<p>A capacita\u00e7\u00e3o, ministrada pelo auditor governamental Lauro Leal, reuniu servidores interessados em aprofundar conhecimentos sobre este tema bastante recorrente na rotina da administra\u00e7\u00e3o p\u00fablica. Durante a manh\u00e3, foram abordados aspectos te\u00f3ricos e pr\u00e1ticos essenciais para a correta aplica\u00e7\u00e3o dos \u00edndices de reajuste, al\u00e9m da an\u00e1lise de situa\u00e7\u00f5es que ainda geram d\u00favidas na gest\u00e3o contratual.<\/p>\n\n\n\n<p>De acordo com o auditor, o encontro foi marcado por troca de experi\u00eancias e debates produtivos, abordando os principais conceitos normativos que regem o tema, especialmente no \u00e2mbito do Estado. \u201cNosso objetivo foi garantir que todos compreendam os conceitos normativos que regem o tema, especialmente no \u00e2mbito do Estado, e saibam calcular corretamente o \u00edndice de reajuste, considerando seus efeitos financeiros, os valores de incid\u00eancia e os marcos aplic\u00e1veis. Portanto, foi uma manh\u00e3 proveitosa e espero que tenha sido \u00fatil para todos\u201d, destacou Lauro Leal.<\/p>\n\n\n\n<p>Al\u00e9m dos aspectos t\u00e9cnicos, o curso tamb\u00e9m abriu espa\u00e7o para a discuss\u00e3o de casos pr\u00e1ticos enfrentados pelos servidores no dia a dia, contribuindo para uma atua\u00e7\u00e3o mais segura e alinhada \u00e0s normas vigentes.<\/p>\n","protected":false},"excerpt":{"rendered":"<p>Nesta quinta-feira (23), a Secretaria da Fazenda do Piau\u00ed (Sefaz), por meio da Superintend\u00eancia de Controladoria-Geral do Estado do Piau\u00ed (CGE), realizou, na Sala de Treinamentos do \u00f3rg\u00e3o, a \u00faltima [&hellip;]<\/p>\n","protected":false},"author":1828,"featured_media":11814,"comment_status":"closed","ping_status":"closed","sticky":false,"template":"","format":"standard","meta":[],"categories":[5,39,364],"tags":[],"featured_image_urls":{"full":["https:\/\/portal.pi.gov.br\/cge\/wp-content\/uploads\/sites\/12\/2026\/04\/1-6.png",2800,1225,false],"thumbnail":["https:\/\/portal.pi.gov.br\/cge\/wp-content\/uploads\/sites\/12\/2026\/04\/1-6-150x150.png",150,150,true],"medium":["https:\/\/portal.pi.gov.br\/cge\/wp-content\/uploads\/sites\/12\/2026\/04\/1-6-300x131.png",300,131,true],"medium_large":["https:\/\/portal.pi.gov.br\/cge\/wp-content\/uploads\/sites\/12\/2026\/04\/1-6-768x336.png",768,336,true],"large":["https:\/\/portal.pi.gov.br\/cge\/wp-content\/uploads\/sites\/12\/2026\/04\/1-6-1024x448.png",887,388,true],"sgg-420":["https:\/\/portal.pi.gov.br\/cge\/wp-content\/uploads\/sites\/12\/2026\/04\/1-6-420x184.png",420,184,true],"sgg-540":["https:\/\/portal.pi.gov.br\/cge\/wp-content\/uploads\/sites\/12\/2026\/04\/1-6-540x236.png",540,236,true],"sgg-780":["https:\/\/portal.pi.gov.br\/cge\/wp-content\/uploads\/sites\/12\/2026\/04\/1-6-780x341.png",780,341,true],"1536x1536":["https:\/\/portal.pi.gov.br\/cge\/wp-content\/uploads\/sites\/12\/2026\/04\/1-6-1536x672.png",1536,672,true],"2048x2048":["https:\/\/portal.pi.gov.br\/cge\/wp-content\/uploads\/sites\/12\/2026\/04\/1-6-2048x896.png",2048,896,true],"homepage-slider":["https:\/\/portal.pi.gov.br\/cge\/wp-content\/uploads\/sites\/12\/2026\/04\/1-6-1270x500.png",1270,500,true],"homepage-slider-small":["https:\/\/portal.pi.gov.br\/cge\/wp-content\/uploads\/sites\/12\/2026\/04\/1-6-947x500.png",947,500,true],"page-top":["https:\/\/portal.pi.gov.br\/cge\/wp-content\/uploads\/sites\/12\/2026\/04\/1-6-947x414.png",947,414,true],"page-small":["https:\/\/portal.pi.gov.br\/cge\/wp-content\/uploads\/sites\/12\/2026\/04\/1-6-624x273.png",624,273,true],"loop-main":["https:\/\/portal.pi.gov.br\/cge\/wp-content\/uploads\/sites\/12\/2026\/04\/1-6-365x240.png",365,240,true],"thumb-gallery-widget":["https:\/\/portal.pi.gov.br\/cge\/wp-content\/uploads\/sites\/12\/2026\/04\/1-6-84x56.png",84,56,true]},"post_excerpt_stackable":"<p>Nesta quinta-feira (23), a Secretaria da Fazenda do Piau\u00ed (Sefaz), por meio da Superintend\u00eancia de Controladoria-Geral do Estado do Piau\u00ed (CGE), realizou, na Sala de Treinamentos do \u00f3rg\u00e3o, a \u00faltima turma do semenstte, do Curso Reajuste de Contratos Administrativos, em 2026. A capacita\u00e7\u00e3o, ministrada pelo auditor governamental Lauro Leal, reuniu servidores interessados em aprofundar conhecimentos sobre este tema bastante recorrente na rotina da administra\u00e7\u00e3o p\u00fablica. Durante a manh\u00e3, foram abordados aspectos te\u00f3ricos e pr\u00e1ticos essenciais para a correta aplica\u00e7\u00e3o dos \u00edndices de reajuste, al\u00e9m da an\u00e1lise de situa\u00e7\u00f5es que ainda geram d\u00favidas na gest\u00e3o contratual. De acordo com o auditor,&hellip;<\/p>\n","category_list":"<a href=\"https:\/\/portal.pi.gov.br\/cge\/category\/noticias\/\" rel=\"category tag\">Imprensa<\/a>, <a href=\"https:\/\/portal.pi.gov.br\/cge\/category\/noticias\/noticia-destaque\/\" rel=\"category tag\">Not\u00edcia Destaque<\/a>, <a href=\"https:\/\/portal.pi.gov.br\/cge\/category\/treinamentos\/\" rel=\"category tag\">Treinamentos<\/a>","author_info":{"name":"Rayrene Braga","url":"https:\/\/portal.pi.gov.br\/cge\/author\/rayrenesantos\/"},"comments_num":"0 coment\u00e1rio","featured_image_urls_v2":{"full":["https:\/\/portal.pi.gov.br\/cge\/wp-content\/uploads\/sites\/12\/2026\/04\/1-6.png",2800,1225,false],"thumbnail":["https:\/\/portal.pi.gov.br\/cge\/wp-content\/uploads\/sites\/12\/2026\/04\/1-6-150x150.png",150,150,true],"medium":["https:\/\/portal.pi.gov.br\/cge\/wp-content\/uploads\/sites\/12\/2026\/04\/1-6-300x131.png",300,131,true],"medium_large":["https:\/\/portal.pi.gov.br\/cge\/wp-content\/uploads\/sites\/12\/2026\/04\/1-6-768x336.png",768,336,true],"large":["https:\/\/portal.pi.gov.br\/cge\/wp-content\/uploads\/sites\/12\/2026\/04\/1-6-1024x448.png",887,388,true],"sgg-420":["https:\/\/portal.pi.gov.br\/cge\/wp-content\/uploads\/sites\/12\/2026\/04\/1-6-420x184.png",420,184,true],"sgg-540":["https:\/\/portal.pi.gov.br\/cge\/wp-content\/uploads\/sites\/12\/2026\/04\/1-6-540x236.png",540,236,true],"sgg-780":["https:\/\/portal.pi.gov.br\/cge\/wp-content\/uploads\/sites\/12\/2026\/04\/1-6-780x341.png",780,341,true],"1536x1536":["https:\/\/portal.pi.gov.br\/cge\/wp-content\/uploads\/sites\/12\/2026\/04\/1-6-1536x672.png",1536,672,true],"2048x2048":["https:\/\/portal.pi.gov.br\/cge\/wp-content\/uploads\/sites\/12\/2026\/04\/1-6-2048x896.png",2048,896,true],"homepage-slider":["https:\/\/portal.pi.gov.br\/cge\/wp-content\/uploads\/sites\/12\/2026\/04\/1-6-1270x500.png",1270,500,true],"homepage-slider-small":["https:\/\/portal.pi.gov.br\/cge\/wp-content\/uploads\/sites\/12\/2026\/04\/1-6-947x500.png",947,500,true],"page-top":["https:\/\/portal.pi.gov.br\/cge\/wp-content\/uploads\/sites\/12\/2026\/04\/1-6-947x414.png",947,414,true],"page-small":["https:\/\/portal.pi.gov.br\/cge\/wp-content\/uploads\/sites\/12\/2026\/04\/1-6-624x273.png",624,273,true],"loop-main":["https:\/\/portal.pi.gov.br\/cge\/wp-content\/uploads\/sites\/12\/2026\/04\/1-6-365x240.png",365,240,true],"thumb-gallery-widget":["https:\/\/portal.pi.gov.br\/cge\/wp-content\/uploads\/sites\/12\/2026\/04\/1-6-84x56.png",84,56,true]},"post_excerpt_stackable_v2":"<p>Nesta quinta-feira (23), a Secretaria da Fazenda do Piau\u00ed (Sefaz), por meio da Superintend\u00eancia de Controladoria-Geral do Estado do Piau\u00ed (CGE), realizou, na Sala de Treinamentos do \u00f3rg\u00e3o, a \u00faltima turma do semenstte, do Curso Reajuste de Contratos Administrativos, em 2026. A capacita\u00e7\u00e3o, ministrada pelo auditor governamental Lauro Leal, reuniu servidores interessados em aprofundar conhecimentos sobre este tema bastante recorrente na rotina da administra\u00e7\u00e3o p\u00fablica. Durante a manh\u00e3, foram abordados aspectos te\u00f3ricos e pr\u00e1ticos essenciais para a correta aplica\u00e7\u00e3o dos \u00edndices de reajuste, al\u00e9m da an\u00e1lise de situa\u00e7\u00f5es que ainda geram d\u00favidas na gest\u00e3o contratual. De acordo com o auditor,&hellip;<\/p>\n","category_list_v2":"<a href=\"https:\/\/portal.pi.gov.br\/cge\/category\/noticias\/\" rel=\"category tag\">Imprensa<\/a>, <a href=\"https:\/\/portal.pi.gov.br\/cge\/category\/noticias\/noticia-destaque\/\" rel=\"category tag\">Not\u00edcia Destaque<\/a>, <a href=\"https:\/\/portal.pi.gov.br\/cge\/category\/treinamentos\/\" rel=\"category tag\">Treinamentos<\/a>","author_info_v2":{"name":"Rayrene Braga","url":"https:\/\/portal.pi.gov.br\/cge\/author\/rayrenesantos\/"},"comments_num_v2":"0 coment\u00e1rio","jetpack_sharing_enabled":true,"jetpack_featured_media_url":"https:\/\/portal.pi.gov.br\/cge\/wp-content\/uploads\/sites\/12\/2026\/04\/1-6.png","_links":{"self":[{"href":"https:\/\/portal.pi.gov.br\/cge\/wp-json\/wp\/v2\/posts\/11809"}],"collection":[{"href":"https:\/\/portal.pi.gov.br\/cge\/wp-json\/wp\/v2\/posts"}],"about":[{"href":"https:\/\/portal.pi.gov.br\/cge\/wp-json\/wp\/v2\/types\/post"}],"author":[{"embeddable":true,"href":"https:\/\/portal.pi.gov.br\/cge\/wp-json\/wp\/v2\/users\/1828"}],"replies":[{"embeddable":true,"href":"https:\/\/portal.pi.gov.br\/cge\/wp-json\/wp\/v2\/comments?post=11809"}],"version-history":[{"count":1,"href":"https:\/\/portal.pi.gov.br\/cge\/wp-json\/wp\/v2\/posts\/11809\/revisions"}],"predecessor-version":[{"id":11815,"href":"https:\/\/portal.pi.gov.br\/cge\/wp-json\/wp\/v2\/posts\/11809\/revisions\/11815"}],"wp:featuredmedia":[{"embeddable":true,"href":"https:\/\/portal.pi.gov.br\/cge\/wp-json\/wp\/v2\/media\/11814"}],"wp:attachment":[{"href":"https:\/\/portal.pi.gov.br\/cge\/wp-json\/wp\/v2\/media?parent=11809"}],"wp:term":[{"taxonomy":"category","embeddable":true,"href":"https:\/\/portal.pi.gov.br\/cge\/wp-json\/wp\/v2\/categories?post=11809"},{"taxonomy":"post_tag","embeddable":true,"href":"https:\/\/portal.pi.gov.br\/cge\/wp-json\/wp\/v2\/tags?post=11809"}],"curies":[{"name":"wp","href":"https:\/\/api.w.org\/{rel}","templated":true}]}}