{"id":11847,"date":"2026-04-28T11:53:02","date_gmt":"2026-04-28T14:53:02","guid":{"rendered":"https:\/\/portal.pi.gov.br\/cge\/?p=11847"},"modified":"2026-04-28T12:00:28","modified_gmt":"2026-04-28T15:00:28","slug":"cge-participa-da-celebracao-de-20-anos-da-associacao-reabilitar","status":"publish","type":"post","link":"https:\/\/portal.pi.gov.br\/cge\/2026\/04\/28\/cge-participa-da-celebracao-de-20-anos-da-associacao-reabilitar\/","title":{"rendered":"CGE participa da celebra\u00e7\u00e3o de 20 anos da Associa\u00e7\u00e3o Reabilitar"},"content":{"rendered":"\n<p>A Associa\u00e7\u00e3o Reabilitar, organiza\u00e7\u00e3o social piauiense, celebrou, nessa segunda-feira (27), 20 anos de atua\u00e7\u00e3o. A comemora\u00e7\u00e3o foi realizada no Sesc Caju\u00edna e reuniu autoridades, parceiros, colaboradores e convidados.<\/p>\n\n\n\n<p>Representando a Controladoria-Geral do Estado (CGE), o diretor da Unidade de Controladoria, Kilmer T\u00e1vora, participou do evento em nome da controladora-geral, Amparo Esm\u00e9rio.<\/p>\n\n\n\n<figure class=\"wp-block-image size-large\"><img decoding=\"async\" loading=\"lazy\" width=\"1024\" height=\"683\" src=\"https:\/\/portal.pi.gov.br\/cge\/wp-content\/uploads\/sites\/12\/2026\/04\/0A2A8773.jpg-1024x683.jpeg\" alt=\"\" class=\"wp-image-11848\" srcset=\"https:\/\/portal.pi.gov.br\/cge\/wp-content\/uploads\/sites\/12\/2026\/04\/0A2A8773.jpg-1024x683.jpeg 1024w, https:\/\/portal.pi.gov.br\/cge\/wp-content\/uploads\/sites\/12\/2026\/04\/0A2A8773.jpg-300x200.jpeg 300w, https:\/\/portal.pi.gov.br\/cge\/wp-content\/uploads\/sites\/12\/2026\/04\/0A2A8773.jpg-768x512.jpeg 768w, https:\/\/portal.pi.gov.br\/cge\/wp-content\/uploads\/sites\/12\/2026\/04\/0A2A8773.jpg-420x280.jpeg 420w, https:\/\/portal.pi.gov.br\/cge\/wp-content\/uploads\/sites\/12\/2026\/04\/0A2A8773.jpg-540x360.jpeg 540w, https:\/\/portal.pi.gov.br\/cge\/wp-content\/uploads\/sites\/12\/2026\/04\/0A2A8773.jpg-780x520.jpeg 780w, https:\/\/portal.pi.gov.br\/cge\/wp-content\/uploads\/sites\/12\/2026\/04\/0A2A8773.jpg-1536x1024.jpeg 1536w, https:\/\/portal.pi.gov.br\/cge\/wp-content\/uploads\/sites\/12\/2026\/04\/0A2A8773.jpg-2048x1365.jpeg 2048w, https:\/\/portal.pi.gov.br\/cge\/wp-content\/uploads\/sites\/12\/2026\/04\/0A2A8773.jpg-947x631.jpeg 947w, https:\/\/portal.pi.gov.br\/cge\/wp-content\/uploads\/sites\/12\/2026\/04\/0A2A8773.jpg-624x416.jpeg 624w, https:\/\/portal.pi.gov.br\/cge\/wp-content\/uploads\/sites\/12\/2026\/04\/0A2A8773.jpg-84x56.jpeg 84w\" sizes=\"(max-width: 1024px) 100vw, 1024px\" \/><\/figure>\n\n\n\n<p>A programa\u00e7\u00e3o contou com uma exposi\u00e7\u00e3o especial que destacou marcos hist\u00f3ricos, conquistas e o impacto social da Associa\u00e7\u00e3o Reabilitar no Piau\u00ed. Em seguida, foi realizada a solenidade comemorativa, encerrada com apresenta\u00e7\u00e3o de humor do artista Jo\u00e3o Cl\u00e1udio Moreno.<\/p>\n\n\n\n<figure class=\"wp-block-image size-large\"><img decoding=\"async\" loading=\"lazy\" width=\"1024\" height=\"683\" src=\"https:\/\/portal.pi.gov.br\/cge\/wp-content\/uploads\/sites\/12\/2026\/04\/0A2A8792.jpg-1024x683.jpeg\" alt=\"\" class=\"wp-image-11852\" srcset=\"https:\/\/portal.pi.gov.br\/cge\/wp-content\/uploads\/sites\/12\/2026\/04\/0A2A8792.jpg-1024x683.jpeg 1024w, https:\/\/portal.pi.gov.br\/cge\/wp-content\/uploads\/sites\/12\/2026\/04\/0A2A8792.jpg-300x200.jpeg 300w, https:\/\/portal.pi.gov.br\/cge\/wp-content\/uploads\/sites\/12\/2026\/04\/0A2A8792.jpg-768x512.jpeg 768w, https:\/\/portal.pi.gov.br\/cge\/wp-content\/uploads\/sites\/12\/2026\/04\/0A2A8792.jpg-420x280.jpeg 420w, https:\/\/portal.pi.gov.br\/cge\/wp-content\/uploads\/sites\/12\/2026\/04\/0A2A8792.jpg-540x360.jpeg 540w, https:\/\/portal.pi.gov.br\/cge\/wp-content\/uploads\/sites\/12\/2026\/04\/0A2A8792.jpg-780x520.jpeg 780w, https:\/\/portal.pi.gov.br\/cge\/wp-content\/uploads\/sites\/12\/2026\/04\/0A2A8792.jpg-1536x1024.jpeg 1536w, https:\/\/portal.pi.gov.br\/cge\/wp-content\/uploads\/sites\/12\/2026\/04\/0A2A8792.jpg-2048x1365.jpeg 2048w, https:\/\/portal.pi.gov.br\/cge\/wp-content\/uploads\/sites\/12\/2026\/04\/0A2A8792.jpg-947x631.jpeg 947w, https:\/\/portal.pi.gov.br\/cge\/wp-content\/uploads\/sites\/12\/2026\/04\/0A2A8792.jpg-624x416.jpeg 624w, https:\/\/portal.pi.gov.br\/cge\/wp-content\/uploads\/sites\/12\/2026\/04\/0A2A8792.jpg-84x56.jpeg 84w\" sizes=\"(max-width: 1024px) 100vw, 1024px\" \/><\/figure>\n\n\n\n<p>A CGE parabeniza a Associa\u00e7\u00e3o Reabilitar pelas duas d\u00e9cadas de atua\u00e7\u00e3o e pelos relevantes servi\u00e7os prestados \u00e0 promo\u00e7\u00e3o e preven\u00e7\u00e3o da sa\u00fade, por meio dos projetos Pense Bem e Mais Sa\u00fade Mais Vida, al\u00e9m da gest\u00e3o do Centro Integrado de Reabilita\u00e7\u00e3o (Ceir) e da Nova Maternidade Dona Evangelina Rosa (NMDER).<\/p>\n\n\n\n<figure class=\"wp-block-image size-large\"><img decoding=\"async\" loading=\"lazy\" width=\"1024\" height=\"683\" src=\"https:\/\/portal.pi.gov.br\/cge\/wp-content\/uploads\/sites\/12\/2026\/04\/0A2A8812.jpg-1024x683.jpeg\" alt=\"\" class=\"wp-image-11849\" srcset=\"https:\/\/portal.pi.gov.br\/cge\/wp-content\/uploads\/sites\/12\/2026\/04\/0A2A8812.jpg-1024x683.jpeg 1024w, https:\/\/portal.pi.gov.br\/cge\/wp-content\/uploads\/sites\/12\/2026\/04\/0A2A8812.jpg-300x200.jpeg 300w, https:\/\/portal.pi.gov.br\/cge\/wp-content\/uploads\/sites\/12\/2026\/04\/0A2A8812.jpg-768x512.jpeg 768w, https:\/\/portal.pi.gov.br\/cge\/wp-content\/uploads\/sites\/12\/2026\/04\/0A2A8812.jpg-420x280.jpeg 420w, https:\/\/portal.pi.gov.br\/cge\/wp-content\/uploads\/sites\/12\/2026\/04\/0A2A8812.jpg-540x360.jpeg 540w, https:\/\/portal.pi.gov.br\/cge\/wp-content\/uploads\/sites\/12\/2026\/04\/0A2A8812.jpg-780x520.jpeg 780w, https:\/\/portal.pi.gov.br\/cge\/wp-content\/uploads\/sites\/12\/2026\/04\/0A2A8812.jpg-1536x1024.jpeg 1536w, https:\/\/portal.pi.gov.br\/cge\/wp-content\/uploads\/sites\/12\/2026\/04\/0A2A8812.jpg-2048x1365.jpeg 2048w, https:\/\/portal.pi.gov.br\/cge\/wp-content\/uploads\/sites\/12\/2026\/04\/0A2A8812.jpg-947x631.jpeg 947w, https:\/\/portal.pi.gov.br\/cge\/wp-content\/uploads\/sites\/12\/2026\/04\/0A2A8812.jpg-624x416.jpeg 624w, https:\/\/portal.pi.gov.br\/cge\/wp-content\/uploads\/sites\/12\/2026\/04\/0A2A8812.jpg-84x56.jpeg 84w\" sizes=\"(max-width: 1024px) 100vw, 1024px\" \/><\/figure>\n\n\n\n<figure class=\"wp-block-image size-large\"><img decoding=\"async\" loading=\"lazy\" width=\"1024\" height=\"683\" src=\"https:\/\/portal.pi.gov.br\/cge\/wp-content\/uploads\/sites\/12\/2026\/04\/0A2A8817.jpg-1-1024x683.jpeg\" alt=\"\" class=\"wp-image-11853\" srcset=\"https:\/\/portal.pi.gov.br\/cge\/wp-content\/uploads\/sites\/12\/2026\/04\/0A2A8817.jpg-1-1024x683.jpeg 1024w, https:\/\/portal.pi.gov.br\/cge\/wp-content\/uploads\/sites\/12\/2026\/04\/0A2A8817.jpg-1-300x200.jpeg 300w, https:\/\/portal.pi.gov.br\/cge\/wp-content\/uploads\/sites\/12\/2026\/04\/0A2A8817.jpg-1-768x512.jpeg 768w, https:\/\/portal.pi.gov.br\/cge\/wp-content\/uploads\/sites\/12\/2026\/04\/0A2A8817.jpg-1-420x280.jpeg 420w, https:\/\/portal.pi.gov.br\/cge\/wp-content\/uploads\/sites\/12\/2026\/04\/0A2A8817.jpg-1-540x360.jpeg 540w, https:\/\/portal.pi.gov.br\/cge\/wp-content\/uploads\/sites\/12\/2026\/04\/0A2A8817.jpg-1-780x520.jpeg 780w, https:\/\/portal.pi.gov.br\/cge\/wp-content\/uploads\/sites\/12\/2026\/04\/0A2A8817.jpg-1-1536x1024.jpeg 1536w, https:\/\/portal.pi.gov.br\/cge\/wp-content\/uploads\/sites\/12\/2026\/04\/0A2A8817.jpg-1-2048x1365.jpeg 2048w, https:\/\/portal.pi.gov.br\/cge\/wp-content\/uploads\/sites\/12\/2026\/04\/0A2A8817.jpg-1-947x631.jpeg 947w, https:\/\/portal.pi.gov.br\/cge\/wp-content\/uploads\/sites\/12\/2026\/04\/0A2A8817.jpg-1-624x416.jpeg 624w, https:\/\/portal.pi.gov.br\/cge\/wp-content\/uploads\/sites\/12\/2026\/04\/0A2A8817.jpg-1-84x56.jpeg 84w\" sizes=\"(max-width: 1024px) 100vw, 1024px\" \/><\/figure>\n\n\n\n<p><strong>FOTOS: Wallace Dias<\/strong><\/p>\n","protected":false},"excerpt":{"rendered":"<p>A Associa\u00e7\u00e3o Reabilitar, organiza\u00e7\u00e3o social piauiense, celebrou, nessa segunda-feira (27), 20 anos de atua\u00e7\u00e3o. A comemora\u00e7\u00e3o foi realizada no Sesc Caju\u00edna e reuniu autoridades, parceiros, colaboradores e convidados. Representando a [&hellip;]<\/p>\n","protected":false},"author":41,"featured_media":11849,"comment_status":"closed","ping_status":"closed","sticky":false,"template":"","format":"standard","meta":[],"categories":[5,39],"tags":[38],"featured_image_urls":{"full":["https:\/\/portal.pi.gov.br\/cge\/wp-content\/uploads\/sites\/12\/2026\/04\/0A2A8812.jpg-scaled.jpeg",2560,1707,false],"thumbnail":["https:\/\/portal.pi.gov.br\/cge\/wp-content\/uploads\/sites\/12\/2026\/04\/0A2A8812.jpg-150x150.jpeg",150,150,true],"medium":["https:\/\/portal.pi.gov.br\/cge\/wp-content\/uploads\/sites\/12\/2026\/04\/0A2A8812.jpg-300x200.jpeg",300,200,true],"medium_large":["https:\/\/portal.pi.gov.br\/cge\/wp-content\/uploads\/sites\/12\/2026\/04\/0A2A8812.jpg-768x512.jpeg",768,512,true],"large":["https:\/\/portal.pi.gov.br\/cge\/wp-content\/uploads\/sites\/12\/2026\/04\/0A2A8812.jpg-1024x683.jpeg",887,592,true],"sgg-420":["https:\/\/portal.pi.gov.br\/cge\/wp-content\/uploads\/sites\/12\/2026\/04\/0A2A8812.jpg-420x280.jpeg",420,280,true],"sgg-540":["https:\/\/portal.pi.gov.br\/cge\/wp-content\/uploads\/sites\/12\/2026\/04\/0A2A8812.jpg-540x360.jpeg",540,360,true],"sgg-780":["https:\/\/portal.pi.gov.br\/cge\/wp-content\/uploads\/sites\/12\/2026\/04\/0A2A8812.jpg-780x520.jpeg",780,520,true],"1536x1536":["https:\/\/portal.pi.gov.br\/cge\/wp-content\/uploads\/sites\/12\/2026\/04\/0A2A8812.jpg-1536x1024.jpeg",1536,1024,true],"2048x2048":["https:\/\/portal.pi.gov.br\/cge\/wp-content\/uploads\/sites\/12\/2026\/04\/0A2A8812.jpg-2048x1365.jpeg",2048,1365,true],"homepage-slider":["https:\/\/portal.pi.gov.br\/cge\/wp-content\/uploads\/sites\/12\/2026\/04\/0A2A8812.jpg-1270x500.jpeg",1270,500,true],"homepage-slider-small":["https:\/\/portal.pi.gov.br\/cge\/wp-content\/uploads\/sites\/12\/2026\/04\/0A2A8812.jpg-947x500.jpeg",947,500,true],"page-top":["https:\/\/portal.pi.gov.br\/cge\/wp-content\/uploads\/sites\/12\/2026\/04\/0A2A8812.jpg-947x631.jpeg",947,631,true],"page-small":["https:\/\/portal.pi.gov.br\/cge\/wp-content\/uploads\/sites\/12\/2026\/04\/0A2A8812.jpg-624x416.jpeg",624,416,true],"loop-main":["https:\/\/portal.pi.gov.br\/cge\/wp-content\/uploads\/sites\/12\/2026\/04\/0A2A8812.jpg-365x240.jpeg",365,240,true],"thumb-gallery-widget":["https:\/\/portal.pi.gov.br\/cge\/wp-content\/uploads\/sites\/12\/2026\/04\/0A2A8812.jpg-84x56.jpeg",84,56,true]},"post_excerpt_stackable":"<p>A Associa\u00e7\u00e3o Reabilitar, organiza\u00e7\u00e3o social piauiense, celebrou, nessa segunda-feira (27), 20 anos de atua\u00e7\u00e3o. A comemora\u00e7\u00e3o foi realizada no Sesc Caju\u00edna e reuniu autoridades, parceiros, colaboradores e convidados. Representando a Controladoria-Geral do Estado (CGE), o diretor da Unidade de Controladoria, Kilmer T\u00e1vora, participou do evento em nome da controladora-geral, Amparo Esm\u00e9rio. A programa\u00e7\u00e3o contou com uma exposi\u00e7\u00e3o especial que destacou marcos hist\u00f3ricos, conquistas e o impacto social da Associa\u00e7\u00e3o Reabilitar no Piau\u00ed. Em seguida, foi realizada a solenidade comemorativa, encerrada com apresenta\u00e7\u00e3o de humor do artista Jo\u00e3o Cl\u00e1udio Moreno. A CGE parabeniza a Associa\u00e7\u00e3o Reabilitar pelas duas d\u00e9cadas de atua\u00e7\u00e3o&hellip;<\/p>\n","category_list":"<a href=\"https:\/\/portal.pi.gov.br\/cge\/category\/noticias\/\" rel=\"category tag\">Imprensa<\/a>, <a href=\"https:\/\/portal.pi.gov.br\/cge\/category\/noticias\/noticia-destaque\/\" rel=\"category tag\">Not\u00edcia Destaque<\/a>","author_info":{"name":"anavirginia","url":"https:\/\/portal.pi.gov.br\/cge\/author\/anavirginia\/"},"comments_num":"0 coment\u00e1rio","featured_image_urls_v2":{"full":["https:\/\/portal.pi.gov.br\/cge\/wp-content\/uploads\/sites\/12\/2026\/04\/0A2A8812.jpg-scaled.jpeg",2560,1707,false],"thumbnail":["https:\/\/portal.pi.gov.br\/cge\/wp-content\/uploads\/sites\/12\/2026\/04\/0A2A8812.jpg-150x150.jpeg",150,150,true],"medium":["https:\/\/portal.pi.gov.br\/cge\/wp-content\/uploads\/sites\/12\/2026\/04\/0A2A8812.jpg-300x200.jpeg",300,200,true],"medium_large":["https:\/\/portal.pi.gov.br\/cge\/wp-content\/uploads\/sites\/12\/2026\/04\/0A2A8812.jpg-768x512.jpeg",768,512,true],"large":["https:\/\/portal.pi.gov.br\/cge\/wp-content\/uploads\/sites\/12\/2026\/04\/0A2A8812.jpg-1024x683.jpeg",887,592,true],"sgg-420":["https:\/\/portal.pi.gov.br\/cge\/wp-content\/uploads\/sites\/12\/2026\/04\/0A2A8812.jpg-420x280.jpeg",420,280,true],"sgg-540":["https:\/\/portal.pi.gov.br\/cge\/wp-content\/uploads\/sites\/12\/2026\/04\/0A2A8812.jpg-540x360.jpeg",540,360,true],"sgg-780":["https:\/\/portal.pi.gov.br\/cge\/wp-content\/uploads\/sites\/12\/2026\/04\/0A2A8812.jpg-780x520.jpeg",780,520,true],"1536x1536":["https:\/\/portal.pi.gov.br\/cge\/wp-content\/uploads\/sites\/12\/2026\/04\/0A2A8812.jpg-1536x1024.jpeg",1536,1024,true],"2048x2048":["https:\/\/portal.pi.gov.br\/cge\/wp-content\/uploads\/sites\/12\/2026\/04\/0A2A8812.jpg-2048x1365.jpeg",2048,1365,true],"homepage-slider":["https:\/\/portal.pi.gov.br\/cge\/wp-content\/uploads\/sites\/12\/2026\/04\/0A2A8812.jpg-1270x500.jpeg",1270,500,true],"homepage-slider-small":["https:\/\/portal.pi.gov.br\/cge\/wp-content\/uploads\/sites\/12\/2026\/04\/0A2A8812.jpg-947x500.jpeg",947,500,true],"page-top":["https:\/\/portal.pi.gov.br\/cge\/wp-content\/uploads\/sites\/12\/2026\/04\/0A2A8812.jpg-947x631.jpeg",947,631,true],"page-small":["https:\/\/portal.pi.gov.br\/cge\/wp-content\/uploads\/sites\/12\/2026\/04\/0A2A8812.jpg-624x416.jpeg",624,416,true],"loop-main":["https:\/\/portal.pi.gov.br\/cge\/wp-content\/uploads\/sites\/12\/2026\/04\/0A2A8812.jpg-365x240.jpeg",365,240,true],"thumb-gallery-widget":["https:\/\/portal.pi.gov.br\/cge\/wp-content\/uploads\/sites\/12\/2026\/04\/0A2A8812.jpg-84x56.jpeg",84,56,true]},"post_excerpt_stackable_v2":"<p>A Associa\u00e7\u00e3o Reabilitar, organiza\u00e7\u00e3o social piauiense, celebrou, nessa segunda-feira (27), 20 anos de atua\u00e7\u00e3o. A comemora\u00e7\u00e3o foi realizada no Sesc Caju\u00edna e reuniu autoridades, parceiros, colaboradores e convidados. Representando a Controladoria-Geral do Estado (CGE), o diretor da Unidade de Controladoria, Kilmer T\u00e1vora, participou do evento em nome da controladora-geral, Amparo Esm\u00e9rio. A programa\u00e7\u00e3o contou com uma exposi\u00e7\u00e3o especial que destacou marcos hist\u00f3ricos, conquistas e o impacto social da Associa\u00e7\u00e3o Reabilitar no Piau\u00ed. Em seguida, foi realizada a solenidade comemorativa, encerrada com apresenta\u00e7\u00e3o de humor do artista Jo\u00e3o Cl\u00e1udio Moreno. A CGE parabeniza a Associa\u00e7\u00e3o Reabilitar pelas duas d\u00e9cadas de atua\u00e7\u00e3o&hellip;<\/p>\n","category_list_v2":"<a href=\"https:\/\/portal.pi.gov.br\/cge\/category\/noticias\/\" rel=\"category tag\">Imprensa<\/a>, <a href=\"https:\/\/portal.pi.gov.br\/cge\/category\/noticias\/noticia-destaque\/\" rel=\"category tag\">Not\u00edcia Destaque<\/a>","author_info_v2":{"name":"anavirginia","url":"https:\/\/portal.pi.gov.br\/cge\/author\/anavirginia\/"},"comments_num_v2":"0 coment\u00e1rio","jetpack_sharing_enabled":true,"jetpack_featured_media_url":"https:\/\/portal.pi.gov.br\/cge\/wp-content\/uploads\/sites\/12\/2026\/04\/0A2A8812.jpg-scaled.jpeg","_links":{"self":[{"href":"https:\/\/portal.pi.gov.br\/cge\/wp-json\/wp\/v2\/posts\/11847"}],"collection":[{"href":"https:\/\/portal.pi.gov.br\/cge\/wp-json\/wp\/v2\/posts"}],"about":[{"href":"https:\/\/portal.pi.gov.br\/cge\/wp-json\/wp\/v2\/types\/post"}],"author":[{"embeddable":true,"href":"https:\/\/portal.pi.gov.br\/cge\/wp-json\/wp\/v2\/users\/41"}],"replies":[{"embeddable":true,"href":"https:\/\/portal.pi.gov.br\/cge\/wp-json\/wp\/v2\/comments?post=11847"}],"version-history":[{"count":2,"href":"https:\/\/portal.pi.gov.br\/cge\/wp-json\/wp\/v2\/posts\/11847\/revisions"}],"predecessor-version":[{"id":11854,"href":"https:\/\/portal.pi.gov.br\/cge\/wp-json\/wp\/v2\/posts\/11847\/revisions\/11854"}],"wp:featuredmedia":[{"embeddable":true,"href":"https:\/\/portal.pi.gov.br\/cge\/wp-json\/wp\/v2\/media\/11849"}],"wp:attachment":[{"href":"https:\/\/portal.pi.gov.br\/cge\/wp-json\/wp\/v2\/media?parent=11847"}],"wp:term":[{"taxonomy":"category","embeddable":true,"href":"https:\/\/portal.pi.gov.br\/cge\/wp-json\/wp\/v2\/categories?post=11847"},{"taxonomy":"post_tag","embeddable":true,"href":"https:\/\/portal.pi.gov.br\/cge\/wp-json\/wp\/v2\/tags?post=11847"}],"curies":[{"name":"wp","href":"https:\/\/api.w.org\/{rel}","templated":true}]}}