{"id":11872,"date":"2026-04-28T13:30:40","date_gmt":"2026-04-28T16:30:40","guid":{"rendered":"https:\/\/portal.pi.gov.br\/cge\/?p=11872"},"modified":"2026-04-28T18:14:56","modified_gmt":"2026-04-28T21:14:56","slug":"auditores-governamentais-da-cge-participaram-do-encontro-de-celebracao-do-pactos-pelo-piaui","status":"publish","type":"post","link":"https:\/\/portal.pi.gov.br\/cge\/2026\/04\/28\/auditores-governamentais-da-cge-participaram-do-encontro-de-celebracao-do-pactos-pelo-piaui\/","title":{"rendered":"Auditores governamentais da CGE participaram do Encontro de Celebra\u00e7\u00e3o do Pactos pelo Piau\u00ed"},"content":{"rendered":"\n<p>O Governo do Estado realizou, na manh\u00e3 desta ter\u00e7a-feira (28), a primeira edi\u00e7\u00e3o do Encontro de Celebra\u00e7\u00e3o do Pactos pelo Piau\u00ed, que ocorreu no Centro de Conven\u00e7\u00f5es de Teresina. A iniciativa re\u00fane gestores estaduais e municipais para apresenta\u00e7\u00e3o dos resultados e alinhamento de a\u00e7\u00f5es executadas pelo Pacto. O programa \u00e9 estruturado em eixos estrat\u00e9gicos que abrangem \u00e1reas como educa\u00e7\u00e3o, primeira inf\u00e2ncia, sa\u00fade, tr\u00e2nsito, meio ambiente, tecnologia e desenvolvimento econ\u00f4mico.<\/p>\n\n\n\n<p> O evento contou com a participa\u00e7\u00e3o de auditores governamentais da CGE: D\u00e9cio de Moura, gerente de Gest\u00e3o e Pessoas; Jo\u00e3o Fischer, gerente dos N\u00facleos Setoriais; e Iriana Oliveira.<\/p>\n\n\n\n<figure class=\"wp-block-gallery has-nested-images columns-default is-cropped wp-block-gallery-1 is-layout-flex\">\n<figure class=\"wp-block-image size-large\"><img decoding=\"async\" loading=\"lazy\" width=\"1024\" height=\"448\" data-id=\"11874\"  src=\"https:\/\/portal.pi.gov.br\/cge\/wp-content\/uploads\/sites\/12\/2026\/04\/CAPA-SITE-2026-2-1024x448.png\" alt=\"\" class=\"wp-image-11874\" srcset=\"https:\/\/portal.pi.gov.br\/cge\/wp-content\/uploads\/sites\/12\/2026\/04\/CAPA-SITE-2026-2-1024x448.png 1024w, https:\/\/portal.pi.gov.br\/cge\/wp-content\/uploads\/sites\/12\/2026\/04\/CAPA-SITE-2026-2-300x131.png 300w, https:\/\/portal.pi.gov.br\/cge\/wp-content\/uploads\/sites\/12\/2026\/04\/CAPA-SITE-2026-2-768x336.png 768w, https:\/\/portal.pi.gov.br\/cge\/wp-content\/uploads\/sites\/12\/2026\/04\/CAPA-SITE-2026-2-420x184.png 420w, https:\/\/portal.pi.gov.br\/cge\/wp-content\/uploads\/sites\/12\/2026\/04\/CAPA-SITE-2026-2-540x236.png 540w, https:\/\/portal.pi.gov.br\/cge\/wp-content\/uploads\/sites\/12\/2026\/04\/CAPA-SITE-2026-2-780x341.png 780w, https:\/\/portal.pi.gov.br\/cge\/wp-content\/uploads\/sites\/12\/2026\/04\/CAPA-SITE-2026-2-1536x672.png 1536w, https:\/\/portal.pi.gov.br\/cge\/wp-content\/uploads\/sites\/12\/2026\/04\/CAPA-SITE-2026-2-2048x896.png 2048w, https:\/\/portal.pi.gov.br\/cge\/wp-content\/uploads\/sites\/12\/2026\/04\/CAPA-SITE-2026-2-947x414.png 947w, https:\/\/portal.pi.gov.br\/cge\/wp-content\/uploads\/sites\/12\/2026\/04\/CAPA-SITE-2026-2-624x273.png 624w\" sizes=\"(max-width: 1024px) 100vw, 1024px\" \/><\/figure>\n<\/figure>\n\n\n\n<p>A programa\u00e7\u00e3o teve in\u00edcio com uma palestra motivacional conduzida por Tadeu Barros, que integra o Centro de Lideran\u00e7a P\u00fablica (CLP). A apresenta\u00e7\u00e3o abordou temas como inova\u00e7\u00e3o, transforma\u00e7\u00e3o digital e a necessidade de disposi\u00e7\u00e3o para mudan\u00e7as na gest\u00e3o p\u00fablica.<\/p>\n\n\n\n<p>Na sequ\u00eancia, oito secret\u00e1rios estaduais e oito prefeitos apresentaram os resultados das a\u00e7\u00f5es desenvolvidas dentro dos sete eixos do pacto, destacando iniciativas implementadas e avan\u00e7os em \u00e1reas priorit\u00e1rias nos munic\u00edpios. Ap\u00f3s esse momento, Tadeu Barros realizou a entrega de um diploma de reconhecimento ao Piau\u00ed, na pessoa do governador Rafael Fonteles.<\/p>\n\n\n\n<p>Encerrando o evento, o governador destacou a import\u00e2ncia do cumprimento das metas e da atua\u00e7\u00e3o integrada entre Estado e munic\u00edpios:<\/p>\n\n\n\n<p>\u201cQuando desenhamos uma pol\u00edtica p\u00fablica, n\u00e3o focamos apenas no lan\u00e7amento, mas principalmente no alcance das metas. O Pacto pelo Piau\u00ed \u00e9 essencial para garantir a efetividade das a\u00e7\u00f5es, porque depende do engajamento dos munic\u00edpios. O Estado precisa apoiar, mas a execu\u00e7\u00e3o acontece na ponta, com as gest\u00f5es municipais. \u00c9 uma rela\u00e7\u00e3o de parceria: n\u00f3s precisamos dos munic\u00edpios, e eles precisam do Estado para avan\u00e7armos juntos no desenvolvimento\u201d, afirmou em sua participa\u00e7\u00e3o.<\/p>\n\n\n\n<figure class=\"wp-block-gallery has-nested-images columns-default is-cropped wp-block-gallery-3 is-layout-flex\">\n<figure class=\"wp-block-image size-large\"><img decoding=\"async\" loading=\"lazy\" width=\"1024\" height=\"576\" data-id=\"11873\"  src=\"https:\/\/portal.pi.gov.br\/cge\/wp-content\/uploads\/sites\/12\/2026\/04\/IMG_0771-1024x576.jpeg\" alt=\"\" class=\"wp-image-11873\" srcset=\"https:\/\/portal.pi.gov.br\/cge\/wp-content\/uploads\/sites\/12\/2026\/04\/IMG_0771-1024x576.jpeg 1024w, https:\/\/portal.pi.gov.br\/cge\/wp-content\/uploads\/sites\/12\/2026\/04\/IMG_0771-300x169.jpeg 300w, https:\/\/portal.pi.gov.br\/cge\/wp-content\/uploads\/sites\/12\/2026\/04\/IMG_0771-768x432.jpeg 768w, https:\/\/portal.pi.gov.br\/cge\/wp-content\/uploads\/sites\/12\/2026\/04\/IMG_0771-420x236.jpeg 420w, https:\/\/portal.pi.gov.br\/cge\/wp-content\/uploads\/sites\/12\/2026\/04\/IMG_0771-540x304.jpeg 540w, https:\/\/portal.pi.gov.br\/cge\/wp-content\/uploads\/sites\/12\/2026\/04\/IMG_0771-780x439.jpeg 780w, https:\/\/portal.pi.gov.br\/cge\/wp-content\/uploads\/sites\/12\/2026\/04\/IMG_0771-1536x864.jpeg 1536w, https:\/\/portal.pi.gov.br\/cge\/wp-content\/uploads\/sites\/12\/2026\/04\/IMG_0771-2048x1152.jpeg 2048w, https:\/\/portal.pi.gov.br\/cge\/wp-content\/uploads\/sites\/12\/2026\/04\/IMG_0771-947x533.jpeg 947w, https:\/\/portal.pi.gov.br\/cge\/wp-content\/uploads\/sites\/12\/2026\/04\/IMG_0771-624x351.jpeg 624w\" sizes=\"(max-width: 1024px) 100vw, 1024px\" \/><\/figure>\n<\/figure>\n","protected":false},"excerpt":{"rendered":"<p>O Governo do Estado realizou, na manh\u00e3 desta ter\u00e7a-feira (28), a primeira edi\u00e7\u00e3o do Encontro de Celebra\u00e7\u00e3o do Pactos pelo Piau\u00ed, que ocorreu no Centro de Conven\u00e7\u00f5es de Teresina. A [&hellip;]<\/p>\n","protected":false},"author":1828,"featured_media":11877,"comment_status":"closed","ping_status":"closed","sticky":false,"template":"","format":"standard","meta":[],"categories":[5,39],"tags":[],"featured_image_urls":{"full":["https:\/\/portal.pi.gov.br\/cge\/wp-content\/uploads\/sites\/12\/2026\/04\/CAPA-SITE-2026-3.png",3200,1400,false],"thumbnail":["https:\/\/portal.pi.gov.br\/cge\/wp-content\/uploads\/sites\/12\/2026\/04\/CAPA-SITE-2026-3-150x150.png",150,150,true],"medium":["https:\/\/portal.pi.gov.br\/cge\/wp-content\/uploads\/sites\/12\/2026\/04\/CAPA-SITE-2026-3-300x131.png",300,131,true],"medium_large":["https:\/\/portal.pi.gov.br\/cge\/wp-content\/uploads\/sites\/12\/2026\/04\/CAPA-SITE-2026-3-768x336.png",768,336,true],"large":["https:\/\/portal.pi.gov.br\/cge\/wp-content\/uploads\/sites\/12\/2026\/04\/CAPA-SITE-2026-3-1024x448.png",887,388,true],"sgg-420":["https:\/\/portal.pi.gov.br\/cge\/wp-content\/uploads\/sites\/12\/2026\/04\/CAPA-SITE-2026-3-420x184.png",420,184,true],"sgg-540":["https:\/\/portal.pi.gov.br\/cge\/wp-content\/uploads\/sites\/12\/2026\/04\/CAPA-SITE-2026-3-540x236.png",540,236,true],"sgg-780":["https:\/\/portal.pi.gov.br\/cge\/wp-content\/uploads\/sites\/12\/2026\/04\/CAPA-SITE-2026-3-780x341.png",780,341,true],"1536x1536":["https:\/\/portal.pi.gov.br\/cge\/wp-content\/uploads\/sites\/12\/2026\/04\/CAPA-SITE-2026-3-1536x672.png",1536,672,true],"2048x2048":["https:\/\/portal.pi.gov.br\/cge\/wp-content\/uploads\/sites\/12\/2026\/04\/CAPA-SITE-2026-3-2048x896.png",2048,896,true],"homepage-slider":["https:\/\/portal.pi.gov.br\/cge\/wp-content\/uploads\/sites\/12\/2026\/04\/CAPA-SITE-2026-3-1270x500.png",1270,500,true],"homepage-slider-small":["https:\/\/portal.pi.gov.br\/cge\/wp-content\/uploads\/sites\/12\/2026\/04\/CAPA-SITE-2026-3-947x500.png",947,500,true],"page-top":["https:\/\/portal.pi.gov.br\/cge\/wp-content\/uploads\/sites\/12\/2026\/04\/CAPA-SITE-2026-3-947x414.png",947,414,true],"page-small":["https:\/\/portal.pi.gov.br\/cge\/wp-content\/uploads\/sites\/12\/2026\/04\/CAPA-SITE-2026-3-624x273.png",624,273,true],"loop-main":["https:\/\/portal.pi.gov.br\/cge\/wp-content\/uploads\/sites\/12\/2026\/04\/CAPA-SITE-2026-3-365x240.png",365,240,true],"thumb-gallery-widget":["https:\/\/portal.pi.gov.br\/cge\/wp-content\/uploads\/sites\/12\/2026\/04\/CAPA-SITE-2026-3-84x56.png",84,56,true]},"post_excerpt_stackable":"<p>O Governo do Estado realizou, na manh\u00e3 desta ter\u00e7a-feira (28), a primeira edi\u00e7\u00e3o do Encontro de Celebra\u00e7\u00e3o do Pactos pelo Piau\u00ed, que ocorreu no Centro de Conven\u00e7\u00f5es de Teresina. A iniciativa re\u00fane gestores estaduais e municipais para apresenta\u00e7\u00e3o dos resultados e alinhamento de a\u00e7\u00f5es executadas pelo Pacto. O programa \u00e9 estruturado em eixos estrat\u00e9gicos que abrangem \u00e1reas como educa\u00e7\u00e3o, primeira inf\u00e2ncia, sa\u00fade, tr\u00e2nsito, meio ambiente, tecnologia e desenvolvimento econ\u00f4mico. O evento contou com a participa\u00e7\u00e3o de auditores governamentais da CGE: D\u00e9cio de Moura, gerente de Gest\u00e3o e Pessoas; Jo\u00e3o Fischer, gerente dos N\u00facleos Setoriais; e Iriana Oliveira. A programa\u00e7\u00e3o teve&hellip;<\/p>\n","category_list":"<a href=\"https:\/\/portal.pi.gov.br\/cge\/category\/noticias\/\" rel=\"category tag\">Imprensa<\/a>, <a href=\"https:\/\/portal.pi.gov.br\/cge\/category\/noticias\/noticia-destaque\/\" rel=\"category tag\">Not\u00edcia Destaque<\/a>","author_info":{"name":"Rayrene Braga","url":"https:\/\/portal.pi.gov.br\/cge\/author\/rayrenesantos\/"},"comments_num":"0 coment\u00e1rio","featured_image_urls_v2":{"full":["https:\/\/portal.pi.gov.br\/cge\/wp-content\/uploads\/sites\/12\/2026\/04\/CAPA-SITE-2026-3.png",3200,1400,false],"thumbnail":["https:\/\/portal.pi.gov.br\/cge\/wp-content\/uploads\/sites\/12\/2026\/04\/CAPA-SITE-2026-3-150x150.png",150,150,true],"medium":["https:\/\/portal.pi.gov.br\/cge\/wp-content\/uploads\/sites\/12\/2026\/04\/CAPA-SITE-2026-3-300x131.png",300,131,true],"medium_large":["https:\/\/portal.pi.gov.br\/cge\/wp-content\/uploads\/sites\/12\/2026\/04\/CAPA-SITE-2026-3-768x336.png",768,336,true],"large":["https:\/\/portal.pi.gov.br\/cge\/wp-content\/uploads\/sites\/12\/2026\/04\/CAPA-SITE-2026-3-1024x448.png",887,388,true],"sgg-420":["https:\/\/portal.pi.gov.br\/cge\/wp-content\/uploads\/sites\/12\/2026\/04\/CAPA-SITE-2026-3-420x184.png",420,184,true],"sgg-540":["https:\/\/portal.pi.gov.br\/cge\/wp-content\/uploads\/sites\/12\/2026\/04\/CAPA-SITE-2026-3-540x236.png",540,236,true],"sgg-780":["https:\/\/portal.pi.gov.br\/cge\/wp-content\/uploads\/sites\/12\/2026\/04\/CAPA-SITE-2026-3-780x341.png",780,341,true],"1536x1536":["https:\/\/portal.pi.gov.br\/cge\/wp-content\/uploads\/sites\/12\/2026\/04\/CAPA-SITE-2026-3-1536x672.png",1536,672,true],"2048x2048":["https:\/\/portal.pi.gov.br\/cge\/wp-content\/uploads\/sites\/12\/2026\/04\/CAPA-SITE-2026-3-2048x896.png",2048,896,true],"homepage-slider":["https:\/\/portal.pi.gov.br\/cge\/wp-content\/uploads\/sites\/12\/2026\/04\/CAPA-SITE-2026-3-1270x500.png",1270,500,true],"homepage-slider-small":["https:\/\/portal.pi.gov.br\/cge\/wp-content\/uploads\/sites\/12\/2026\/04\/CAPA-SITE-2026-3-947x500.png",947,500,true],"page-top":["https:\/\/portal.pi.gov.br\/cge\/wp-content\/uploads\/sites\/12\/2026\/04\/CAPA-SITE-2026-3-947x414.png",947,414,true],"page-small":["https:\/\/portal.pi.gov.br\/cge\/wp-content\/uploads\/sites\/12\/2026\/04\/CAPA-SITE-2026-3-624x273.png",624,273,true],"loop-main":["https:\/\/portal.pi.gov.br\/cge\/wp-content\/uploads\/sites\/12\/2026\/04\/CAPA-SITE-2026-3-365x240.png",365,240,true],"thumb-gallery-widget":["https:\/\/portal.pi.gov.br\/cge\/wp-content\/uploads\/sites\/12\/2026\/04\/CAPA-SITE-2026-3-84x56.png",84,56,true]},"post_excerpt_stackable_v2":"<p>O Governo do Estado realizou, na manh\u00e3 desta ter\u00e7a-feira (28), a primeira edi\u00e7\u00e3o do Encontro de Celebra\u00e7\u00e3o do Pactos pelo Piau\u00ed, que ocorreu no Centro de Conven\u00e7\u00f5es de Teresina. A iniciativa re\u00fane gestores estaduais e municipais para apresenta\u00e7\u00e3o dos resultados e alinhamento de a\u00e7\u00f5es executadas pelo Pacto. O programa \u00e9 estruturado em eixos estrat\u00e9gicos que abrangem \u00e1reas como educa\u00e7\u00e3o, primeira inf\u00e2ncia, sa\u00fade, tr\u00e2nsito, meio ambiente, tecnologia e desenvolvimento econ\u00f4mico. O evento contou com a participa\u00e7\u00e3o de auditores governamentais da CGE: D\u00e9cio de Moura, gerente de Gest\u00e3o e Pessoas; Jo\u00e3o Fischer, gerente dos N\u00facleos Setoriais; e Iriana Oliveira. A programa\u00e7\u00e3o teve&hellip;<\/p>\n","category_list_v2":"<a href=\"https:\/\/portal.pi.gov.br\/cge\/category\/noticias\/\" rel=\"category tag\">Imprensa<\/a>, <a href=\"https:\/\/portal.pi.gov.br\/cge\/category\/noticias\/noticia-destaque\/\" rel=\"category tag\">Not\u00edcia Destaque<\/a>","author_info_v2":{"name":"Rayrene Braga","url":"https:\/\/portal.pi.gov.br\/cge\/author\/rayrenesantos\/"},"comments_num_v2":"0 coment\u00e1rio","jetpack_sharing_enabled":true,"jetpack_featured_media_url":"https:\/\/portal.pi.gov.br\/cge\/wp-content\/uploads\/sites\/12\/2026\/04\/CAPA-SITE-2026-3.png","_links":{"self":[{"href":"https:\/\/portal.pi.gov.br\/cge\/wp-json\/wp\/v2\/posts\/11872"}],"collection":[{"href":"https:\/\/portal.pi.gov.br\/cge\/wp-json\/wp\/v2\/posts"}],"about":[{"href":"https:\/\/portal.pi.gov.br\/cge\/wp-json\/wp\/v2\/types\/post"}],"author":[{"embeddable":true,"href":"https:\/\/portal.pi.gov.br\/cge\/wp-json\/wp\/v2\/users\/1828"}],"replies":[{"embeddable":true,"href":"https:\/\/portal.pi.gov.br\/cge\/wp-json\/wp\/v2\/comments?post=11872"}],"version-history":[{"count":4,"href":"https:\/\/portal.pi.gov.br\/cge\/wp-json\/wp\/v2\/posts\/11872\/revisions"}],"predecessor-version":[{"id":11882,"href":"https:\/\/portal.pi.gov.br\/cge\/wp-json\/wp\/v2\/posts\/11872\/revisions\/11882"}],"wp:featuredmedia":[{"embeddable":true,"href":"https:\/\/portal.pi.gov.br\/cge\/wp-json\/wp\/v2\/media\/11877"}],"wp:attachment":[{"href":"https:\/\/portal.pi.gov.br\/cge\/wp-json\/wp\/v2\/media?parent=11872"}],"wp:term":[{"taxonomy":"category","embeddable":true,"href":"https:\/\/portal.pi.gov.br\/cge\/wp-json\/wp\/v2\/categories?post=11872"},{"taxonomy":"post_tag","embeddable":true,"href":"https:\/\/portal.pi.gov.br\/cge\/wp-json\/wp\/v2\/tags?post=11872"}],"curies":[{"name":"wp","href":"https:\/\/api.w.org\/{rel}","templated":true}]}}