{"id":5730,"date":"2023-04-14T10:19:29","date_gmt":"2023-04-14T13:19:29","guid":{"rendered":"https:\/\/portal.pi.gov.br\/cge\/?p=5730"},"modified":"2023-04-14T10:48:43","modified_gmt":"2023-04-14T13:48:43","slug":"boletim-institucional-da-cge-destaca-acoes-do-controle-interno","status":"publish","type":"post","link":"https:\/\/portal.pi.gov.br\/cge\/2023\/04\/14\/boletim-institucional-da-cge-destaca-acoes-do-controle-interno\/","title":{"rendered":"Boletim Institucional da CGE destaca a\u00e7\u00f5es do Controle Interno"},"content":{"rendered":"\n<figure class=\"wp-block-image size-large\"><img decoding=\"async\" loading=\"lazy\" width=\"1024\" height=\"576\" src=\"https:\/\/portal.pi.gov.br\/cge\/wp-content\/uploads\/sites\/12\/2023\/04\/CAPA-SITE-2-1024x576.png\" alt=\"\" class=\"wp-image-5738\" srcset=\"https:\/\/portal.pi.gov.br\/cge\/wp-content\/uploads\/sites\/12\/2023\/04\/CAPA-SITE-2-1024x576.png 1024w, https:\/\/portal.pi.gov.br\/cge\/wp-content\/uploads\/sites\/12\/2023\/04\/CAPA-SITE-2-300x169.png 300w, https:\/\/portal.pi.gov.br\/cge\/wp-content\/uploads\/sites\/12\/2023\/04\/CAPA-SITE-2-768x432.png 768w, https:\/\/portal.pi.gov.br\/cge\/wp-content\/uploads\/sites\/12\/2023\/04\/CAPA-SITE-2-420x236.png 420w, https:\/\/portal.pi.gov.br\/cge\/wp-content\/uploads\/sites\/12\/2023\/04\/CAPA-SITE-2-540x304.png 540w, https:\/\/portal.pi.gov.br\/cge\/wp-content\/uploads\/sites\/12\/2023\/04\/CAPA-SITE-2-780x439.png 780w, https:\/\/portal.pi.gov.br\/cge\/wp-content\/uploads\/sites\/12\/2023\/04\/CAPA-SITE-2-1536x864.png 1536w, https:\/\/portal.pi.gov.br\/cge\/wp-content\/uploads\/sites\/12\/2023\/04\/CAPA-SITE-2-947x533.png 947w, https:\/\/portal.pi.gov.br\/cge\/wp-content\/uploads\/sites\/12\/2023\/04\/CAPA-SITE-2-624x351.png 624w, https:\/\/portal.pi.gov.br\/cge\/wp-content\/uploads\/sites\/12\/2023\/04\/CAPA-SITE-2.png 1600w\" sizes=\"(max-width: 1024px) 100vw, 1024px\" \/><\/figure>\n\n\n\n<p class=\"has-text-align-justify\">A Controladoria-Geral&nbsp;do Estado do Piau\u00ed (CGE\/PI)&nbsp;divulgou, nesta sexta-feira (14), a primeira edi\u00e7\u00e3o do <strong>Boletim Institucional<\/strong> que consolida dados relacionados \u00e0s atividades de controle interno referente <strong>aos meses de janeiro, fevereiro e mar\u00e7o de 2023.<\/strong><\/p>\n\n\n\n<p class=\"has-text-align-justify\">&#8220;A CGE atua com o foco preventivo e estamos dando continuidade a esses trabalhos. Em 100 dias, realizamos orienta\u00e7\u00f5es aos gestores e, principalmente, capacita\u00e7\u00f5es aos servidores que s\u00e3o os que est\u00e3o na parte de execu\u00e7\u00e3o das atividades\u201d, explica a Controladora-Geral do Estado, Amparo Esm\u00e9rio.<\/p>\n\n\n\n<p class=\"has-text-align-justify\">O documento destaca as diretrizes da gest\u00e3o para o ano de 2023, o planejamento estrat\u00e9gico juntamente com a Secretaria de Fazenda, a amplia\u00e7\u00e3o dos N\u00facleos Setoriais, pontos norteadores para o eSocial, o novo Sistema Integrado de Gest\u00e3o de Repasses P\u00fablicos (SIGRP), entre as capacita\u00e7\u00f5es ofertadas para os servidores dos \u00f3rg\u00e3os.<\/p>\n\n\n\n<div class=\"wp-block-stackable-button-group stk-block-button-group stk-block stk-88a5aa1\" data-block-id=\"88a5aa1\"><style>.stk-88a5aa1{margin-bottom:1px !important}<\/style><div class=\"stk-row stk-inner-blocks stk-block-content stk-button-group\">\n<div class=\"wp-block-stackable-button stk-block-button stk-block stk-f9abf51\" data-block-id=\"f9abf51\"><style>.stk-f9abf51 .stk-button .stk--inner-svg svg:last-child{height:13px !important;width:13px !important}.stk-f9abf51 .stk-button__inner-text{font-size:18px !important}@media screen and (max-width:1023px){.stk-f9abf51 .stk-button__inner-text{font-size:18px !important}}<\/style><a class=\"stk-link stk-button stk--hover-effect-darken\" href=\"https:\/\/drive.google.com\/file\/d\/1aR-cbPH0bYsDBWxRBuxuMiYpPywM4vqe\/view?usp=sharing\"><span class=\"stk-button__inner-text\">Clique aqui e confira o Boletim completo<\/span><\/a><\/div>\n<\/div><\/div>\n\n\n\n<p><\/p>\n\n\n\n<p><\/p>\n","protected":false},"excerpt":{"rendered":"<p>A Controladoria-Geral&nbsp;do Estado do Piau\u00ed (CGE\/PI)&nbsp;divulgou, nesta sexta-feira (14), a primeira edi\u00e7\u00e3o do Boletim Institucional que consolida dados relacionados \u00e0s atividades de controle interno referente aos meses de janeiro, fevereiro [&hellip;]<\/p>\n","protected":false},"author":44,"featured_media":5739,"comment_status":"closed","ping_status":"closed","sticky":false,"template":"","format":"standard","meta":[],"categories":[5],"tags":[371,352,108,107],"featured_image_urls":{"full":["https:\/\/portal.pi.gov.br\/cge\/wp-content\/uploads\/sites\/12\/2023\/04\/CAPA-SITE-2-1.png",1600,900,false],"thumbnail":["https:\/\/portal.pi.gov.br\/cge\/wp-content\/uploads\/sites\/12\/2023\/04\/CAPA-SITE-2-1-150x150.png",150,150,true],"medium":["https:\/\/portal.pi.gov.br\/cge\/wp-content\/uploads\/sites\/12\/2023\/04\/CAPA-SITE-2-1-300x169.png",300,169,true],"medium_large":["https:\/\/portal.pi.gov.br\/cge\/wp-content\/uploads\/sites\/12\/2023\/04\/CAPA-SITE-2-1-768x432.png",768,432,true],"large":["https:\/\/portal.pi.gov.br\/cge\/wp-content\/uploads\/sites\/12\/2023\/04\/CAPA-SITE-2-1-1024x576.png",887,499,true],"sgg-420":["https:\/\/portal.pi.gov.br\/cge\/wp-content\/uploads\/sites\/12\/2023\/04\/CAPA-SITE-2-1-420x236.png",420,236,true],"sgg-540":["https:\/\/portal.pi.gov.br\/cge\/wp-content\/uploads\/sites\/12\/2023\/04\/CAPA-SITE-2-1-540x304.png",540,304,true],"sgg-780":["https:\/\/portal.pi.gov.br\/cge\/wp-content\/uploads\/sites\/12\/2023\/04\/CAPA-SITE-2-1-780x439.png",780,439,true],"1536x1536":["https:\/\/portal.pi.gov.br\/cge\/wp-content\/uploads\/sites\/12\/2023\/04\/CAPA-SITE-2-1-1536x864.png",1536,864,true],"2048x2048":["https:\/\/portal.pi.gov.br\/cge\/wp-content\/uploads\/sites\/12\/2023\/04\/CAPA-SITE-2-1.png",1600,900,false],"homepage-slider":["https:\/\/portal.pi.gov.br\/cge\/wp-content\/uploads\/sites\/12\/2023\/04\/CAPA-SITE-2-1-1270x500.png",1270,500,true],"homepage-slider-small":["https:\/\/portal.pi.gov.br\/cge\/wp-content\/uploads\/sites\/12\/2023\/04\/CAPA-SITE-2-1-947x500.png",947,500,true],"page-top":["https:\/\/portal.pi.gov.br\/cge\/wp-content\/uploads\/sites\/12\/2023\/04\/CAPA-SITE-2-1-947x533.png",947,533,true],"page-small":["https:\/\/portal.pi.gov.br\/cge\/wp-content\/uploads\/sites\/12\/2023\/04\/CAPA-SITE-2-1-624x351.png",624,351,true],"loop-main":["https:\/\/portal.pi.gov.br\/cge\/wp-content\/uploads\/sites\/12\/2023\/04\/CAPA-SITE-2-1-365x240.png",365,240,true],"thumb-gallery-widget":["https:\/\/portal.pi.gov.br\/cge\/wp-content\/uploads\/sites\/12\/2023\/04\/CAPA-SITE-2-1-84x56.png",84,56,true]},"post_excerpt_stackable":"<p>A Controladoria-Geral&nbsp;do Estado do Piau\u00ed (CGE\/PI)&nbsp;divulgou, nesta sexta-feira (14), a primeira edi\u00e7\u00e3o do Boletim Institucional que consolida dados relacionados \u00e0s atividades de controle interno referente aos meses de janeiro, fevereiro e mar\u00e7o de 2023. &#8220;A CGE atua com o foco preventivo e estamos dando continuidade a esses trabalhos. Em 100 dias, realizamos orienta\u00e7\u00f5es aos gestores e, principalmente, capacita\u00e7\u00f5es aos servidores que s\u00e3o os que est\u00e3o na parte de execu\u00e7\u00e3o das atividades\u201d, explica a Controladora-Geral do Estado, Amparo Esm\u00e9rio. O documento destaca as diretrizes da gest\u00e3o para o ano de 2023, o planejamento estrat\u00e9gico juntamente com a Secretaria de Fazenda, a&hellip;<\/p>\n","category_list":"<a href=\"https:\/\/portal.pi.gov.br\/cge\/category\/noticias\/\" rel=\"category tag\">Imprensa<\/a>","author_info":{"name":"andressa","url":"https:\/\/portal.pi.gov.br\/cge\/author\/andressa\/"},"comments_num":"0 coment\u00e1rio","featured_image_urls_v2":{"full":["https:\/\/portal.pi.gov.br\/cge\/wp-content\/uploads\/sites\/12\/2023\/04\/CAPA-SITE-2-1.png",1600,900,false],"thumbnail":["https:\/\/portal.pi.gov.br\/cge\/wp-content\/uploads\/sites\/12\/2023\/04\/CAPA-SITE-2-1-150x150.png",150,150,true],"medium":["https:\/\/portal.pi.gov.br\/cge\/wp-content\/uploads\/sites\/12\/2023\/04\/CAPA-SITE-2-1-300x169.png",300,169,true],"medium_large":["https:\/\/portal.pi.gov.br\/cge\/wp-content\/uploads\/sites\/12\/2023\/04\/CAPA-SITE-2-1-768x432.png",768,432,true],"large":["https:\/\/portal.pi.gov.br\/cge\/wp-content\/uploads\/sites\/12\/2023\/04\/CAPA-SITE-2-1-1024x576.png",887,499,true],"sgg-420":["https:\/\/portal.pi.gov.br\/cge\/wp-content\/uploads\/sites\/12\/2023\/04\/CAPA-SITE-2-1-420x236.png",420,236,true],"sgg-540":["https:\/\/portal.pi.gov.br\/cge\/wp-content\/uploads\/sites\/12\/2023\/04\/CAPA-SITE-2-1-540x304.png",540,304,true],"sgg-780":["https:\/\/portal.pi.gov.br\/cge\/wp-content\/uploads\/sites\/12\/2023\/04\/CAPA-SITE-2-1-780x439.png",780,439,true],"1536x1536":["https:\/\/portal.pi.gov.br\/cge\/wp-content\/uploads\/sites\/12\/2023\/04\/CAPA-SITE-2-1-1536x864.png",1536,864,true],"2048x2048":["https:\/\/portal.pi.gov.br\/cge\/wp-content\/uploads\/sites\/12\/2023\/04\/CAPA-SITE-2-1.png",1600,900,false],"homepage-slider":["https:\/\/portal.pi.gov.br\/cge\/wp-content\/uploads\/sites\/12\/2023\/04\/CAPA-SITE-2-1-1270x500.png",1270,500,true],"homepage-slider-small":["https:\/\/portal.pi.gov.br\/cge\/wp-content\/uploads\/sites\/12\/2023\/04\/CAPA-SITE-2-1-947x500.png",947,500,true],"page-top":["https:\/\/portal.pi.gov.br\/cge\/wp-content\/uploads\/sites\/12\/2023\/04\/CAPA-SITE-2-1-947x533.png",947,533,true],"page-small":["https:\/\/portal.pi.gov.br\/cge\/wp-content\/uploads\/sites\/12\/2023\/04\/CAPA-SITE-2-1-624x351.png",624,351,true],"loop-main":["https:\/\/portal.pi.gov.br\/cge\/wp-content\/uploads\/sites\/12\/2023\/04\/CAPA-SITE-2-1-365x240.png",365,240,true],"thumb-gallery-widget":["https:\/\/portal.pi.gov.br\/cge\/wp-content\/uploads\/sites\/12\/2023\/04\/CAPA-SITE-2-1-84x56.png",84,56,true]},"post_excerpt_stackable_v2":"<p>A Controladoria-Geral&nbsp;do Estado do Piau\u00ed (CGE\/PI)&nbsp;divulgou, nesta sexta-feira (14), a primeira edi\u00e7\u00e3o do Boletim Institucional que consolida dados relacionados \u00e0s atividades de controle interno referente aos meses de janeiro, fevereiro e mar\u00e7o de 2023. &#8220;A CGE atua com o foco preventivo e estamos dando continuidade a esses trabalhos. Em 100 dias, realizamos orienta\u00e7\u00f5es aos gestores e, principalmente, capacita\u00e7\u00f5es aos servidores que s\u00e3o os que est\u00e3o na parte de execu\u00e7\u00e3o das atividades\u201d, explica a Controladora-Geral do Estado, Amparo Esm\u00e9rio. O documento destaca as diretrizes da gest\u00e3o para o ano de 2023, o planejamento estrat\u00e9gico juntamente com a Secretaria de Fazenda, a&hellip;<\/p>\n","category_list_v2":"<a href=\"https:\/\/portal.pi.gov.br\/cge\/category\/noticias\/\" rel=\"category tag\">Imprensa<\/a>","author_info_v2":{"name":"andressa","url":"https:\/\/portal.pi.gov.br\/cge\/author\/andressa\/"},"comments_num_v2":"0 coment\u00e1rio","jetpack_sharing_enabled":true,"jetpack_featured_media_url":"https:\/\/portal.pi.gov.br\/cge\/wp-content\/uploads\/sites\/12\/2023\/04\/CAPA-SITE-2-1.png","_links":{"self":[{"href":"https:\/\/portal.pi.gov.br\/cge\/wp-json\/wp\/v2\/posts\/5730"}],"collection":[{"href":"https:\/\/portal.pi.gov.br\/cge\/wp-json\/wp\/v2\/posts"}],"about":[{"href":"https:\/\/portal.pi.gov.br\/cge\/wp-json\/wp\/v2\/types\/post"}],"author":[{"embeddable":true,"href":"https:\/\/portal.pi.gov.br\/cge\/wp-json\/wp\/v2\/users\/44"}],"replies":[{"embeddable":true,"href":"https:\/\/portal.pi.gov.br\/cge\/wp-json\/wp\/v2\/comments?post=5730"}],"version-history":[{"count":3,"href":"https:\/\/portal.pi.gov.br\/cge\/wp-json\/wp\/v2\/posts\/5730\/revisions"}],"predecessor-version":[{"id":5740,"href":"https:\/\/portal.pi.gov.br\/cge\/wp-json\/wp\/v2\/posts\/5730\/revisions\/5740"}],"wp:featuredmedia":[{"embeddable":true,"href":"https:\/\/portal.pi.gov.br\/cge\/wp-json\/wp\/v2\/media\/5739"}],"wp:attachment":[{"href":"https:\/\/portal.pi.gov.br\/cge\/wp-json\/wp\/v2\/media?parent=5730"}],"wp:term":[{"taxonomy":"category","embeddable":true,"href":"https:\/\/portal.pi.gov.br\/cge\/wp-json\/wp\/v2\/categories?post=5730"},{"taxonomy":"post_tag","embeddable":true,"href":"https:\/\/portal.pi.gov.br\/cge\/wp-json\/wp\/v2\/tags?post=5730"}],"curies":[{"name":"wp","href":"https:\/\/api.w.org\/{rel}","templated":true}]}}