{"id":1405,"date":"2023-09-08T11:48:26","date_gmt":"2023-09-08T14:48:26","guid":{"rendered":"https:\/\/portal.pi.gov.br\/defesacivil\/?p=1405"},"modified":"2023-09-08T11:48:27","modified_gmt":"2023-09-08T14:48:27","slug":"sedec-divulga-novas-medidas-para-a-prevencao-de-queimadas","status":"publish","type":"post","link":"https:\/\/portal.pi.gov.br\/defesacivil\/2023\/09\/08\/sedec-divulga-novas-medidas-para-a-prevencao-de-queimadas\/","title":{"rendered":"Sedec divulga novas medidas para a preven\u00e7\u00e3o de queimadas"},"content":{"rendered":"\n<p>A Secretaria de Estado de Defesa Civil (Sedec) divulgou nesta quarta-feira (06), uma s\u00e9rie de a\u00e7\u00f5es para prevenir queimadas nas zonas rural e urbana dos munic\u00edpios piauienses. O diretor de Preven\u00e7\u00f5es e Mitiga\u00e7\u00e3o da Sedec, Werton Costa, classifica o trabalho como de fundamental import\u00e2ncia nesse per\u00edodo de estiagem, considerado de grande risco para o aumento de queimadas.<\/p>\n\n\n\n<p>Umas das a\u00e7\u00f5es \u00e9 a Defesa Civil na Escola, inciativa que prev\u00ea palestras de sensibiliza\u00e7\u00e3o e conscientiza\u00e7\u00e3o em escolas p\u00fablicas e privadas na capital e no interior. A atua\u00e7\u00e3o da Sedec tamb\u00e9m inclui eventos regionais preparat\u00f3rios para o per\u00edodo da estiagem. J\u00e1 houve encontros nos Territ\u00f3rios de Desenvolvimento da Plan\u00edcie Litor\u00e2nea, Vale do Guaribas, Vale do Itaim e Entre Rios.<\/p>\n\n\n\n<figure class=\"wp-block-image\"><img decoding=\"async\" src=\"https:\/\/www.pi.gov.br\/wp-content\/uploads\/2023\/04\/werton-costa-730x486.jpeg\" alt=\"\" class=\"wp-image-86125\" \/><\/figure>\n\n\n\n<p>Segundo Werton Costa, os pr\u00f3ximos eventos preparat\u00f3rios ocorrer\u00e3o nos territ\u00f3rios dos Cocais, Vale do Sambito e Carnaubais, sempre focando as medidas protetivas e de combate \u00e0s queimadas. \u201cOs eventos preparat\u00f3rios constroem a unicidade do discurso e das pr\u00e1ticas da prote\u00e7\u00e3o civil. S\u00e3o momentos de interc\u00e2mbio, troca de experi\u00eancias, mas tamb\u00e9m de orienta\u00e7\u00f5es precisas que fortalecem a rede de defesa civil no estado, como instru\u00e7\u00f5es para acesso \u00e0 plataforma S2ID de desastres, elabora\u00e7\u00e3o de planos de conting\u00eancia\u201d, esclarece.<\/p>\n\n\n\n<p>Werton destaca que as blitzen da estiagem envolvem campanhas de sensibiliza\u00e7\u00e3o e conscientiza\u00e7\u00e3o nas ruas e pra\u00e7as na capital e principais cidades do interior. Elas est\u00e3o ocorrendo nos munic\u00edpios de Piripiri, Parna\u00edba, Picos, Floriano, S\u00e3o Raimundo Nonato, Esperantina e Pedro II, e ser\u00e3o estendidas a outras cidades.<\/p>\n\n\n\n<p>Para o diretor, com a campanha de sensibiliza\u00e7\u00e3o e conscientiza\u00e7\u00e3o, a Defesa Civil municia sua rede de colaboradores das Comiss\u00f5es Municipais de Defesa Civil (Comdec\u2019s), sobre as condi\u00e7\u00f5es de risco do per\u00edodo e as formas de atua\u00e7\u00e3o para minimizar seus efeitos. As campanhas orientam sobre como acionar os principais \u00f3rg\u00e3os de monitoramento e resposta em caso de queimadas, e estimulam a\u00e7\u00f5es de cunho educacionais a serem replicadas no \u00e2mbito do munic\u00edpio.<\/p>\n\n\n\n<p>A Defesa Civil do Estado, o Corpo de Bombeiros e as secretarias do Meio Ambiente e Recursos H\u00eddricos e de Seguran\u00e7a P\u00fablica, est\u00e3o adotando a\u00e7\u00f5es conjuntas para prevenir queimadas e orientar a popula\u00e7\u00e3o para os riscos de inc\u00eandios diante do aumento da temperatura e a queda da umidade do ar.<\/p>\n\n\n\n<p><strong>Alerta do Corpo de Bombeiros<\/strong><\/p>\n\n\n\n<p>O Corpo de Bombeiros Militar tamb\u00e9m chama a aten\u00e7\u00e3o para cuidados que evitam queimadas, tais como: n\u00e3o queimar lixo dom\u00e9stico ou entulhos; n\u00e3o jogar pontas de cigarro, latinhas ou garrafas em vias p\u00fablicas; evitar queimadas para renovar pasto ou planta\u00e7\u00e3o.<\/p>\n\n\n\n<p>A forma correta de descarte do lixo tamb\u00e9m \u00e9 importante para evitar inc\u00eandios. O lixo deve ser colocado no saco adequado para ser recolhido pela prefeitura. J\u00e1 os res\u00edduos s\u00f3lidos precisam ser separados pelo morador e levados aos locais destinados pelo munic\u00edpio, que far\u00e1 o recolhimento.<\/p>\n\n\n\n<p><strong>Canal de Atendimento<\/strong><\/p>\n\n\n\n<p>A Secretaria de Meio Ambiente e Recursos H\u00eddricos do Piau\u00ed (Semarh), disponibiliza o canal de atendimento oficial da Coordena\u00e7\u00e3o de Inc\u00eandios Florestais, para presta\u00e7\u00e3o de socorro em caso de fogo descontrolado e den\u00fancia de queimadas ilegais praticadas em todo o estado. Para entrar em contato, basta enviar uma mensagem pelo WhatsApp para o n\u00famero (86) 9 9421-6693.<\/p>\n\n\n\n<p>O objetivo do canal \u00e9 melhorar e agilizar o monitoramento das queimadas ilegais em todo o estado, bem como prevenir e combater de modo mais eficaz a ocorr\u00eancia de inc\u00eandios florestais.<\/p>\n","protected":false},"excerpt":{"rendered":"<p>A Secretaria de Estado de Defesa Civil (Sedec) divulgou nesta quarta-feira (06), uma s\u00e9rie de a\u00e7\u00f5es para prevenir queimadas nas zonas rural e urbana dos munic\u00edpios piauienses. O diretor de [&hellip;]<\/p>\n","protected":false},"author":1736,"featured_media":1407,"comment_status":"closed","ping_status":"closed","sticky":false,"template":"","format":"standard","meta":[],"categories":[31],"tags":[],"featured_image_urls":{"full":["https:\/\/portal.pi.gov.br\/defesacivil\/wp-content\/uploads\/sites\/75\/2023\/09\/werton-costa-730x486-1.jpeg",730,486,false],"thumbnail":["https:\/\/portal.pi.gov.br\/defesacivil\/wp-content\/uploads\/sites\/75\/2023\/09\/werton-costa-730x486-1-150x150.jpeg",150,150,true],"medium":["https:\/\/portal.pi.gov.br\/defesacivil\/wp-content\/uploads\/sites\/75\/2023\/09\/werton-costa-730x486-1-300x200.jpeg",300,200,true],"medium_large":["https:\/\/portal.pi.gov.br\/defesacivil\/wp-content\/uploads\/sites\/75\/2023\/09\/werton-costa-730x486-1.jpeg",730,486,false],"large":["https:\/\/portal.pi.gov.br\/defesacivil\/wp-content\/uploads\/sites\/75\/2023\/09\/werton-costa-730x486-1.jpeg",730,486,false],"sgg-420":["https:\/\/portal.pi.gov.br\/defesacivil\/wp-content\/uploads\/sites\/75\/2023\/09\/werton-costa-730x486-1-420x280.jpeg",420,280,true],"sgg-540":["https:\/\/portal.pi.gov.br\/defesacivil\/wp-content\/uploads\/sites\/75\/2023\/09\/werton-costa-730x486-1-540x360.jpeg",540,360,true],"sgg-780":["https:\/\/portal.pi.gov.br\/defesacivil\/wp-content\/uploads\/sites\/75\/2023\/09\/werton-costa-730x486-1.jpeg",730,486,false],"1536x1536":["https:\/\/portal.pi.gov.br\/defesacivil\/wp-content\/uploads\/sites\/75\/2023\/09\/werton-costa-730x486-1.jpeg",730,486,false],"2048x2048":["https:\/\/portal.pi.gov.br\/defesacivil\/wp-content\/uploads\/sites\/75\/2023\/09\/werton-costa-730x486-1.jpeg",730,486,false],"homepage-slider":["https:\/\/portal.pi.gov.br\/defesacivil\/wp-content\/uploads\/sites\/75\/2023\/09\/werton-costa-730x486-1.jpeg",730,486,false],"homepage-slider-small":["https:\/\/portal.pi.gov.br\/defesacivil\/wp-content\/uploads\/sites\/75\/2023\/09\/werton-costa-730x486-1.jpeg",730,486,false],"page-top":["https:\/\/portal.pi.gov.br\/defesacivil\/wp-content\/uploads\/sites\/75\/2023\/09\/werton-costa-730x486-1.jpeg",730,486,false],"page-small":["https:\/\/portal.pi.gov.br\/defesacivil\/wp-content\/uploads\/sites\/75\/2023\/09\/werton-costa-730x486-1-624x415.jpeg",624,415,true],"loop-main":["https:\/\/portal.pi.gov.br\/defesacivil\/wp-content\/uploads\/sites\/75\/2023\/09\/werton-costa-730x486-1-365x240.jpeg",365,240,true],"thumb-gallery-widget":["https:\/\/portal.pi.gov.br\/defesacivil\/wp-content\/uploads\/sites\/75\/2023\/09\/werton-costa-730x486-1-84x56.jpeg",84,56,true]},"post_excerpt_stackable":"<p>A Secretaria de Estado de Defesa Civil (Sedec) divulgou nesta quarta-feira (06), uma s\u00e9rie de a\u00e7\u00f5es para prevenir queimadas nas zonas rural e urbana dos munic\u00edpios piauienses. O diretor de Preven\u00e7\u00f5es e Mitiga\u00e7\u00e3o da Sedec, Werton Costa, classifica o trabalho como de fundamental import\u00e2ncia nesse per\u00edodo de estiagem, considerado de grande risco para o aumento de queimadas. Umas das a\u00e7\u00f5es \u00e9 a Defesa Civil na Escola, inciativa que prev\u00ea palestras de sensibiliza\u00e7\u00e3o e conscientiza\u00e7\u00e3o em escolas p\u00fablicas e privadas na capital e no interior. A atua\u00e7\u00e3o da Sedec tamb\u00e9m inclui eventos regionais preparat\u00f3rios para o per\u00edodo da estiagem. J\u00e1 houve&hellip;<\/p>\n","category_list":"<a href=\"https:\/\/portal.pi.gov.br\/defesacivil\/category\/noticias\/\" rel=\"category tag\">Not\u00edcias<\/a>","author_info":{"name":"junielechaves","url":"https:\/\/portal.pi.gov.br\/defesacivil\/author\/junielechaves\/"},"comments_num":"0 coment\u00e1rio","featured_image_urls_v2":{"full":["https:\/\/portal.pi.gov.br\/defesacivil\/wp-content\/uploads\/sites\/75\/2023\/09\/werton-costa-730x486-1.jpeg",730,486,false],"thumbnail":["https:\/\/portal.pi.gov.br\/defesacivil\/wp-content\/uploads\/sites\/75\/2023\/09\/werton-costa-730x486-1-150x150.jpeg",150,150,true],"medium":["https:\/\/portal.pi.gov.br\/defesacivil\/wp-content\/uploads\/sites\/75\/2023\/09\/werton-costa-730x486-1-300x200.jpeg",300,200,true],"medium_large":["https:\/\/portal.pi.gov.br\/defesacivil\/wp-content\/uploads\/sites\/75\/2023\/09\/werton-costa-730x486-1.jpeg",730,486,false],"large":["https:\/\/portal.pi.gov.br\/defesacivil\/wp-content\/uploads\/sites\/75\/2023\/09\/werton-costa-730x486-1.jpeg",730,486,false],"sgg-420":["https:\/\/portal.pi.gov.br\/defesacivil\/wp-content\/uploads\/sites\/75\/2023\/09\/werton-costa-730x486-1-420x280.jpeg",420,280,true],"sgg-540":["https:\/\/portal.pi.gov.br\/defesacivil\/wp-content\/uploads\/sites\/75\/2023\/09\/werton-costa-730x486-1-540x360.jpeg",540,360,true],"sgg-780":["https:\/\/portal.pi.gov.br\/defesacivil\/wp-content\/uploads\/sites\/75\/2023\/09\/werton-costa-730x486-1.jpeg",730,486,false],"1536x1536":["https:\/\/portal.pi.gov.br\/defesacivil\/wp-content\/uploads\/sites\/75\/2023\/09\/werton-costa-730x486-1.jpeg",730,486,false],"2048x2048":["https:\/\/portal.pi.gov.br\/defesacivil\/wp-content\/uploads\/sites\/75\/2023\/09\/werton-costa-730x486-1.jpeg",730,486,false],"homepage-slider":["https:\/\/portal.pi.gov.br\/defesacivil\/wp-content\/uploads\/sites\/75\/2023\/09\/werton-costa-730x486-1.jpeg",730,486,false],"homepage-slider-small":["https:\/\/portal.pi.gov.br\/defesacivil\/wp-content\/uploads\/sites\/75\/2023\/09\/werton-costa-730x486-1.jpeg",730,486,false],"page-top":["https:\/\/portal.pi.gov.br\/defesacivil\/wp-content\/uploads\/sites\/75\/2023\/09\/werton-costa-730x486-1.jpeg",730,486,false],"page-small":["https:\/\/portal.pi.gov.br\/defesacivil\/wp-content\/uploads\/sites\/75\/2023\/09\/werton-costa-730x486-1-624x415.jpeg",624,415,true],"loop-main":["https:\/\/portal.pi.gov.br\/defesacivil\/wp-content\/uploads\/sites\/75\/2023\/09\/werton-costa-730x486-1-365x240.jpeg",365,240,true],"thumb-gallery-widget":["https:\/\/portal.pi.gov.br\/defesacivil\/wp-content\/uploads\/sites\/75\/2023\/09\/werton-costa-730x486-1-84x56.jpeg",84,56,true]},"post_excerpt_stackable_v2":"<p>A Secretaria de Estado de Defesa Civil (Sedec) divulgou nesta quarta-feira (06), uma s\u00e9rie de a\u00e7\u00f5es para prevenir queimadas nas zonas rural e urbana dos munic\u00edpios piauienses. O diretor de Preven\u00e7\u00f5es e Mitiga\u00e7\u00e3o da Sedec, Werton Costa, classifica o trabalho como de fundamental import\u00e2ncia nesse per\u00edodo de estiagem, considerado de grande risco para o aumento de queimadas. Umas das a\u00e7\u00f5es \u00e9 a Defesa Civil na Escola, inciativa que prev\u00ea palestras de sensibiliza\u00e7\u00e3o e conscientiza\u00e7\u00e3o em escolas p\u00fablicas e privadas na capital e no interior. A atua\u00e7\u00e3o da Sedec tamb\u00e9m inclui eventos regionais preparat\u00f3rios para o per\u00edodo da estiagem. J\u00e1 houve&hellip;<\/p>\n","category_list_v2":"<a href=\"https:\/\/portal.pi.gov.br\/defesacivil\/category\/noticias\/\" rel=\"category tag\">Not\u00edcias<\/a>","author_info_v2":{"name":"junielechaves","url":"https:\/\/portal.pi.gov.br\/defesacivil\/author\/junielechaves\/"},"comments_num_v2":"0 coment\u00e1rio","jetpack_featured_media_url":"https:\/\/portal.pi.gov.br\/defesacivil\/wp-content\/uploads\/sites\/75\/2023\/09\/werton-costa-730x486-1.jpeg","_links":{"self":[{"href":"https:\/\/portal.pi.gov.br\/defesacivil\/wp-json\/wp\/v2\/posts\/1405"}],"collection":[{"href":"https:\/\/portal.pi.gov.br\/defesacivil\/wp-json\/wp\/v2\/posts"}],"about":[{"href":"https:\/\/portal.pi.gov.br\/defesacivil\/wp-json\/wp\/v2\/types\/post"}],"author":[{"embeddable":true,"href":"https:\/\/portal.pi.gov.br\/defesacivil\/wp-json\/wp\/v2\/users\/1736"}],"replies":[{"embeddable":true,"href":"https:\/\/portal.pi.gov.br\/defesacivil\/wp-json\/wp\/v2\/comments?post=1405"}],"version-history":[{"count":1,"href":"https:\/\/portal.pi.gov.br\/defesacivil\/wp-json\/wp\/v2\/posts\/1405\/revisions"}],"predecessor-version":[{"id":1408,"href":"https:\/\/portal.pi.gov.br\/defesacivil\/wp-json\/wp\/v2\/posts\/1405\/revisions\/1408"}],"wp:featuredmedia":[{"embeddable":true,"href":"https:\/\/portal.pi.gov.br\/defesacivil\/wp-json\/wp\/v2\/media\/1407"}],"wp:attachment":[{"href":"https:\/\/portal.pi.gov.br\/defesacivil\/wp-json\/wp\/v2\/media?parent=1405"}],"wp:term":[{"taxonomy":"category","embeddable":true,"href":"https:\/\/portal.pi.gov.br\/defesacivil\/wp-json\/wp\/v2\/categories?post=1405"},{"taxonomy":"post_tag","embeddable":true,"href":"https:\/\/portal.pi.gov.br\/defesacivil\/wp-json\/wp\/v2\/tags?post=1405"}],"curies":[{"name":"wp","href":"https:\/\/api.w.org\/{rel}","templated":true}]}}