{"id":2512,"date":"2025-07-09T10:13:59","date_gmt":"2025-07-09T13:13:59","guid":{"rendered":"https:\/\/portal.pi.gov.br\/defesacivil\/?p=2512"},"modified":"2025-07-09T10:14:00","modified_gmt":"2025-07-09T13:14:00","slug":"defesa-civil-e-secult-articulam-acoes-educativas-de-prevencao-por-meio-do-teatro","status":"publish","type":"post","link":"https:\/\/portal.pi.gov.br\/defesacivil\/2025\/07\/09\/defesa-civil-e-secult-articulam-acoes-educativas-de-prevencao-por-meio-do-teatro\/","title":{"rendered":"Defesa Civil e Secult articulam a\u00e7\u00f5es educativas de preven\u00e7\u00e3o por meio do teatro"},"content":{"rendered":"\n<p>Representantes da Secretaria da Defesa Civil do Piau\u00ed (Sedec) se reuniram com o secret\u00e1rio da Cultura (Secult), Rodrigo Amorim, nessa ter\u00e7a-feira (8), para dialogar sobre a realiza\u00e7\u00e3o de a\u00e7\u00f5es em parceria entre os dois \u00f3rg\u00e3os a fim de construir abordagens l\u00fadicas como uma estrat\u00e9gia para levar a informa\u00e7\u00e3o e orienta\u00e7\u00e3o sobre defesa civil e preven\u00e7\u00e3o at\u00e9 as comunidades, por meio da din\u00e2mica cultural, facilitando essa comunica\u00e7\u00e3o, utilizando a dramaturgia e o teatro como ferramentas.<\/p>\n\n\n\n<p>O encontro ocorreu na sede da Secult e contou com a presen\u00e7a do diretor de Preven\u00e7\u00e3o e Mitiga\u00e7\u00e3o da Sedec, Werton Costa, e a gerente de Preven\u00e7\u00e3o, Valdite Le\u00e3o.<\/p>\n\n\n\n<p>A ideia \u00e9 fortalecer o di\u00e1logo com as comunidades tradicionais, mas principalmente com as crian\u00e7as, utilizando uma linguagem simples e din\u00e2mica, preparando-as para agir com consci\u00eancia, responsabilidade e seguran\u00e7a.<\/p>\n\n\n\n<p>\u201cDefesa Civil e Secult iniciaram as tratativas para o desenvolvimento de a\u00e7\u00f5es prevencionistas que utilizem estrat\u00e9gias ancoradas em manifesta\u00e7\u00f5es culturais e art\u00edsticas para uma educa\u00e7\u00e3o de redu\u00e7\u00e3o de riscos mais eficaz. A aposta na arte, na linguagem simples e no resgate de nossas tradi\u00e7\u00f5es como ferramentas atitudinal para sensibilizar a sociedade para o autocuidado e seguran\u00e7a coletiva\u201d, conta Werton Costa.<\/p>\n\n\n\n<p>O diretor refor\u00e7a ainda que o teatro \u00e9 uma forma amig\u00e1vel de colocar as pautas ambientais e clim\u00e1ticas de forma clara e interativa para as crian\u00e7as. \u201cO que n\u00f3s pretendemos na parceria Pactos, Secretaria de Defesa Civil e Secult, \u00e9 construir uma proposta de interven\u00e7\u00e3o com a clientela entre 4 e 7 anos, que possa ser bastante amig\u00e1vel, como um teatrinho, que coloque a quest\u00e3o da pauta ambiental e clim\u00e1tica e da pol\u00edtica p\u00fablica de seguran\u00e7a e defesa civil de uma forma clara, muito interativa, para que nossas crian\u00e7as j\u00e1 internalizem essa mensagem de auto seguran\u00e7a e autoprote\u00e7\u00e3o, levando tamb\u00e9m para dentro do lar a pol\u00edtica de defesa civil de uma forma bastante clara, compreens\u00edvel e envolvente\u201d, explica Werton.<\/p>\n\n\n\n<figure class=\"wp-block-image size-large\"><img decoding=\"async\" loading=\"lazy\" width=\"1024\" height=\"768\" src=\"https:\/\/portal.pi.gov.br\/defesacivil\/wp-content\/uploads\/sites\/75\/2025\/07\/WhatsApp-Image-2025-07-09-at-09.54.34-1024x768.jpeg\" alt=\"\" class=\"wp-image-2513\" srcset=\"https:\/\/portal.pi.gov.br\/defesacivil\/wp-content\/uploads\/sites\/75\/2025\/07\/WhatsApp-Image-2025-07-09-at-09.54.34-1024x768.jpeg 1024w, https:\/\/portal.pi.gov.br\/defesacivil\/wp-content\/uploads\/sites\/75\/2025\/07\/WhatsApp-Image-2025-07-09-at-09.54.34-300x225.jpeg 300w, https:\/\/portal.pi.gov.br\/defesacivil\/wp-content\/uploads\/sites\/75\/2025\/07\/WhatsApp-Image-2025-07-09-at-09.54.34-768x576.jpeg 768w, https:\/\/portal.pi.gov.br\/defesacivil\/wp-content\/uploads\/sites\/75\/2025\/07\/WhatsApp-Image-2025-07-09-at-09.54.34-420x315.jpeg 420w, https:\/\/portal.pi.gov.br\/defesacivil\/wp-content\/uploads\/sites\/75\/2025\/07\/WhatsApp-Image-2025-07-09-at-09.54.34-540x405.jpeg 540w, https:\/\/portal.pi.gov.br\/defesacivil\/wp-content\/uploads\/sites\/75\/2025\/07\/WhatsApp-Image-2025-07-09-at-09.54.34-780x585.jpeg 780w, https:\/\/portal.pi.gov.br\/defesacivil\/wp-content\/uploads\/sites\/75\/2025\/07\/WhatsApp-Image-2025-07-09-at-09.54.34-1536x1152.jpeg 1536w, https:\/\/portal.pi.gov.br\/defesacivil\/wp-content\/uploads\/sites\/75\/2025\/07\/WhatsApp-Image-2025-07-09-at-09.54.34-947x710.jpeg 947w, https:\/\/portal.pi.gov.br\/defesacivil\/wp-content\/uploads\/sites\/75\/2025\/07\/WhatsApp-Image-2025-07-09-at-09.54.34-624x468.jpeg 624w, https:\/\/portal.pi.gov.br\/defesacivil\/wp-content\/uploads\/sites\/75\/2025\/07\/WhatsApp-Image-2025-07-09-at-09.54.34.jpeg 1600w\" sizes=\"(max-width: 1024px) 100vw, 1024px\" \/><\/figure>\n","protected":false},"excerpt":{"rendered":"<p>Representantes da Secretaria da Defesa Civil do Piau\u00ed (Sedec) se reuniram com o secret\u00e1rio da Cultura (Secult), Rodrigo Amorim, nessa ter\u00e7a-feira (8), para dialogar sobre a realiza\u00e7\u00e3o de a\u00e7\u00f5es em [&hellip;]<\/p>\n","protected":false},"author":1736,"featured_media":2513,"comment_status":"closed","ping_status":"closed","sticky":false,"template":"","format":"standard","meta":[],"categories":[31],"tags":[],"featured_image_urls":{"full":["https:\/\/portal.pi.gov.br\/defesacivil\/wp-content\/uploads\/sites\/75\/2025\/07\/WhatsApp-Image-2025-07-09-at-09.54.34.jpeg",1600,1200,false],"thumbnail":["https:\/\/portal.pi.gov.br\/defesacivil\/wp-content\/uploads\/sites\/75\/2025\/07\/WhatsApp-Image-2025-07-09-at-09.54.34-150x150.jpeg",150,150,true],"medium":["https:\/\/portal.pi.gov.br\/defesacivil\/wp-content\/uploads\/sites\/75\/2025\/07\/WhatsApp-Image-2025-07-09-at-09.54.34-300x225.jpeg",300,225,true],"medium_large":["https:\/\/portal.pi.gov.br\/defesacivil\/wp-content\/uploads\/sites\/75\/2025\/07\/WhatsApp-Image-2025-07-09-at-09.54.34-768x576.jpeg",768,576,true],"large":["https:\/\/portal.pi.gov.br\/defesacivil\/wp-content\/uploads\/sites\/75\/2025\/07\/WhatsApp-Image-2025-07-09-at-09.54.34-1024x768.jpeg",887,665,true],"sgg-420":["https:\/\/portal.pi.gov.br\/defesacivil\/wp-content\/uploads\/sites\/75\/2025\/07\/WhatsApp-Image-2025-07-09-at-09.54.34-420x315.jpeg",420,315,true],"sgg-540":["https:\/\/portal.pi.gov.br\/defesacivil\/wp-content\/uploads\/sites\/75\/2025\/07\/WhatsApp-Image-2025-07-09-at-09.54.34-540x405.jpeg",540,405,true],"sgg-780":["https:\/\/portal.pi.gov.br\/defesacivil\/wp-content\/uploads\/sites\/75\/2025\/07\/WhatsApp-Image-2025-07-09-at-09.54.34-780x585.jpeg",780,585,true],"1536x1536":["https:\/\/portal.pi.gov.br\/defesacivil\/wp-content\/uploads\/sites\/75\/2025\/07\/WhatsApp-Image-2025-07-09-at-09.54.34-1536x1152.jpeg",1536,1152,true],"2048x2048":["https:\/\/portal.pi.gov.br\/defesacivil\/wp-content\/uploads\/sites\/75\/2025\/07\/WhatsApp-Image-2025-07-09-at-09.54.34.jpeg",1600,1200,false],"homepage-slider":["https:\/\/portal.pi.gov.br\/defesacivil\/wp-content\/uploads\/sites\/75\/2025\/07\/WhatsApp-Image-2025-07-09-at-09.54.34-1270x500.jpeg",1270,500,true],"homepage-slider-small":["https:\/\/portal.pi.gov.br\/defesacivil\/wp-content\/uploads\/sites\/75\/2025\/07\/WhatsApp-Image-2025-07-09-at-09.54.34-947x500.jpeg",947,500,true],"page-top":["https:\/\/portal.pi.gov.br\/defesacivil\/wp-content\/uploads\/sites\/75\/2025\/07\/WhatsApp-Image-2025-07-09-at-09.54.34-947x710.jpeg",947,710,true],"page-small":["https:\/\/portal.pi.gov.br\/defesacivil\/wp-content\/uploads\/sites\/75\/2025\/07\/WhatsApp-Image-2025-07-09-at-09.54.34-624x468.jpeg",624,468,true],"loop-main":["https:\/\/portal.pi.gov.br\/defesacivil\/wp-content\/uploads\/sites\/75\/2025\/07\/WhatsApp-Image-2025-07-09-at-09.54.34-365x240.jpeg",365,240,true],"thumb-gallery-widget":["https:\/\/portal.pi.gov.br\/defesacivil\/wp-content\/uploads\/sites\/75\/2025\/07\/WhatsApp-Image-2025-07-09-at-09.54.34-84x56.jpeg",84,56,true]},"post_excerpt_stackable":"<p>Representantes da Secretaria da Defesa Civil do Piau\u00ed (Sedec) se reuniram com o secret\u00e1rio da Cultura (Secult), Rodrigo Amorim, nessa ter\u00e7a-feira (8), para dialogar sobre a realiza\u00e7\u00e3o de a\u00e7\u00f5es em parceria entre os dois \u00f3rg\u00e3os a fim de construir abordagens l\u00fadicas como uma estrat\u00e9gia para levar a informa\u00e7\u00e3o e orienta\u00e7\u00e3o sobre defesa civil e preven\u00e7\u00e3o at\u00e9 as comunidades, por meio da din\u00e2mica cultural, facilitando essa comunica\u00e7\u00e3o, utilizando a dramaturgia e o teatro como ferramentas. O encontro ocorreu na sede da Secult e contou com a presen\u00e7a do diretor de Preven\u00e7\u00e3o e Mitiga\u00e7\u00e3o da Sedec, Werton Costa, e a gerente de&hellip;<\/p>\n","category_list":"<a href=\"https:\/\/portal.pi.gov.br\/defesacivil\/category\/noticias\/\" rel=\"category tag\">Not\u00edcias<\/a>","author_info":{"name":"junielechaves","url":"https:\/\/portal.pi.gov.br\/defesacivil\/author\/junielechaves\/"},"comments_num":"0 coment\u00e1rio","featured_image_urls_v2":{"full":["https:\/\/portal.pi.gov.br\/defesacivil\/wp-content\/uploads\/sites\/75\/2025\/07\/WhatsApp-Image-2025-07-09-at-09.54.34.jpeg",1600,1200,false],"thumbnail":["https:\/\/portal.pi.gov.br\/defesacivil\/wp-content\/uploads\/sites\/75\/2025\/07\/WhatsApp-Image-2025-07-09-at-09.54.34-150x150.jpeg",150,150,true],"medium":["https:\/\/portal.pi.gov.br\/defesacivil\/wp-content\/uploads\/sites\/75\/2025\/07\/WhatsApp-Image-2025-07-09-at-09.54.34-300x225.jpeg",300,225,true],"medium_large":["https:\/\/portal.pi.gov.br\/defesacivil\/wp-content\/uploads\/sites\/75\/2025\/07\/WhatsApp-Image-2025-07-09-at-09.54.34-768x576.jpeg",768,576,true],"large":["https:\/\/portal.pi.gov.br\/defesacivil\/wp-content\/uploads\/sites\/75\/2025\/07\/WhatsApp-Image-2025-07-09-at-09.54.34-1024x768.jpeg",887,665,true],"sgg-420":["https:\/\/portal.pi.gov.br\/defesacivil\/wp-content\/uploads\/sites\/75\/2025\/07\/WhatsApp-Image-2025-07-09-at-09.54.34-420x315.jpeg",420,315,true],"sgg-540":["https:\/\/portal.pi.gov.br\/defesacivil\/wp-content\/uploads\/sites\/75\/2025\/07\/WhatsApp-Image-2025-07-09-at-09.54.34-540x405.jpeg",540,405,true],"sgg-780":["https:\/\/portal.pi.gov.br\/defesacivil\/wp-content\/uploads\/sites\/75\/2025\/07\/WhatsApp-Image-2025-07-09-at-09.54.34-780x585.jpeg",780,585,true],"1536x1536":["https:\/\/portal.pi.gov.br\/defesacivil\/wp-content\/uploads\/sites\/75\/2025\/07\/WhatsApp-Image-2025-07-09-at-09.54.34-1536x1152.jpeg",1536,1152,true],"2048x2048":["https:\/\/portal.pi.gov.br\/defesacivil\/wp-content\/uploads\/sites\/75\/2025\/07\/WhatsApp-Image-2025-07-09-at-09.54.34.jpeg",1600,1200,false],"homepage-slider":["https:\/\/portal.pi.gov.br\/defesacivil\/wp-content\/uploads\/sites\/75\/2025\/07\/WhatsApp-Image-2025-07-09-at-09.54.34-1270x500.jpeg",1270,500,true],"homepage-slider-small":["https:\/\/portal.pi.gov.br\/defesacivil\/wp-content\/uploads\/sites\/75\/2025\/07\/WhatsApp-Image-2025-07-09-at-09.54.34-947x500.jpeg",947,500,true],"page-top":["https:\/\/portal.pi.gov.br\/defesacivil\/wp-content\/uploads\/sites\/75\/2025\/07\/WhatsApp-Image-2025-07-09-at-09.54.34-947x710.jpeg",947,710,true],"page-small":["https:\/\/portal.pi.gov.br\/defesacivil\/wp-content\/uploads\/sites\/75\/2025\/07\/WhatsApp-Image-2025-07-09-at-09.54.34-624x468.jpeg",624,468,true],"loop-main":["https:\/\/portal.pi.gov.br\/defesacivil\/wp-content\/uploads\/sites\/75\/2025\/07\/WhatsApp-Image-2025-07-09-at-09.54.34-365x240.jpeg",365,240,true],"thumb-gallery-widget":["https:\/\/portal.pi.gov.br\/defesacivil\/wp-content\/uploads\/sites\/75\/2025\/07\/WhatsApp-Image-2025-07-09-at-09.54.34-84x56.jpeg",84,56,true]},"post_excerpt_stackable_v2":"<p>Representantes da Secretaria da Defesa Civil do Piau\u00ed (Sedec) se reuniram com o secret\u00e1rio da Cultura (Secult), Rodrigo Amorim, nessa ter\u00e7a-feira (8), para dialogar sobre a realiza\u00e7\u00e3o de a\u00e7\u00f5es em parceria entre os dois \u00f3rg\u00e3os a fim de construir abordagens l\u00fadicas como uma estrat\u00e9gia para levar a informa\u00e7\u00e3o e orienta\u00e7\u00e3o sobre defesa civil e preven\u00e7\u00e3o at\u00e9 as comunidades, por meio da din\u00e2mica cultural, facilitando essa comunica\u00e7\u00e3o, utilizando a dramaturgia e o teatro como ferramentas. O encontro ocorreu na sede da Secult e contou com a presen\u00e7a do diretor de Preven\u00e7\u00e3o e Mitiga\u00e7\u00e3o da Sedec, Werton Costa, e a gerente de&hellip;<\/p>\n","category_list_v2":"<a href=\"https:\/\/portal.pi.gov.br\/defesacivil\/category\/noticias\/\" rel=\"category tag\">Not\u00edcias<\/a>","author_info_v2":{"name":"junielechaves","url":"https:\/\/portal.pi.gov.br\/defesacivil\/author\/junielechaves\/"},"comments_num_v2":"0 coment\u00e1rio","jetpack_featured_media_url":"https:\/\/portal.pi.gov.br\/defesacivil\/wp-content\/uploads\/sites\/75\/2025\/07\/WhatsApp-Image-2025-07-09-at-09.54.34.jpeg","_links":{"self":[{"href":"https:\/\/portal.pi.gov.br\/defesacivil\/wp-json\/wp\/v2\/posts\/2512"}],"collection":[{"href":"https:\/\/portal.pi.gov.br\/defesacivil\/wp-json\/wp\/v2\/posts"}],"about":[{"href":"https:\/\/portal.pi.gov.br\/defesacivil\/wp-json\/wp\/v2\/types\/post"}],"author":[{"embeddable":true,"href":"https:\/\/portal.pi.gov.br\/defesacivil\/wp-json\/wp\/v2\/users\/1736"}],"replies":[{"embeddable":true,"href":"https:\/\/portal.pi.gov.br\/defesacivil\/wp-json\/wp\/v2\/comments?post=2512"}],"version-history":[{"count":1,"href":"https:\/\/portal.pi.gov.br\/defesacivil\/wp-json\/wp\/v2\/posts\/2512\/revisions"}],"predecessor-version":[{"id":2514,"href":"https:\/\/portal.pi.gov.br\/defesacivil\/wp-json\/wp\/v2\/posts\/2512\/revisions\/2514"}],"wp:featuredmedia":[{"embeddable":true,"href":"https:\/\/portal.pi.gov.br\/defesacivil\/wp-json\/wp\/v2\/media\/2513"}],"wp:attachment":[{"href":"https:\/\/portal.pi.gov.br\/defesacivil\/wp-json\/wp\/v2\/media?parent=2512"}],"wp:term":[{"taxonomy":"category","embeddable":true,"href":"https:\/\/portal.pi.gov.br\/defesacivil\/wp-json\/wp\/v2\/categories?post=2512"},{"taxonomy":"post_tag","embeddable":true,"href":"https:\/\/portal.pi.gov.br\/defesacivil\/wp-json\/wp\/v2\/tags?post=2512"}],"curies":[{"name":"wp","href":"https:\/\/api.w.org\/{rel}","templated":true}]}}