{"id":2880,"date":"2026-03-19T08:55:20","date_gmt":"2026-03-19T11:55:20","guid":{"rendered":"https:\/\/portal.pi.gov.br\/defesacivil\/?p=2880"},"modified":"2026-03-19T08:57:12","modified_gmt":"2026-03-19T11:57:12","slug":"piaui-resiliente-defesa-civil-apresenta-avancos-e-consolida-novo-modelo-de-atuacao-no-estado","status":"publish","type":"post","link":"https:\/\/portal.pi.gov.br\/defesacivil\/2026\/03\/19\/piaui-resiliente-defesa-civil-apresenta-avancos-e-consolida-novo-modelo-de-atuacao-no-estado\/","title":{"rendered":"Piau\u00ed Resiliente: Defesa Civil apresenta avan\u00e7os e consolida novo modelo de atua\u00e7\u00e3o no estado"},"content":{"rendered":"\n<h3 class=\"wp-block-heading\">Evento reuniu gestores e parceiros para apresentar balan\u00e7o de 2023 a 2025, com foco em preven\u00e7\u00e3o, planejamento e fortalecimento institucional<\/h3>\n\n\n\n<p><\/p>\n\n\n\n<p><\/p>\n\n\n\n<p>O Governo do Estado do Piau\u00ed, por meio da Secretaria de Estado da Defesa Civil (Sedec), realizou o evento \u201cPiau\u00ed Resiliente: balan\u00e7o de gest\u00e3o e a\u00e7\u00f5es executadas entre 2023 e 2025\u201d, reunindo autoridades, gestores p\u00fablicos e parceiros institucionais. Na ocasi\u00e3o, foram apresentados os principais resultados e avan\u00e7os da pol\u00edtica estadual de prote\u00e7\u00e3o e defesa civil.<br>A programa\u00e7\u00e3o foi marcada pela apresenta\u00e7\u00e3o de dados, relatos institucionais e falas de gestores que destacaram a mudan\u00e7a de paradigma na atua\u00e7\u00e3o da Defesa Civil no estado. Durante a abertura, o secret\u00e1rio da pasta, Nerinho, ressaltou o car\u00e1ter estrat\u00e9gico do encontro. \u201cHoje apresentamos o balan\u00e7o das a\u00e7\u00f5es da Defesa Civil. Mais do que n\u00fameros, esta apresenta\u00e7\u00e3o representa uma mudan\u00e7a de vis\u00e3o. Sa\u00edmos de uma Defesa Civil essencialmente emergencial para uma Defesa Civil estruturante.&nbsp;Esse \u00e9 o eixo central da nossa gest\u00e3o\u201d, afirmou.<\/p>\n\n\n\n<p>O gestor tamb\u00e9m explicou que a transforma\u00e7\u00e3o foi resultado de uma decis\u00e3o estrat\u00e9gica baseada em diagn\u00f3stico institucional. De acordo com ele, a Defesa Civil passou a atuar de forma antecipada, com foco em planejamento e preven\u00e7\u00e3o. \u201cO que constru\u00edmos nesse per\u00edodo foi uma transi\u00e7\u00e3o de modelo. Antes, a atua\u00e7\u00e3o estava concentrada em responder aos problemas depois que eles aconteciam. Nosso esfor\u00e7o foi reorganizar a Defesa Civil para atuar tamb\u00e9m antes dos desastres, com planejamento, preven\u00e7\u00e3o, monitoramento e, principalmente, obras estruturantes\u201d, destacou.<\/p>\n\n\n\n<p><strong>Novo modelo de gest\u00e3o e fortalecimento institucional<\/strong><\/p>\n\n\n\n<p>Ainda segundo Nerinho, a gest\u00e3o realizou mudan\u00e7as profundas, com medidas emergenciais e investimento em a\u00e7\u00f5es estruturantes, voltadas para prioridades claras. \u201cTomamos uma decis\u00e3o estrat\u00e9gica e estabelecemos tr\u00eas prioridades: reduzir a depend\u00eancia de a\u00e7\u00f5es emergenciais, fortalecer a governan\u00e7a e a preven\u00e7\u00e3o, e ampliar a atua\u00e7\u00e3o desde o in\u00edcio das crises\u201d, disse. O secret\u00e1rio tamb\u00e9m refor\u00e7ou a import\u00e2ncia do planejamento como ferramenta de prote\u00e7\u00e3o. \u201cAcreditamos que planejar melhor \u00e9 investir para reduzir danos. Quando h\u00e1 planejamento, conseguimos salvar vidas, proteger o patrim\u00f4nio e utilizar melhor os recursos p\u00fablicos.\u201d<\/p>\n\n\n\n<figure class=\"wp-block-image\" id=\"attachment_124107\"><img decoding=\"async\" src=\"https:\/\/www.pi.gov.br\/wp-content\/uploads\/2026\/03\/WhatsApp-Image-2026-03-18-at-12.51.15.jpeg\" alt=\"\" class=\"wp-image-124107\" \/><figcaption class=\"wp-element-caption\"><br>Foto: Ascom Sedec<\/figcaption><\/figure>\n\n\n\n<p>Outro ponto destacado pelo gestor foi o fortalecimento institucional, com amplia\u00e7\u00e3o da equipe e melhoria da estrutura. Ele tamb\u00e9m enfatizou o papel dos profissionais que integram o \u00f3rg\u00e3o. \u201cQuero destacar tamb\u00e9m a for\u00e7a da nossa equipe. Temos uma participa\u00e7\u00e3o muito significativa de mulheres, que desempenham um papel essencial no funcionamento da Defesa Civil. Trata-se de uma equipe comprometida, que n\u00e3o apenas identifica problemas, mas tamb\u00e9m busca solu\u00e7\u00f5es\u201d, afirmou.<\/p>\n\n\n\n<p>Os dados apresentados durante o evento mostram que, ao longo do tri\u00eanio, a Defesa Civil ampliou significativamente sua capacidade de atua\u00e7\u00e3o. Houve crescimento no n\u00famero de servidores, investimentos em infraestrutura e fortalecimento da estrutura t\u00e9cnica, al\u00e9m da expans\u00e3o das a\u00e7\u00f5es de preven\u00e7\u00e3o, monitoramento e resposta. Nesse per\u00edodo, todos os 224 munic\u00edpios do estado passaram a ser monitorados pelo Centro Estadual de Gerenciamento de Riscos e Desastres (SEGRID), ampliando a capacidade de antecipa\u00e7\u00e3o de situa\u00e7\u00f5es cr\u00edticas.<\/p>\n\n\n\n<figure class=\"wp-block-image\" id=\"attachment_124113\"><img decoding=\"async\" src=\"https:\/\/www.pi.gov.br\/wp-content\/uploads\/2026\/03\/WhatsApp-Image-2026-03-18-at-12.05.09.jpeg\" alt=\"\" class=\"wp-image-124113\" \/><figcaption class=\"wp-element-caption\"><br>Foto: Ascom Sedec<\/figcaption><\/figure>\n\n\n\n<p>As a\u00e7\u00f5es preventivas inclu\u00edram capacita\u00e7\u00f5es, projetos em escolas, forma\u00e7\u00e3o de volunt\u00e1rios e cria\u00e7\u00e3o de n\u00facleos comunit\u00e1rios e escolares de prote\u00e7\u00e3o e defesa civil. Tamb\u00e9m foi lan\u00e7ado o Plano Estadual de Prote\u00e7\u00e3o e Defesa Civil, consolidando diretrizes para atua\u00e7\u00e3o em todo o territ\u00f3rio piauiense.<\/p>\n\n\n\n<p>Mesmo com o fortalecimento da preven\u00e7\u00e3o, a atua\u00e7\u00e3o emergencial continuou sendo essencial. Ao longo dos tr\u00eas anos, foram distribu\u00eddas 24.904 cestas b\u00e1sicas e 6.387 filtros de \u00e1gua, al\u00e9m da realiza\u00e7\u00e3o de 1.287 opera\u00e7\u00f5es carro-pipa, refor\u00e7ando a assist\u00eancia \u00e0s popula\u00e7\u00f5es mais vulner\u00e1veis.<\/p>\n\n\n\n<p>O diretor de Preven\u00e7\u00e3o e Mitiga\u00e7\u00e3o, professor Werton Costa, tamb\u00e9m destacou a mudan\u00e7a de abordagem da pol\u00edtica p\u00fablica. Segundo ele, a Defesa Civil deixou de atuar apenas ap\u00f3s os desastres e passou a priorizar a\u00e7\u00f5es antecipadas. \u201cAgora ela age antes, como ferramenta de monitoramento e de alerta, colocando a preven\u00e7\u00e3o como o principal paradigma\u201d, afirmou.<\/p>\n\n\n\n<figure class=\"wp-block-image\" id=\"attachment_124112\"><img decoding=\"async\" src=\"https:\/\/www.pi.gov.br\/wp-content\/uploads\/2026\/03\/WhatsApp-Image-2026-03-18-at-12.05.09-1-1.jpeg\" alt=\"\" class=\"wp-image-124112\" \/><figcaption class=\"wp-element-caption\"><br>Foto: Ascom Sedec<\/figcaption><\/figure>\n\n\n\n<p>Ele ressaltou ainda que a atua\u00e7\u00e3o integrada tem sido fundamental para os resultados alcan\u00e7ados. De forma indireta, explicou que a intersetorialidade, ou seja, o di\u00e1logo com diferentes \u00f3rg\u00e3os e setores, fortaleceu a pol\u00edtica p\u00fablica no estado. \u201cA gente dialoga com todos os secret\u00e1rios, tem parceria com v\u00e1rias secretarias do Governo do Estado, parceria com v\u00e1rios munic\u00edpios\u201d, refor\u00e7ou. O diretor tamb\u00e9m chamou aten\u00e7\u00e3o para a import\u00e2ncia da participa\u00e7\u00e3o social. \u201cO mais importante \u00e9 o di\u00e1logo com as pessoas, com o cidad\u00e3o e com os movimentos sociais\u201d, acrescentou.<\/p>\n\n\n\n<p><strong>Parcerias&nbsp;institucionais<\/strong><\/p>\n\n\n\n<p>A import\u00e2ncia das parcerias institucionais tamb\u00e9m foi destacada pelo comandante-geral do Corpo de Bombeiros, coronel Jos\u00e9 R\u00eago. Ele afirmou que a atua\u00e7\u00e3o conjunta tem garantido maior efici\u00eancia nas respostas. \u201cTemos uma parceria muito positiva com a Defesa Civil. O Corpo de Bombeiros atua nas atividades emergenciais e a Defesa Civil coordena. Esse trabalho conjunto tem funcionado muito bem no estado e vai continuar\u201d, disse.<\/p>\n\n\n\n<p>O superintendente da Codevasf, Marcelo Castro Filho, enfatizou o papel das a\u00e7\u00f5es integradas e destacou projetos desenvolvidos em parceria com comunidades ribeirinhas. \u201cA gente procura os \u00f3rg\u00e3os parceiros para fazer a\u00e7\u00f5es em conjunto, porque juntos podemos fazer mais pelo estado\u201d, afirmou. Ele tamb\u00e9m explicou que a Codevasf desenvolve iniciativas de monitoramento participativo. \u201cAs comunidades foram capacitadas para fazer leitura de r\u00e9gua d\u2019\u00e1gua e monitoramento em tempo real das cheias dos rios, com comunica\u00e7\u00e3o direta com a Defesa Civil\u201d, completou. Durante o evento, a institui\u00e7\u00e3o foi reconhecida com o certificado \u201cAmigo da Defesa Civil\u201d.<\/p>\n\n\n\n<figure class=\"wp-block-image\" id=\"attachment_124114\"><img decoding=\"async\" src=\"https:\/\/www.pi.gov.br\/wp-content\/uploads\/2026\/03\/WhatsApp-Image-2026-03-18-at-12.05.08-1.jpeg\" alt=\"\" class=\"wp-image-124114\" \/><figcaption class=\"wp-element-caption\"><br>Foto: Ascom Sedec<\/figcaption><\/figure>\n\n\n\n<p>Representando os munic\u00edpios, o presidente da Associa\u00e7\u00e3o Piauiense de Munic\u00edpios (APPM), Pomp\u00edlio Evaristo, destacou que a efetividade das pol\u00edticas p\u00fablicas se concretiza no \u00e2mbito local. \u201cToda e qualquer pol\u00edtica p\u00fablica nesse pa\u00eds acontece exatamente nos munic\u00edpios\u201d, disse. O gestor avaliou que a Defesa Civil tem apresentado respostas r\u00e1pidas tanto em per\u00edodos chuvosos quanto de estiagem. Ele tamb\u00e9m refor\u00e7ou o car\u00e1ter institucional do evento. \u201cHoje a gente abre as portas para receber a Defesa Civil e parceiros para fazer algo que \u00e9 princ\u00edpio b\u00e1sico da gest\u00e3o p\u00fablica, que \u00e9 a transpar\u00eancia\u201d, concluiu.<\/p>\n\n\n\n<p>Ao encerrar o evento, o Governo do Estado refor\u00e7ou o compromisso com a consolida\u00e7\u00e3o de uma pol\u00edtica de prote\u00e7\u00e3o e defesa civil baseada em planejamento, preven\u00e7\u00e3o e gest\u00e3o de riscos. A perspectiva \u00e9 de continuidade das a\u00e7\u00f5es estruturantes e do fortalecimento das parcerias institucionais, com o objetivo de ampliar a capacidade de resposta, reduzir vulnerabilidades e garantir maior seguran\u00e7a \u00e0 popula\u00e7\u00e3o em todo o Piau\u00ed.<\/p>\n\n\n\n<p><a href=\"https:\/\/www.pi.gov.br\/piaui-resiliente-defesa-civil-apresenta-avancos-e-consolida-novo-modelo-de-atuacao-no-estado\/#\"><\/a><\/p>\n\n\n\n<p><a href=\"https:\/\/www.pi.gov.br\/piaui-resiliente-defesa-civil-apresenta-avancos-e-consolida-novo-modelo-de-atuacao-no-estado\/#\"><\/a><\/p>\n","protected":false},"excerpt":{"rendered":"<p>Evento reuniu gestores e parceiros para apresentar balan\u00e7o de 2023 a 2025, com foco em preven\u00e7\u00e3o, planejamento e fortalecimento institucional O Governo do Estado do Piau\u00ed, por meio da Secretaria [&hellip;]<\/p>\n","protected":false},"author":1,"featured_media":0,"comment_status":"closed","ping_status":"closed","sticky":false,"template":"","format":"standard","meta":[],"categories":[31],"tags":[34,52,51],"featured_image_urls":{"full":"","thumbnail":"","medium":"","medium_large":"","large":"","sgg-420":"","sgg-540":"","sgg-780":"","1536x1536":"","2048x2048":"","homepage-slider":"","homepage-slider-small":"","page-top":"","page-small":"","loop-main":"","thumb-gallery-widget":""},"post_excerpt_stackable":"<p>Evento reuniu gestores e parceiros para apresentar balan\u00e7o de 2023 a 2025, com foco em preven\u00e7\u00e3o, planejamento e fortalecimento institucional O Governo do Estado do Piau\u00ed, por meio da Secretaria de Estado da Defesa Civil (Sedec), realizou o evento \u201cPiau\u00ed Resiliente: balan\u00e7o de gest\u00e3o e a\u00e7\u00f5es executadas entre 2023 e 2025\u201d, reunindo autoridades, gestores p\u00fablicos e parceiros institucionais. Na ocasi\u00e3o, foram apresentados os principais resultados e avan\u00e7os da pol\u00edtica estadual de prote\u00e7\u00e3o e defesa civil.A programa\u00e7\u00e3o foi marcada pela apresenta\u00e7\u00e3o de dados, relatos institucionais e falas de gestores que destacaram a mudan\u00e7a de paradigma na atua\u00e7\u00e3o da Defesa Civil no&hellip;<\/p>\n","category_list":"<a href=\"https:\/\/portal.pi.gov.br\/defesacivil\/category\/noticias\/\" rel=\"category tag\">Not\u00edcias<\/a>","author_info":{"name":"admin","url":"https:\/\/portal.pi.gov.br\/defesacivil\/author\/admin\/"},"comments_num":"0 coment\u00e1rio","featured_image_urls_v2":{"full":"","thumbnail":"","medium":"","medium_large":"","large":"","sgg-420":"","sgg-540":"","sgg-780":"","1536x1536":"","2048x2048":"","homepage-slider":"","homepage-slider-small":"","page-top":"","page-small":"","loop-main":"","thumb-gallery-widget":""},"post_excerpt_stackable_v2":"<p>Evento reuniu gestores e parceiros para apresentar balan\u00e7o de 2023 a 2025, com foco em preven\u00e7\u00e3o, planejamento e fortalecimento institucional O Governo do Estado do Piau\u00ed, por meio da Secretaria de Estado da Defesa Civil (Sedec), realizou o evento \u201cPiau\u00ed Resiliente: balan\u00e7o de gest\u00e3o e a\u00e7\u00f5es executadas entre 2023 e 2025\u201d, reunindo autoridades, gestores p\u00fablicos e parceiros institucionais. Na ocasi\u00e3o, foram apresentados os principais resultados e avan\u00e7os da pol\u00edtica estadual de prote\u00e7\u00e3o e defesa civil.A programa\u00e7\u00e3o foi marcada pela apresenta\u00e7\u00e3o de dados, relatos institucionais e falas de gestores que destacaram a mudan\u00e7a de paradigma na atua\u00e7\u00e3o da Defesa Civil no&hellip;<\/p>\n","category_list_v2":"<a href=\"https:\/\/portal.pi.gov.br\/defesacivil\/category\/noticias\/\" rel=\"category tag\">Not\u00edcias<\/a>","author_info_v2":{"name":"admin","url":"https:\/\/portal.pi.gov.br\/defesacivil\/author\/admin\/"},"comments_num_v2":"0 coment\u00e1rio","jetpack_featured_media_url":"","_links":{"self":[{"href":"https:\/\/portal.pi.gov.br\/defesacivil\/wp-json\/wp\/v2\/posts\/2880"}],"collection":[{"href":"https:\/\/portal.pi.gov.br\/defesacivil\/wp-json\/wp\/v2\/posts"}],"about":[{"href":"https:\/\/portal.pi.gov.br\/defesacivil\/wp-json\/wp\/v2\/types\/post"}],"author":[{"embeddable":true,"href":"https:\/\/portal.pi.gov.br\/defesacivil\/wp-json\/wp\/v2\/users\/1"}],"replies":[{"embeddable":true,"href":"https:\/\/portal.pi.gov.br\/defesacivil\/wp-json\/wp\/v2\/comments?post=2880"}],"version-history":[{"count":3,"href":"https:\/\/portal.pi.gov.br\/defesacivil\/wp-json\/wp\/v2\/posts\/2880\/revisions"}],"predecessor-version":[{"id":2885,"href":"https:\/\/portal.pi.gov.br\/defesacivil\/wp-json\/wp\/v2\/posts\/2880\/revisions\/2885"}],"wp:attachment":[{"href":"https:\/\/portal.pi.gov.br\/defesacivil\/wp-json\/wp\/v2\/media?parent=2880"}],"wp:term":[{"taxonomy":"category","embeddable":true,"href":"https:\/\/portal.pi.gov.br\/defesacivil\/wp-json\/wp\/v2\/categories?post=2880"},{"taxonomy":"post_tag","embeddable":true,"href":"https:\/\/portal.pi.gov.br\/defesacivil\/wp-json\/wp\/v2\/tags?post=2880"}],"curies":[{"name":"wp","href":"https:\/\/api.w.org\/{rel}","templated":true}]}}