{"id":2890,"date":"2026-03-24T13:52:30","date_gmt":"2026-03-24T16:52:30","guid":{"rendered":"https:\/\/portal.pi.gov.br\/defesacivil\/?p=2890"},"modified":"2026-03-24T13:52:31","modified_gmt":"2026-03-24T16:52:31","slug":"sedec-promove-capacitacao-regional-para-fortalecer-plano-de-contingencia-no-vale-do-rio-guaribas","status":"publish","type":"post","link":"https:\/\/portal.pi.gov.br\/defesacivil\/2026\/03\/24\/sedec-promove-capacitacao-regional-para-fortalecer-plano-de-contingencia-no-vale-do-rio-guaribas\/","title":{"rendered":"Sedec promove capacita\u00e7\u00e3o regional para fortalecer plano de conting\u00eancia no Vale do Rio Guaribas"},"content":{"rendered":"\n<p>A Secretaria de Defesa Civil do Piau\u00ed (Sedec) promoveu, na segunda-feira (23), a Oficina de Capacita\u00e7\u00e3o do Plano de Conting\u00eancia para Gest\u00e3o de Riscos e Desastres no territ\u00f3rio Vale do Rio Guaribas. O encontro reuniu, no audit\u00f3rio da Universidade Federal do Piau\u00ed em Picos, gestores e t\u00e9cnicos de diversos munic\u00edpios, em um momento estrat\u00e9gico de alinhamento de a\u00e7\u00f5es e fortalecimento da atua\u00e7\u00e3o integrada.<\/p>\n\n\n\n<p>Durante a capacita\u00e7\u00e3o, destacou-se a import\u00e2ncia da qualifica\u00e7\u00e3o t\u00e9cnica e da articula\u00e7\u00e3o entre os entes p\u00fablicos para respostas mais \u00e1geis e eficazes diante de situa\u00e7\u00f5es de risco e desastres.<\/p>\n\n\n\n<figure class=\"wp-block-image\" id=\"attachment_125509\"><img decoding=\"async\" src=\"https:\/\/www.pi.gov.br\/wp-content\/uploads\/2026\/03\/WhatsApp-Image-2026-03-24-at-13.43.01-1.jpeg\" alt=\"\" class=\"wp-image-125509\" \/><figcaption class=\"wp-element-caption\">Foto: Ascom Sedec<\/figcaption><\/figure>\n\n\n\n<p>De acordo com o coordenador do Centro de Gerenciamento de Riscos e Desastres da Defesa Civil do Estado, Michel Francisco, a iniciativa teve como objetivo orientar os munic\u00edpios na constru\u00e7\u00e3o e organiza\u00e7\u00e3o de seus planos de conting\u00eancia, documentos essenciais para a prote\u00e7\u00e3o da popula\u00e7\u00e3o. \u201cEstivemos em Picos para alinhar, junto \u00e0 Prefeitura e aos demais munic\u00edpios do territ\u00f3rio, a elabora\u00e7\u00e3o do plano de conting\u00eancia. Esse documento \u00e9 fundamental para dar suporte \u00e0s pol\u00edticas nacionais e estaduais, al\u00e9m de contribuir para a organiza\u00e7\u00e3o das a\u00e7\u00f5es de prote\u00e7\u00e3o e defesa civil\u201d, destacou.<\/p>\n\n\n\n<figure class=\"wp-block-image\" id=\"attachment_125510\"><img decoding=\"async\" src=\"https:\/\/www.pi.gov.br\/wp-content\/uploads\/2026\/03\/WhatsApp-Image-2026-03-24-at-13.43.01.jpeg\" alt=\"\" class=\"wp-image-125510\" \/><figcaption class=\"wp-element-caption\">Foto: Ascom Sedec<\/figcaption><\/figure>\n\n\n\n<p>Segundo o coordenador, o plano tamb\u00e9m fortalece a integra\u00e7\u00e3o com o Plano Estadual de Prote\u00e7\u00e3o e Defesa Civil e com as a\u00e7\u00f5es do Pacto pelo Piau\u00ed, garantindo maior efici\u00eancia nas etapas de preven\u00e7\u00e3o, mitiga\u00e7\u00e3o, resposta e reconstru\u00e7\u00e3o.<\/p>\n\n\n\n<p>A a\u00e7\u00e3o refor\u00e7a o compromisso da Defesa Civil do Estado com a promo\u00e7\u00e3o de medidas que visam preservar vidas, por meio do planejamento e da prepara\u00e7\u00e3o cont\u00ednua dos munic\u00edpios piauienses.<\/p>\n\n\n\n<figure class=\"wp-block-image\" id=\"attachment_125508\"><img decoding=\"async\" src=\"https:\/\/www.pi.gov.br\/wp-content\/uploads\/2026\/03\/WhatsApp-Image-2026-03-24-at-13.43.01-2.jpeg\" alt=\"\" class=\"wp-image-125508\" \/><\/figure>\n","protected":false},"excerpt":{"rendered":"<p>A Secretaria de Defesa Civil do Piau\u00ed (Sedec) promoveu, na segunda-feira (23), a Oficina de Capacita\u00e7\u00e3o do Plano de Conting\u00eancia para Gest\u00e3o de Riscos e Desastres no territ\u00f3rio Vale do [&hellip;]<\/p>\n","protected":false},"author":1736,"featured_media":2891,"comment_status":"closed","ping_status":"closed","sticky":false,"template":"","format":"standard","meta":[],"categories":[31],"tags":[],"featured_image_urls":{"full":["https:\/\/portal.pi.gov.br\/defesacivil\/wp-content\/uploads\/sites\/75\/2026\/03\/WhatsApp-Image-2026-03-24-at-11.41.58.jpeg",1280,960,false],"thumbnail":["https:\/\/portal.pi.gov.br\/defesacivil\/wp-content\/uploads\/sites\/75\/2026\/03\/WhatsApp-Image-2026-03-24-at-11.41.58-150x150.jpeg",150,150,true],"medium":["https:\/\/portal.pi.gov.br\/defesacivil\/wp-content\/uploads\/sites\/75\/2026\/03\/WhatsApp-Image-2026-03-24-at-11.41.58-300x225.jpeg",300,225,true],"medium_large":["https:\/\/portal.pi.gov.br\/defesacivil\/wp-content\/uploads\/sites\/75\/2026\/03\/WhatsApp-Image-2026-03-24-at-11.41.58-768x576.jpeg",768,576,true],"large":["https:\/\/portal.pi.gov.br\/defesacivil\/wp-content\/uploads\/sites\/75\/2026\/03\/WhatsApp-Image-2026-03-24-at-11.41.58-1024x768.jpeg",887,665,true],"sgg-420":["https:\/\/portal.pi.gov.br\/defesacivil\/wp-content\/uploads\/sites\/75\/2026\/03\/WhatsApp-Image-2026-03-24-at-11.41.58-420x315.jpeg",420,315,true],"sgg-540":["https:\/\/portal.pi.gov.br\/defesacivil\/wp-content\/uploads\/sites\/75\/2026\/03\/WhatsApp-Image-2026-03-24-at-11.41.58-540x405.jpeg",540,405,true],"sgg-780":["https:\/\/portal.pi.gov.br\/defesacivil\/wp-content\/uploads\/sites\/75\/2026\/03\/WhatsApp-Image-2026-03-24-at-11.41.58-780x585.jpeg",780,585,true],"1536x1536":["https:\/\/portal.pi.gov.br\/defesacivil\/wp-content\/uploads\/sites\/75\/2026\/03\/WhatsApp-Image-2026-03-24-at-11.41.58.jpeg",1280,960,false],"2048x2048":["https:\/\/portal.pi.gov.br\/defesacivil\/wp-content\/uploads\/sites\/75\/2026\/03\/WhatsApp-Image-2026-03-24-at-11.41.58.jpeg",1280,960,false],"homepage-slider":["https:\/\/portal.pi.gov.br\/defesacivil\/wp-content\/uploads\/sites\/75\/2026\/03\/WhatsApp-Image-2026-03-24-at-11.41.58-1270x500.jpeg",1270,500,true],"homepage-slider-small":["https:\/\/portal.pi.gov.br\/defesacivil\/wp-content\/uploads\/sites\/75\/2026\/03\/WhatsApp-Image-2026-03-24-at-11.41.58-947x500.jpeg",947,500,true],"page-top":["https:\/\/portal.pi.gov.br\/defesacivil\/wp-content\/uploads\/sites\/75\/2026\/03\/WhatsApp-Image-2026-03-24-at-11.41.58-947x710.jpeg",947,710,true],"page-small":["https:\/\/portal.pi.gov.br\/defesacivil\/wp-content\/uploads\/sites\/75\/2026\/03\/WhatsApp-Image-2026-03-24-at-11.41.58-624x468.jpeg",624,468,true],"loop-main":["https:\/\/portal.pi.gov.br\/defesacivil\/wp-content\/uploads\/sites\/75\/2026\/03\/WhatsApp-Image-2026-03-24-at-11.41.58-365x240.jpeg",365,240,true],"thumb-gallery-widget":["https:\/\/portal.pi.gov.br\/defesacivil\/wp-content\/uploads\/sites\/75\/2026\/03\/WhatsApp-Image-2026-03-24-at-11.41.58-84x56.jpeg",84,56,true]},"post_excerpt_stackable":"<p>A Secretaria de Defesa Civil do Piau\u00ed (Sedec) promoveu, na segunda-feira (23), a Oficina de Capacita\u00e7\u00e3o do Plano de Conting\u00eancia para Gest\u00e3o de Riscos e Desastres no territ\u00f3rio Vale do Rio Guaribas. O encontro reuniu, no audit\u00f3rio da Universidade Federal do Piau\u00ed em Picos, gestores e t\u00e9cnicos de diversos munic\u00edpios, em um momento estrat\u00e9gico de alinhamento de a\u00e7\u00f5es e fortalecimento da atua\u00e7\u00e3o integrada. Durante a capacita\u00e7\u00e3o, destacou-se a import\u00e2ncia da qualifica\u00e7\u00e3o t\u00e9cnica e da articula\u00e7\u00e3o entre os entes p\u00fablicos para respostas mais \u00e1geis e eficazes diante de situa\u00e7\u00f5es de risco e desastres. Foto: Ascom Sedec De acordo com o coordenador&hellip;<\/p>\n","category_list":"<a href=\"https:\/\/portal.pi.gov.br\/defesacivil\/category\/noticias\/\" rel=\"category tag\">Not\u00edcias<\/a>","author_info":{"name":"junielechaves","url":"https:\/\/portal.pi.gov.br\/defesacivil\/author\/junielechaves\/"},"comments_num":"0 coment\u00e1rio","featured_image_urls_v2":{"full":["https:\/\/portal.pi.gov.br\/defesacivil\/wp-content\/uploads\/sites\/75\/2026\/03\/WhatsApp-Image-2026-03-24-at-11.41.58.jpeg",1280,960,false],"thumbnail":["https:\/\/portal.pi.gov.br\/defesacivil\/wp-content\/uploads\/sites\/75\/2026\/03\/WhatsApp-Image-2026-03-24-at-11.41.58-150x150.jpeg",150,150,true],"medium":["https:\/\/portal.pi.gov.br\/defesacivil\/wp-content\/uploads\/sites\/75\/2026\/03\/WhatsApp-Image-2026-03-24-at-11.41.58-300x225.jpeg",300,225,true],"medium_large":["https:\/\/portal.pi.gov.br\/defesacivil\/wp-content\/uploads\/sites\/75\/2026\/03\/WhatsApp-Image-2026-03-24-at-11.41.58-768x576.jpeg",768,576,true],"large":["https:\/\/portal.pi.gov.br\/defesacivil\/wp-content\/uploads\/sites\/75\/2026\/03\/WhatsApp-Image-2026-03-24-at-11.41.58-1024x768.jpeg",887,665,true],"sgg-420":["https:\/\/portal.pi.gov.br\/defesacivil\/wp-content\/uploads\/sites\/75\/2026\/03\/WhatsApp-Image-2026-03-24-at-11.41.58-420x315.jpeg",420,315,true],"sgg-540":["https:\/\/portal.pi.gov.br\/defesacivil\/wp-content\/uploads\/sites\/75\/2026\/03\/WhatsApp-Image-2026-03-24-at-11.41.58-540x405.jpeg",540,405,true],"sgg-780":["https:\/\/portal.pi.gov.br\/defesacivil\/wp-content\/uploads\/sites\/75\/2026\/03\/WhatsApp-Image-2026-03-24-at-11.41.58-780x585.jpeg",780,585,true],"1536x1536":["https:\/\/portal.pi.gov.br\/defesacivil\/wp-content\/uploads\/sites\/75\/2026\/03\/WhatsApp-Image-2026-03-24-at-11.41.58.jpeg",1280,960,false],"2048x2048":["https:\/\/portal.pi.gov.br\/defesacivil\/wp-content\/uploads\/sites\/75\/2026\/03\/WhatsApp-Image-2026-03-24-at-11.41.58.jpeg",1280,960,false],"homepage-slider":["https:\/\/portal.pi.gov.br\/defesacivil\/wp-content\/uploads\/sites\/75\/2026\/03\/WhatsApp-Image-2026-03-24-at-11.41.58-1270x500.jpeg",1270,500,true],"homepage-slider-small":["https:\/\/portal.pi.gov.br\/defesacivil\/wp-content\/uploads\/sites\/75\/2026\/03\/WhatsApp-Image-2026-03-24-at-11.41.58-947x500.jpeg",947,500,true],"page-top":["https:\/\/portal.pi.gov.br\/defesacivil\/wp-content\/uploads\/sites\/75\/2026\/03\/WhatsApp-Image-2026-03-24-at-11.41.58-947x710.jpeg",947,710,true],"page-small":["https:\/\/portal.pi.gov.br\/defesacivil\/wp-content\/uploads\/sites\/75\/2026\/03\/WhatsApp-Image-2026-03-24-at-11.41.58-624x468.jpeg",624,468,true],"loop-main":["https:\/\/portal.pi.gov.br\/defesacivil\/wp-content\/uploads\/sites\/75\/2026\/03\/WhatsApp-Image-2026-03-24-at-11.41.58-365x240.jpeg",365,240,true],"thumb-gallery-widget":["https:\/\/portal.pi.gov.br\/defesacivil\/wp-content\/uploads\/sites\/75\/2026\/03\/WhatsApp-Image-2026-03-24-at-11.41.58-84x56.jpeg",84,56,true]},"post_excerpt_stackable_v2":"<p>A Secretaria de Defesa Civil do Piau\u00ed (Sedec) promoveu, na segunda-feira (23), a Oficina de Capacita\u00e7\u00e3o do Plano de Conting\u00eancia para Gest\u00e3o de Riscos e Desastres no territ\u00f3rio Vale do Rio Guaribas. O encontro reuniu, no audit\u00f3rio da Universidade Federal do Piau\u00ed em Picos, gestores e t\u00e9cnicos de diversos munic\u00edpios, em um momento estrat\u00e9gico de alinhamento de a\u00e7\u00f5es e fortalecimento da atua\u00e7\u00e3o integrada. Durante a capacita\u00e7\u00e3o, destacou-se a import\u00e2ncia da qualifica\u00e7\u00e3o t\u00e9cnica e da articula\u00e7\u00e3o entre os entes p\u00fablicos para respostas mais \u00e1geis e eficazes diante de situa\u00e7\u00f5es de risco e desastres. Foto: Ascom Sedec De acordo com o coordenador&hellip;<\/p>\n","category_list_v2":"<a href=\"https:\/\/portal.pi.gov.br\/defesacivil\/category\/noticias\/\" rel=\"category tag\">Not\u00edcias<\/a>","author_info_v2":{"name":"junielechaves","url":"https:\/\/portal.pi.gov.br\/defesacivil\/author\/junielechaves\/"},"comments_num_v2":"0 coment\u00e1rio","jetpack_featured_media_url":"https:\/\/portal.pi.gov.br\/defesacivil\/wp-content\/uploads\/sites\/75\/2026\/03\/WhatsApp-Image-2026-03-24-at-11.41.58.jpeg","_links":{"self":[{"href":"https:\/\/portal.pi.gov.br\/defesacivil\/wp-json\/wp\/v2\/posts\/2890"}],"collection":[{"href":"https:\/\/portal.pi.gov.br\/defesacivil\/wp-json\/wp\/v2\/posts"}],"about":[{"href":"https:\/\/portal.pi.gov.br\/defesacivil\/wp-json\/wp\/v2\/types\/post"}],"author":[{"embeddable":true,"href":"https:\/\/portal.pi.gov.br\/defesacivil\/wp-json\/wp\/v2\/users\/1736"}],"replies":[{"embeddable":true,"href":"https:\/\/portal.pi.gov.br\/defesacivil\/wp-json\/wp\/v2\/comments?post=2890"}],"version-history":[{"count":1,"href":"https:\/\/portal.pi.gov.br\/defesacivil\/wp-json\/wp\/v2\/posts\/2890\/revisions"}],"predecessor-version":[{"id":2892,"href":"https:\/\/portal.pi.gov.br\/defesacivil\/wp-json\/wp\/v2\/posts\/2890\/revisions\/2892"}],"wp:featuredmedia":[{"embeddable":true,"href":"https:\/\/portal.pi.gov.br\/defesacivil\/wp-json\/wp\/v2\/media\/2891"}],"wp:attachment":[{"href":"https:\/\/portal.pi.gov.br\/defesacivil\/wp-json\/wp\/v2\/media?parent=2890"}],"wp:term":[{"taxonomy":"category","embeddable":true,"href":"https:\/\/portal.pi.gov.br\/defesacivil\/wp-json\/wp\/v2\/categories?post=2890"},{"taxonomy":"post_tag","embeddable":true,"href":"https:\/\/portal.pi.gov.br\/defesacivil\/wp-json\/wp\/v2\/tags?post=2890"}],"curies":[{"name":"wp","href":"https:\/\/api.w.org\/{rel}","templated":true}]}}