{"id":2894,"date":"2026-03-26T12:25:00","date_gmt":"2026-03-26T15:25:00","guid":{"rendered":"https:\/\/portal.pi.gov.br\/defesacivil\/?p=2894"},"modified":"2026-03-30T09:28:16","modified_gmt":"2026-03-30T12:28:16","slug":"defesa-civil-assina-contrato-para-execucao-da-adutora-de-jaicos-obra-garante-seguranca-hidrica-para-o-sudeste-do-estado","status":"publish","type":"post","link":"https:\/\/portal.pi.gov.br\/defesacivil\/2026\/03\/26\/defesa-civil-assina-contrato-para-execucao-da-adutora-de-jaicos-obra-garante-seguranca-hidrica-para-o-sudeste-do-estado\/","title":{"rendered":"Defesa Civil assina contrato para execu\u00e7\u00e3o da adutora de Jaic\u00f3s; obra garante seguran\u00e7a h\u00eddrica para o sudeste do estado"},"content":{"rendered":"\n<p>A Defesa Civil do Estado do Piau\u00ed assinou o contrato para execu\u00e7\u00e3o das obras de implanta\u00e7\u00e3o da adutora de Jaic\u00f3s. A obra que ter\u00e1 investimento de mais de R$ 128 milh\u00f5es, tem como principal fun\u00e7\u00e3o a aplica\u00e7\u00e3o da estrutura\u00e7\u00e3o do sistema de abastecimento h\u00eddrico no munic\u00edpio. A assinatura contou com a presen\u00e7a dos ministros Waldez G\u00f3es, da Integra\u00e7\u00e3o e do Desenvolvimento Regional, e Wellington Dias, da Assist\u00eancia Social, Fam\u00edlia e Combate \u00e0 Fome.<\/p>\n\n\n\n<p>A obra \u00e9 coordenada pela Secretaria de Defesa Civil do Piau\u00ed (Sedec) e prev\u00ea a implanta\u00e7\u00e3o de um sistema adutor com 54,5 km de extens\u00e3o e capacidade de 293,4 m\u00b3, com o objetivo de substituir o uso de carros-pipa por uma solu\u00e7\u00e3o definitiva de abastecimento. A \u00e1gua ser\u00e1 captada na Barragem Po\u00e7o do Marru\u00e1, no munic\u00edpio de Patos, e transportada at\u00e9 Jaic\u00f3s, beneficiando cerca de 22 mil pessoas.<\/p>\n\n\n\n<p>A execu\u00e7\u00e3o dos servi\u00e7os est\u00e1 prevista para iniciar em abril, com conclus\u00e3o estimada para maio de 2027. A iniciativa faz parte de uma parceria com o Minist\u00e9rio da Integra\u00e7\u00e3o e do Desenvolvimento Regional e integra o programa Caminho das \u00c1guas, do governo federal, voltado \u00e0 amplia\u00e7\u00e3o do acesso \u00e0 \u00e1gua no semi\u00e1rido.<\/p>\n\n\n\n<figure class=\"wp-block-image size-large\"><img decoding=\"async\" loading=\"lazy\" width=\"1024\" height=\"683\" src=\"https:\/\/portal.pi.gov.br\/defesacivil\/wp-content\/uploads\/sites\/75\/2026\/03\/Solenidade-de-Assinatura-do-Contrato-da-Obra-da-Adutora-de-Jaicos-gabriel-paulino-5-1024x683.jpeg\" alt=\"\" class=\"wp-image-2895\" srcset=\"https:\/\/portal.pi.gov.br\/defesacivil\/wp-content\/uploads\/sites\/75\/2026\/03\/Solenidade-de-Assinatura-do-Contrato-da-Obra-da-Adutora-de-Jaicos-gabriel-paulino-5-1024x683.jpeg 1024w, https:\/\/portal.pi.gov.br\/defesacivil\/wp-content\/uploads\/sites\/75\/2026\/03\/Solenidade-de-Assinatura-do-Contrato-da-Obra-da-Adutora-de-Jaicos-gabriel-paulino-5-300x200.jpeg 300w, https:\/\/portal.pi.gov.br\/defesacivil\/wp-content\/uploads\/sites\/75\/2026\/03\/Solenidade-de-Assinatura-do-Contrato-da-Obra-da-Adutora-de-Jaicos-gabriel-paulino-5-768x512.jpeg 768w, https:\/\/portal.pi.gov.br\/defesacivil\/wp-content\/uploads\/sites\/75\/2026\/03\/Solenidade-de-Assinatura-do-Contrato-da-Obra-da-Adutora-de-Jaicos-gabriel-paulino-5-420x280.jpeg 420w, https:\/\/portal.pi.gov.br\/defesacivil\/wp-content\/uploads\/sites\/75\/2026\/03\/Solenidade-de-Assinatura-do-Contrato-da-Obra-da-Adutora-de-Jaicos-gabriel-paulino-5-540x360.jpeg 540w, https:\/\/portal.pi.gov.br\/defesacivil\/wp-content\/uploads\/sites\/75\/2026\/03\/Solenidade-de-Assinatura-do-Contrato-da-Obra-da-Adutora-de-Jaicos-gabriel-paulino-5-780x520.jpeg 780w, https:\/\/portal.pi.gov.br\/defesacivil\/wp-content\/uploads\/sites\/75\/2026\/03\/Solenidade-de-Assinatura-do-Contrato-da-Obra-da-Adutora-de-Jaicos-gabriel-paulino-5-947x632.jpeg 947w, https:\/\/portal.pi.gov.br\/defesacivil\/wp-content\/uploads\/sites\/75\/2026\/03\/Solenidade-de-Assinatura-do-Contrato-da-Obra-da-Adutora-de-Jaicos-gabriel-paulino-5-624x416.jpeg 624w, https:\/\/portal.pi.gov.br\/defesacivil\/wp-content\/uploads\/sites\/75\/2026\/03\/Solenidade-de-Assinatura-do-Contrato-da-Obra-da-Adutora-de-Jaicos-gabriel-paulino-5-84x56.jpeg 84w, https:\/\/portal.pi.gov.br\/defesacivil\/wp-content\/uploads\/sites\/75\/2026\/03\/Solenidade-de-Assinatura-do-Contrato-da-Obra-da-Adutora-de-Jaicos-gabriel-paulino-5.jpeg 1280w\" sizes=\"(max-width: 1024px) 100vw, 1024px\" \/><\/figure>\n\n\n\n<p>De acordo com o secret\u00e1rio de defesa Civil, Nerinho, a obra representa um marco essencial no combate a problemas h\u00eddricos que historicamente afetam o estado do Piau\u00ed. &#8220;Eu sempre acreditei que o Piau\u00ed deve investir cada vez mais na seguran\u00e7a h\u00eddrica. Carro-pipa em breve ser\u00e1 mais que passado, e no Piau\u00ed n\u00f3s estamos construindo um futuro melhor&#8221;.<\/p>\n\n\n\n<p>O ministro Welligton Dias destacou que a obra \u00e9 estrat\u00e9gica para garantir abastecimento cont\u00ednuo na regi\u00e3o, especialmente em per\u00edodos de seca. \u201cA adutora de Jaic\u00f3s foi projetada para interligar o munic\u00edpio \u00e0 barragem de Po\u00e7o do Marru\u00e1, em Patos, um dos principais reservat\u00f3rios do estado. Mesmo diante de longos per\u00edodos de estiagem, a barragem mant\u00e9m n\u00edveis est\u00e1veis, o que garante abastecimento cont\u00ednuo \u00e0 popula\u00e7\u00e3o, inclusive em cen\u00e1rios mais cr\u00edticos\u201d, explicou.<\/p>\n\n\n\n<p>O projeto tamb\u00e9m est\u00e1 inserido em um plano mais amplo de seguran\u00e7a h\u00eddrica para o sudeste do estado, que vem sendo desenvolvido em etapas. De acordo com o governador Rafael Fonteles, parte desse planejamento j\u00e1 foi conclu\u00edda em gest\u00f5es anteriores, enquanto outra etapa est\u00e1 em fase avan\u00e7ada de execu\u00e7\u00e3o, com previs\u00e3o de finaliza\u00e7\u00e3o em breve.<\/p>\n\n\n\n<p>\u201cEssa etapa ser\u00e1 conclu\u00edda com os recursos j\u00e1 garantidos, podendo contar com apoio direto do Governo do Estado, se necess\u00e1rio\u201d, afirmou.<\/p>\n\n\n\n<p>Com a implanta\u00e7\u00e3o da adutora, a Defesa Civil refor\u00e7a seu papel na promo\u00e7\u00e3o de solu\u00e7\u00f5es estruturantes para o enfrentamento da escassez h\u00eddrica, contribuindo diretamente para a melhoria da qualidade de vida da popula\u00e7\u00e3o do semi\u00e1rido piauiense.<\/p>\n","protected":false},"excerpt":{"rendered":"<p>A Defesa Civil do Estado do Piau\u00ed assinou o contrato para execu\u00e7\u00e3o das obras de implanta\u00e7\u00e3o da adutora de Jaic\u00f3s. A obra que ter\u00e1 investimento de mais de R$ 128 [&hellip;]<\/p>\n","protected":false},"author":1739,"featured_media":2896,"comment_status":"closed","ping_status":"closed","sticky":false,"template":"","format":"standard","meta":[],"categories":[31],"tags":[],"featured_image_urls":{"full":["https:\/\/portal.pi.gov.br\/defesacivil\/wp-content\/uploads\/sites\/75\/2026\/03\/Solenidade-de-Assinatura-do-Contrato-da-Obra-da-Adutora-de-Jaicos-gabriel-paulino-5-1.jpeg",1280,854,false],"thumbnail":["https:\/\/portal.pi.gov.br\/defesacivil\/wp-content\/uploads\/sites\/75\/2026\/03\/Solenidade-de-Assinatura-do-Contrato-da-Obra-da-Adutora-de-Jaicos-gabriel-paulino-5-1-150x150.jpeg",150,150,true],"medium":["https:\/\/portal.pi.gov.br\/defesacivil\/wp-content\/uploads\/sites\/75\/2026\/03\/Solenidade-de-Assinatura-do-Contrato-da-Obra-da-Adutora-de-Jaicos-gabriel-paulino-5-1-300x200.jpeg",300,200,true],"medium_large":["https:\/\/portal.pi.gov.br\/defesacivil\/wp-content\/uploads\/sites\/75\/2026\/03\/Solenidade-de-Assinatura-do-Contrato-da-Obra-da-Adutora-de-Jaicos-gabriel-paulino-5-1-768x512.jpeg",768,512,true],"large":["https:\/\/portal.pi.gov.br\/defesacivil\/wp-content\/uploads\/sites\/75\/2026\/03\/Solenidade-de-Assinatura-do-Contrato-da-Obra-da-Adutora-de-Jaicos-gabriel-paulino-5-1-1024x683.jpeg",887,592,true],"sgg-420":["https:\/\/portal.pi.gov.br\/defesacivil\/wp-content\/uploads\/sites\/75\/2026\/03\/Solenidade-de-Assinatura-do-Contrato-da-Obra-da-Adutora-de-Jaicos-gabriel-paulino-5-1-420x280.jpeg",420,280,true],"sgg-540":["https:\/\/portal.pi.gov.br\/defesacivil\/wp-content\/uploads\/sites\/75\/2026\/03\/Solenidade-de-Assinatura-do-Contrato-da-Obra-da-Adutora-de-Jaicos-gabriel-paulino-5-1-540x360.jpeg",540,360,true],"sgg-780":["https:\/\/portal.pi.gov.br\/defesacivil\/wp-content\/uploads\/sites\/75\/2026\/03\/Solenidade-de-Assinatura-do-Contrato-da-Obra-da-Adutora-de-Jaicos-gabriel-paulino-5-1-780x520.jpeg",780,520,true],"1536x1536":["https:\/\/portal.pi.gov.br\/defesacivil\/wp-content\/uploads\/sites\/75\/2026\/03\/Solenidade-de-Assinatura-do-Contrato-da-Obra-da-Adutora-de-Jaicos-gabriel-paulino-5-1.jpeg",1280,854,false],"2048x2048":["https:\/\/portal.pi.gov.br\/defesacivil\/wp-content\/uploads\/sites\/75\/2026\/03\/Solenidade-de-Assinatura-do-Contrato-da-Obra-da-Adutora-de-Jaicos-gabriel-paulino-5-1.jpeg",1280,854,false],"homepage-slider":["https:\/\/portal.pi.gov.br\/defesacivil\/wp-content\/uploads\/sites\/75\/2026\/03\/Solenidade-de-Assinatura-do-Contrato-da-Obra-da-Adutora-de-Jaicos-gabriel-paulino-5-1-1270x500.jpeg",1270,500,true],"homepage-slider-small":["https:\/\/portal.pi.gov.br\/defesacivil\/wp-content\/uploads\/sites\/75\/2026\/03\/Solenidade-de-Assinatura-do-Contrato-da-Obra-da-Adutora-de-Jaicos-gabriel-paulino-5-1-947x500.jpeg",947,500,true],"page-top":["https:\/\/portal.pi.gov.br\/defesacivil\/wp-content\/uploads\/sites\/75\/2026\/03\/Solenidade-de-Assinatura-do-Contrato-da-Obra-da-Adutora-de-Jaicos-gabriel-paulino-5-1-947x632.jpeg",947,632,true],"page-small":["https:\/\/portal.pi.gov.br\/defesacivil\/wp-content\/uploads\/sites\/75\/2026\/03\/Solenidade-de-Assinatura-do-Contrato-da-Obra-da-Adutora-de-Jaicos-gabriel-paulino-5-1-624x416.jpeg",624,416,true],"loop-main":["https:\/\/portal.pi.gov.br\/defesacivil\/wp-content\/uploads\/sites\/75\/2026\/03\/Solenidade-de-Assinatura-do-Contrato-da-Obra-da-Adutora-de-Jaicos-gabriel-paulino-5-1-365x240.jpeg",365,240,true],"thumb-gallery-widget":["https:\/\/portal.pi.gov.br\/defesacivil\/wp-content\/uploads\/sites\/75\/2026\/03\/Solenidade-de-Assinatura-do-Contrato-da-Obra-da-Adutora-de-Jaicos-gabriel-paulino-5-1-84x56.jpeg",84,56,true]},"post_excerpt_stackable":"<p>A Defesa Civil do Estado do Piau\u00ed assinou o contrato para execu\u00e7\u00e3o das obras de implanta\u00e7\u00e3o da adutora de Jaic\u00f3s. A obra que ter\u00e1 investimento de mais de R$ 128 milh\u00f5es, tem como principal fun\u00e7\u00e3o a aplica\u00e7\u00e3o da estrutura\u00e7\u00e3o do sistema de abastecimento h\u00eddrico no munic\u00edpio. A assinatura contou com a presen\u00e7a dos ministros Waldez G\u00f3es, da Integra\u00e7\u00e3o e do Desenvolvimento Regional, e Wellington Dias, da Assist\u00eancia Social, Fam\u00edlia e Combate \u00e0 Fome. A obra \u00e9 coordenada pela Secretaria de Defesa Civil do Piau\u00ed (Sedec) e prev\u00ea a implanta\u00e7\u00e3o de um sistema adutor com 54,5 km de extens\u00e3o e capacidade&hellip;<\/p>\n","category_list":"<a href=\"https:\/\/portal.pi.gov.br\/defesacivil\/category\/noticias\/\" rel=\"category tag\">Not\u00edcias<\/a>","author_info":{"name":"raquelvieira","url":"https:\/\/portal.pi.gov.br\/defesacivil\/author\/raquelvieira\/"},"comments_num":"0 coment\u00e1rio","featured_image_urls_v2":{"full":["https:\/\/portal.pi.gov.br\/defesacivil\/wp-content\/uploads\/sites\/75\/2026\/03\/Solenidade-de-Assinatura-do-Contrato-da-Obra-da-Adutora-de-Jaicos-gabriel-paulino-5-1.jpeg",1280,854,false],"thumbnail":["https:\/\/portal.pi.gov.br\/defesacivil\/wp-content\/uploads\/sites\/75\/2026\/03\/Solenidade-de-Assinatura-do-Contrato-da-Obra-da-Adutora-de-Jaicos-gabriel-paulino-5-1-150x150.jpeg",150,150,true],"medium":["https:\/\/portal.pi.gov.br\/defesacivil\/wp-content\/uploads\/sites\/75\/2026\/03\/Solenidade-de-Assinatura-do-Contrato-da-Obra-da-Adutora-de-Jaicos-gabriel-paulino-5-1-300x200.jpeg",300,200,true],"medium_large":["https:\/\/portal.pi.gov.br\/defesacivil\/wp-content\/uploads\/sites\/75\/2026\/03\/Solenidade-de-Assinatura-do-Contrato-da-Obra-da-Adutora-de-Jaicos-gabriel-paulino-5-1-768x512.jpeg",768,512,true],"large":["https:\/\/portal.pi.gov.br\/defesacivil\/wp-content\/uploads\/sites\/75\/2026\/03\/Solenidade-de-Assinatura-do-Contrato-da-Obra-da-Adutora-de-Jaicos-gabriel-paulino-5-1-1024x683.jpeg",887,592,true],"sgg-420":["https:\/\/portal.pi.gov.br\/defesacivil\/wp-content\/uploads\/sites\/75\/2026\/03\/Solenidade-de-Assinatura-do-Contrato-da-Obra-da-Adutora-de-Jaicos-gabriel-paulino-5-1-420x280.jpeg",420,280,true],"sgg-540":["https:\/\/portal.pi.gov.br\/defesacivil\/wp-content\/uploads\/sites\/75\/2026\/03\/Solenidade-de-Assinatura-do-Contrato-da-Obra-da-Adutora-de-Jaicos-gabriel-paulino-5-1-540x360.jpeg",540,360,true],"sgg-780":["https:\/\/portal.pi.gov.br\/defesacivil\/wp-content\/uploads\/sites\/75\/2026\/03\/Solenidade-de-Assinatura-do-Contrato-da-Obra-da-Adutora-de-Jaicos-gabriel-paulino-5-1-780x520.jpeg",780,520,true],"1536x1536":["https:\/\/portal.pi.gov.br\/defesacivil\/wp-content\/uploads\/sites\/75\/2026\/03\/Solenidade-de-Assinatura-do-Contrato-da-Obra-da-Adutora-de-Jaicos-gabriel-paulino-5-1.jpeg",1280,854,false],"2048x2048":["https:\/\/portal.pi.gov.br\/defesacivil\/wp-content\/uploads\/sites\/75\/2026\/03\/Solenidade-de-Assinatura-do-Contrato-da-Obra-da-Adutora-de-Jaicos-gabriel-paulino-5-1.jpeg",1280,854,false],"homepage-slider":["https:\/\/portal.pi.gov.br\/defesacivil\/wp-content\/uploads\/sites\/75\/2026\/03\/Solenidade-de-Assinatura-do-Contrato-da-Obra-da-Adutora-de-Jaicos-gabriel-paulino-5-1-1270x500.jpeg",1270,500,true],"homepage-slider-small":["https:\/\/portal.pi.gov.br\/defesacivil\/wp-content\/uploads\/sites\/75\/2026\/03\/Solenidade-de-Assinatura-do-Contrato-da-Obra-da-Adutora-de-Jaicos-gabriel-paulino-5-1-947x500.jpeg",947,500,true],"page-top":["https:\/\/portal.pi.gov.br\/defesacivil\/wp-content\/uploads\/sites\/75\/2026\/03\/Solenidade-de-Assinatura-do-Contrato-da-Obra-da-Adutora-de-Jaicos-gabriel-paulino-5-1-947x632.jpeg",947,632,true],"page-small":["https:\/\/portal.pi.gov.br\/defesacivil\/wp-content\/uploads\/sites\/75\/2026\/03\/Solenidade-de-Assinatura-do-Contrato-da-Obra-da-Adutora-de-Jaicos-gabriel-paulino-5-1-624x416.jpeg",624,416,true],"loop-main":["https:\/\/portal.pi.gov.br\/defesacivil\/wp-content\/uploads\/sites\/75\/2026\/03\/Solenidade-de-Assinatura-do-Contrato-da-Obra-da-Adutora-de-Jaicos-gabriel-paulino-5-1-365x240.jpeg",365,240,true],"thumb-gallery-widget":["https:\/\/portal.pi.gov.br\/defesacivil\/wp-content\/uploads\/sites\/75\/2026\/03\/Solenidade-de-Assinatura-do-Contrato-da-Obra-da-Adutora-de-Jaicos-gabriel-paulino-5-1-84x56.jpeg",84,56,true]},"post_excerpt_stackable_v2":"<p>A Defesa Civil do Estado do Piau\u00ed assinou o contrato para execu\u00e7\u00e3o das obras de implanta\u00e7\u00e3o da adutora de Jaic\u00f3s. A obra que ter\u00e1 investimento de mais de R$ 128 milh\u00f5es, tem como principal fun\u00e7\u00e3o a aplica\u00e7\u00e3o da estrutura\u00e7\u00e3o do sistema de abastecimento h\u00eddrico no munic\u00edpio. A assinatura contou com a presen\u00e7a dos ministros Waldez G\u00f3es, da Integra\u00e7\u00e3o e do Desenvolvimento Regional, e Wellington Dias, da Assist\u00eancia Social, Fam\u00edlia e Combate \u00e0 Fome. A obra \u00e9 coordenada pela Secretaria de Defesa Civil do Piau\u00ed (Sedec) e prev\u00ea a implanta\u00e7\u00e3o de um sistema adutor com 54,5 km de extens\u00e3o e capacidade&hellip;<\/p>\n","category_list_v2":"<a href=\"https:\/\/portal.pi.gov.br\/defesacivil\/category\/noticias\/\" rel=\"category tag\">Not\u00edcias<\/a>","author_info_v2":{"name":"raquelvieira","url":"https:\/\/portal.pi.gov.br\/defesacivil\/author\/raquelvieira\/"},"comments_num_v2":"0 coment\u00e1rio","jetpack_featured_media_url":"https:\/\/portal.pi.gov.br\/defesacivil\/wp-content\/uploads\/sites\/75\/2026\/03\/Solenidade-de-Assinatura-do-Contrato-da-Obra-da-Adutora-de-Jaicos-gabriel-paulino-5-1.jpeg","_links":{"self":[{"href":"https:\/\/portal.pi.gov.br\/defesacivil\/wp-json\/wp\/v2\/posts\/2894"}],"collection":[{"href":"https:\/\/portal.pi.gov.br\/defesacivil\/wp-json\/wp\/v2\/posts"}],"about":[{"href":"https:\/\/portal.pi.gov.br\/defesacivil\/wp-json\/wp\/v2\/types\/post"}],"author":[{"embeddable":true,"href":"https:\/\/portal.pi.gov.br\/defesacivil\/wp-json\/wp\/v2\/users\/1739"}],"replies":[{"embeddable":true,"href":"https:\/\/portal.pi.gov.br\/defesacivil\/wp-json\/wp\/v2\/comments?post=2894"}],"version-history":[{"count":1,"href":"https:\/\/portal.pi.gov.br\/defesacivil\/wp-json\/wp\/v2\/posts\/2894\/revisions"}],"predecessor-version":[{"id":2897,"href":"https:\/\/portal.pi.gov.br\/defesacivil\/wp-json\/wp\/v2\/posts\/2894\/revisions\/2897"}],"wp:featuredmedia":[{"embeddable":true,"href":"https:\/\/portal.pi.gov.br\/defesacivil\/wp-json\/wp\/v2\/media\/2896"}],"wp:attachment":[{"href":"https:\/\/portal.pi.gov.br\/defesacivil\/wp-json\/wp\/v2\/media?parent=2894"}],"wp:term":[{"taxonomy":"category","embeddable":true,"href":"https:\/\/portal.pi.gov.br\/defesacivil\/wp-json\/wp\/v2\/categories?post=2894"},{"taxonomy":"post_tag","embeddable":true,"href":"https:\/\/portal.pi.gov.br\/defesacivil\/wp-json\/wp\/v2\/tags?post=2894"}],"curies":[{"name":"wp","href":"https:\/\/api.w.org\/{rel}","templated":true}]}}