{"id":2950,"date":"2026-04-17T13:23:27","date_gmt":"2026-04-17T16:23:27","guid":{"rendered":"https:\/\/portal.pi.gov.br\/defesacivil\/?p=2950"},"modified":"2026-04-17T13:23:28","modified_gmt":"2026-04-17T16:23:28","slug":"piaui-e-codevasf-alinham-resultados-e-novas-metas-sobre-treinamentos-dos-nucleos-comunitarios-de-protecao-e-defesa-civil","status":"publish","type":"post","link":"https:\/\/portal.pi.gov.br\/defesacivil\/2026\/04\/17\/piaui-e-codevasf-alinham-resultados-e-novas-metas-sobre-treinamentos-dos-nucleos-comunitarios-de-protecao-e-defesa-civil\/","title":{"rendered":"Piau\u00ed e Codevasf alinham resultados e novas metas sobre treinamentos dos N\u00facleos Comunit\u00e1rios de Prote\u00e7\u00e3o e Defesa Civil"},"content":{"rendered":"\n<p>Equipes da Defesa Civil do Piau\u00ed, por meio da Diretoria de Preven\u00e7\u00e3o, e da Companhia de Desenvolvimento dos Vales do S\u00e3o Francisco e do Parna\u00edba (Codevasf), estiveram reunidas nesta sexta-feira (17), para apresentar os dados, resultados e tra\u00e7ar metas do projeto Rede Colaborativa, que promove treinamentos dos N\u00facleos Comunit\u00e1rios de Prote\u00e7\u00e3o e Defesa Civil (NUPDECs) e prepara as comunidades ribeirinhas para agir em situa\u00e7\u00f5es de risco, usar pluvi\u00f4metros comunit\u00e1rios e colaborar com o monitoramento.&nbsp;<\/p>\n\n\n\n<figure class=\"wp-block-image\" id=\"attachment_131319\"><img decoding=\"async\" src=\"https:\/\/www.pi.gov.br\/wp-content\/uploads\/2026\/04\/IMG_7949-scaled.jpg\" alt=\"\" class=\"wp-image-131319\" \/><figcaption class=\"wp-element-caption\">Foto: Ascom Defesa Civil<\/figcaption><\/figure>\n\n\n\n<p>Segundo a coordenadora do Projeto na Defesa Civil, Mariana Medeiros, a reuni\u00e3o foi de alinhamento e apresenta\u00e7\u00e3o do relat\u00f3rio preliminar com os resultados obtidos. \u201cApresentamos os dados que os NUPDECs est\u00e3o coletando diariamente atrav\u00e9s dos nossos pluvi\u00f4metros comunit\u00e1rios. A gente p\u00f4de entregar os primeiros produtos, que foram alguns mapas, e, a partir disso, podemos fazer um comparativo dos n\u00edveis de chuva nesses munic\u00edpios. Tamb\u00e9m alinhamos a continuidade do projeto, tendo em vista que estamos pr\u00f3ximo \u00e0 finaliza\u00e7\u00e3o do per\u00edodo chuvoso e a continuidade das a\u00e7\u00f5es ap\u00f3s esse per\u00edodo\u201d, ressalta.<\/p>\n\n\n\n<figure class=\"wp-block-image\" id=\"attachment_131320\"><img decoding=\"async\" src=\"https:\/\/www.pi.gov.br\/wp-content\/uploads\/2026\/04\/IMG_7938-scaled.jpg\" alt=\"\" class=\"wp-image-131320\" \/><figcaption class=\"wp-element-caption\">Foto: Ascom Defesa Civil<\/figcaption><\/figure>\n\n\n\n<p>Para o superintendente interino da Codevasf, Ocelo Rocha, os encaminhamentos s\u00e3o essenciais neste reta final do per\u00edodo chuvoso. \u201cEssa parceria Defesa Civil e Codevasf tem sido bastante satisfat\u00f3ria porque tem trazido resultados que podem ser usados no nosso planejamento e hoje foi poss\u00edvel identificar exatamente os pontos que tem que ser melhorados e os pontos que tem que ser fortalecidos. Pretendemos dar sequ\u00eancia no projeto at\u00e9 os pr\u00f3ximos per\u00edodos de chuva, afinal, \u00e9 um trabalho de monitoramento extremamente importante\u201d, diz.<\/p>\n\n\n\n<p>A Rede Colaborativa realiza capacita\u00e7\u00f5es sobre manuseio, instala\u00e7\u00e3o e coleta de dados atrav\u00e9s de pluvi\u00f4metros comunit\u00e1rios, a fim de incentivar o monitoramento de chuvas em \u00e1reas vulner\u00e1veis.&nbsp;&nbsp;<\/p>\n\n\n\n<figure class=\"wp-block-image\" id=\"attachment_131321\"><img decoding=\"async\" src=\"https:\/\/www.pi.gov.br\/wp-content\/uploads\/2026\/04\/IMG_7979-scaled.jpg\" alt=\"\" class=\"wp-image-131321\" \/><figcaption class=\"wp-element-caption\">Foto: Ascom Defesa Civil<\/figcaption><\/figure>\n\n\n\n<p>Neste trabalho, s\u00e3o implementados os N\u00facleos Comunit\u00e1rios de Prote\u00e7\u00e3o e Defesa Civil, um grupo de pessoas de comunidades localizadas em \u00e1reas de riscos que formam um elo com a defesa civil, disseminando informa\u00e7\u00f5es e fortalecendo a capacidade de resili\u00eancia local. Diversos munic\u00edpios j\u00e1 possuem o N\u00facleo, como Caxing\u00f3s, Lu\u00eds Correia,&nbsp; Ilha Grande, S\u00e3o Jo\u00e3o da Fronteira, Piracuruca, Palmeirais e Luzil\u00e2ndia.<\/p>\n\n\n\n<figure class=\"wp-block-image\" id=\"attachment_131322\"><img decoding=\"async\" src=\"https:\/\/www.pi.gov.br\/wp-content\/uploads\/2026\/04\/IMG_8007-scaled.jpg\" alt=\"\" class=\"wp-image-131322\" \/><figcaption class=\"wp-element-caption\">Foto: Ascom Defesa Civil<\/figcaption><\/figure>\n","protected":false},"excerpt":{"rendered":"<p>Equipes da Defesa Civil do Piau\u00ed, por meio da Diretoria de Preven\u00e7\u00e3o, e da Companhia de Desenvolvimento dos Vales do S\u00e3o Francisco e do Parna\u00edba (Codevasf), estiveram reunidas nesta sexta-feira [&hellip;]<\/p>\n","protected":false},"author":1739,"featured_media":2951,"comment_status":"closed","ping_status":"closed","sticky":false,"template":"","format":"standard","meta":[],"categories":[31],"tags":[],"featured_image_urls":{"full":["https:\/\/portal.pi.gov.br\/defesacivil\/wp-content\/uploads\/sites\/75\/2026\/04\/WhatsApp-Image-2026-04-17-at-13.23.11.jpeg",992,719,false],"thumbnail":["https:\/\/portal.pi.gov.br\/defesacivil\/wp-content\/uploads\/sites\/75\/2026\/04\/WhatsApp-Image-2026-04-17-at-13.23.11-150x150.jpeg",150,150,true],"medium":["https:\/\/portal.pi.gov.br\/defesacivil\/wp-content\/uploads\/sites\/75\/2026\/04\/WhatsApp-Image-2026-04-17-at-13.23.11-300x217.jpeg",300,217,true],"medium_large":["https:\/\/portal.pi.gov.br\/defesacivil\/wp-content\/uploads\/sites\/75\/2026\/04\/WhatsApp-Image-2026-04-17-at-13.23.11-768x557.jpeg",768,557,true],"large":["https:\/\/portal.pi.gov.br\/defesacivil\/wp-content\/uploads\/sites\/75\/2026\/04\/WhatsApp-Image-2026-04-17-at-13.23.11.jpeg",887,643,false],"sgg-420":["https:\/\/portal.pi.gov.br\/defesacivil\/wp-content\/uploads\/sites\/75\/2026\/04\/WhatsApp-Image-2026-04-17-at-13.23.11-420x304.jpeg",420,304,true],"sgg-540":["https:\/\/portal.pi.gov.br\/defesacivil\/wp-content\/uploads\/sites\/75\/2026\/04\/WhatsApp-Image-2026-04-17-at-13.23.11-540x391.jpeg",540,391,true],"sgg-780":["https:\/\/portal.pi.gov.br\/defesacivil\/wp-content\/uploads\/sites\/75\/2026\/04\/WhatsApp-Image-2026-04-17-at-13.23.11-780x565.jpeg",780,565,true],"1536x1536":["https:\/\/portal.pi.gov.br\/defesacivil\/wp-content\/uploads\/sites\/75\/2026\/04\/WhatsApp-Image-2026-04-17-at-13.23.11.jpeg",992,719,false],"2048x2048":["https:\/\/portal.pi.gov.br\/defesacivil\/wp-content\/uploads\/sites\/75\/2026\/04\/WhatsApp-Image-2026-04-17-at-13.23.11.jpeg",992,719,false],"homepage-slider":["https:\/\/portal.pi.gov.br\/defesacivil\/wp-content\/uploads\/sites\/75\/2026\/04\/WhatsApp-Image-2026-04-17-at-13.23.11-992x500.jpeg",992,500,true],"homepage-slider-small":["https:\/\/portal.pi.gov.br\/defesacivil\/wp-content\/uploads\/sites\/75\/2026\/04\/WhatsApp-Image-2026-04-17-at-13.23.11-947x500.jpeg",947,500,true],"page-top":["https:\/\/portal.pi.gov.br\/defesacivil\/wp-content\/uploads\/sites\/75\/2026\/04\/WhatsApp-Image-2026-04-17-at-13.23.11-947x686.jpeg",947,686,true],"page-small":["https:\/\/portal.pi.gov.br\/defesacivil\/wp-content\/uploads\/sites\/75\/2026\/04\/WhatsApp-Image-2026-04-17-at-13.23.11-624x452.jpeg",624,452,true],"loop-main":["https:\/\/portal.pi.gov.br\/defesacivil\/wp-content\/uploads\/sites\/75\/2026\/04\/WhatsApp-Image-2026-04-17-at-13.23.11-365x240.jpeg",365,240,true],"thumb-gallery-widget":["https:\/\/portal.pi.gov.br\/defesacivil\/wp-content\/uploads\/sites\/75\/2026\/04\/WhatsApp-Image-2026-04-17-at-13.23.11-84x56.jpeg",84,56,true]},"post_excerpt_stackable":"<p>Equipes da Defesa Civil do Piau\u00ed, por meio da Diretoria de Preven\u00e7\u00e3o, e da Companhia de Desenvolvimento dos Vales do S\u00e3o Francisco e do Parna\u00edba (Codevasf), estiveram reunidas nesta sexta-feira (17), para apresentar os dados, resultados e tra\u00e7ar metas do projeto Rede Colaborativa, que promove treinamentos dos N\u00facleos Comunit\u00e1rios de Prote\u00e7\u00e3o e Defesa Civil (NUPDECs) e prepara as comunidades ribeirinhas para agir em situa\u00e7\u00f5es de risco, usar pluvi\u00f4metros comunit\u00e1rios e colaborar com o monitoramento.&nbsp; Foto: Ascom Defesa Civil Segundo a coordenadora do Projeto na Defesa Civil, Mariana Medeiros, a reuni\u00e3o foi de alinhamento e apresenta\u00e7\u00e3o do relat\u00f3rio preliminar com os&hellip;<\/p>\n","category_list":"<a href=\"https:\/\/portal.pi.gov.br\/defesacivil\/category\/noticias\/\" rel=\"category tag\">Not\u00edcias<\/a>","author_info":{"name":"raquelvieira","url":"https:\/\/portal.pi.gov.br\/defesacivil\/author\/raquelvieira\/"},"comments_num":"0 coment\u00e1rio","featured_image_urls_v2":{"full":["https:\/\/portal.pi.gov.br\/defesacivil\/wp-content\/uploads\/sites\/75\/2026\/04\/WhatsApp-Image-2026-04-17-at-13.23.11.jpeg",992,719,false],"thumbnail":["https:\/\/portal.pi.gov.br\/defesacivil\/wp-content\/uploads\/sites\/75\/2026\/04\/WhatsApp-Image-2026-04-17-at-13.23.11-150x150.jpeg",150,150,true],"medium":["https:\/\/portal.pi.gov.br\/defesacivil\/wp-content\/uploads\/sites\/75\/2026\/04\/WhatsApp-Image-2026-04-17-at-13.23.11-300x217.jpeg",300,217,true],"medium_large":["https:\/\/portal.pi.gov.br\/defesacivil\/wp-content\/uploads\/sites\/75\/2026\/04\/WhatsApp-Image-2026-04-17-at-13.23.11-768x557.jpeg",768,557,true],"large":["https:\/\/portal.pi.gov.br\/defesacivil\/wp-content\/uploads\/sites\/75\/2026\/04\/WhatsApp-Image-2026-04-17-at-13.23.11.jpeg",887,643,false],"sgg-420":["https:\/\/portal.pi.gov.br\/defesacivil\/wp-content\/uploads\/sites\/75\/2026\/04\/WhatsApp-Image-2026-04-17-at-13.23.11-420x304.jpeg",420,304,true],"sgg-540":["https:\/\/portal.pi.gov.br\/defesacivil\/wp-content\/uploads\/sites\/75\/2026\/04\/WhatsApp-Image-2026-04-17-at-13.23.11-540x391.jpeg",540,391,true],"sgg-780":["https:\/\/portal.pi.gov.br\/defesacivil\/wp-content\/uploads\/sites\/75\/2026\/04\/WhatsApp-Image-2026-04-17-at-13.23.11-780x565.jpeg",780,565,true],"1536x1536":["https:\/\/portal.pi.gov.br\/defesacivil\/wp-content\/uploads\/sites\/75\/2026\/04\/WhatsApp-Image-2026-04-17-at-13.23.11.jpeg",992,719,false],"2048x2048":["https:\/\/portal.pi.gov.br\/defesacivil\/wp-content\/uploads\/sites\/75\/2026\/04\/WhatsApp-Image-2026-04-17-at-13.23.11.jpeg",992,719,false],"homepage-slider":["https:\/\/portal.pi.gov.br\/defesacivil\/wp-content\/uploads\/sites\/75\/2026\/04\/WhatsApp-Image-2026-04-17-at-13.23.11-992x500.jpeg",992,500,true],"homepage-slider-small":["https:\/\/portal.pi.gov.br\/defesacivil\/wp-content\/uploads\/sites\/75\/2026\/04\/WhatsApp-Image-2026-04-17-at-13.23.11-947x500.jpeg",947,500,true],"page-top":["https:\/\/portal.pi.gov.br\/defesacivil\/wp-content\/uploads\/sites\/75\/2026\/04\/WhatsApp-Image-2026-04-17-at-13.23.11-947x686.jpeg",947,686,true],"page-small":["https:\/\/portal.pi.gov.br\/defesacivil\/wp-content\/uploads\/sites\/75\/2026\/04\/WhatsApp-Image-2026-04-17-at-13.23.11-624x452.jpeg",624,452,true],"loop-main":["https:\/\/portal.pi.gov.br\/defesacivil\/wp-content\/uploads\/sites\/75\/2026\/04\/WhatsApp-Image-2026-04-17-at-13.23.11-365x240.jpeg",365,240,true],"thumb-gallery-widget":["https:\/\/portal.pi.gov.br\/defesacivil\/wp-content\/uploads\/sites\/75\/2026\/04\/WhatsApp-Image-2026-04-17-at-13.23.11-84x56.jpeg",84,56,true]},"post_excerpt_stackable_v2":"<p>Equipes da Defesa Civil do Piau\u00ed, por meio da Diretoria de Preven\u00e7\u00e3o, e da Companhia de Desenvolvimento dos Vales do S\u00e3o Francisco e do Parna\u00edba (Codevasf), estiveram reunidas nesta sexta-feira (17), para apresentar os dados, resultados e tra\u00e7ar metas do projeto Rede Colaborativa, que promove treinamentos dos N\u00facleos Comunit\u00e1rios de Prote\u00e7\u00e3o e Defesa Civil (NUPDECs) e prepara as comunidades ribeirinhas para agir em situa\u00e7\u00f5es de risco, usar pluvi\u00f4metros comunit\u00e1rios e colaborar com o monitoramento.&nbsp; Foto: Ascom Defesa Civil Segundo a coordenadora do Projeto na Defesa Civil, Mariana Medeiros, a reuni\u00e3o foi de alinhamento e apresenta\u00e7\u00e3o do relat\u00f3rio preliminar com os&hellip;<\/p>\n","category_list_v2":"<a href=\"https:\/\/portal.pi.gov.br\/defesacivil\/category\/noticias\/\" rel=\"category tag\">Not\u00edcias<\/a>","author_info_v2":{"name":"raquelvieira","url":"https:\/\/portal.pi.gov.br\/defesacivil\/author\/raquelvieira\/"},"comments_num_v2":"0 coment\u00e1rio","jetpack_featured_media_url":"https:\/\/portal.pi.gov.br\/defesacivil\/wp-content\/uploads\/sites\/75\/2026\/04\/WhatsApp-Image-2026-04-17-at-13.23.11.jpeg","_links":{"self":[{"href":"https:\/\/portal.pi.gov.br\/defesacivil\/wp-json\/wp\/v2\/posts\/2950"}],"collection":[{"href":"https:\/\/portal.pi.gov.br\/defesacivil\/wp-json\/wp\/v2\/posts"}],"about":[{"href":"https:\/\/portal.pi.gov.br\/defesacivil\/wp-json\/wp\/v2\/types\/post"}],"author":[{"embeddable":true,"href":"https:\/\/portal.pi.gov.br\/defesacivil\/wp-json\/wp\/v2\/users\/1739"}],"replies":[{"embeddable":true,"href":"https:\/\/portal.pi.gov.br\/defesacivil\/wp-json\/wp\/v2\/comments?post=2950"}],"version-history":[{"count":1,"href":"https:\/\/portal.pi.gov.br\/defesacivil\/wp-json\/wp\/v2\/posts\/2950\/revisions"}],"predecessor-version":[{"id":2952,"href":"https:\/\/portal.pi.gov.br\/defesacivil\/wp-json\/wp\/v2\/posts\/2950\/revisions\/2952"}],"wp:featuredmedia":[{"embeddable":true,"href":"https:\/\/portal.pi.gov.br\/defesacivil\/wp-json\/wp\/v2\/media\/2951"}],"wp:attachment":[{"href":"https:\/\/portal.pi.gov.br\/defesacivil\/wp-json\/wp\/v2\/media?parent=2950"}],"wp:term":[{"taxonomy":"category","embeddable":true,"href":"https:\/\/portal.pi.gov.br\/defesacivil\/wp-json\/wp\/v2\/categories?post=2950"},{"taxonomy":"post_tag","embeddable":true,"href":"https:\/\/portal.pi.gov.br\/defesacivil\/wp-json\/wp\/v2\/tags?post=2950"}],"curies":[{"name":"wp","href":"https:\/\/api.w.org\/{rel}","templated":true}]}}