{"id":2953,"date":"2026-04-20T10:10:54","date_gmt":"2026-04-20T13:10:54","guid":{"rendered":"https:\/\/portal.pi.gov.br\/defesacivil\/?p=2953"},"modified":"2026-04-20T10:10:55","modified_gmt":"2026-04-20T13:10:55","slug":"defesa-civil-investe-em-tecnologia-amplia-monitoramento-climatico-e-reforca-prevencao-a-desastres-no-piaui","status":"publish","type":"post","link":"https:\/\/portal.pi.gov.br\/defesacivil\/2026\/04\/20\/defesa-civil-investe-em-tecnologia-amplia-monitoramento-climatico-e-reforca-prevencao-a-desastres-no-piaui\/","title":{"rendered":"Defesa Civil investe em tecnologia, amplia monitoramento clim\u00e1tico e refor\u00e7a preven\u00e7\u00e3o a desastres no Piau\u00ed"},"content":{"rendered":"\n<p>A Secretaria de Estado da Defesa Civil do Piau\u00ed (Sedec) informou, nesse domingo (19), que os 22 munic\u00edpios classificados como priorit\u00e1rios pelo Centro Nacional de Monitoramento e Alertas de Desastres Naturais (Cemaden) j\u00e1 contam com cobertura de equipamentos modernos para monitoramento pluviom\u00e9trico. Ao todo, cerca de 70 pluvi\u00f4metros autom\u00e1ticos est\u00e3o instalados em diferentes regi\u00f5es do estado, integrando a rede observacional nacional do Minist\u00e9rio da Ci\u00eancia, Tecnologia e Inova\u00e7\u00e3o.<\/p>\n\n\n\n<p>A iniciativa \u00e9 resultado de uma articula\u00e7\u00e3o iniciada h\u00e1 cerca de tr\u00eas anos entre a Defesa Civil do Piau\u00ed e o Governo Federal. Atualmente, todos os equipamentos est\u00e3o em pleno funcionamento, garantindo maior visibilidade das condi\u00e7\u00f5es clim\u00e1ticas nos munic\u00edpios e fornecendo dados estrat\u00e9gicos para o fortalecimento das pol\u00edticas p\u00fablicas de gest\u00e3o de riscos e desastres.<\/p>\n\n\n\n<p>De acordo com o diretor de Preven\u00e7\u00e3o e Mitiga\u00e7\u00e3o, Werton Costa, o avan\u00e7o representa um marco hist\u00f3rico para o estado. \u201cEstamos vivendo um momento extremamente significativo para o Piau\u00ed. Com essa rede ampliada e totalmente operacional, conseguimos monitorar com precis\u00e3o os eventos pluviom\u00e9tricos e antecipar respostas. Isso fortalece diretamente a prote\u00e7\u00e3o das pessoas e torna nossa atua\u00e7\u00e3o mais eficiente e estrat\u00e9gica\u201d, destacou.<\/p>\n\n\n\n<figure class=\"wp-block-image\" id=\"attachment_62484\"><img decoding=\"async\" src=\"https:\/\/www.pi.gov.br\/wp-content\/uploads\/2025\/06\/Defesa-civil-pacria-2-scaled-e1774887683946.jpeg\" alt=\"\" class=\"wp-image-62484\" \/><figcaption class=\"wp-element-caption\">Foto: Ascom Sedec<\/figcaption><\/figure>\n\n\n\n<p>De acordo com a Sedec, a expans\u00e3o da rede ter\u00e1 continuidade. A Defesa Civil j\u00e1 articula, junto ao Instituto Nacional de Meteorologia (INMET) e ao Minist\u00e9rio da Agricultura, a instala\u00e7\u00e3o de 38 novas esta\u00e7\u00f5es agrometeorol\u00f3gicas. Esses equipamentos, conectados \u00e0 rede da Organiza\u00e7\u00e3o Meteorol\u00f3gica Mundial, permitir\u00e3o a coleta de dados detalhados sobre umidade e temperatura do solo, fundamentais para aprimorar modelos de previs\u00e3o de seca e estiagem.<\/p>\n\n\n\n<p>A previs\u00e3o \u00e9 que o processo de implanta\u00e7\u00e3o dessas novas esta\u00e7\u00f5es tenha in\u00edcio ainda em 2026, com conclus\u00e3o at\u00e9 o final de 2027. Munic\u00edpios piauienses j\u00e1 est\u00e3o sendo contatados por equipes t\u00e9cnicas de Bras\u00edlia para defini\u00e7\u00e3o dos locais adequados de instala\u00e7\u00e3o.<\/p>\n\n\n\n<p>Segundo Werton Costa, o impacto ser\u00e1 transformador. \u201cEssas novas esta\u00e7\u00f5es representam um salto gigantesco na capacidade de monitoramento do estado. Vamos mais do que dobrar a nossa rede observacional e passar a trabalhar com dados ainda mais qualificados, o que nos permitir\u00e1 agir de forma antecipada, mais humanizada e assertiva diante dos cen\u00e1rios de risco\u201d, explicou.<\/p>\n\n\n\n<p>Al\u00e9m dos investimentos em tecnologia, a Sedec tamb\u00e9m tem atuado na capacita\u00e7\u00e3o dos munic\u00edpios. Nos dias 6 e 7 de abril, equipes da Defesa Civil estiveram nas cidades de Nossa Senhora de Nazar\u00e9 e Pedro II, no territ\u00f3rio dos Carnaubais e Cocais, realizando oficinas pr\u00e1ticas para elabora\u00e7\u00e3o de planos de conting\u00eancia, documentos essenciais para o planejamento de respostas a desastres.<\/p>\n\n\n\n<p>A a\u00e7\u00e3o integra o Pacto pela Defesa Civil, dentro do programa Pacto pelo Piau\u00ed, e tem como objetivo orientar gestores municipais na constru\u00e7\u00e3o de estrat\u00e9gias eficazes de enfrentamento a eventos adversos.<\/p>\n\n\n\n<p>Com esse conjunto de iniciativas, o Governo do Estado consolida uma mudan\u00e7a de paradigma na \u00e1rea, migrando de uma cultura reativa para um modelo proativo de gest\u00e3o de riscos, com foco na preven\u00e7\u00e3o e na prote\u00e7\u00e3o integral da popula\u00e7\u00e3o piauiense.<\/p>\n\n\n\n<figure class=\"wp-block-image size-full\"><img decoding=\"async\" loading=\"lazy\" width=\"640\" height=\"427\" src=\"https:\/\/portal.pi.gov.br\/defesacivil\/wp-content\/uploads\/sites\/75\/2026\/04\/CCM_0224-2.jpg\" alt=\"\" class=\"wp-image-2954\" srcset=\"https:\/\/portal.pi.gov.br\/defesacivil\/wp-content\/uploads\/sites\/75\/2026\/04\/CCM_0224-2.jpg 640w, https:\/\/portal.pi.gov.br\/defesacivil\/wp-content\/uploads\/sites\/75\/2026\/04\/CCM_0224-2-300x200.jpg 300w, https:\/\/portal.pi.gov.br\/defesacivil\/wp-content\/uploads\/sites\/75\/2026\/04\/CCM_0224-2-420x280.jpg 420w, https:\/\/portal.pi.gov.br\/defesacivil\/wp-content\/uploads\/sites\/75\/2026\/04\/CCM_0224-2-540x360.jpg 540w, https:\/\/portal.pi.gov.br\/defesacivil\/wp-content\/uploads\/sites\/75\/2026\/04\/CCM_0224-2-624x416.jpg 624w, https:\/\/portal.pi.gov.br\/defesacivil\/wp-content\/uploads\/sites\/75\/2026\/04\/CCM_0224-2-84x56.jpg 84w\" sizes=\"(max-width: 640px) 100vw, 640px\" \/><\/figure>\n\n\n\n<figure class=\"wp-block-image size-large\"><img decoding=\"async\" loading=\"lazy\" width=\"1024\" height=\"576\" src=\"https:\/\/portal.pi.gov.br\/defesacivil\/wp-content\/uploads\/sites\/75\/2026\/04\/WhatsApp-Image-2026-04-20-at-09.59.11-1024x576.jpeg\" alt=\"\" class=\"wp-image-2955\" srcset=\"https:\/\/portal.pi.gov.br\/defesacivil\/wp-content\/uploads\/sites\/75\/2026\/04\/WhatsApp-Image-2026-04-20-at-09.59.11-1024x576.jpeg 1024w, https:\/\/portal.pi.gov.br\/defesacivil\/wp-content\/uploads\/sites\/75\/2026\/04\/WhatsApp-Image-2026-04-20-at-09.59.11-300x169.jpeg 300w, https:\/\/portal.pi.gov.br\/defesacivil\/wp-content\/uploads\/sites\/75\/2026\/04\/WhatsApp-Image-2026-04-20-at-09.59.11-768x432.jpeg 768w, https:\/\/portal.pi.gov.br\/defesacivil\/wp-content\/uploads\/sites\/75\/2026\/04\/WhatsApp-Image-2026-04-20-at-09.59.11-420x236.jpeg 420w, https:\/\/portal.pi.gov.br\/defesacivil\/wp-content\/uploads\/sites\/75\/2026\/04\/WhatsApp-Image-2026-04-20-at-09.59.11-540x304.jpeg 540w, https:\/\/portal.pi.gov.br\/defesacivil\/wp-content\/uploads\/sites\/75\/2026\/04\/WhatsApp-Image-2026-04-20-at-09.59.11-780x439.jpeg 780w, https:\/\/portal.pi.gov.br\/defesacivil\/wp-content\/uploads\/sites\/75\/2026\/04\/WhatsApp-Image-2026-04-20-at-09.59.11-1536x864.jpeg 1536w, https:\/\/portal.pi.gov.br\/defesacivil\/wp-content\/uploads\/sites\/75\/2026\/04\/WhatsApp-Image-2026-04-20-at-09.59.11-2048x1152.jpeg 2048w, https:\/\/portal.pi.gov.br\/defesacivil\/wp-content\/uploads\/sites\/75\/2026\/04\/WhatsApp-Image-2026-04-20-at-09.59.11-947x533.jpeg 947w, https:\/\/portal.pi.gov.br\/defesacivil\/wp-content\/uploads\/sites\/75\/2026\/04\/WhatsApp-Image-2026-04-20-at-09.59.11-624x351.jpeg 624w\" sizes=\"(max-width: 1024px) 100vw, 1024px\" \/><\/figure>\n","protected":false},"excerpt":{"rendered":"<p>A Secretaria de Estado da Defesa Civil do Piau\u00ed (Sedec) informou, nesse domingo (19), que os 22 munic\u00edpios classificados como priorit\u00e1rios pelo Centro Nacional de Monitoramento e Alertas de Desastres [&hellip;]<\/p>\n","protected":false},"author":1736,"featured_media":2956,"comment_status":"closed","ping_status":"closed","sticky":false,"template":"","format":"standard","meta":[],"categories":[31],"tags":[],"featured_image_urls":{"full":["https:\/\/portal.pi.gov.br\/defesacivil\/wp-content\/uploads\/sites\/75\/2026\/04\/CCM_0224-2-1.jpg",640,427,false],"thumbnail":["https:\/\/portal.pi.gov.br\/defesacivil\/wp-content\/uploads\/sites\/75\/2026\/04\/CCM_0224-2-1-150x150.jpg",150,150,true],"medium":["https:\/\/portal.pi.gov.br\/defesacivil\/wp-content\/uploads\/sites\/75\/2026\/04\/CCM_0224-2-1-300x200.jpg",300,200,true],"medium_large":["https:\/\/portal.pi.gov.br\/defesacivil\/wp-content\/uploads\/sites\/75\/2026\/04\/CCM_0224-2-1.jpg",640,427,false],"large":["https:\/\/portal.pi.gov.br\/defesacivil\/wp-content\/uploads\/sites\/75\/2026\/04\/CCM_0224-2-1.jpg",640,427,false],"sgg-420":["https:\/\/portal.pi.gov.br\/defesacivil\/wp-content\/uploads\/sites\/75\/2026\/04\/CCM_0224-2-1-420x280.jpg",420,280,true],"sgg-540":["https:\/\/portal.pi.gov.br\/defesacivil\/wp-content\/uploads\/sites\/75\/2026\/04\/CCM_0224-2-1-540x360.jpg",540,360,true],"sgg-780":["https:\/\/portal.pi.gov.br\/defesacivil\/wp-content\/uploads\/sites\/75\/2026\/04\/CCM_0224-2-1.jpg",640,427,false],"1536x1536":["https:\/\/portal.pi.gov.br\/defesacivil\/wp-content\/uploads\/sites\/75\/2026\/04\/CCM_0224-2-1.jpg",640,427,false],"2048x2048":["https:\/\/portal.pi.gov.br\/defesacivil\/wp-content\/uploads\/sites\/75\/2026\/04\/CCM_0224-2-1.jpg",640,427,false],"homepage-slider":["https:\/\/portal.pi.gov.br\/defesacivil\/wp-content\/uploads\/sites\/75\/2026\/04\/CCM_0224-2-1.jpg",640,427,false],"homepage-slider-small":["https:\/\/portal.pi.gov.br\/defesacivil\/wp-content\/uploads\/sites\/75\/2026\/04\/CCM_0224-2-1.jpg",640,427,false],"page-top":["https:\/\/portal.pi.gov.br\/defesacivil\/wp-content\/uploads\/sites\/75\/2026\/04\/CCM_0224-2-1.jpg",640,427,false],"page-small":["https:\/\/portal.pi.gov.br\/defesacivil\/wp-content\/uploads\/sites\/75\/2026\/04\/CCM_0224-2-1-624x416.jpg",624,416,true],"loop-main":["https:\/\/portal.pi.gov.br\/defesacivil\/wp-content\/uploads\/sites\/75\/2026\/04\/CCM_0224-2-1-365x240.jpg",365,240,true],"thumb-gallery-widget":["https:\/\/portal.pi.gov.br\/defesacivil\/wp-content\/uploads\/sites\/75\/2026\/04\/CCM_0224-2-1-84x56.jpg",84,56,true]},"post_excerpt_stackable":"<p>A Secretaria de Estado da Defesa Civil do Piau\u00ed (Sedec) informou, nesse domingo (19), que os 22 munic\u00edpios classificados como priorit\u00e1rios pelo Centro Nacional de Monitoramento e Alertas de Desastres Naturais (Cemaden) j\u00e1 contam com cobertura de equipamentos modernos para monitoramento pluviom\u00e9trico. Ao todo, cerca de 70 pluvi\u00f4metros autom\u00e1ticos est\u00e3o instalados em diferentes regi\u00f5es do estado, integrando a rede observacional nacional do Minist\u00e9rio da Ci\u00eancia, Tecnologia e Inova\u00e7\u00e3o. A iniciativa \u00e9 resultado de uma articula\u00e7\u00e3o iniciada h\u00e1 cerca de tr\u00eas anos entre a Defesa Civil do Piau\u00ed e o Governo Federal. Atualmente, todos os equipamentos est\u00e3o em pleno funcionamento, garantindo&hellip;<\/p>\n","category_list":"<a href=\"https:\/\/portal.pi.gov.br\/defesacivil\/category\/noticias\/\" rel=\"category tag\">Not\u00edcias<\/a>","author_info":{"name":"junielechaves","url":"https:\/\/portal.pi.gov.br\/defesacivil\/author\/junielechaves\/"},"comments_num":"0 coment\u00e1rio","featured_image_urls_v2":{"full":["https:\/\/portal.pi.gov.br\/defesacivil\/wp-content\/uploads\/sites\/75\/2026\/04\/CCM_0224-2-1.jpg",640,427,false],"thumbnail":["https:\/\/portal.pi.gov.br\/defesacivil\/wp-content\/uploads\/sites\/75\/2026\/04\/CCM_0224-2-1-150x150.jpg",150,150,true],"medium":["https:\/\/portal.pi.gov.br\/defesacivil\/wp-content\/uploads\/sites\/75\/2026\/04\/CCM_0224-2-1-300x200.jpg",300,200,true],"medium_large":["https:\/\/portal.pi.gov.br\/defesacivil\/wp-content\/uploads\/sites\/75\/2026\/04\/CCM_0224-2-1.jpg",640,427,false],"large":["https:\/\/portal.pi.gov.br\/defesacivil\/wp-content\/uploads\/sites\/75\/2026\/04\/CCM_0224-2-1.jpg",640,427,false],"sgg-420":["https:\/\/portal.pi.gov.br\/defesacivil\/wp-content\/uploads\/sites\/75\/2026\/04\/CCM_0224-2-1-420x280.jpg",420,280,true],"sgg-540":["https:\/\/portal.pi.gov.br\/defesacivil\/wp-content\/uploads\/sites\/75\/2026\/04\/CCM_0224-2-1-540x360.jpg",540,360,true],"sgg-780":["https:\/\/portal.pi.gov.br\/defesacivil\/wp-content\/uploads\/sites\/75\/2026\/04\/CCM_0224-2-1.jpg",640,427,false],"1536x1536":["https:\/\/portal.pi.gov.br\/defesacivil\/wp-content\/uploads\/sites\/75\/2026\/04\/CCM_0224-2-1.jpg",640,427,false],"2048x2048":["https:\/\/portal.pi.gov.br\/defesacivil\/wp-content\/uploads\/sites\/75\/2026\/04\/CCM_0224-2-1.jpg",640,427,false],"homepage-slider":["https:\/\/portal.pi.gov.br\/defesacivil\/wp-content\/uploads\/sites\/75\/2026\/04\/CCM_0224-2-1.jpg",640,427,false],"homepage-slider-small":["https:\/\/portal.pi.gov.br\/defesacivil\/wp-content\/uploads\/sites\/75\/2026\/04\/CCM_0224-2-1.jpg",640,427,false],"page-top":["https:\/\/portal.pi.gov.br\/defesacivil\/wp-content\/uploads\/sites\/75\/2026\/04\/CCM_0224-2-1.jpg",640,427,false],"page-small":["https:\/\/portal.pi.gov.br\/defesacivil\/wp-content\/uploads\/sites\/75\/2026\/04\/CCM_0224-2-1-624x416.jpg",624,416,true],"loop-main":["https:\/\/portal.pi.gov.br\/defesacivil\/wp-content\/uploads\/sites\/75\/2026\/04\/CCM_0224-2-1-365x240.jpg",365,240,true],"thumb-gallery-widget":["https:\/\/portal.pi.gov.br\/defesacivil\/wp-content\/uploads\/sites\/75\/2026\/04\/CCM_0224-2-1-84x56.jpg",84,56,true]},"post_excerpt_stackable_v2":"<p>A Secretaria de Estado da Defesa Civil do Piau\u00ed (Sedec) informou, nesse domingo (19), que os 22 munic\u00edpios classificados como priorit\u00e1rios pelo Centro Nacional de Monitoramento e Alertas de Desastres Naturais (Cemaden) j\u00e1 contam com cobertura de equipamentos modernos para monitoramento pluviom\u00e9trico. Ao todo, cerca de 70 pluvi\u00f4metros autom\u00e1ticos est\u00e3o instalados em diferentes regi\u00f5es do estado, integrando a rede observacional nacional do Minist\u00e9rio da Ci\u00eancia, Tecnologia e Inova\u00e7\u00e3o. A iniciativa \u00e9 resultado de uma articula\u00e7\u00e3o iniciada h\u00e1 cerca de tr\u00eas anos entre a Defesa Civil do Piau\u00ed e o Governo Federal. Atualmente, todos os equipamentos est\u00e3o em pleno funcionamento, garantindo&hellip;<\/p>\n","category_list_v2":"<a href=\"https:\/\/portal.pi.gov.br\/defesacivil\/category\/noticias\/\" rel=\"category tag\">Not\u00edcias<\/a>","author_info_v2":{"name":"junielechaves","url":"https:\/\/portal.pi.gov.br\/defesacivil\/author\/junielechaves\/"},"comments_num_v2":"0 coment\u00e1rio","jetpack_featured_media_url":"https:\/\/portal.pi.gov.br\/defesacivil\/wp-content\/uploads\/sites\/75\/2026\/04\/CCM_0224-2-1.jpg","_links":{"self":[{"href":"https:\/\/portal.pi.gov.br\/defesacivil\/wp-json\/wp\/v2\/posts\/2953"}],"collection":[{"href":"https:\/\/portal.pi.gov.br\/defesacivil\/wp-json\/wp\/v2\/posts"}],"about":[{"href":"https:\/\/portal.pi.gov.br\/defesacivil\/wp-json\/wp\/v2\/types\/post"}],"author":[{"embeddable":true,"href":"https:\/\/portal.pi.gov.br\/defesacivil\/wp-json\/wp\/v2\/users\/1736"}],"replies":[{"embeddable":true,"href":"https:\/\/portal.pi.gov.br\/defesacivil\/wp-json\/wp\/v2\/comments?post=2953"}],"version-history":[{"count":1,"href":"https:\/\/portal.pi.gov.br\/defesacivil\/wp-json\/wp\/v2\/posts\/2953\/revisions"}],"predecessor-version":[{"id":2957,"href":"https:\/\/portal.pi.gov.br\/defesacivil\/wp-json\/wp\/v2\/posts\/2953\/revisions\/2957"}],"wp:featuredmedia":[{"embeddable":true,"href":"https:\/\/portal.pi.gov.br\/defesacivil\/wp-json\/wp\/v2\/media\/2956"}],"wp:attachment":[{"href":"https:\/\/portal.pi.gov.br\/defesacivil\/wp-json\/wp\/v2\/media?parent=2953"}],"wp:term":[{"taxonomy":"category","embeddable":true,"href":"https:\/\/portal.pi.gov.br\/defesacivil\/wp-json\/wp\/v2\/categories?post=2953"},{"taxonomy":"post_tag","embeddable":true,"href":"https:\/\/portal.pi.gov.br\/defesacivil\/wp-json\/wp\/v2\/tags?post=2953"}],"curies":[{"name":"wp","href":"https:\/\/api.w.org\/{rel}","templated":true}]}}