{"id":2958,"date":"2026-04-20T18:50:00","date_gmt":"2026-04-20T21:50:00","guid":{"rendered":"https:\/\/portal.pi.gov.br\/defesacivil\/?p=2958"},"modified":"2026-04-22T08:54:56","modified_gmt":"2026-04-22T11:54:56","slug":"defesa-civil-do-piaui-atua-em-ilha-grande-apos-inundacoes-e-reforca-apoio-as-familias-atingidas","status":"publish","type":"post","link":"https:\/\/portal.pi.gov.br\/defesacivil\/2026\/04\/20\/defesa-civil-do-piaui-atua-em-ilha-grande-apos-inundacoes-e-reforca-apoio-as-familias-atingidas\/","title":{"rendered":"Defesa Civil do Piau\u00ed atua em Ilha Grande ap\u00f3s inunda\u00e7\u00f5es e refor\u00e7a apoio \u00e0s fam\u00edlias atingidas"},"content":{"rendered":"\n<p>Em resposta \u00e0s inunda\u00e7\u00f5es ocasionadas pelas fortes chuvas no munic\u00edpio de Ilha Grande-PI, a Secretaria de Estado da Defesa Civil do Piau\u00ed (SEDEC-PI) intensificou, nessa segunda-feira (20), as a\u00e7\u00f5es de apoio e monitoramento na regi\u00e3o. A agenda incluiu reuni\u00e3o com a Sala de Crise Municipal e visitas t\u00e9cnicas \u00e0s \u00e1reas afetadas.<\/p>\n\n\n\n<p>A equipe estadual, formada pela assistente social Patr\u00edcia Moura e pelo engenheiro Mateus Lavor, se reuniu com a prefeita do munic\u00edpio, representantes das secretarias municipais e a Defesa Civil local. Durante o encontro, foi realizado um levantamento detalhado dos impactos provocados pelas chuvas, al\u00e9m do alinhamento das medidas emergenciais a serem adotadas.<\/p>\n\n\n\n<figure class=\"wp-block-image\" id=\"attachment_132071\"><img decoding=\"async\" src=\"https:\/\/www.pi.gov.br\/wp-content\/uploads\/2026\/04\/defesacivil-1024x768.jpg\" alt=\"\" class=\"wp-image-132071\" \/><\/figure>\n\n\n\n<p>Na ocasi\u00e3o, a SEDEC-PI tamb\u00e9m orientou sobre os procedimentos necess\u00e1rios para a decreta\u00e7\u00e3o de Situa\u00e7\u00e3o de Emerg\u00eancia, bem como sobre o processo de reconhecimento federal por meio do Sistema Integrado de Informa\u00e7\u00f5es sobre Desastres (S2ID), ferramenta essencial para viabilizar apoio da Uni\u00e3o.<\/p>\n\n\n\n<p>As visitas in loco aos bairros atingidos permitiram uma avalia\u00e7\u00e3o mais precisa dos danos e das necessidades das fam\u00edlias afetadas, especialmente aquelas que se encontram em situa\u00e7\u00e3o de isolamento.<\/p>\n\n\n\n<figure class=\"wp-block-image\" id=\"attachment_132073\"><img decoding=\"async\" src=\"https:\/\/www.pi.gov.br\/wp-content\/uploads\/2026\/04\/defesacivil5-1024x768.jpg\" alt=\"\" class=\"wp-image-132073\" \/><\/figure>\n\n\n\n<p>De acordo com a assistente social da Defesa Civil estadual, Patr\u00edcia Moura, o momento exige uma atua\u00e7\u00e3o r\u00e1pida e integrada. \u201cNosso trabalho \u00e9 garantir que o munic\u00edpio tenha todo o suporte t\u00e9cnico necess\u00e1rio para agir de forma eficiente. Estamos acompanhando de perto a situa\u00e7\u00e3o das fam\u00edlias, orientando sobre os procedimentos legais e contribuindo para que a assist\u00eancia chegue de forma \u00e1gil a quem mais precisa\u201d, destacou.<\/p>\n\n\n\n<p>A Defesa Civil do Piau\u00ed segue prestando suporte cont\u00ednuo ao munic\u00edpio de Ilha Grande, acompanhando a execu\u00e7\u00e3o das a\u00e7\u00f5es de resposta e assist\u00eancia, com foco na prote\u00e7\u00e3o da popula\u00e7\u00e3o e na minimiza\u00e7\u00e3o dos impactos causados pelas chuvas.<\/p>\n\n\n\n<figure class=\"wp-block-image\" id=\"attachment_132074\"><img decoding=\"async\" src=\"https:\/\/www.pi.gov.br\/wp-content\/uploads\/2026\/04\/defesacivil6-1024x768.jpg\" alt=\"\" class=\"wp-image-132074\" \/><\/figure>\n","protected":false},"excerpt":{"rendered":"<p>Em resposta \u00e0s inunda\u00e7\u00f5es ocasionadas pelas fortes chuvas no munic\u00edpio de Ilha Grande-PI, a Secretaria de Estado da Defesa Civil do Piau\u00ed (SEDEC-PI) intensificou, nessa segunda-feira (20), as a\u00e7\u00f5es de [&hellip;]<\/p>\n","protected":false},"author":1736,"featured_media":2959,"comment_status":"closed","ping_status":"closed","sticky":false,"template":"","format":"standard","meta":[],"categories":[31],"tags":[],"featured_image_urls":{"full":["https:\/\/portal.pi.gov.br\/defesacivil\/wp-content\/uploads\/sites\/75\/2026\/04\/defesacivil-1024x768-1.jpg",1024,768,false],"thumbnail":["https:\/\/portal.pi.gov.br\/defesacivil\/wp-content\/uploads\/sites\/75\/2026\/04\/defesacivil-1024x768-1-150x150.jpg",150,150,true],"medium":["https:\/\/portal.pi.gov.br\/defesacivil\/wp-content\/uploads\/sites\/75\/2026\/04\/defesacivil-1024x768-1-300x225.jpg",300,225,true],"medium_large":["https:\/\/portal.pi.gov.br\/defesacivil\/wp-content\/uploads\/sites\/75\/2026\/04\/defesacivil-1024x768-1-768x576.jpg",768,576,true],"large":["https:\/\/portal.pi.gov.br\/defesacivil\/wp-content\/uploads\/sites\/75\/2026\/04\/defesacivil-1024x768-1.jpg",887,665,false],"sgg-420":["https:\/\/portal.pi.gov.br\/defesacivil\/wp-content\/uploads\/sites\/75\/2026\/04\/defesacivil-1024x768-1-420x315.jpg",420,315,true],"sgg-540":["https:\/\/portal.pi.gov.br\/defesacivil\/wp-content\/uploads\/sites\/75\/2026\/04\/defesacivil-1024x768-1-540x405.jpg",540,405,true],"sgg-780":["https:\/\/portal.pi.gov.br\/defesacivil\/wp-content\/uploads\/sites\/75\/2026\/04\/defesacivil-1024x768-1-780x585.jpg",780,585,true],"1536x1536":["https:\/\/portal.pi.gov.br\/defesacivil\/wp-content\/uploads\/sites\/75\/2026\/04\/defesacivil-1024x768-1.jpg",1024,768,false],"2048x2048":["https:\/\/portal.pi.gov.br\/defesacivil\/wp-content\/uploads\/sites\/75\/2026\/04\/defesacivil-1024x768-1.jpg",1024,768,false],"homepage-slider":["https:\/\/portal.pi.gov.br\/defesacivil\/wp-content\/uploads\/sites\/75\/2026\/04\/defesacivil-1024x768-1-1024x500.jpg",1024,500,true],"homepage-slider-small":["https:\/\/portal.pi.gov.br\/defesacivil\/wp-content\/uploads\/sites\/75\/2026\/04\/defesacivil-1024x768-1-947x500.jpg",947,500,true],"page-top":["https:\/\/portal.pi.gov.br\/defesacivil\/wp-content\/uploads\/sites\/75\/2026\/04\/defesacivil-1024x768-1-947x710.jpg",947,710,true],"page-small":["https:\/\/portal.pi.gov.br\/defesacivil\/wp-content\/uploads\/sites\/75\/2026\/04\/defesacivil-1024x768-1-624x468.jpg",624,468,true],"loop-main":["https:\/\/portal.pi.gov.br\/defesacivil\/wp-content\/uploads\/sites\/75\/2026\/04\/defesacivil-1024x768-1-365x240.jpg",365,240,true],"thumb-gallery-widget":["https:\/\/portal.pi.gov.br\/defesacivil\/wp-content\/uploads\/sites\/75\/2026\/04\/defesacivil-1024x768-1-84x56.jpg",84,56,true]},"post_excerpt_stackable":"<p>Em resposta \u00e0s inunda\u00e7\u00f5es ocasionadas pelas fortes chuvas no munic\u00edpio de Ilha Grande-PI, a Secretaria de Estado da Defesa Civil do Piau\u00ed (SEDEC-PI) intensificou, nessa segunda-feira (20), as a\u00e7\u00f5es de apoio e monitoramento na regi\u00e3o. A agenda incluiu reuni\u00e3o com a Sala de Crise Municipal e visitas t\u00e9cnicas \u00e0s \u00e1reas afetadas. A equipe estadual, formada pela assistente social Patr\u00edcia Moura e pelo engenheiro Mateus Lavor, se reuniu com a prefeita do munic\u00edpio, representantes das secretarias municipais e a Defesa Civil local. Durante o encontro, foi realizado um levantamento detalhado dos impactos provocados pelas chuvas, al\u00e9m do alinhamento das medidas emergenciais&hellip;<\/p>\n","category_list":"<a href=\"https:\/\/portal.pi.gov.br\/defesacivil\/category\/noticias\/\" rel=\"category tag\">Not\u00edcias<\/a>","author_info":{"name":"junielechaves","url":"https:\/\/portal.pi.gov.br\/defesacivil\/author\/junielechaves\/"},"comments_num":"0 coment\u00e1rio","featured_image_urls_v2":{"full":["https:\/\/portal.pi.gov.br\/defesacivil\/wp-content\/uploads\/sites\/75\/2026\/04\/defesacivil-1024x768-1.jpg",1024,768,false],"thumbnail":["https:\/\/portal.pi.gov.br\/defesacivil\/wp-content\/uploads\/sites\/75\/2026\/04\/defesacivil-1024x768-1-150x150.jpg",150,150,true],"medium":["https:\/\/portal.pi.gov.br\/defesacivil\/wp-content\/uploads\/sites\/75\/2026\/04\/defesacivil-1024x768-1-300x225.jpg",300,225,true],"medium_large":["https:\/\/portal.pi.gov.br\/defesacivil\/wp-content\/uploads\/sites\/75\/2026\/04\/defesacivil-1024x768-1-768x576.jpg",768,576,true],"large":["https:\/\/portal.pi.gov.br\/defesacivil\/wp-content\/uploads\/sites\/75\/2026\/04\/defesacivil-1024x768-1.jpg",887,665,false],"sgg-420":["https:\/\/portal.pi.gov.br\/defesacivil\/wp-content\/uploads\/sites\/75\/2026\/04\/defesacivil-1024x768-1-420x315.jpg",420,315,true],"sgg-540":["https:\/\/portal.pi.gov.br\/defesacivil\/wp-content\/uploads\/sites\/75\/2026\/04\/defesacivil-1024x768-1-540x405.jpg",540,405,true],"sgg-780":["https:\/\/portal.pi.gov.br\/defesacivil\/wp-content\/uploads\/sites\/75\/2026\/04\/defesacivil-1024x768-1-780x585.jpg",780,585,true],"1536x1536":["https:\/\/portal.pi.gov.br\/defesacivil\/wp-content\/uploads\/sites\/75\/2026\/04\/defesacivil-1024x768-1.jpg",1024,768,false],"2048x2048":["https:\/\/portal.pi.gov.br\/defesacivil\/wp-content\/uploads\/sites\/75\/2026\/04\/defesacivil-1024x768-1.jpg",1024,768,false],"homepage-slider":["https:\/\/portal.pi.gov.br\/defesacivil\/wp-content\/uploads\/sites\/75\/2026\/04\/defesacivil-1024x768-1-1024x500.jpg",1024,500,true],"homepage-slider-small":["https:\/\/portal.pi.gov.br\/defesacivil\/wp-content\/uploads\/sites\/75\/2026\/04\/defesacivil-1024x768-1-947x500.jpg",947,500,true],"page-top":["https:\/\/portal.pi.gov.br\/defesacivil\/wp-content\/uploads\/sites\/75\/2026\/04\/defesacivil-1024x768-1-947x710.jpg",947,710,true],"page-small":["https:\/\/portal.pi.gov.br\/defesacivil\/wp-content\/uploads\/sites\/75\/2026\/04\/defesacivil-1024x768-1-624x468.jpg",624,468,true],"loop-main":["https:\/\/portal.pi.gov.br\/defesacivil\/wp-content\/uploads\/sites\/75\/2026\/04\/defesacivil-1024x768-1-365x240.jpg",365,240,true],"thumb-gallery-widget":["https:\/\/portal.pi.gov.br\/defesacivil\/wp-content\/uploads\/sites\/75\/2026\/04\/defesacivil-1024x768-1-84x56.jpg",84,56,true]},"post_excerpt_stackable_v2":"<p>Em resposta \u00e0s inunda\u00e7\u00f5es ocasionadas pelas fortes chuvas no munic\u00edpio de Ilha Grande-PI, a Secretaria de Estado da Defesa Civil do Piau\u00ed (SEDEC-PI) intensificou, nessa segunda-feira (20), as a\u00e7\u00f5es de apoio e monitoramento na regi\u00e3o. A agenda incluiu reuni\u00e3o com a Sala de Crise Municipal e visitas t\u00e9cnicas \u00e0s \u00e1reas afetadas. A equipe estadual, formada pela assistente social Patr\u00edcia Moura e pelo engenheiro Mateus Lavor, se reuniu com a prefeita do munic\u00edpio, representantes das secretarias municipais e a Defesa Civil local. Durante o encontro, foi realizado um levantamento detalhado dos impactos provocados pelas chuvas, al\u00e9m do alinhamento das medidas emergenciais&hellip;<\/p>\n","category_list_v2":"<a href=\"https:\/\/portal.pi.gov.br\/defesacivil\/category\/noticias\/\" rel=\"category tag\">Not\u00edcias<\/a>","author_info_v2":{"name":"junielechaves","url":"https:\/\/portal.pi.gov.br\/defesacivil\/author\/junielechaves\/"},"comments_num_v2":"0 coment\u00e1rio","jetpack_featured_media_url":"https:\/\/portal.pi.gov.br\/defesacivil\/wp-content\/uploads\/sites\/75\/2026\/04\/defesacivil-1024x768-1.jpg","_links":{"self":[{"href":"https:\/\/portal.pi.gov.br\/defesacivil\/wp-json\/wp\/v2\/posts\/2958"}],"collection":[{"href":"https:\/\/portal.pi.gov.br\/defesacivil\/wp-json\/wp\/v2\/posts"}],"about":[{"href":"https:\/\/portal.pi.gov.br\/defesacivil\/wp-json\/wp\/v2\/types\/post"}],"author":[{"embeddable":true,"href":"https:\/\/portal.pi.gov.br\/defesacivil\/wp-json\/wp\/v2\/users\/1736"}],"replies":[{"embeddable":true,"href":"https:\/\/portal.pi.gov.br\/defesacivil\/wp-json\/wp\/v2\/comments?post=2958"}],"version-history":[{"count":1,"href":"https:\/\/portal.pi.gov.br\/defesacivil\/wp-json\/wp\/v2\/posts\/2958\/revisions"}],"predecessor-version":[{"id":2960,"href":"https:\/\/portal.pi.gov.br\/defesacivil\/wp-json\/wp\/v2\/posts\/2958\/revisions\/2960"}],"wp:featuredmedia":[{"embeddable":true,"href":"https:\/\/portal.pi.gov.br\/defesacivil\/wp-json\/wp\/v2\/media\/2959"}],"wp:attachment":[{"href":"https:\/\/portal.pi.gov.br\/defesacivil\/wp-json\/wp\/v2\/media?parent=2958"}],"wp:term":[{"taxonomy":"category","embeddable":true,"href":"https:\/\/portal.pi.gov.br\/defesacivil\/wp-json\/wp\/v2\/categories?post=2958"},{"taxonomy":"post_tag","embeddable":true,"href":"https:\/\/portal.pi.gov.br\/defesacivil\/wp-json\/wp\/v2\/tags?post=2958"}],"curies":[{"name":"wp","href":"https:\/\/api.w.org\/{rel}","templated":true}]}}