{"id":2962,"date":"2026-04-24T10:34:29","date_gmt":"2026-04-24T13:34:29","guid":{"rendered":"https:\/\/portal.pi.gov.br\/defesacivil\/?p=2962"},"modified":"2026-04-24T10:36:38","modified_gmt":"2026-04-24T13:36:38","slug":"defesa-civil-e-seguranca-publica-articulam-integracao-para-agilizar-atendimento-a-populacao-em-emergencias-no-piaui","status":"publish","type":"post","link":"https:\/\/portal.pi.gov.br\/defesacivil\/2026\/04\/24\/defesa-civil-e-seguranca-publica-articulam-integracao-para-agilizar-atendimento-a-populacao-em-emergencias-no-piaui\/","title":{"rendered":"Defesa Civil e Seguran\u00e7a P\u00fablica articulam integra\u00e7\u00e3o para agilizar atendimento \u00e0 popula\u00e7\u00e3o em emerg\u00eancias no Piau\u00ed"},"content":{"rendered":"\n<p>A Secretaria de Estado da Defesa Civil do Piau\u00ed (Sedec-PI) participou, na manh\u00e3 dessa quinta-feira (23), de uma reuni\u00e3o estrat\u00e9gica com a Secretaria da Seguran\u00e7a P\u00fablica para discutir o aperfei\u00e7oamento dos canais de comunica\u00e7\u00e3o com a popula\u00e7\u00e3o, especialmente em situa\u00e7\u00f5es de emerg\u00eancia. O encontro teve como foco a cria\u00e7\u00e3o de um protocolo integrado que permita maior agilidade no atendimento \u00e0s demandas das comunidades em todo o estado.<\/p>\n\n\n\n<p>Durante a reuni\u00e3o, foi destacada a efici\u00eancia dos sistemas j\u00e1 utilizados pelas for\u00e7as de seguran\u00e7a, como os n\u00fameros 190, da Pol\u00edcia Militar, e 193, do Corpo de Bombeiros, reconhecidos pela alta capacidade de resposta. A proposta em debate visa justamente aproximar a Defesa Civil desses canais consolidados, possibilitando que a popula\u00e7\u00e3o tenha acesso mais r\u00e1pido e direto aos servi\u00e7os de assist\u00eancia em situa\u00e7\u00f5es de risco.<\/p>\n\n\n\n<p>A iniciativa busca viabilizar o uso do sistema de comunica\u00e7\u00e3o do Centro Integrado de Comando e Controle (CICC) pela Defesa Civil, ampliando a capilaridade do atendimento e fortalecendo a atua\u00e7\u00e3o conjunta entre os \u00f3rg\u00e3os estaduais. A reuni\u00e3o contou com a presen\u00e7a do secret\u00e1rio da Seguran\u00e7a P\u00fablica, Ant\u00f4nio Luiz, al\u00e9m do secret\u00e1rio de Estado da Defesa Civil, Eduardo Apol\u00f4nio, e do diretor de Preven\u00e7\u00e3o e Mitiga\u00e7\u00e3o, Werton Costa.<\/p>\n\n\n\n<figure class=\"wp-block-image\" id=\"attachment_132885\"><img decoding=\"async\" src=\"https:\/\/www.pi.gov.br\/wp-content\/uploads\/2026\/04\/WhatsApp-Image-2026-04-23-at-12.22.32-1.jpeg\" alt=\"\" class=\"wp-image-132885\" \/><\/figure>\n\n\n\n<p>De acordo com o secret\u00e1rio Eduardo Apol\u00f4nio, a integra\u00e7\u00e3o representa um avan\u00e7o significativo na pol\u00edtica de prote\u00e7\u00e3o e resposta a desastres no estado. \u201cNosso objetivo \u00e9 garantir que a popula\u00e7\u00e3o tenha acesso r\u00e1pido e eficiente \u00e0 Defesa Civil, especialmente em momentos cr\u00edticos. Essa parceria com a Seguran\u00e7a P\u00fablica fortalece nossa capacidade de resposta e amplia a prote\u00e7\u00e3o \u00e0s comunidades piauienses\u201d, destacou o gestor.<\/p>\n\n\n\n<p>Como encaminhamento, foi definida a cria\u00e7\u00e3o de um grupo de trabalho respons\u00e1vel por discutir os detalhes t\u00e9cnicos e operacionais para a implanta\u00e7\u00e3o e oficializa\u00e7\u00e3o do sistema integrado. A expectativa \u00e9 que, com a medida, o Piau\u00ed avance na moderniza\u00e7\u00e3o dos seus mecanismos de atendimento emergencial, promovendo mais seguran\u00e7a e agilidade no suporte \u00e0 popula\u00e7\u00e3o.<\/p>\n\n\n\n<figure class=\"wp-block-image\" id=\"attachment_132884\"><img decoding=\"async\" src=\"https:\/\/www.pi.gov.br\/wp-content\/uploads\/2026\/04\/WhatsApp-Image-2026-04-23-at-12.22.33-2-1.jpeg\" alt=\"\" class=\"wp-image-132884\" \/><\/figure>\n","protected":false},"excerpt":{"rendered":"<p>A Secretaria de Estado da Defesa Civil do Piau\u00ed (Sedec-PI) participou, na manh\u00e3 dessa quinta-feira (23), de uma reuni\u00e3o estrat\u00e9gica com a Secretaria da Seguran\u00e7a P\u00fablica para discutir o aperfei\u00e7oamento [&hellip;]<\/p>\n","protected":false},"author":1736,"featured_media":2965,"comment_status":"closed","ping_status":"closed","sticky":false,"template":"","format":"standard","meta":[],"categories":[31],"tags":[],"featured_image_urls":{"full":["https:\/\/portal.pi.gov.br\/defesacivil\/wp-content\/uploads\/sites\/75\/2026\/04\/WhatsApp-Image-2026-04-23-at-12.22.33-2-1.jpeg",1280,960,false],"thumbnail":["https:\/\/portal.pi.gov.br\/defesacivil\/wp-content\/uploads\/sites\/75\/2026\/04\/WhatsApp-Image-2026-04-23-at-12.22.33-2-1-150x150.jpeg",150,150,true],"medium":["https:\/\/portal.pi.gov.br\/defesacivil\/wp-content\/uploads\/sites\/75\/2026\/04\/WhatsApp-Image-2026-04-23-at-12.22.33-2-1-300x225.jpeg",300,225,true],"medium_large":["https:\/\/portal.pi.gov.br\/defesacivil\/wp-content\/uploads\/sites\/75\/2026\/04\/WhatsApp-Image-2026-04-23-at-12.22.33-2-1-768x576.jpeg",768,576,true],"large":["https:\/\/portal.pi.gov.br\/defesacivil\/wp-content\/uploads\/sites\/75\/2026\/04\/WhatsApp-Image-2026-04-23-at-12.22.33-2-1-1024x768.jpeg",887,665,true],"sgg-420":["https:\/\/portal.pi.gov.br\/defesacivil\/wp-content\/uploads\/sites\/75\/2026\/04\/WhatsApp-Image-2026-04-23-at-12.22.33-2-1-420x315.jpeg",420,315,true],"sgg-540":["https:\/\/portal.pi.gov.br\/defesacivil\/wp-content\/uploads\/sites\/75\/2026\/04\/WhatsApp-Image-2026-04-23-at-12.22.33-2-1-540x405.jpeg",540,405,true],"sgg-780":["https:\/\/portal.pi.gov.br\/defesacivil\/wp-content\/uploads\/sites\/75\/2026\/04\/WhatsApp-Image-2026-04-23-at-12.22.33-2-1-780x585.jpeg",780,585,true],"1536x1536":["https:\/\/portal.pi.gov.br\/defesacivil\/wp-content\/uploads\/sites\/75\/2026\/04\/WhatsApp-Image-2026-04-23-at-12.22.33-2-1.jpeg",1280,960,false],"2048x2048":["https:\/\/portal.pi.gov.br\/defesacivil\/wp-content\/uploads\/sites\/75\/2026\/04\/WhatsApp-Image-2026-04-23-at-12.22.33-2-1.jpeg",1280,960,false],"homepage-slider":["https:\/\/portal.pi.gov.br\/defesacivil\/wp-content\/uploads\/sites\/75\/2026\/04\/WhatsApp-Image-2026-04-23-at-12.22.33-2-1-1270x500.jpeg",1270,500,true],"homepage-slider-small":["https:\/\/portal.pi.gov.br\/defesacivil\/wp-content\/uploads\/sites\/75\/2026\/04\/WhatsApp-Image-2026-04-23-at-12.22.33-2-1-947x500.jpeg",947,500,true],"page-top":["https:\/\/portal.pi.gov.br\/defesacivil\/wp-content\/uploads\/sites\/75\/2026\/04\/WhatsApp-Image-2026-04-23-at-12.22.33-2-1-947x710.jpeg",947,710,true],"page-small":["https:\/\/portal.pi.gov.br\/defesacivil\/wp-content\/uploads\/sites\/75\/2026\/04\/WhatsApp-Image-2026-04-23-at-12.22.33-2-1-624x468.jpeg",624,468,true],"loop-main":["https:\/\/portal.pi.gov.br\/defesacivil\/wp-content\/uploads\/sites\/75\/2026\/04\/WhatsApp-Image-2026-04-23-at-12.22.33-2-1-365x240.jpeg",365,240,true],"thumb-gallery-widget":["https:\/\/portal.pi.gov.br\/defesacivil\/wp-content\/uploads\/sites\/75\/2026\/04\/WhatsApp-Image-2026-04-23-at-12.22.33-2-1-84x56.jpeg",84,56,true]},"post_excerpt_stackable":"<p>A Secretaria de Estado da Defesa Civil do Piau\u00ed (Sedec-PI) participou, na manh\u00e3 dessa quinta-feira (23), de uma reuni\u00e3o estrat\u00e9gica com a Secretaria da Seguran\u00e7a P\u00fablica para discutir o aperfei\u00e7oamento dos canais de comunica\u00e7\u00e3o com a popula\u00e7\u00e3o, especialmente em situa\u00e7\u00f5es de emerg\u00eancia. O encontro teve como foco a cria\u00e7\u00e3o de um protocolo integrado que permita maior agilidade no atendimento \u00e0s demandas das comunidades em todo o estado. Durante a reuni\u00e3o, foi destacada a efici\u00eancia dos sistemas j\u00e1 utilizados pelas for\u00e7as de seguran\u00e7a, como os n\u00fameros 190, da Pol\u00edcia Militar, e 193, do Corpo de Bombeiros, reconhecidos pela alta capacidade de&hellip;<\/p>\n","category_list":"<a href=\"https:\/\/portal.pi.gov.br\/defesacivil\/category\/noticias\/\" rel=\"category tag\">Not\u00edcias<\/a>","author_info":{"name":"junielechaves","url":"https:\/\/portal.pi.gov.br\/defesacivil\/author\/junielechaves\/"},"comments_num":"0 coment\u00e1rio","featured_image_urls_v2":{"full":["https:\/\/portal.pi.gov.br\/defesacivil\/wp-content\/uploads\/sites\/75\/2026\/04\/WhatsApp-Image-2026-04-23-at-12.22.33-2-1.jpeg",1280,960,false],"thumbnail":["https:\/\/portal.pi.gov.br\/defesacivil\/wp-content\/uploads\/sites\/75\/2026\/04\/WhatsApp-Image-2026-04-23-at-12.22.33-2-1-150x150.jpeg",150,150,true],"medium":["https:\/\/portal.pi.gov.br\/defesacivil\/wp-content\/uploads\/sites\/75\/2026\/04\/WhatsApp-Image-2026-04-23-at-12.22.33-2-1-300x225.jpeg",300,225,true],"medium_large":["https:\/\/portal.pi.gov.br\/defesacivil\/wp-content\/uploads\/sites\/75\/2026\/04\/WhatsApp-Image-2026-04-23-at-12.22.33-2-1-768x576.jpeg",768,576,true],"large":["https:\/\/portal.pi.gov.br\/defesacivil\/wp-content\/uploads\/sites\/75\/2026\/04\/WhatsApp-Image-2026-04-23-at-12.22.33-2-1-1024x768.jpeg",887,665,true],"sgg-420":["https:\/\/portal.pi.gov.br\/defesacivil\/wp-content\/uploads\/sites\/75\/2026\/04\/WhatsApp-Image-2026-04-23-at-12.22.33-2-1-420x315.jpeg",420,315,true],"sgg-540":["https:\/\/portal.pi.gov.br\/defesacivil\/wp-content\/uploads\/sites\/75\/2026\/04\/WhatsApp-Image-2026-04-23-at-12.22.33-2-1-540x405.jpeg",540,405,true],"sgg-780":["https:\/\/portal.pi.gov.br\/defesacivil\/wp-content\/uploads\/sites\/75\/2026\/04\/WhatsApp-Image-2026-04-23-at-12.22.33-2-1-780x585.jpeg",780,585,true],"1536x1536":["https:\/\/portal.pi.gov.br\/defesacivil\/wp-content\/uploads\/sites\/75\/2026\/04\/WhatsApp-Image-2026-04-23-at-12.22.33-2-1.jpeg",1280,960,false],"2048x2048":["https:\/\/portal.pi.gov.br\/defesacivil\/wp-content\/uploads\/sites\/75\/2026\/04\/WhatsApp-Image-2026-04-23-at-12.22.33-2-1.jpeg",1280,960,false],"homepage-slider":["https:\/\/portal.pi.gov.br\/defesacivil\/wp-content\/uploads\/sites\/75\/2026\/04\/WhatsApp-Image-2026-04-23-at-12.22.33-2-1-1270x500.jpeg",1270,500,true],"homepage-slider-small":["https:\/\/portal.pi.gov.br\/defesacivil\/wp-content\/uploads\/sites\/75\/2026\/04\/WhatsApp-Image-2026-04-23-at-12.22.33-2-1-947x500.jpeg",947,500,true],"page-top":["https:\/\/portal.pi.gov.br\/defesacivil\/wp-content\/uploads\/sites\/75\/2026\/04\/WhatsApp-Image-2026-04-23-at-12.22.33-2-1-947x710.jpeg",947,710,true],"page-small":["https:\/\/portal.pi.gov.br\/defesacivil\/wp-content\/uploads\/sites\/75\/2026\/04\/WhatsApp-Image-2026-04-23-at-12.22.33-2-1-624x468.jpeg",624,468,true],"loop-main":["https:\/\/portal.pi.gov.br\/defesacivil\/wp-content\/uploads\/sites\/75\/2026\/04\/WhatsApp-Image-2026-04-23-at-12.22.33-2-1-365x240.jpeg",365,240,true],"thumb-gallery-widget":["https:\/\/portal.pi.gov.br\/defesacivil\/wp-content\/uploads\/sites\/75\/2026\/04\/WhatsApp-Image-2026-04-23-at-12.22.33-2-1-84x56.jpeg",84,56,true]},"post_excerpt_stackable_v2":"<p>A Secretaria de Estado da Defesa Civil do Piau\u00ed (Sedec-PI) participou, na manh\u00e3 dessa quinta-feira (23), de uma reuni\u00e3o estrat\u00e9gica com a Secretaria da Seguran\u00e7a P\u00fablica para discutir o aperfei\u00e7oamento dos canais de comunica\u00e7\u00e3o com a popula\u00e7\u00e3o, especialmente em situa\u00e7\u00f5es de emerg\u00eancia. O encontro teve como foco a cria\u00e7\u00e3o de um protocolo integrado que permita maior agilidade no atendimento \u00e0s demandas das comunidades em todo o estado. Durante a reuni\u00e3o, foi destacada a efici\u00eancia dos sistemas j\u00e1 utilizados pelas for\u00e7as de seguran\u00e7a, como os n\u00fameros 190, da Pol\u00edcia Militar, e 193, do Corpo de Bombeiros, reconhecidos pela alta capacidade de&hellip;<\/p>\n","category_list_v2":"<a href=\"https:\/\/portal.pi.gov.br\/defesacivil\/category\/noticias\/\" rel=\"category tag\">Not\u00edcias<\/a>","author_info_v2":{"name":"junielechaves","url":"https:\/\/portal.pi.gov.br\/defesacivil\/author\/junielechaves\/"},"comments_num_v2":"0 coment\u00e1rio","jetpack_featured_media_url":"https:\/\/portal.pi.gov.br\/defesacivil\/wp-content\/uploads\/sites\/75\/2026\/04\/WhatsApp-Image-2026-04-23-at-12.22.33-2-1.jpeg","_links":{"self":[{"href":"https:\/\/portal.pi.gov.br\/defesacivil\/wp-json\/wp\/v2\/posts\/2962"}],"collection":[{"href":"https:\/\/portal.pi.gov.br\/defesacivil\/wp-json\/wp\/v2\/posts"}],"about":[{"href":"https:\/\/portal.pi.gov.br\/defesacivil\/wp-json\/wp\/v2\/types\/post"}],"author":[{"embeddable":true,"href":"https:\/\/portal.pi.gov.br\/defesacivil\/wp-json\/wp\/v2\/users\/1736"}],"replies":[{"embeddable":true,"href":"https:\/\/portal.pi.gov.br\/defesacivil\/wp-json\/wp\/v2\/comments?post=2962"}],"version-history":[{"count":1,"href":"https:\/\/portal.pi.gov.br\/defesacivil\/wp-json\/wp\/v2\/posts\/2962\/revisions"}],"predecessor-version":[{"id":2964,"href":"https:\/\/portal.pi.gov.br\/defesacivil\/wp-json\/wp\/v2\/posts\/2962\/revisions\/2964"}],"wp:featuredmedia":[{"embeddable":true,"href":"https:\/\/portal.pi.gov.br\/defesacivil\/wp-json\/wp\/v2\/media\/2965"}],"wp:attachment":[{"href":"https:\/\/portal.pi.gov.br\/defesacivil\/wp-json\/wp\/v2\/media?parent=2962"}],"wp:term":[{"taxonomy":"category","embeddable":true,"href":"https:\/\/portal.pi.gov.br\/defesacivil\/wp-json\/wp\/v2\/categories?post=2962"},{"taxonomy":"post_tag","embeddable":true,"href":"https:\/\/portal.pi.gov.br\/defesacivil\/wp-json\/wp\/v2\/tags?post=2962"}],"curies":[{"name":"wp","href":"https:\/\/api.w.org\/{rel}","templated":true}]}}