{"id":2971,"date":"2026-04-29T11:01:44","date_gmt":"2026-04-29T14:01:44","guid":{"rendered":"https:\/\/portal.pi.gov.br\/defesacivil\/?p=2971"},"modified":"2026-04-29T11:01:45","modified_gmt":"2026-04-29T14:01:45","slug":"defesa-civil-do-piaui-realiza-lancamento-da-campanha-banho-seguro-em-piracuruca-e-luzilandia","status":"publish","type":"post","link":"https:\/\/portal.pi.gov.br\/defesacivil\/2026\/04\/29\/defesa-civil-do-piaui-realiza-lancamento-da-campanha-banho-seguro-em-piracuruca-e-luzilandia\/","title":{"rendered":"Defesa Civil do Piau\u00ed realiza lan\u00e7amento da campanha Banho Seguro em Piracuruca e Luzil\u00e2ndia"},"content":{"rendered":"\n<p>A Secretaria de Estado da Defesa Civil do Piau\u00ed realizou, nesta segunda-feira (27), o lan\u00e7amento da campanha Banho Seguro nos munic\u00edpios de Piracuruca e Luzil\u00e2ndia. A iniciativa refor\u00e7a o trabalho preventivo do \u00f3rg\u00e3o em todo o estado, com foco na conscientiza\u00e7\u00e3o da popula\u00e7\u00e3o sobre os riscos em ambientes aqu\u00e1ticos, especialmente durante o per\u00edodo chuvoso.<\/p>\n\n\n\n<p>Pela manh\u00e3, a a\u00e7\u00e3o foi realizada em Piracuruca, reunindo estudantes, professores e representantes de \u00f3rg\u00e3os municipais. A programa\u00e7\u00e3o integrou atividades educativas com visitas t\u00e9cnicas a locais bastante frequentados pela popula\u00e7\u00e3o, como o Complexo Tur\u00edstico Prainha e a Barragem de Piracuruca, aliando informa\u00e7\u00e3o e presen\u00e7a em campo para reduzir situa\u00e7\u00f5es de risco.<\/p>\n\n\n\n<figure class=\"wp-block-image\" id=\"attachment_133996\"><img decoding=\"async\" src=\"https:\/\/www.pi.gov.br\/wp-content\/uploads\/2026\/04\/fc6d6f8a-c103-476d-968d-1c844d9610ce-1024x768.jpg\" alt=\"\" class=\"wp-image-133996\" \/><figcaption class=\"wp-element-caption\">(Foto: Ascom Sedec)<\/figcaption><\/figure>\n\n\n\n<p>Jarlaelson Costa, do Centro de Gerenciamento de Riscos e Desastres (CEGRID), destacou o envolvimento da comunidade. \u201cHoje estamos aqui diretamente da cidade de Piracuruca com o lan\u00e7amento do Banho Seguro. Quero agradecer \u00e0 coordenadora da Defesa Civil, Edna Naz\u00e1rio, pela organiza\u00e7\u00e3o. Est\u00e1 de parab\u00e9ns toda essa garotada que est\u00e1 levando grande conhecimento para casa, repassado pelo professor Francisco Wellington, coordenador de Ensino e Capacita\u00e7\u00e3o da Defesa Civil, e tamb\u00e9m pelo Corpo de Bombeiros\u201d, afirmou.<\/p>\n\n\n\n<figure class=\"wp-block-image\" id=\"attachment_134000\"><img decoding=\"async\" src=\"https:\/\/www.pi.gov.br\/wp-content\/uploads\/2026\/04\/fb36a8d6-6315-4cd8-be3e-cc353fad52b8-1024x768.jpg\" alt=\"\" class=\"wp-image-134000\" \/><figcaption class=\"wp-element-caption\">(Foto: Ascom Sedec)<\/figcaption><\/figure>\n\n\n\n<p>Francisco Wellington explicou que a campanha faz parte de um conjunto de a\u00e7\u00f5es cont\u00ednuas no estado. Segundo ele, a iniciativa tem car\u00e1ter preventivo e educativo e leva orienta\u00e7\u00f5es relacionadas \u00e0 pr\u00e1tica segura em locais de banho, seja em rios, a\u00e7udes, mar ou piscinas..<\/p>\n\n\n\n<p>No munic\u00edpio, a coordenadora Edna Nazario diz que Piracuruca foi agraciada com o lan\u00e7amento da campanha, que visa levar informa\u00e7\u00f5es sobre seguran\u00e7a h\u00eddrica. \u201cTivemos a participa\u00e7\u00e3o de estudantes, professores e representantes das secretarias, al\u00e9m de visitas \u00e0 prainha e \u00e0 barragem\u201d, pontuou. Ela tamb\u00e9m destacou a import\u00e2ncia da comunica\u00e7\u00e3o com a popula\u00e7\u00e3o, incluindo participa\u00e7\u00e3o em r\u00e1dio local para ampliar o alcance das orienta\u00e7\u00f5es.<\/p>\n\n\n\n<figure class=\"wp-block-image\" id=\"attachment_134004\"><img decoding=\"async\" src=\"https:\/\/www.pi.gov.br\/wp-content\/uploads\/2026\/04\/cedb23d2-3e5f-42fd-829b-45191c4e70c3-1024x768.jpg\" alt=\"\" class=\"wp-image-134004\" \/><figcaption class=\"wp-element-caption\">(Foto: Ascom Sedec)<\/figcaption><\/figure>\n\n\n\n<p>Durante as visitas t\u00e9cnicas, equipes identificaram pontos de aten\u00e7\u00e3o, principalmente na Barragem de Piracuruca, onde o aumento do volume de \u00e1gua exige cuidados redobrados. O sargento Ma\u00edlson Damasceno, do Corpo de Bombeiros, explicou que a atua\u00e7\u00e3o integrada busca reduzir acidentes. \u201cViemos identificar pontos de risco e levar orienta\u00e7\u00f5es dentro da campanha Banho Seguro, com o objetivo de minimizar riscos, principalmente neste per\u00edodo chuvoso\u201d, afirmou.<\/p>\n\n\n\n<p>A Secretaria Municipal do Meio Ambiente e Urbanismo tamb\u00e9m participou da a\u00e7\u00e3o. A representante Ellayne Magalh\u00e3es refor\u00e7ou o alerta \u00e0 popula\u00e7\u00e3o sobre o aumento do n\u00edvel da \u00e1gua em pontos tur\u00edsticos e na barragem, destacando a import\u00e2ncia de seguir as orienta\u00e7\u00f5es de seguran\u00e7a.<\/p>\n\n\n\n<figure class=\"wp-block-image\" id=\"attachment_134013\"><img decoding=\"async\" src=\"https:\/\/www.pi.gov.br\/wp-content\/uploads\/2026\/04\/78ba5138-37f5-4f6a-a9a2-b475e6cedba1-1024x768.jpg\" alt=\"\" class=\"wp-image-134013\" \/><figcaption class=\"wp-element-caption\">(Foto: Ascom Sedec)<\/figcaption><\/figure>\n\n\n\n<p>Ainda no mesmo dia, no per\u00edodo da tarde, a Defesa Civil do Estado realizou o lan\u00e7amento da campanha em Luzil\u00e2ndia, ampliando o alcance das a\u00e7\u00f5es de preven\u00e7\u00e3o no norte do estado.<\/p>\n\n\n\n<p>A atividade ocorreu na Escola Joana Pinto e teve como foco principal a orienta\u00e7\u00e3o de crian\u00e7as e adolescentes, al\u00e9m da distribui\u00e7\u00e3o de materiais educativos. A programa\u00e7\u00e3o tamb\u00e9m incluiu visita a um local de banho do munic\u00edpio, refor\u00e7ando as orienta\u00e7\u00f5es diretamente nos espa\u00e7os utilizados pela popula\u00e7\u00e3o.<\/p>\n\n\n\n<figure class=\"wp-block-image\" id=\"attachment_134017\"><img decoding=\"async\" src=\"https:\/\/www.pi.gov.br\/wp-content\/uploads\/2026\/04\/c1d7f754-df98-4603-8435-7d368a750f89-1024x768.jpg\" alt=\"\" class=\"wp-image-134017\" \/><figcaption class=\"wp-element-caption\">(Foto: Ascom Sedec)<\/figcaption><\/figure>\n\n\n\n<p>O coordenador Francisco Wellington destacou a import\u00e2ncia da educa\u00e7\u00e3o preventiva. \u201cA Defesa Civil esteve presente aqui no munic\u00edpio de Luzil\u00e2ndia realizando o lan\u00e7amento do projeto Banho Seguro, trazendo orienta\u00e7\u00f5es voltadas para o risco de afogamento. Essa primeira etapa \u00e9 de orienta\u00e7\u00e3o, com a distribui\u00e7\u00e3o de cartilhas educativas para os estudantes, porque a educa\u00e7\u00e3o de adolescentes e crian\u00e7as \u00e9 fundamental\u201d, explicou. Ele tamb\u00e9m adiantou a continuidade das a\u00e7\u00f5es. \u201cVamos, futuramente, trazer as etapas 2 e 3, ampliando ainda mais a atua\u00e7\u00e3o do projeto no munic\u00edpio\u201d, completou.<\/p>\n\n\n\n<p>A iniciativa contou com o apoio da gest\u00e3o municipal. O secret\u00e1rio de Seguran\u00e7a e coordenador da Guarda Municipal, Carlos Alberto, ressaltou a import\u00e2ncia da parceria com o Estado. \u201cEstamos abra\u00e7ando esse projeto da Defesa Civil do Estado do Piau\u00ed e repassando essas orienta\u00e7\u00f5es para as nossas crian\u00e7as, para que elas possam ter mais seguran\u00e7a em suas atividades, principalmente nos momentos de lazer\u201d, afirmou.<\/p>\n\n\n\n<figure class=\"wp-block-image\" id=\"attachment_133997\"><img decoding=\"async\" src=\"https:\/\/www.pi.gov.br\/wp-content\/uploads\/2026\/04\/ad8015f0-da13-4a77-9ff3-33be8d30a457-1024x768.jpg\" alt=\"\" class=\"wp-image-133997\" \/><figcaption class=\"wp-element-caption\">(Foto: Ascom Sedec)<\/figcaption><\/figure>\n","protected":false},"excerpt":{"rendered":"<p>A Secretaria de Estado da Defesa Civil do Piau\u00ed realizou, nesta segunda-feira (27), o lan\u00e7amento da campanha Banho Seguro nos munic\u00edpios de Piracuruca e Luzil\u00e2ndia. A iniciativa refor\u00e7a o trabalho [&hellip;]<\/p>\n","protected":false},"author":1739,"featured_media":2972,"comment_status":"closed","ping_status":"closed","sticky":true,"template":"","format":"standard","meta":[],"categories":[31],"tags":[],"featured_image_urls":{"full":["https:\/\/portal.pi.gov.br\/defesacivil\/wp-content\/uploads\/sites\/75\/2026\/04\/fc6d6f8a-c103-476d-968d-1c844d9610ce-scaled.jpg",2560,1920,false],"thumbnail":["https:\/\/portal.pi.gov.br\/defesacivil\/wp-content\/uploads\/sites\/75\/2026\/04\/fc6d6f8a-c103-476d-968d-1c844d9610ce-150x150.jpg",150,150,true],"medium":["https:\/\/portal.pi.gov.br\/defesacivil\/wp-content\/uploads\/sites\/75\/2026\/04\/fc6d6f8a-c103-476d-968d-1c844d9610ce-300x225.jpg",300,225,true],"medium_large":["https:\/\/portal.pi.gov.br\/defesacivil\/wp-content\/uploads\/sites\/75\/2026\/04\/fc6d6f8a-c103-476d-968d-1c844d9610ce-768x576.jpg",768,576,true],"large":["https:\/\/portal.pi.gov.br\/defesacivil\/wp-content\/uploads\/sites\/75\/2026\/04\/fc6d6f8a-c103-476d-968d-1c844d9610ce-1024x768.jpg",887,665,true],"sgg-420":["https:\/\/portal.pi.gov.br\/defesacivil\/wp-content\/uploads\/sites\/75\/2026\/04\/fc6d6f8a-c103-476d-968d-1c844d9610ce-420x315.jpg",420,315,true],"sgg-540":["https:\/\/portal.pi.gov.br\/defesacivil\/wp-content\/uploads\/sites\/75\/2026\/04\/fc6d6f8a-c103-476d-968d-1c844d9610ce-540x405.jpg",540,405,true],"sgg-780":["https:\/\/portal.pi.gov.br\/defesacivil\/wp-content\/uploads\/sites\/75\/2026\/04\/fc6d6f8a-c103-476d-968d-1c844d9610ce-780x585.jpg",780,585,true],"1536x1536":["https:\/\/portal.pi.gov.br\/defesacivil\/wp-content\/uploads\/sites\/75\/2026\/04\/fc6d6f8a-c103-476d-968d-1c844d9610ce-1536x1152.jpg",1536,1152,true],"2048x2048":["https:\/\/portal.pi.gov.br\/defesacivil\/wp-content\/uploads\/sites\/75\/2026\/04\/fc6d6f8a-c103-476d-968d-1c844d9610ce-2048x1536.jpg",2048,1536,true],"homepage-slider":["https:\/\/portal.pi.gov.br\/defesacivil\/wp-content\/uploads\/sites\/75\/2026\/04\/fc6d6f8a-c103-476d-968d-1c844d9610ce-1270x500.jpg",1270,500,true],"homepage-slider-small":["https:\/\/portal.pi.gov.br\/defesacivil\/wp-content\/uploads\/sites\/75\/2026\/04\/fc6d6f8a-c103-476d-968d-1c844d9610ce-947x500.jpg",947,500,true],"page-top":["https:\/\/portal.pi.gov.br\/defesacivil\/wp-content\/uploads\/sites\/75\/2026\/04\/fc6d6f8a-c103-476d-968d-1c844d9610ce-947x710.jpg",947,710,true],"page-small":["https:\/\/portal.pi.gov.br\/defesacivil\/wp-content\/uploads\/sites\/75\/2026\/04\/fc6d6f8a-c103-476d-968d-1c844d9610ce-624x468.jpg",624,468,true],"loop-main":["https:\/\/portal.pi.gov.br\/defesacivil\/wp-content\/uploads\/sites\/75\/2026\/04\/fc6d6f8a-c103-476d-968d-1c844d9610ce-365x240.jpg",365,240,true],"thumb-gallery-widget":["https:\/\/portal.pi.gov.br\/defesacivil\/wp-content\/uploads\/sites\/75\/2026\/04\/fc6d6f8a-c103-476d-968d-1c844d9610ce-84x56.jpg",84,56,true]},"post_excerpt_stackable":"<p>A Secretaria de Estado da Defesa Civil do Piau\u00ed realizou, nesta segunda-feira (27), o lan\u00e7amento da campanha Banho Seguro nos munic\u00edpios de Piracuruca e Luzil\u00e2ndia. A iniciativa refor\u00e7a o trabalho preventivo do \u00f3rg\u00e3o em todo o estado, com foco na conscientiza\u00e7\u00e3o da popula\u00e7\u00e3o sobre os riscos em ambientes aqu\u00e1ticos, especialmente durante o per\u00edodo chuvoso. Pela manh\u00e3, a a\u00e7\u00e3o foi realizada em Piracuruca, reunindo estudantes, professores e representantes de \u00f3rg\u00e3os municipais. A programa\u00e7\u00e3o integrou atividades educativas com visitas t\u00e9cnicas a locais bastante frequentados pela popula\u00e7\u00e3o, como o Complexo Tur\u00edstico Prainha e a Barragem de Piracuruca, aliando informa\u00e7\u00e3o e presen\u00e7a em campo&hellip;<\/p>\n","category_list":"<a href=\"https:\/\/portal.pi.gov.br\/defesacivil\/category\/noticias\/\" rel=\"category tag\">Not\u00edcias<\/a>","author_info":{"name":"raquelvieira","url":"https:\/\/portal.pi.gov.br\/defesacivil\/author\/raquelvieira\/"},"comments_num":"0 coment\u00e1rio","featured_image_urls_v2":{"full":["https:\/\/portal.pi.gov.br\/defesacivil\/wp-content\/uploads\/sites\/75\/2026\/04\/fc6d6f8a-c103-476d-968d-1c844d9610ce-scaled.jpg",2560,1920,false],"thumbnail":["https:\/\/portal.pi.gov.br\/defesacivil\/wp-content\/uploads\/sites\/75\/2026\/04\/fc6d6f8a-c103-476d-968d-1c844d9610ce-150x150.jpg",150,150,true],"medium":["https:\/\/portal.pi.gov.br\/defesacivil\/wp-content\/uploads\/sites\/75\/2026\/04\/fc6d6f8a-c103-476d-968d-1c844d9610ce-300x225.jpg",300,225,true],"medium_large":["https:\/\/portal.pi.gov.br\/defesacivil\/wp-content\/uploads\/sites\/75\/2026\/04\/fc6d6f8a-c103-476d-968d-1c844d9610ce-768x576.jpg",768,576,true],"large":["https:\/\/portal.pi.gov.br\/defesacivil\/wp-content\/uploads\/sites\/75\/2026\/04\/fc6d6f8a-c103-476d-968d-1c844d9610ce-1024x768.jpg",887,665,true],"sgg-420":["https:\/\/portal.pi.gov.br\/defesacivil\/wp-content\/uploads\/sites\/75\/2026\/04\/fc6d6f8a-c103-476d-968d-1c844d9610ce-420x315.jpg",420,315,true],"sgg-540":["https:\/\/portal.pi.gov.br\/defesacivil\/wp-content\/uploads\/sites\/75\/2026\/04\/fc6d6f8a-c103-476d-968d-1c844d9610ce-540x405.jpg",540,405,true],"sgg-780":["https:\/\/portal.pi.gov.br\/defesacivil\/wp-content\/uploads\/sites\/75\/2026\/04\/fc6d6f8a-c103-476d-968d-1c844d9610ce-780x585.jpg",780,585,true],"1536x1536":["https:\/\/portal.pi.gov.br\/defesacivil\/wp-content\/uploads\/sites\/75\/2026\/04\/fc6d6f8a-c103-476d-968d-1c844d9610ce-1536x1152.jpg",1536,1152,true],"2048x2048":["https:\/\/portal.pi.gov.br\/defesacivil\/wp-content\/uploads\/sites\/75\/2026\/04\/fc6d6f8a-c103-476d-968d-1c844d9610ce-2048x1536.jpg",2048,1536,true],"homepage-slider":["https:\/\/portal.pi.gov.br\/defesacivil\/wp-content\/uploads\/sites\/75\/2026\/04\/fc6d6f8a-c103-476d-968d-1c844d9610ce-1270x500.jpg",1270,500,true],"homepage-slider-small":["https:\/\/portal.pi.gov.br\/defesacivil\/wp-content\/uploads\/sites\/75\/2026\/04\/fc6d6f8a-c103-476d-968d-1c844d9610ce-947x500.jpg",947,500,true],"page-top":["https:\/\/portal.pi.gov.br\/defesacivil\/wp-content\/uploads\/sites\/75\/2026\/04\/fc6d6f8a-c103-476d-968d-1c844d9610ce-947x710.jpg",947,710,true],"page-small":["https:\/\/portal.pi.gov.br\/defesacivil\/wp-content\/uploads\/sites\/75\/2026\/04\/fc6d6f8a-c103-476d-968d-1c844d9610ce-624x468.jpg",624,468,true],"loop-main":["https:\/\/portal.pi.gov.br\/defesacivil\/wp-content\/uploads\/sites\/75\/2026\/04\/fc6d6f8a-c103-476d-968d-1c844d9610ce-365x240.jpg",365,240,true],"thumb-gallery-widget":["https:\/\/portal.pi.gov.br\/defesacivil\/wp-content\/uploads\/sites\/75\/2026\/04\/fc6d6f8a-c103-476d-968d-1c844d9610ce-84x56.jpg",84,56,true]},"post_excerpt_stackable_v2":"<p>A Secretaria de Estado da Defesa Civil do Piau\u00ed realizou, nesta segunda-feira (27), o lan\u00e7amento da campanha Banho Seguro nos munic\u00edpios de Piracuruca e Luzil\u00e2ndia. A iniciativa refor\u00e7a o trabalho preventivo do \u00f3rg\u00e3o em todo o estado, com foco na conscientiza\u00e7\u00e3o da popula\u00e7\u00e3o sobre os riscos em ambientes aqu\u00e1ticos, especialmente durante o per\u00edodo chuvoso. Pela manh\u00e3, a a\u00e7\u00e3o foi realizada em Piracuruca, reunindo estudantes, professores e representantes de \u00f3rg\u00e3os municipais. A programa\u00e7\u00e3o integrou atividades educativas com visitas t\u00e9cnicas a locais bastante frequentados pela popula\u00e7\u00e3o, como o Complexo Tur\u00edstico Prainha e a Barragem de Piracuruca, aliando informa\u00e7\u00e3o e presen\u00e7a em campo&hellip;<\/p>\n","category_list_v2":"<a href=\"https:\/\/portal.pi.gov.br\/defesacivil\/category\/noticias\/\" rel=\"category tag\">Not\u00edcias<\/a>","author_info_v2":{"name":"raquelvieira","url":"https:\/\/portal.pi.gov.br\/defesacivil\/author\/raquelvieira\/"},"comments_num_v2":"0 coment\u00e1rio","jetpack_featured_media_url":"https:\/\/portal.pi.gov.br\/defesacivil\/wp-content\/uploads\/sites\/75\/2026\/04\/fc6d6f8a-c103-476d-968d-1c844d9610ce-scaled.jpg","_links":{"self":[{"href":"https:\/\/portal.pi.gov.br\/defesacivil\/wp-json\/wp\/v2\/posts\/2971"}],"collection":[{"href":"https:\/\/portal.pi.gov.br\/defesacivil\/wp-json\/wp\/v2\/posts"}],"about":[{"href":"https:\/\/portal.pi.gov.br\/defesacivil\/wp-json\/wp\/v2\/types\/post"}],"author":[{"embeddable":true,"href":"https:\/\/portal.pi.gov.br\/defesacivil\/wp-json\/wp\/v2\/users\/1739"}],"replies":[{"embeddable":true,"href":"https:\/\/portal.pi.gov.br\/defesacivil\/wp-json\/wp\/v2\/comments?post=2971"}],"version-history":[{"count":1,"href":"https:\/\/portal.pi.gov.br\/defesacivil\/wp-json\/wp\/v2\/posts\/2971\/revisions"}],"predecessor-version":[{"id":2973,"href":"https:\/\/portal.pi.gov.br\/defesacivil\/wp-json\/wp\/v2\/posts\/2971\/revisions\/2973"}],"wp:featuredmedia":[{"embeddable":true,"href":"https:\/\/portal.pi.gov.br\/defesacivil\/wp-json\/wp\/v2\/media\/2972"}],"wp:attachment":[{"href":"https:\/\/portal.pi.gov.br\/defesacivil\/wp-json\/wp\/v2\/media?parent=2971"}],"wp:term":[{"taxonomy":"category","embeddable":true,"href":"https:\/\/portal.pi.gov.br\/defesacivil\/wp-json\/wp\/v2\/categories?post=2971"},{"taxonomy":"post_tag","embeddable":true,"href":"https:\/\/portal.pi.gov.br\/defesacivil\/wp-json\/wp\/v2\/tags?post=2971"}],"curies":[{"name":"wp","href":"https:\/\/api.w.org\/{rel}","templated":true}]}}