{"id":2974,"date":"2026-04-29T13:13:08","date_gmt":"2026-04-29T16:13:08","guid":{"rendered":"https:\/\/portal.pi.gov.br\/defesacivil\/?p=2974"},"modified":"2026-04-29T13:13:08","modified_gmt":"2026-04-29T16:13:08","slug":"defesa-civil-do-piaui-reforca-acoes-nos-municipios-da-planicie-litoranea","status":"publish","type":"post","link":"https:\/\/portal.pi.gov.br\/defesacivil\/2026\/04\/29\/defesa-civil-do-piaui-reforca-acoes-nos-municipios-da-planicie-litoranea\/","title":{"rendered":"Defesa Civil do Piau\u00ed refor\u00e7a a\u00e7\u00f5es nos munic\u00edpios da plan\u00edcie litor\u00e2nea"},"content":{"rendered":"\n<p>A Defesa Civil do Piau\u00ed realizou, na \u00faltima segunda-feira (27), uma viagem t\u00e9cnica aos munic\u00edpios de Lu\u00eds Correia, Parna\u00edba e Ilha Grande para cumprir uma agenda de a\u00e7\u00f5es e alinhamentos no munic\u00edpio.<\/p>\n\n\n\n<p>Dentro do projeto Rede Colaborativa de Monitoramento Participativo, em parceria com a Companhia de Desenvolvimento dos Vales do S\u00e3o Francisco e do Parna\u00edba (Codevasf), a Sedec visitou alguns N\u00facleos Comunit\u00e1rios de Prote\u00e7\u00e3o e Defesa Civil, com o objetivo de avaliar e instalar pluvi\u00f4metros comunit\u00e1rios, al\u00e9m de promover ajustes e alinhamentos junto aos N\u00facleos, fortalecendo o monitoramento participativo e a atua\u00e7\u00e3o preventiva nas comunidades.<\/p>\n\n\n\n<figure class=\"wp-block-image\" id=\"attachment_134638\"><img decoding=\"async\" src=\"https:\/\/www.pi.gov.br\/wp-content\/uploads\/2026\/04\/WhatsApp-Image-2026-04-27-at-12.08.44.jpeg\" alt=\"\" class=\"wp-image-134638\" \/><figcaption class=\"wp-element-caption\">Foto: Ascom Sedec<\/figcaption><\/figure>\n\n\n\n<p>A assistente social e coordenadora do Projeto Rede Colaborativa, Mariana Medeiros, explica que as comunidades fornecem dados de \u00edndices de chuvas locais, que s\u00e3o importantes para o fortalecimento da preven\u00e7\u00e3o e dos riscos e desastres. \u201cRealizamos o monitoramento, o acompanhamento e o alinhamento com essas comunidades, fazendo os ajustes necess\u00e1rios para a gente poder desenvolver o melhor trabalho poss\u00edvel\u201d, comenta.<\/p>\n\n\n\n<figure class=\"wp-block-image\" id=\"attachment_134639\"><img decoding=\"async\" src=\"https:\/\/www.pi.gov.br\/wp-content\/uploads\/2026\/04\/IMG_6431-scaled.jpg\" alt=\"\" class=\"wp-image-134639\" \/><figcaption class=\"wp-element-caption\">Foto: Ascom Sedec<\/figcaption><\/figure>\n\n\n\n<p>Tamb\u00e9m foi realizada a Capacita\u00e7\u00e3o \u201cPlano de Conting\u00eancia para Gest\u00e3o de Riscos e Desastres\u201d para os munic\u00edpios da Plan\u00edcie Litor\u00e2nea. O objetivo \u00e9 fortalecer as defesa civis municipais para que possam construir seus Planos de Conting\u00eancia para desastres.<\/p>\n\n\n\n<figure class=\"wp-block-image\" id=\"attachment_134643\"><img decoding=\"async\" src=\"https:\/\/www.pi.gov.br\/wp-content\/uploads\/2026\/04\/IMG_6450-scaled.jpg\" alt=\"\" class=\"wp-image-134643\" \/><figcaption class=\"wp-element-caption\">Foto: Ascom Sedec<\/figcaption><\/figure>\n\n\n\n<p>Segundo o chefe do N\u00facleo de Defesa Civil da CBMEPI, tenente Cesar J\u00fanior, a forma\u00e7\u00e3o visa fortalecer a cultura de preven\u00e7\u00e3o em todo o estado. \u201cNosso objetivo \u00e9 fomentar os munic\u00edpios a institu\u00edrem e criarem o seu plano de conting\u00eancia municipal, exig\u00eancia da Lei 12.608, na qual vai fortalecer os munic\u00edpios na resili\u00eancia aos desastres que podem acontecer nessa regi\u00e3o\u201d, diz.<\/p>\n\n\n\n<figure class=\"wp-block-image\" id=\"attachment_134642\"><img decoding=\"async\" src=\"https:\/\/www.pi.gov.br\/wp-content\/uploads\/2026\/04\/IMG_6391-scaled.jpg\" alt=\"\" class=\"wp-image-134642\" \/><figcaption class=\"wp-element-caption\">Foto: Ascom Sedec<\/figcaption><\/figure>\n\n\n\n<p>Al\u00e9m disso, o N\u00facleo de Assist\u00eancia Social da Defesa Civil do Piau\u00ed realizou, no munic\u00edpio de Parna\u00edba, uma reuni\u00e3o com diversos representantes dos munic\u00edpios para dar orienta\u00e7\u00f5es t\u00e9cnicas sobre a formaliza\u00e7\u00e3o das Coordenadorias Municipais de Prote\u00e7\u00e3o e Defesa Civil (Compdec), e sobre como se cadastrar na plataforma do Sistema Integrado de Informa\u00e7\u00f5es sobre Desastres (S2ID).<\/p>\n","protected":false},"excerpt":{"rendered":"<p>A Defesa Civil do Piau\u00ed realizou, na \u00faltima segunda-feira (27), uma viagem t\u00e9cnica aos munic\u00edpios de Lu\u00eds Correia, Parna\u00edba e Ilha Grande para cumprir uma agenda de a\u00e7\u00f5es e alinhamentos [&hellip;]<\/p>\n","protected":false},"author":1739,"featured_media":2975,"comment_status":"closed","ping_status":"closed","sticky":false,"template":"","format":"standard","meta":[],"categories":[31],"tags":[],"featured_image_urls":{"full":["https:\/\/portal.pi.gov.br\/defesacivil\/wp-content\/uploads\/sites\/75\/2026\/04\/fcdsfedsd.png",937,648,false],"thumbnail":["https:\/\/portal.pi.gov.br\/defesacivil\/wp-content\/uploads\/sites\/75\/2026\/04\/fcdsfedsd-150x150.png",150,150,true],"medium":["https:\/\/portal.pi.gov.br\/defesacivil\/wp-content\/uploads\/sites\/75\/2026\/04\/fcdsfedsd-300x207.png",300,207,true],"medium_large":["https:\/\/portal.pi.gov.br\/defesacivil\/wp-content\/uploads\/sites\/75\/2026\/04\/fcdsfedsd-768x531.png",768,531,true],"large":["https:\/\/portal.pi.gov.br\/defesacivil\/wp-content\/uploads\/sites\/75\/2026\/04\/fcdsfedsd.png",887,613,false],"sgg-420":["https:\/\/portal.pi.gov.br\/defesacivil\/wp-content\/uploads\/sites\/75\/2026\/04\/fcdsfedsd-420x290.png",420,290,true],"sgg-540":["https:\/\/portal.pi.gov.br\/defesacivil\/wp-content\/uploads\/sites\/75\/2026\/04\/fcdsfedsd-540x373.png",540,373,true],"sgg-780":["https:\/\/portal.pi.gov.br\/defesacivil\/wp-content\/uploads\/sites\/75\/2026\/04\/fcdsfedsd-780x539.png",780,539,true],"1536x1536":["https:\/\/portal.pi.gov.br\/defesacivil\/wp-content\/uploads\/sites\/75\/2026\/04\/fcdsfedsd.png",937,648,false],"2048x2048":["https:\/\/portal.pi.gov.br\/defesacivil\/wp-content\/uploads\/sites\/75\/2026\/04\/fcdsfedsd.png",937,648,false],"homepage-slider":["https:\/\/portal.pi.gov.br\/defesacivil\/wp-content\/uploads\/sites\/75\/2026\/04\/fcdsfedsd-937x500.png",937,500,true],"homepage-slider-small":["https:\/\/portal.pi.gov.br\/defesacivil\/wp-content\/uploads\/sites\/75\/2026\/04\/fcdsfedsd-937x500.png",937,500,true],"page-top":["https:\/\/portal.pi.gov.br\/defesacivil\/wp-content\/uploads\/sites\/75\/2026\/04\/fcdsfedsd.png",937,648,false],"page-small":["https:\/\/portal.pi.gov.br\/defesacivil\/wp-content\/uploads\/sites\/75\/2026\/04\/fcdsfedsd-624x432.png",624,432,true],"loop-main":["https:\/\/portal.pi.gov.br\/defesacivil\/wp-content\/uploads\/sites\/75\/2026\/04\/fcdsfedsd-365x240.png",365,240,true],"thumb-gallery-widget":["https:\/\/portal.pi.gov.br\/defesacivil\/wp-content\/uploads\/sites\/75\/2026\/04\/fcdsfedsd-84x56.png",84,56,true]},"post_excerpt_stackable":"<p>A Defesa Civil do Piau\u00ed realizou, na \u00faltima segunda-feira (27), uma viagem t\u00e9cnica aos munic\u00edpios de Lu\u00eds Correia, Parna\u00edba e Ilha Grande para cumprir uma agenda de a\u00e7\u00f5es e alinhamentos no munic\u00edpio. Dentro do projeto Rede Colaborativa de Monitoramento Participativo, em parceria com a Companhia de Desenvolvimento dos Vales do S\u00e3o Francisco e do Parna\u00edba (Codevasf), a Sedec visitou alguns N\u00facleos Comunit\u00e1rios de Prote\u00e7\u00e3o e Defesa Civil, com o objetivo de avaliar e instalar pluvi\u00f4metros comunit\u00e1rios, al\u00e9m de promover ajustes e alinhamentos junto aos N\u00facleos, fortalecendo o monitoramento participativo e a atua\u00e7\u00e3o preventiva nas comunidades. Foto: Ascom Sedec A assistente&hellip;<\/p>\n","category_list":"<a href=\"https:\/\/portal.pi.gov.br\/defesacivil\/category\/noticias\/\" rel=\"category tag\">Not\u00edcias<\/a>","author_info":{"name":"raquelvieira","url":"https:\/\/portal.pi.gov.br\/defesacivil\/author\/raquelvieira\/"},"comments_num":"0 coment\u00e1rio","featured_image_urls_v2":{"full":["https:\/\/portal.pi.gov.br\/defesacivil\/wp-content\/uploads\/sites\/75\/2026\/04\/fcdsfedsd.png",937,648,false],"thumbnail":["https:\/\/portal.pi.gov.br\/defesacivil\/wp-content\/uploads\/sites\/75\/2026\/04\/fcdsfedsd-150x150.png",150,150,true],"medium":["https:\/\/portal.pi.gov.br\/defesacivil\/wp-content\/uploads\/sites\/75\/2026\/04\/fcdsfedsd-300x207.png",300,207,true],"medium_large":["https:\/\/portal.pi.gov.br\/defesacivil\/wp-content\/uploads\/sites\/75\/2026\/04\/fcdsfedsd-768x531.png",768,531,true],"large":["https:\/\/portal.pi.gov.br\/defesacivil\/wp-content\/uploads\/sites\/75\/2026\/04\/fcdsfedsd.png",887,613,false],"sgg-420":["https:\/\/portal.pi.gov.br\/defesacivil\/wp-content\/uploads\/sites\/75\/2026\/04\/fcdsfedsd-420x290.png",420,290,true],"sgg-540":["https:\/\/portal.pi.gov.br\/defesacivil\/wp-content\/uploads\/sites\/75\/2026\/04\/fcdsfedsd-540x373.png",540,373,true],"sgg-780":["https:\/\/portal.pi.gov.br\/defesacivil\/wp-content\/uploads\/sites\/75\/2026\/04\/fcdsfedsd-780x539.png",780,539,true],"1536x1536":["https:\/\/portal.pi.gov.br\/defesacivil\/wp-content\/uploads\/sites\/75\/2026\/04\/fcdsfedsd.png",937,648,false],"2048x2048":["https:\/\/portal.pi.gov.br\/defesacivil\/wp-content\/uploads\/sites\/75\/2026\/04\/fcdsfedsd.png",937,648,false],"homepage-slider":["https:\/\/portal.pi.gov.br\/defesacivil\/wp-content\/uploads\/sites\/75\/2026\/04\/fcdsfedsd-937x500.png",937,500,true],"homepage-slider-small":["https:\/\/portal.pi.gov.br\/defesacivil\/wp-content\/uploads\/sites\/75\/2026\/04\/fcdsfedsd-937x500.png",937,500,true],"page-top":["https:\/\/portal.pi.gov.br\/defesacivil\/wp-content\/uploads\/sites\/75\/2026\/04\/fcdsfedsd.png",937,648,false],"page-small":["https:\/\/portal.pi.gov.br\/defesacivil\/wp-content\/uploads\/sites\/75\/2026\/04\/fcdsfedsd-624x432.png",624,432,true],"loop-main":["https:\/\/portal.pi.gov.br\/defesacivil\/wp-content\/uploads\/sites\/75\/2026\/04\/fcdsfedsd-365x240.png",365,240,true],"thumb-gallery-widget":["https:\/\/portal.pi.gov.br\/defesacivil\/wp-content\/uploads\/sites\/75\/2026\/04\/fcdsfedsd-84x56.png",84,56,true]},"post_excerpt_stackable_v2":"<p>A Defesa Civil do Piau\u00ed realizou, na \u00faltima segunda-feira (27), uma viagem t\u00e9cnica aos munic\u00edpios de Lu\u00eds Correia, Parna\u00edba e Ilha Grande para cumprir uma agenda de a\u00e7\u00f5es e alinhamentos no munic\u00edpio. Dentro do projeto Rede Colaborativa de Monitoramento Participativo, em parceria com a Companhia de Desenvolvimento dos Vales do S\u00e3o Francisco e do Parna\u00edba (Codevasf), a Sedec visitou alguns N\u00facleos Comunit\u00e1rios de Prote\u00e7\u00e3o e Defesa Civil, com o objetivo de avaliar e instalar pluvi\u00f4metros comunit\u00e1rios, al\u00e9m de promover ajustes e alinhamentos junto aos N\u00facleos, fortalecendo o monitoramento participativo e a atua\u00e7\u00e3o preventiva nas comunidades. Foto: Ascom Sedec A assistente&hellip;<\/p>\n","category_list_v2":"<a href=\"https:\/\/portal.pi.gov.br\/defesacivil\/category\/noticias\/\" rel=\"category tag\">Not\u00edcias<\/a>","author_info_v2":{"name":"raquelvieira","url":"https:\/\/portal.pi.gov.br\/defesacivil\/author\/raquelvieira\/"},"comments_num_v2":"0 coment\u00e1rio","jetpack_featured_media_url":"https:\/\/portal.pi.gov.br\/defesacivil\/wp-content\/uploads\/sites\/75\/2026\/04\/fcdsfedsd.png","_links":{"self":[{"href":"https:\/\/portal.pi.gov.br\/defesacivil\/wp-json\/wp\/v2\/posts\/2974"}],"collection":[{"href":"https:\/\/portal.pi.gov.br\/defesacivil\/wp-json\/wp\/v2\/posts"}],"about":[{"href":"https:\/\/portal.pi.gov.br\/defesacivil\/wp-json\/wp\/v2\/types\/post"}],"author":[{"embeddable":true,"href":"https:\/\/portal.pi.gov.br\/defesacivil\/wp-json\/wp\/v2\/users\/1739"}],"replies":[{"embeddable":true,"href":"https:\/\/portal.pi.gov.br\/defesacivil\/wp-json\/wp\/v2\/comments?post=2974"}],"version-history":[{"count":1,"href":"https:\/\/portal.pi.gov.br\/defesacivil\/wp-json\/wp\/v2\/posts\/2974\/revisions"}],"predecessor-version":[{"id":2976,"href":"https:\/\/portal.pi.gov.br\/defesacivil\/wp-json\/wp\/v2\/posts\/2974\/revisions\/2976"}],"wp:featuredmedia":[{"embeddable":true,"href":"https:\/\/portal.pi.gov.br\/defesacivil\/wp-json\/wp\/v2\/media\/2975"}],"wp:attachment":[{"href":"https:\/\/portal.pi.gov.br\/defesacivil\/wp-json\/wp\/v2\/media?parent=2974"}],"wp:term":[{"taxonomy":"category","embeddable":true,"href":"https:\/\/portal.pi.gov.br\/defesacivil\/wp-json\/wp\/v2\/categories?post=2974"},{"taxonomy":"post_tag","embeddable":true,"href":"https:\/\/portal.pi.gov.br\/defesacivil\/wp-json\/wp\/v2\/tags?post=2974"}],"curies":[{"name":"wp","href":"https:\/\/api.w.org\/{rel}","templated":true}]}}