{"id":1103,"date":"2023-05-03T11:33:54","date_gmt":"2023-05-03T14:33:54","guid":{"rendered":"https:\/\/portal.pi.gov.br\/detran\/?p=1103"},"modified":"2023-05-03T11:41:20","modified_gmt":"2023-05-03T14:41:20","slug":"detran-pi-aumenta-auxilio-alimentacao-de-servidores-e-anuncia-caravanas-de-acoes-no-maio-amarelo","status":"publish","type":"post","link":"https:\/\/portal.pi.gov.br\/detran\/detran-pi-aumenta-auxilio-alimentacao-de-servidores-e-anuncia-caravanas-de-acoes-no-maio-amarelo\/","title":{"rendered":"Detran-PI aumenta aux\u00edlio-alimenta\u00e7\u00e3o de servidores e anuncia caravanas de a\u00e7\u00f5es no Maio Amarelo"},"content":{"rendered":"<div class=\"wp-block-image\">\n<figure class=\"aligncenter size-large\"><img decoding=\"async\" loading=\"lazy\" width=\"1024\" height=\"682\" src=\"https:\/\/portal.pi.gov.br\/detran\/wp-content\/uploads\/sites\/62\/2023\/05\/WhatsApp-Image-2023-05-03-at-11.32.42-1024x682.jpeg\" alt=\"\" class=\"wp-image-1104\" srcset=\"https:\/\/portal.pi.gov.br\/detran\/wp-content\/uploads\/sites\/62\/2023\/05\/WhatsApp-Image-2023-05-03-at-11.32.42-1024x682.jpeg 1024w, https:\/\/portal.pi.gov.br\/detran\/wp-content\/uploads\/sites\/62\/2023\/05\/WhatsApp-Image-2023-05-03-at-11.32.42-300x200.jpeg 300w, https:\/\/portal.pi.gov.br\/detran\/wp-content\/uploads\/sites\/62\/2023\/05\/WhatsApp-Image-2023-05-03-at-11.32.42-768x512.jpeg 768w, https:\/\/portal.pi.gov.br\/detran\/wp-content\/uploads\/sites\/62\/2023\/05\/WhatsApp-Image-2023-05-03-at-11.32.42-420x280.jpeg 420w, https:\/\/portal.pi.gov.br\/detran\/wp-content\/uploads\/sites\/62\/2023\/05\/WhatsApp-Image-2023-05-03-at-11.32.42-540x360.jpeg 540w, https:\/\/portal.pi.gov.br\/detran\/wp-content\/uploads\/sites\/62\/2023\/05\/WhatsApp-Image-2023-05-03-at-11.32.42-780x520.jpeg 780w, https:\/\/portal.pi.gov.br\/detran\/wp-content\/uploads\/sites\/62\/2023\/05\/WhatsApp-Image-2023-05-03-at-11.32.42-1536x1023.jpeg 1536w, https:\/\/portal.pi.gov.br\/detran\/wp-content\/uploads\/sites\/62\/2023\/05\/WhatsApp-Image-2023-05-03-at-11.32.42-947x631.jpeg 947w, https:\/\/portal.pi.gov.br\/detran\/wp-content\/uploads\/sites\/62\/2023\/05\/WhatsApp-Image-2023-05-03-at-11.32.42-624x416.jpeg 624w, https:\/\/portal.pi.gov.br\/detran\/wp-content\/uploads\/sites\/62\/2023\/05\/WhatsApp-Image-2023-05-03-at-11.32.42-84x56.jpeg 84w, https:\/\/portal.pi.gov.br\/detran\/wp-content\/uploads\/sites\/62\/2023\/05\/WhatsApp-Image-2023-05-03-at-11.32.42.jpeg 1600w\" sizes=\"(max-width: 1024px) 100vw, 1024px\" \/><\/figure><\/div>\n\n\n<p class=\"has-text-align-left\">O Departamento Estadual de Tr\u00e2nsito (Detran-PI) realizou na manh\u00e3 desta ter\u00e7a-feira (02) um caf\u00e9 da manh\u00e3 com servidores efetivos e anunciou o incremento de R$ 400,00 no valor do aux\u00edlio-alimenta\u00e7\u00e3o da categoria. O evento marcou o Dia do Trabalhador e a celebra\u00e7\u00e3o da Portaria N\u00ba 21\/2023, que estabelece o aumento dos benef\u00edcios.<\/p>\n\n\n<div class=\"wp-block-image\">\n<figure class=\"aligncenter size-large\"><img decoding=\"async\" loading=\"lazy\" width=\"1024\" height=\"683\" src=\"https:\/\/portal.pi.gov.br\/detran\/wp-content\/uploads\/sites\/62\/2023\/05\/WhatsApp-Image-2023-05-03-at-11.32.43-1024x683.jpeg\" alt=\"\" class=\"wp-image-1112\" srcset=\"https:\/\/portal.pi.gov.br\/detran\/wp-content\/uploads\/sites\/62\/2023\/05\/WhatsApp-Image-2023-05-03-at-11.32.43-1024x683.jpeg 1024w, https:\/\/portal.pi.gov.br\/detran\/wp-content\/uploads\/sites\/62\/2023\/05\/WhatsApp-Image-2023-05-03-at-11.32.43-300x200.jpeg 300w, https:\/\/portal.pi.gov.br\/detran\/wp-content\/uploads\/sites\/62\/2023\/05\/WhatsApp-Image-2023-05-03-at-11.32.43-768x512.jpeg 768w, https:\/\/portal.pi.gov.br\/detran\/wp-content\/uploads\/sites\/62\/2023\/05\/WhatsApp-Image-2023-05-03-at-11.32.43-420x280.jpeg 420w, https:\/\/portal.pi.gov.br\/detran\/wp-content\/uploads\/sites\/62\/2023\/05\/WhatsApp-Image-2023-05-03-at-11.32.43-540x360.jpeg 540w, https:\/\/portal.pi.gov.br\/detran\/wp-content\/uploads\/sites\/62\/2023\/05\/WhatsApp-Image-2023-05-03-at-11.32.43-780x520.jpeg 780w, https:\/\/portal.pi.gov.br\/detran\/wp-content\/uploads\/sites\/62\/2023\/05\/WhatsApp-Image-2023-05-03-at-11.32.43-1536x1024.jpeg 1536w, https:\/\/portal.pi.gov.br\/detran\/wp-content\/uploads\/sites\/62\/2023\/05\/WhatsApp-Image-2023-05-03-at-11.32.43-947x631.jpeg 947w, https:\/\/portal.pi.gov.br\/detran\/wp-content\/uploads\/sites\/62\/2023\/05\/WhatsApp-Image-2023-05-03-at-11.32.43-624x416.jpeg 624w, https:\/\/portal.pi.gov.br\/detran\/wp-content\/uploads\/sites\/62\/2023\/05\/WhatsApp-Image-2023-05-03-at-11.32.43-84x56.jpeg 84w, https:\/\/portal.pi.gov.br\/detran\/wp-content\/uploads\/sites\/62\/2023\/05\/WhatsApp-Image-2023-05-03-at-11.32.43.jpeg 1599w\" sizes=\"(max-width: 1024px) 100vw, 1024px\" \/><\/figure><\/div>\n\n\n<p class=\"has-text-align-left\">Conforme a Diretora-Geral do Detran-PI, Luana Barradas, o objetivo da iniciativa \u00e9 valorizar o funcion\u00e1rio e favorecer ainda mais a efici\u00eancia no servi\u00e7o p\u00fablico. A primeira mulher a comandar o \u00f3rg\u00e3o reiterou o compromisso de tornar o Detran mais eficiente e modernizado. \u201cA minha equipe veio para valorizar os servidores. Com esse incentivo, iremos melhorar cada vez mais o trabalho deles, com reflexo na qualidade dos servi\u00e7os ofertados \u00e0 sociedade piauiense\u201d, destacou.<\/p>\n\n\n<div class=\"wp-block-image\">\n<figure class=\"aligncenter size-large\"><img decoding=\"async\" loading=\"lazy\" width=\"1024\" height=\"682\" src=\"https:\/\/portal.pi.gov.br\/detran\/wp-content\/uploads\/sites\/62\/2023\/05\/WhatsApp-Image-2023-05-03-at-11.32.42-2-1024x682.jpeg\" alt=\"\" class=\"wp-image-1110\" srcset=\"https:\/\/portal.pi.gov.br\/detran\/wp-content\/uploads\/sites\/62\/2023\/05\/WhatsApp-Image-2023-05-03-at-11.32.42-2-1024x682.jpeg 1024w, https:\/\/portal.pi.gov.br\/detran\/wp-content\/uploads\/sites\/62\/2023\/05\/WhatsApp-Image-2023-05-03-at-11.32.42-2-300x200.jpeg 300w, https:\/\/portal.pi.gov.br\/detran\/wp-content\/uploads\/sites\/62\/2023\/05\/WhatsApp-Image-2023-05-03-at-11.32.42-2-768x512.jpeg 768w, https:\/\/portal.pi.gov.br\/detran\/wp-content\/uploads\/sites\/62\/2023\/05\/WhatsApp-Image-2023-05-03-at-11.32.42-2-420x280.jpeg 420w, https:\/\/portal.pi.gov.br\/detran\/wp-content\/uploads\/sites\/62\/2023\/05\/WhatsApp-Image-2023-05-03-at-11.32.42-2-540x360.jpeg 540w, https:\/\/portal.pi.gov.br\/detran\/wp-content\/uploads\/sites\/62\/2023\/05\/WhatsApp-Image-2023-05-03-at-11.32.42-2-780x520.jpeg 780w, https:\/\/portal.pi.gov.br\/detran\/wp-content\/uploads\/sites\/62\/2023\/05\/WhatsApp-Image-2023-05-03-at-11.32.42-2-1536x1023.jpeg 1536w, https:\/\/portal.pi.gov.br\/detran\/wp-content\/uploads\/sites\/62\/2023\/05\/WhatsApp-Image-2023-05-03-at-11.32.42-2-947x631.jpeg 947w, https:\/\/portal.pi.gov.br\/detran\/wp-content\/uploads\/sites\/62\/2023\/05\/WhatsApp-Image-2023-05-03-at-11.32.42-2-624x416.jpeg 624w, https:\/\/portal.pi.gov.br\/detran\/wp-content\/uploads\/sites\/62\/2023\/05\/WhatsApp-Image-2023-05-03-at-11.32.42-2-84x56.jpeg 84w, https:\/\/portal.pi.gov.br\/detran\/wp-content\/uploads\/sites\/62\/2023\/05\/WhatsApp-Image-2023-05-03-at-11.32.42-2.jpeg 1600w\" sizes=\"(max-width: 1024px) 100vw, 1024px\" \/><\/figure><\/div>\n\n\n<p class=\"has-text-align-left\">A presidente do sindicato dos funcion\u00e1rios do Detran-PI, Cl\u00e1udia Saldanha, afirmou que a categoria esperava h\u00e1 cinco anos pela concretiza\u00e7\u00e3o das a\u00e7\u00f5es. Em seu discurso, ela agradeceu \u00e0 Diretora pelo empenho e respeito aos servidores do \u00d3rg\u00e3o.<\/p>\n\n\n\n<p class=\"has-text-align-left\">\u201cEsta aprova\u00e7\u00e3o \u00e9 uma vit\u00f3ria para n\u00f3s servidores, e temos que agradecer a todos os envolvidos por esta nossa conquista, sobretudo \u00e0 Dra Luana, que sempre nos recebe com respeito e aten\u00e7\u00e3o. Temos que reconhecer que ela veio para modificar para melhor o Detran\u201d, afirmou.<\/p>\n\n\n\n<p class=\"has-text-align-left\">A deputada estadual, Ana Paula (MDB), participou da solenidade e afirmou que o Poder Legislativo se coloca \u00e0 disposi\u00e7\u00e3o para contribuir nas melhorias que o Detran apresenta. A parlamentar falou que a conquista de classe, por meio das a\u00e7\u00f5es da atual gest\u00e3o, corrobora para a efici\u00eancia dos servi\u00e7os do \u00f3rg\u00e3o.<\/p>\n\n\n<div class=\"wp-block-image\">\n<figure class=\"aligncenter size-large\"><img decoding=\"async\" loading=\"lazy\" width=\"1024\" height=\"682\" src=\"https:\/\/portal.pi.gov.br\/detran\/wp-content\/uploads\/sites\/62\/2023\/05\/WhatsApp-Image-2023-05-03-at-11.32.42-1-1024x682.jpeg\" alt=\"\" class=\"wp-image-1109\" srcset=\"https:\/\/portal.pi.gov.br\/detran\/wp-content\/uploads\/sites\/62\/2023\/05\/WhatsApp-Image-2023-05-03-at-11.32.42-1-1024x682.jpeg 1024w, https:\/\/portal.pi.gov.br\/detran\/wp-content\/uploads\/sites\/62\/2023\/05\/WhatsApp-Image-2023-05-03-at-11.32.42-1-300x200.jpeg 300w, https:\/\/portal.pi.gov.br\/detran\/wp-content\/uploads\/sites\/62\/2023\/05\/WhatsApp-Image-2023-05-03-at-11.32.42-1-768x512.jpeg 768w, https:\/\/portal.pi.gov.br\/detran\/wp-content\/uploads\/sites\/62\/2023\/05\/WhatsApp-Image-2023-05-03-at-11.32.42-1-420x280.jpeg 420w, https:\/\/portal.pi.gov.br\/detran\/wp-content\/uploads\/sites\/62\/2023\/05\/WhatsApp-Image-2023-05-03-at-11.32.42-1-540x360.jpeg 540w, https:\/\/portal.pi.gov.br\/detran\/wp-content\/uploads\/sites\/62\/2023\/05\/WhatsApp-Image-2023-05-03-at-11.32.42-1-780x520.jpeg 780w, https:\/\/portal.pi.gov.br\/detran\/wp-content\/uploads\/sites\/62\/2023\/05\/WhatsApp-Image-2023-05-03-at-11.32.42-1-1536x1023.jpeg 1536w, https:\/\/portal.pi.gov.br\/detran\/wp-content\/uploads\/sites\/62\/2023\/05\/WhatsApp-Image-2023-05-03-at-11.32.42-1-947x631.jpeg 947w, https:\/\/portal.pi.gov.br\/detran\/wp-content\/uploads\/sites\/62\/2023\/05\/WhatsApp-Image-2023-05-03-at-11.32.42-1-624x416.jpeg 624w, https:\/\/portal.pi.gov.br\/detran\/wp-content\/uploads\/sites\/62\/2023\/05\/WhatsApp-Image-2023-05-03-at-11.32.42-1-84x56.jpeg 84w, https:\/\/portal.pi.gov.br\/detran\/wp-content\/uploads\/sites\/62\/2023\/05\/WhatsApp-Image-2023-05-03-at-11.32.42-1.jpeg 1600w\" sizes=\"(max-width: 1024px) 100vw, 1024px\" \/><\/figure><\/div>\n\n\n<p class=\"has-text-align-left\">\u201cObservamos aqui uma gest\u00e3o comprometida com as mudan\u00e7as necess\u00e1rias em benef\u00edcio do cidad\u00e3o e cidad\u00e3 piauiense. Esse processo gradativo inclui o implemento de novas tecnologias e a valoriza\u00e7\u00e3o dos profissionais que atuam diariamente no atendimento ao p\u00fablico. Parabenizo \u00e0 Luana Barradas e ao Daniel Carvalho pela condu\u00e7\u00e3o das a\u00e7\u00f5es do Detran e da Escola Piauiense de Tr\u00e2nsito\u201d, finalizou.<\/p>\n\n\n\n<p class=\"has-text-align-left\">&nbsp;<br><strong>MAIO AMARELO<\/strong><\/p>\n\n\n\n<p class=\"has-text-align-left\">A Escola Piauiense de Tr\u00e2nsito anunciou ainda o cronograma de a\u00e7\u00f5es em alus\u00e3o ao Movimento Maio Amarelo 2023. Mais de 10 mil Cartilhas Infantis sobre a tem\u00e1tica ser\u00e3o distribu\u00eddas em escolas do Estado e equipes do Detran v\u00e3o atuar em cidades estrat\u00e9gicas com atividades de conscientiza\u00e7\u00e3o sobre boas pr\u00e1ticas a serem adotadas no tr\u00e2nsito.<\/p>\n\n\n\n<p class=\"has-text-align-left\">O diretor da Escola Piauiense de Tr\u00e2nsito, Daniel Carvalho, explicou que o refor\u00e7o das a\u00e7\u00f5es impactam de forma positiva na redu\u00e7\u00e3o de acidentes de tr\u00e2nsito no Estado.<\/p>\n\n\n<div class=\"wp-block-image\">\n<figure class=\"aligncenter size-large\"><img decoding=\"async\" loading=\"lazy\" width=\"1024\" height=\"682\" src=\"https:\/\/portal.pi.gov.br\/detran\/wp-content\/uploads\/sites\/62\/2023\/05\/WhatsApp-Image-2023-05-03-at-11.33.08-1024x682.jpeg\" alt=\"\" class=\"wp-image-1111\" srcset=\"https:\/\/portal.pi.gov.br\/detran\/wp-content\/uploads\/sites\/62\/2023\/05\/WhatsApp-Image-2023-05-03-at-11.33.08-1024x682.jpeg 1024w, https:\/\/portal.pi.gov.br\/detran\/wp-content\/uploads\/sites\/62\/2023\/05\/WhatsApp-Image-2023-05-03-at-11.33.08-300x200.jpeg 300w, https:\/\/portal.pi.gov.br\/detran\/wp-content\/uploads\/sites\/62\/2023\/05\/WhatsApp-Image-2023-05-03-at-11.33.08-768x512.jpeg 768w, https:\/\/portal.pi.gov.br\/detran\/wp-content\/uploads\/sites\/62\/2023\/05\/WhatsApp-Image-2023-05-03-at-11.33.08-420x280.jpeg 420w, https:\/\/portal.pi.gov.br\/detran\/wp-content\/uploads\/sites\/62\/2023\/05\/WhatsApp-Image-2023-05-03-at-11.33.08-540x360.jpeg 540w, https:\/\/portal.pi.gov.br\/detran\/wp-content\/uploads\/sites\/62\/2023\/05\/WhatsApp-Image-2023-05-03-at-11.33.08-780x520.jpeg 780w, https:\/\/portal.pi.gov.br\/detran\/wp-content\/uploads\/sites\/62\/2023\/05\/WhatsApp-Image-2023-05-03-at-11.33.08-1536x1023.jpeg 1536w, https:\/\/portal.pi.gov.br\/detran\/wp-content\/uploads\/sites\/62\/2023\/05\/WhatsApp-Image-2023-05-03-at-11.33.08-947x631.jpeg 947w, https:\/\/portal.pi.gov.br\/detran\/wp-content\/uploads\/sites\/62\/2023\/05\/WhatsApp-Image-2023-05-03-at-11.33.08-624x416.jpeg 624w, https:\/\/portal.pi.gov.br\/detran\/wp-content\/uploads\/sites\/62\/2023\/05\/WhatsApp-Image-2023-05-03-at-11.33.08-84x56.jpeg 84w, https:\/\/portal.pi.gov.br\/detran\/wp-content\/uploads\/sites\/62\/2023\/05\/WhatsApp-Image-2023-05-03-at-11.33.08.jpeg 1600w\" sizes=\"(max-width: 1024px) 100vw, 1024px\" \/><\/figure><\/div>\n\n\n<p class=\"has-text-align-left\">\u201c\u00c9 uma parceria de diversos \u00f3rg\u00e3os como a Pol\u00edcia Militar, Pol\u00edcia Rodovi\u00e1ria Federal (PRF), Sesapi, Setrans, Secretaria de Seguran\u00e7a. Com a uni\u00e3o destes \u00f3rg\u00e3os j\u00e1 conseguimos reduzir o n\u00famero de acidentes desde o in\u00edcio deste ano e o nosso objetivo \u00e9 continuar promovendo mais a\u00e7\u00f5es para continuarmos salvando vidas e melhorando o tr\u00e2nsito do nosso estado\u201d, destacou o diretor da Escola de Tr\u00e2nsito, Daniel Carvalho.<\/p>\n\n\n\n<p class=\"has-text-align-left\"><strong>CONFIRA A PROGRAMA\u00c7\u00c3O OFICIAL DA ESCOLA DE TRANSITO<\/strong><br>02\/05 e 04\/05: Realiza\u00e7\u00f5es de A\u00e7\u00f5es Educativas em Teresina com a colabora\u00e7\u00e3o dos parceiros.<br>03\/05: Abertura do Maio Amarelo 2023 na cidade de Campo Maior-PI.<br>05\/05: Abertura do Maio Amarelo 2023 na cidade de Piripiri-PI.<br>11\/05 e 12\/05: Participa\u00e7\u00e3o e realiza\u00e7\u00e3o de trabalhos educativos no \u201cCidade Inclusiva 2023\u201d em Teresina.<br>15\/05 e 16\/05: A\u00e7\u00f5es educativas, debates, semin\u00e1rios e palestras na cidade de Paes Landim-PI.<br>18\/05 e 19\/05: Palestras educativas na cidade de Dom Inoc\u00eancio-PI.<br>28\/05: A\u00e7\u00f5es educativas e palestras na cidade de Palmeirais-PI<br>27\/05: Encerramento das atividades do Maio Amarelo 2023 em Teresina-PI.<\/p>\n","protected":false},"excerpt":{"rendered":"<p>O Departamento Estadual de Tr\u00e2nsito (Detran-PI) realizou na manh\u00e3 desta ter\u00e7a-feira (02) um caf\u00e9 da manh\u00e3 com servidores efetivos e anunciou o incremento de R$ 400,00 no valor do aux\u00edlio-alimenta\u00e7\u00e3o [&hellip;]<\/p>\n","protected":false},"author":1,"featured_media":1104,"comment_status":"closed","ping_status":"closed","sticky":false,"template":"","format":"standard","meta":[],"categories":[41],"tags":[],"featured_image_urls":{"full":["https:\/\/portal.pi.gov.br\/detran\/wp-content\/uploads\/sites\/62\/2023\/05\/WhatsApp-Image-2023-05-03-at-11.32.42.jpeg",1600,1066,false],"thumbnail":["https:\/\/portal.pi.gov.br\/detran\/wp-content\/uploads\/sites\/62\/2023\/05\/WhatsApp-Image-2023-05-03-at-11.32.42-150x150.jpeg",150,150,true],"medium":["https:\/\/portal.pi.gov.br\/detran\/wp-content\/uploads\/sites\/62\/2023\/05\/WhatsApp-Image-2023-05-03-at-11.32.42-300x200.jpeg",300,200,true],"medium_large":["https:\/\/portal.pi.gov.br\/detran\/wp-content\/uploads\/sites\/62\/2023\/05\/WhatsApp-Image-2023-05-03-at-11.32.42-768x512.jpeg",768,512,true],"large":["https:\/\/portal.pi.gov.br\/detran\/wp-content\/uploads\/sites\/62\/2023\/05\/WhatsApp-Image-2023-05-03-at-11.32.42-1024x682.jpeg",887,591,true],"sgg-420":["https:\/\/portal.pi.gov.br\/detran\/wp-content\/uploads\/sites\/62\/2023\/05\/WhatsApp-Image-2023-05-03-at-11.32.42-420x280.jpeg",420,280,true],"sgg-540":["https:\/\/portal.pi.gov.br\/detran\/wp-content\/uploads\/sites\/62\/2023\/05\/WhatsApp-Image-2023-05-03-at-11.32.42-540x360.jpeg",540,360,true],"sgg-780":["https:\/\/portal.pi.gov.br\/detran\/wp-content\/uploads\/sites\/62\/2023\/05\/WhatsApp-Image-2023-05-03-at-11.32.42-780x520.jpeg",780,520,true],"1536x1536":["https:\/\/portal.pi.gov.br\/detran\/wp-content\/uploads\/sites\/62\/2023\/05\/WhatsApp-Image-2023-05-03-at-11.32.42-1536x1023.jpeg",1536,1023,true],"2048x2048":["https:\/\/portal.pi.gov.br\/detran\/wp-content\/uploads\/sites\/62\/2023\/05\/WhatsApp-Image-2023-05-03-at-11.32.42.jpeg",1600,1066,false],"homepage-slider":["https:\/\/portal.pi.gov.br\/detran\/wp-content\/uploads\/sites\/62\/2023\/05\/WhatsApp-Image-2023-05-03-at-11.32.42-1270x500.jpeg",1270,500,true],"homepage-slider-small":["https:\/\/portal.pi.gov.br\/detran\/wp-content\/uploads\/sites\/62\/2023\/05\/WhatsApp-Image-2023-05-03-at-11.32.42-947x500.jpeg",947,500,true],"page-top":["https:\/\/portal.pi.gov.br\/detran\/wp-content\/uploads\/sites\/62\/2023\/05\/WhatsApp-Image-2023-05-03-at-11.32.42-947x631.jpeg",947,631,true],"page-small":["https:\/\/portal.pi.gov.br\/detran\/wp-content\/uploads\/sites\/62\/2023\/05\/WhatsApp-Image-2023-05-03-at-11.32.42-624x416.jpeg",624,416,true],"loop-main":["https:\/\/portal.pi.gov.br\/detran\/wp-content\/uploads\/sites\/62\/2023\/05\/WhatsApp-Image-2023-05-03-at-11.32.42-365x240.jpeg",365,240,true],"thumb-gallery-widget":["https:\/\/portal.pi.gov.br\/detran\/wp-content\/uploads\/sites\/62\/2023\/05\/WhatsApp-Image-2023-05-03-at-11.32.42-84x56.jpeg",84,56,true]},"post_excerpt_stackable":"<p>O Departamento Estadual de Tr\u00e2nsito (Detran-PI) realizou na manh\u00e3 desta ter\u00e7a-feira (02) um caf\u00e9 da manh\u00e3 com servidores efetivos e anunciou o incremento de R$ 400,00 no valor do aux\u00edlio-alimenta\u00e7\u00e3o da categoria. O evento marcou o Dia do Trabalhador e a celebra\u00e7\u00e3o da Portaria N\u00ba 21\/2023, que estabelece o aumento dos benef\u00edcios. Conforme a Diretora-Geral do Detran-PI, Luana Barradas, o objetivo da iniciativa \u00e9 valorizar o funcion\u00e1rio e favorecer ainda mais a efici\u00eancia no servi\u00e7o p\u00fablico. A primeira mulher a comandar o \u00f3rg\u00e3o reiterou o compromisso de tornar o Detran mais eficiente e modernizado. \u201cA minha equipe veio para valorizar&hellip;<\/p>\n","category_list":"<a href=\"https:\/\/portal.pi.gov.br\/detran\/category\/noticias\/\" rel=\"category tag\">Not\u00edcias<\/a>","author_info":{"name":"admin","url":"https:\/\/portal.pi.gov.br\/detran\/author\/admin\/"},"comments_num":"0 coment\u00e1rio","featured_image_urls_v2":{"full":["https:\/\/portal.pi.gov.br\/detran\/wp-content\/uploads\/sites\/62\/2023\/05\/WhatsApp-Image-2023-05-03-at-11.32.42.jpeg",1600,1066,false],"thumbnail":["https:\/\/portal.pi.gov.br\/detran\/wp-content\/uploads\/sites\/62\/2023\/05\/WhatsApp-Image-2023-05-03-at-11.32.42-150x150.jpeg",150,150,true],"medium":["https:\/\/portal.pi.gov.br\/detran\/wp-content\/uploads\/sites\/62\/2023\/05\/WhatsApp-Image-2023-05-03-at-11.32.42-300x200.jpeg",300,200,true],"medium_large":["https:\/\/portal.pi.gov.br\/detran\/wp-content\/uploads\/sites\/62\/2023\/05\/WhatsApp-Image-2023-05-03-at-11.32.42-768x512.jpeg",768,512,true],"large":["https:\/\/portal.pi.gov.br\/detran\/wp-content\/uploads\/sites\/62\/2023\/05\/WhatsApp-Image-2023-05-03-at-11.32.42-1024x682.jpeg",887,591,true],"sgg-420":["https:\/\/portal.pi.gov.br\/detran\/wp-content\/uploads\/sites\/62\/2023\/05\/WhatsApp-Image-2023-05-03-at-11.32.42-420x280.jpeg",420,280,true],"sgg-540":["https:\/\/portal.pi.gov.br\/detran\/wp-content\/uploads\/sites\/62\/2023\/05\/WhatsApp-Image-2023-05-03-at-11.32.42-540x360.jpeg",540,360,true],"sgg-780":["https:\/\/portal.pi.gov.br\/detran\/wp-content\/uploads\/sites\/62\/2023\/05\/WhatsApp-Image-2023-05-03-at-11.32.42-780x520.jpeg",780,520,true],"1536x1536":["https:\/\/portal.pi.gov.br\/detran\/wp-content\/uploads\/sites\/62\/2023\/05\/WhatsApp-Image-2023-05-03-at-11.32.42-1536x1023.jpeg",1536,1023,true],"2048x2048":["https:\/\/portal.pi.gov.br\/detran\/wp-content\/uploads\/sites\/62\/2023\/05\/WhatsApp-Image-2023-05-03-at-11.32.42.jpeg",1600,1066,false],"homepage-slider":["https:\/\/portal.pi.gov.br\/detran\/wp-content\/uploads\/sites\/62\/2023\/05\/WhatsApp-Image-2023-05-03-at-11.32.42-1270x500.jpeg",1270,500,true],"homepage-slider-small":["https:\/\/portal.pi.gov.br\/detran\/wp-content\/uploads\/sites\/62\/2023\/05\/WhatsApp-Image-2023-05-03-at-11.32.42-947x500.jpeg",947,500,true],"page-top":["https:\/\/portal.pi.gov.br\/detran\/wp-content\/uploads\/sites\/62\/2023\/05\/WhatsApp-Image-2023-05-03-at-11.32.42-947x631.jpeg",947,631,true],"page-small":["https:\/\/portal.pi.gov.br\/detran\/wp-content\/uploads\/sites\/62\/2023\/05\/WhatsApp-Image-2023-05-03-at-11.32.42-624x416.jpeg",624,416,true],"loop-main":["https:\/\/portal.pi.gov.br\/detran\/wp-content\/uploads\/sites\/62\/2023\/05\/WhatsApp-Image-2023-05-03-at-11.32.42-365x240.jpeg",365,240,true],"thumb-gallery-widget":["https:\/\/portal.pi.gov.br\/detran\/wp-content\/uploads\/sites\/62\/2023\/05\/WhatsApp-Image-2023-05-03-at-11.32.42-84x56.jpeg",84,56,true]},"post_excerpt_stackable_v2":"<p>O Departamento Estadual de Tr\u00e2nsito (Detran-PI) realizou na manh\u00e3 desta ter\u00e7a-feira (02) um caf\u00e9 da manh\u00e3 com servidores efetivos e anunciou o incremento de R$ 400,00 no valor do aux\u00edlio-alimenta\u00e7\u00e3o da categoria. O evento marcou o Dia do Trabalhador e a celebra\u00e7\u00e3o da Portaria N\u00ba 21\/2023, que estabelece o aumento dos benef\u00edcios. Conforme a Diretora-Geral do Detran-PI, Luana Barradas, o objetivo da iniciativa \u00e9 valorizar o funcion\u00e1rio e favorecer ainda mais a efici\u00eancia no servi\u00e7o p\u00fablico. A primeira mulher a comandar o \u00f3rg\u00e3o reiterou o compromisso de tornar o Detran mais eficiente e modernizado. \u201cA minha equipe veio para valorizar&hellip;<\/p>\n","category_list_v2":"<a href=\"https:\/\/portal.pi.gov.br\/detran\/category\/noticias\/\" rel=\"category tag\">Not\u00edcias<\/a>","author_info_v2":{"name":"admin","url":"https:\/\/portal.pi.gov.br\/detran\/author\/admin\/"},"comments_num_v2":"0 coment\u00e1rio","jetpack_featured_media_url":"https:\/\/portal.pi.gov.br\/detran\/wp-content\/uploads\/sites\/62\/2023\/05\/WhatsApp-Image-2023-05-03-at-11.32.42.jpeg","_links":{"self":[{"href":"https:\/\/portal.pi.gov.br\/detran\/wp-json\/wp\/v2\/posts\/1103"}],"collection":[{"href":"https:\/\/portal.pi.gov.br\/detran\/wp-json\/wp\/v2\/posts"}],"about":[{"href":"https:\/\/portal.pi.gov.br\/detran\/wp-json\/wp\/v2\/types\/post"}],"author":[{"embeddable":true,"href":"https:\/\/portal.pi.gov.br\/detran\/wp-json\/wp\/v2\/users\/1"}],"replies":[{"embeddable":true,"href":"https:\/\/portal.pi.gov.br\/detran\/wp-json\/wp\/v2\/comments?post=1103"}],"version-history":[{"count":2,"href":"https:\/\/portal.pi.gov.br\/detran\/wp-json\/wp\/v2\/posts\/1103\/revisions"}],"predecessor-version":[{"id":1114,"href":"https:\/\/portal.pi.gov.br\/detran\/wp-json\/wp\/v2\/posts\/1103\/revisions\/1114"}],"wp:featuredmedia":[{"embeddable":true,"href":"https:\/\/portal.pi.gov.br\/detran\/wp-json\/wp\/v2\/media\/1104"}],"wp:attachment":[{"href":"https:\/\/portal.pi.gov.br\/detran\/wp-json\/wp\/v2\/media?parent=1103"}],"wp:term":[{"taxonomy":"category","embeddable":true,"href":"https:\/\/portal.pi.gov.br\/detran\/wp-json\/wp\/v2\/categories?post=1103"},{"taxonomy":"post_tag","embeddable":true,"href":"https:\/\/portal.pi.gov.br\/detran\/wp-json\/wp\/v2\/tags?post=1103"}],"curies":[{"name":"wp","href":"https:\/\/api.w.org\/{rel}","templated":true}]}}