{"id":1106,"date":"2023-05-03T11:38:28","date_gmt":"2023-05-03T14:38:28","guid":{"rendered":"https:\/\/portal.pi.gov.br\/detran\/?p=1106"},"modified":"2023-05-03T11:44:15","modified_gmt":"2023-05-03T14:44:15","slug":"detran-pi-realiza-acoes-educativas-nas-comemoracoes-dos-10-anos-do-movimento-internacional-maio-amarelo","status":"publish","type":"post","link":"https:\/\/portal.pi.gov.br\/detran\/detran-pi-realiza-acoes-educativas-nas-comemoracoes-dos-10-anos-do-movimento-internacional-maio-amarelo\/","title":{"rendered":"Detran-PI realiza A\u00e7\u00f5es Educativas nas comemora\u00e7\u00f5es dos 10 anos do Movimento Internacional Maio Amarelo"},"content":{"rendered":"\n<figure class=\"wp-block-gallery has-nested-images columns-default is-cropped wp-block-gallery-1 is-layout-flex\"><div class=\"wp-block-image is-style-rounded\">\n<figure class=\"aligncenter size-large\"><img decoding=\"async\" data-id=\"1107\"  src=\"https:\/\/portal.pi.gov.br\/detran\/wp-content\/uploads\/sites\/62\/2023\/05\/WhatsApp-Image-2023-05-03-at-11.36.36-768x1024.jpeg\" alt=\"\" class=\"wp-image-1107\" \/><\/figure><\/div><\/figure>\n\n\n\n<p>O Departamento Estadual de Tr\u00e2nsito do Piau\u00ed (Detran-PI) realizou Atividades Educativas em alus\u00e3o aos 10 anos do Movimento Internacional Maio Amarelo, nesta ter\u00e7a-feira (02), durante evento promovido pela Secretaria de Estado dos Transportes (Setrans). As equipes do \u00f3rg\u00e3o atuaram com um stand tem\u00e1tico e distribui\u00e7\u00e3o de panfletos educativos e orienta\u00e7\u00f5es sobre educa\u00e7\u00e3o no tr\u00e2nsito.<\/p>\n\n\n\n<p>O diretor da Escola Piauiense de Tr\u00e2nsito, Daniel Carvalho, destacou que as a\u00e7\u00f5es educativas que ser\u00e3o realizadas ao longo deste m\u00eas visam \u00e0 conscientiza\u00e7\u00e3o dos condutores e a preven\u00e7\u00e3o de acidentes de tr\u00e2nsito.<\/p>\n\n\n\n<p>\u201cUm evento de grande valia para iniciarmos os trabalhos do Maio Amarelo com parceria com a Pol\u00edcia Militar, Pol\u00edcia Rodovi\u00e1ria Federal (PRF), Sesapi, Setrans, Secretaria de Seguran\u00e7a, dentre outros. Com a uni\u00e3o destes \u00f3rg\u00e3os, j\u00e1 conseguimos reduzir o n\u00famero de acidentes desde o in\u00edcio deste ano e o nosso objetivo \u00e9 promovermos mais a\u00e7\u00f5es para continuarmos salvando vidas e melhorando o tr\u00e2nsito do nosso Estado\u201d, destacou o diretor da Escola de Tr\u00e2nsito, Daniel Carvalho.<\/p>\n\n\n\n<p><strong>MAIO AMARELO<\/strong><\/p>\n\n\n\n<p>O Maio Amarelo \u00e9 um movimento internacional que chegou em sua 10 \u00aa edi\u00e7\u00e3o e tem como objetivo a conscientiza\u00e7\u00e3o da sociedade em geral para o alto \u00edndice de v\u00edtimas de acidentes no tr\u00e2nsito em todo o mundo, al\u00e9m de promover a conscientiza\u00e7\u00e3o de motoristas sobre a import\u00e2ncia da redu\u00e7\u00e3o de acidentes para preservar vidas.<\/p>\n\n\n\n<p>A Escola Piauiense de Tr\u00e2nsito anunciou ainda o cronograma de a\u00e7\u00f5es em alus\u00e3o ao Movimento Maio Amarelo 2023. Mais de 10 mil Cartilhas Infantis sobre a tem\u00e1tica ser\u00e3o distribu\u00eddas em escolas do Estado e equipes do Detran v\u00e3o atuar em cidades estrat\u00e9gicas com atividades de conscientiza\u00e7\u00e3o sobre boas pr\u00e1ticas a serem adotadas no tr\u00e2nsito.<\/p>\n\n\n\n<p>&nbsp;<br><strong>CONFIRA A PROGRAMA\u00c7\u00c3O OFICIAL DA ESCOLA DE TR\u00c2NSITO<\/strong><\/p>\n\n\n\n<p>02\/05 e 04\/05: Realiza\u00e7\u00f5es de A\u00e7\u00f5es Educativas em Teresina com a colabora\u00e7\u00e3o dos parceiros.<br>03\/05: Abertura do Maio Amarelo 2023 na cidade de Campo Maior-PI.<br>05\/05: Abertura do Maio Amarelo 2023 na cidade de Piripiri-PI.<br>11\/05 e 12\/05: Participa\u00e7\u00e3o e realiza\u00e7\u00e3o de trabalhos educativos no \u201cCidade Inclusiva 2023\u201d em Teresina.<br>15\/05 e 16\/05: A\u00e7\u00f5es educativas, debates, semin\u00e1rios e palestras na cidade de Paes Landim-PI.<br>18\/05 e 19\/05: Palestras educativas na cidade de Dom Inoc\u00eancio-PI.<br>28\/05: A\u00e7\u00f5es educativas e palestras na cidade de Palmeirais-PI.<\/p>\n\n\n\n<p>27\/05: Encerramento das atividades do Maio Amarelo 2023 em Teresina-PI.<\/p>\n","protected":false},"excerpt":{"rendered":"<p>O Departamento Estadual de Tr\u00e2nsito do Piau\u00ed (Detran-PI) realizou Atividades Educativas em alus\u00e3o aos 10 anos do Movimento Internacional Maio Amarelo, nesta ter\u00e7a-feira (02), durante evento promovido pela Secretaria de [&hellip;]<\/p>\n","protected":false},"author":1,"featured_media":1107,"comment_status":"closed","ping_status":"closed","sticky":false,"template":"","format":"standard","meta":[],"categories":[41],"tags":[],"featured_image_urls":{"full":["https:\/\/portal.pi.gov.br\/detran\/wp-content\/uploads\/sites\/62\/2023\/05\/WhatsApp-Image-2023-05-03-at-11.36.36-e1683125050176.jpeg",1200,639,false],"thumbnail":["https:\/\/portal.pi.gov.br\/detran\/wp-content\/uploads\/sites\/62\/2023\/05\/WhatsApp-Image-2023-05-03-at-11.36.36-e1683125050176-150x150.jpeg",150,150,true],"medium":["https:\/\/portal.pi.gov.br\/detran\/wp-content\/uploads\/sites\/62\/2023\/05\/WhatsApp-Image-2023-05-03-at-11.36.36-e1683125050176-300x160.jpeg",300,160,true],"medium_large":["https:\/\/portal.pi.gov.br\/detran\/wp-content\/uploads\/sites\/62\/2023\/05\/WhatsApp-Image-2023-05-03-at-11.36.36-e1683125050176-768x409.jpeg",768,409,true],"large":["https:\/\/portal.pi.gov.br\/detran\/wp-content\/uploads\/sites\/62\/2023\/05\/WhatsApp-Image-2023-05-03-at-11.36.36-e1683125050176-1024x545.jpeg",887,472,true],"sgg-420":["https:\/\/portal.pi.gov.br\/detran\/wp-content\/uploads\/sites\/62\/2023\/05\/WhatsApp-Image-2023-05-03-at-11.36.36-e1683125050176-420x224.jpeg",420,224,true],"sgg-540":["https:\/\/portal.pi.gov.br\/detran\/wp-content\/uploads\/sites\/62\/2023\/05\/WhatsApp-Image-2023-05-03-at-11.36.36-e1683125050176-540x288.jpeg",540,288,true],"sgg-780":["https:\/\/portal.pi.gov.br\/detran\/wp-content\/uploads\/sites\/62\/2023\/05\/WhatsApp-Image-2023-05-03-at-11.36.36-e1683125050176-780x415.jpeg",780,415,true],"1536x1536":["https:\/\/portal.pi.gov.br\/detran\/wp-content\/uploads\/sites\/62\/2023\/05\/WhatsApp-Image-2023-05-03-at-11.36.36-1152x1536.jpeg",1152,1536,true],"2048x2048":["https:\/\/portal.pi.gov.br\/detran\/wp-content\/uploads\/sites\/62\/2023\/05\/WhatsApp-Image-2023-05-03-at-11.36.36-e1683125050176.jpeg",1200,639,false],"homepage-slider":["https:\/\/portal.pi.gov.br\/detran\/wp-content\/uploads\/sites\/62\/2023\/05\/WhatsApp-Image-2023-05-03-at-11.36.36-e1683125050176-1200x500.jpeg",1200,500,true],"homepage-slider-small":["https:\/\/portal.pi.gov.br\/detran\/wp-content\/uploads\/sites\/62\/2023\/05\/WhatsApp-Image-2023-05-03-at-11.36.36-e1683125050176-947x500.jpeg",947,500,true],"page-top":["https:\/\/portal.pi.gov.br\/detran\/wp-content\/uploads\/sites\/62\/2023\/05\/WhatsApp-Image-2023-05-03-at-11.36.36-e1683125050176-947x504.jpeg",947,504,true],"page-small":["https:\/\/portal.pi.gov.br\/detran\/wp-content\/uploads\/sites\/62\/2023\/05\/WhatsApp-Image-2023-05-03-at-11.36.36-e1683125050176-624x332.jpeg",624,332,true],"loop-main":["https:\/\/portal.pi.gov.br\/detran\/wp-content\/uploads\/sites\/62\/2023\/05\/WhatsApp-Image-2023-05-03-at-11.36.36-e1683125050176-365x240.jpeg",365,240,true],"thumb-gallery-widget":["https:\/\/portal.pi.gov.br\/detran\/wp-content\/uploads\/sites\/62\/2023\/05\/WhatsApp-Image-2023-05-03-at-11.36.36-e1683125050176-84x56.jpeg",84,56,true]},"post_excerpt_stackable":"<p>O Departamento Estadual de Tr\u00e2nsito do Piau\u00ed (Detran-PI) realizou Atividades Educativas em alus\u00e3o aos 10 anos do Movimento Internacional Maio Amarelo, nesta ter\u00e7a-feira (02), durante evento promovido pela Secretaria de Estado dos Transportes (Setrans). As equipes do \u00f3rg\u00e3o atuaram com um stand tem\u00e1tico e distribui\u00e7\u00e3o de panfletos educativos e orienta\u00e7\u00f5es sobre educa\u00e7\u00e3o no tr\u00e2nsito. O diretor da Escola Piauiense de Tr\u00e2nsito, Daniel Carvalho, destacou que as a\u00e7\u00f5es educativas que ser\u00e3o realizadas ao longo deste m\u00eas visam \u00e0 conscientiza\u00e7\u00e3o dos condutores e a preven\u00e7\u00e3o de acidentes de tr\u00e2nsito. \u201cUm evento de grande valia para iniciarmos os trabalhos do Maio Amarelo com&hellip;<\/p>\n","category_list":"<a href=\"https:\/\/portal.pi.gov.br\/detran\/category\/noticias\/\" rel=\"category tag\">Not\u00edcias<\/a>","author_info":{"name":"admin","url":"https:\/\/portal.pi.gov.br\/detran\/author\/admin\/"},"comments_num":"0 coment\u00e1rio","featured_image_urls_v2":{"full":["https:\/\/portal.pi.gov.br\/detran\/wp-content\/uploads\/sites\/62\/2023\/05\/WhatsApp-Image-2023-05-03-at-11.36.36-e1683125050176.jpeg",1200,639,false],"thumbnail":["https:\/\/portal.pi.gov.br\/detran\/wp-content\/uploads\/sites\/62\/2023\/05\/WhatsApp-Image-2023-05-03-at-11.36.36-e1683125050176-150x150.jpeg",150,150,true],"medium":["https:\/\/portal.pi.gov.br\/detran\/wp-content\/uploads\/sites\/62\/2023\/05\/WhatsApp-Image-2023-05-03-at-11.36.36-e1683125050176-300x160.jpeg",300,160,true],"medium_large":["https:\/\/portal.pi.gov.br\/detran\/wp-content\/uploads\/sites\/62\/2023\/05\/WhatsApp-Image-2023-05-03-at-11.36.36-e1683125050176-768x409.jpeg",768,409,true],"large":["https:\/\/portal.pi.gov.br\/detran\/wp-content\/uploads\/sites\/62\/2023\/05\/WhatsApp-Image-2023-05-03-at-11.36.36-e1683125050176-1024x545.jpeg",887,472,true],"sgg-420":["https:\/\/portal.pi.gov.br\/detran\/wp-content\/uploads\/sites\/62\/2023\/05\/WhatsApp-Image-2023-05-03-at-11.36.36-e1683125050176-420x224.jpeg",420,224,true],"sgg-540":["https:\/\/portal.pi.gov.br\/detran\/wp-content\/uploads\/sites\/62\/2023\/05\/WhatsApp-Image-2023-05-03-at-11.36.36-e1683125050176-540x288.jpeg",540,288,true],"sgg-780":["https:\/\/portal.pi.gov.br\/detran\/wp-content\/uploads\/sites\/62\/2023\/05\/WhatsApp-Image-2023-05-03-at-11.36.36-e1683125050176-780x415.jpeg",780,415,true],"1536x1536":["https:\/\/portal.pi.gov.br\/detran\/wp-content\/uploads\/sites\/62\/2023\/05\/WhatsApp-Image-2023-05-03-at-11.36.36-1152x1536.jpeg",1152,1536,true],"2048x2048":["https:\/\/portal.pi.gov.br\/detran\/wp-content\/uploads\/sites\/62\/2023\/05\/WhatsApp-Image-2023-05-03-at-11.36.36-e1683125050176.jpeg",1200,639,false],"homepage-slider":["https:\/\/portal.pi.gov.br\/detran\/wp-content\/uploads\/sites\/62\/2023\/05\/WhatsApp-Image-2023-05-03-at-11.36.36-e1683125050176-1200x500.jpeg",1200,500,true],"homepage-slider-small":["https:\/\/portal.pi.gov.br\/detran\/wp-content\/uploads\/sites\/62\/2023\/05\/WhatsApp-Image-2023-05-03-at-11.36.36-e1683125050176-947x500.jpeg",947,500,true],"page-top":["https:\/\/portal.pi.gov.br\/detran\/wp-content\/uploads\/sites\/62\/2023\/05\/WhatsApp-Image-2023-05-03-at-11.36.36-e1683125050176-947x504.jpeg",947,504,true],"page-small":["https:\/\/portal.pi.gov.br\/detran\/wp-content\/uploads\/sites\/62\/2023\/05\/WhatsApp-Image-2023-05-03-at-11.36.36-e1683125050176-624x332.jpeg",624,332,true],"loop-main":["https:\/\/portal.pi.gov.br\/detran\/wp-content\/uploads\/sites\/62\/2023\/05\/WhatsApp-Image-2023-05-03-at-11.36.36-e1683125050176-365x240.jpeg",365,240,true],"thumb-gallery-widget":["https:\/\/portal.pi.gov.br\/detran\/wp-content\/uploads\/sites\/62\/2023\/05\/WhatsApp-Image-2023-05-03-at-11.36.36-e1683125050176-84x56.jpeg",84,56,true]},"post_excerpt_stackable_v2":"<p>O Departamento Estadual de Tr\u00e2nsito do Piau\u00ed (Detran-PI) realizou Atividades Educativas em alus\u00e3o aos 10 anos do Movimento Internacional Maio Amarelo, nesta ter\u00e7a-feira (02), durante evento promovido pela Secretaria de Estado dos Transportes (Setrans). As equipes do \u00f3rg\u00e3o atuaram com um stand tem\u00e1tico e distribui\u00e7\u00e3o de panfletos educativos e orienta\u00e7\u00f5es sobre educa\u00e7\u00e3o no tr\u00e2nsito. O diretor da Escola Piauiense de Tr\u00e2nsito, Daniel Carvalho, destacou que as a\u00e7\u00f5es educativas que ser\u00e3o realizadas ao longo deste m\u00eas visam \u00e0 conscientiza\u00e7\u00e3o dos condutores e a preven\u00e7\u00e3o de acidentes de tr\u00e2nsito. \u201cUm evento de grande valia para iniciarmos os trabalhos do Maio Amarelo com&hellip;<\/p>\n","category_list_v2":"<a href=\"https:\/\/portal.pi.gov.br\/detran\/category\/noticias\/\" rel=\"category tag\">Not\u00edcias<\/a>","author_info_v2":{"name":"admin","url":"https:\/\/portal.pi.gov.br\/detran\/author\/admin\/"},"comments_num_v2":"0 coment\u00e1rio","jetpack_featured_media_url":"https:\/\/portal.pi.gov.br\/detran\/wp-content\/uploads\/sites\/62\/2023\/05\/WhatsApp-Image-2023-05-03-at-11.36.36-e1683125050176.jpeg","_links":{"self":[{"href":"https:\/\/portal.pi.gov.br\/detran\/wp-json\/wp\/v2\/posts\/1106"}],"collection":[{"href":"https:\/\/portal.pi.gov.br\/detran\/wp-json\/wp\/v2\/posts"}],"about":[{"href":"https:\/\/portal.pi.gov.br\/detran\/wp-json\/wp\/v2\/types\/post"}],"author":[{"embeddable":true,"href":"https:\/\/portal.pi.gov.br\/detran\/wp-json\/wp\/v2\/users\/1"}],"replies":[{"embeddable":true,"href":"https:\/\/portal.pi.gov.br\/detran\/wp-json\/wp\/v2\/comments?post=1106"}],"version-history":[{"count":2,"href":"https:\/\/portal.pi.gov.br\/detran\/wp-json\/wp\/v2\/posts\/1106\/revisions"}],"predecessor-version":[{"id":1115,"href":"https:\/\/portal.pi.gov.br\/detran\/wp-json\/wp\/v2\/posts\/1106\/revisions\/1115"}],"wp:featuredmedia":[{"embeddable":true,"href":"https:\/\/portal.pi.gov.br\/detran\/wp-json\/wp\/v2\/media\/1107"}],"wp:attachment":[{"href":"https:\/\/portal.pi.gov.br\/detran\/wp-json\/wp\/v2\/media?parent=1106"}],"wp:term":[{"taxonomy":"category","embeddable":true,"href":"https:\/\/portal.pi.gov.br\/detran\/wp-json\/wp\/v2\/categories?post=1106"},{"taxonomy":"post_tag","embeddable":true,"href":"https:\/\/portal.pi.gov.br\/detran\/wp-json\/wp\/v2\/tags?post=1106"}],"curies":[{"name":"wp","href":"https:\/\/api.w.org\/{rel}","templated":true}]}}