{"id":1118,"date":"2023-05-03T11:46:25","date_gmt":"2023-05-03T14:46:25","guid":{"rendered":"https:\/\/portal.pi.gov.br\/detran\/?p=1118"},"modified":"2023-05-03T11:46:25","modified_gmt":"2023-05-03T14:46:25","slug":"escola-piauiense-de-transito-levara-acoes-educativas-ao-interior-do-estado-nos-10-anos-do-maio-amarelo","status":"publish","type":"post","link":"https:\/\/portal.pi.gov.br\/detran\/escola-piauiense-de-transito-levara-acoes-educativas-ao-interior-do-estado-nos-10-anos-do-maio-amarelo\/","title":{"rendered":"Escola Piauiense de Tr\u00e2nsito levar\u00e1 A\u00e7\u00f5es Educativas ao interior do Estado nos 10 anos do Maio Amarelo"},"content":{"rendered":"\n<figure class=\"wp-block-image size-large\"><img decoding=\"async\" loading=\"lazy\" width=\"1024\" height=\"682\" src=\"https:\/\/portal.pi.gov.br\/detran\/wp-content\/uploads\/sites\/62\/2023\/05\/WhatsApp-Image-2023-05-03-at-11.33.08-1024x682.jpeg\" alt=\"\" class=\"wp-image-1111\" srcset=\"https:\/\/portal.pi.gov.br\/detran\/wp-content\/uploads\/sites\/62\/2023\/05\/WhatsApp-Image-2023-05-03-at-11.33.08-1024x682.jpeg 1024w, https:\/\/portal.pi.gov.br\/detran\/wp-content\/uploads\/sites\/62\/2023\/05\/WhatsApp-Image-2023-05-03-at-11.33.08-300x200.jpeg 300w, https:\/\/portal.pi.gov.br\/detran\/wp-content\/uploads\/sites\/62\/2023\/05\/WhatsApp-Image-2023-05-03-at-11.33.08-768x512.jpeg 768w, https:\/\/portal.pi.gov.br\/detran\/wp-content\/uploads\/sites\/62\/2023\/05\/WhatsApp-Image-2023-05-03-at-11.33.08-420x280.jpeg 420w, https:\/\/portal.pi.gov.br\/detran\/wp-content\/uploads\/sites\/62\/2023\/05\/WhatsApp-Image-2023-05-03-at-11.33.08-540x360.jpeg 540w, https:\/\/portal.pi.gov.br\/detran\/wp-content\/uploads\/sites\/62\/2023\/05\/WhatsApp-Image-2023-05-03-at-11.33.08-780x520.jpeg 780w, https:\/\/portal.pi.gov.br\/detran\/wp-content\/uploads\/sites\/62\/2023\/05\/WhatsApp-Image-2023-05-03-at-11.33.08-1536x1023.jpeg 1536w, https:\/\/portal.pi.gov.br\/detran\/wp-content\/uploads\/sites\/62\/2023\/05\/WhatsApp-Image-2023-05-03-at-11.33.08-947x631.jpeg 947w, https:\/\/portal.pi.gov.br\/detran\/wp-content\/uploads\/sites\/62\/2023\/05\/WhatsApp-Image-2023-05-03-at-11.33.08-624x416.jpeg 624w, https:\/\/portal.pi.gov.br\/detran\/wp-content\/uploads\/sites\/62\/2023\/05\/WhatsApp-Image-2023-05-03-at-11.33.08-84x56.jpeg 84w, https:\/\/portal.pi.gov.br\/detran\/wp-content\/uploads\/sites\/62\/2023\/05\/WhatsApp-Image-2023-05-03-at-11.33.08.jpeg 1600w\" sizes=\"(max-width: 1024px) 100vw, 1024px\" \/><\/figure>\n\n\n\n<p>A Escola Piauiense de Tr\u00e2nsito, \u00f3rg\u00e3o integrado ao Departamento Estadual de Tr\u00e2nsito (Detran-PI), promover\u00e1 atividades educacionais em diversas cidades do interior, na programa\u00e7\u00e3o oficial em alus\u00e3o aos 10 anos do Movimento Internacional Maio Amarelo. A iniciativa contar\u00e1 com mais de 120 profissionais.<br>A Campanha Maio Amarelo deste ano tem como tema \u201cNo tr\u00e2nsito, escolha a vida\u201d. A tem\u00e1tica tem a proposta de mostrar para a sociedade a import\u00e2ncia da ado\u00e7\u00e3o de boas pr\u00e1ticas no tr\u00e2nsito, visando a preserva\u00e7\u00e3o da vida humana. \u201cPromover o respeito e a responsabilidade com as pessoas no tr\u00e2nsito \u00e9 a melhor demonstra\u00e7\u00e3o de valoriza\u00e7\u00e3o da vida\u201d, destaca o diretor da Escola, Daniel Carvalho.<br>A Escola Piauiense de Tr\u00e2nsito anunciou ainda o cronograma de a\u00e7\u00f5es em alus\u00e3o ao Movimento Maio Amarelo 2023. Mais de 10 mil Cartilhas Infantis sobre a tem\u00e1tica ser\u00e3o distribu\u00eddas em escolas do Estado e equipes do Detran v\u00e3o atuar em cidades estrat\u00e9gicas com atividades de conscientiza\u00e7\u00e3o sobre boas pr\u00e1ticas a serem adotadas no tr\u00e2nsito.<\/p>\n\n\n\n<p>\u00a0<br><strong>CONFIRA A PROGRAMA\u00c7\u00c3O OFICIAL DA ESCOLA DE TRANSITO<\/strong><\/p>\n\n\n\n<p><br>02\/05 e 04\/05: Realiza\u00e7\u00f5es de A\u00e7\u00f5es Educativas em Teresina com a colabora\u00e7\u00e3o dos parceiros.<br>03\/05: Abertura do Maio Amarelo 2023 na cidade de Campo Maior-PI.<br>05\/05: Abertura do Maio Amarelo 2023 na cidade de Piripiri-PI.<br>11\/05 e 12\/05: Participa\u00e7\u00e3o e realiza\u00e7\u00e3o de trabalhos educativos no \u201cCidade Inclusiva 2023\u201d em Teresina.<br>15\/05 e 16\/05: A\u00e7\u00f5es educativas, debates, semin\u00e1rios e palestras na cidade de Paes Landim-PI.<br>18\/05 e 19\/05: Palestras educativas na cidade de Dom Inoc\u00eancio-PI.<br>28\/05: A\u00e7\u00f5es educativas e palestras na cidade de Palmeirais-PI<br>27\/05: Encerramento das atividades do Maio Amarelo 2023 em Teresina-PI.<\/p>\n","protected":false},"excerpt":{"rendered":"<p>A Escola Piauiense de Tr\u00e2nsito, \u00f3rg\u00e3o integrado ao Departamento Estadual de Tr\u00e2nsito (Detran-PI), promover\u00e1 atividades educacionais em diversas cidades do interior, na programa\u00e7\u00e3o oficial em alus\u00e3o aos 10 anos do [&hellip;]<\/p>\n","protected":false},"author":1732,"featured_media":1111,"comment_status":"closed","ping_status":"closed","sticky":false,"template":"","format":"standard","meta":[],"categories":[41],"tags":[],"featured_image_urls":{"full":["https:\/\/portal.pi.gov.br\/detran\/wp-content\/uploads\/sites\/62\/2023\/05\/WhatsApp-Image-2023-05-03-at-11.33.08.jpeg",1600,1066,false],"thumbnail":["https:\/\/portal.pi.gov.br\/detran\/wp-content\/uploads\/sites\/62\/2023\/05\/WhatsApp-Image-2023-05-03-at-11.33.08-150x150.jpeg",150,150,true],"medium":["https:\/\/portal.pi.gov.br\/detran\/wp-content\/uploads\/sites\/62\/2023\/05\/WhatsApp-Image-2023-05-03-at-11.33.08-300x200.jpeg",300,200,true],"medium_large":["https:\/\/portal.pi.gov.br\/detran\/wp-content\/uploads\/sites\/62\/2023\/05\/WhatsApp-Image-2023-05-03-at-11.33.08-768x512.jpeg",768,512,true],"large":["https:\/\/portal.pi.gov.br\/detran\/wp-content\/uploads\/sites\/62\/2023\/05\/WhatsApp-Image-2023-05-03-at-11.33.08-1024x682.jpeg",887,591,true],"sgg-420":["https:\/\/portal.pi.gov.br\/detran\/wp-content\/uploads\/sites\/62\/2023\/05\/WhatsApp-Image-2023-05-03-at-11.33.08-420x280.jpeg",420,280,true],"sgg-540":["https:\/\/portal.pi.gov.br\/detran\/wp-content\/uploads\/sites\/62\/2023\/05\/WhatsApp-Image-2023-05-03-at-11.33.08-540x360.jpeg",540,360,true],"sgg-780":["https:\/\/portal.pi.gov.br\/detran\/wp-content\/uploads\/sites\/62\/2023\/05\/WhatsApp-Image-2023-05-03-at-11.33.08-780x520.jpeg",780,520,true],"1536x1536":["https:\/\/portal.pi.gov.br\/detran\/wp-content\/uploads\/sites\/62\/2023\/05\/WhatsApp-Image-2023-05-03-at-11.33.08-1536x1023.jpeg",1536,1023,true],"2048x2048":["https:\/\/portal.pi.gov.br\/detran\/wp-content\/uploads\/sites\/62\/2023\/05\/WhatsApp-Image-2023-05-03-at-11.33.08.jpeg",1600,1066,false],"homepage-slider":["https:\/\/portal.pi.gov.br\/detran\/wp-content\/uploads\/sites\/62\/2023\/05\/WhatsApp-Image-2023-05-03-at-11.33.08-1270x500.jpeg",1270,500,true],"homepage-slider-small":["https:\/\/portal.pi.gov.br\/detran\/wp-content\/uploads\/sites\/62\/2023\/05\/WhatsApp-Image-2023-05-03-at-11.33.08-947x500.jpeg",947,500,true],"page-top":["https:\/\/portal.pi.gov.br\/detran\/wp-content\/uploads\/sites\/62\/2023\/05\/WhatsApp-Image-2023-05-03-at-11.33.08-947x631.jpeg",947,631,true],"page-small":["https:\/\/portal.pi.gov.br\/detran\/wp-content\/uploads\/sites\/62\/2023\/05\/WhatsApp-Image-2023-05-03-at-11.33.08-624x416.jpeg",624,416,true],"loop-main":["https:\/\/portal.pi.gov.br\/detran\/wp-content\/uploads\/sites\/62\/2023\/05\/WhatsApp-Image-2023-05-03-at-11.33.08-365x240.jpeg",365,240,true],"thumb-gallery-widget":["https:\/\/portal.pi.gov.br\/detran\/wp-content\/uploads\/sites\/62\/2023\/05\/WhatsApp-Image-2023-05-03-at-11.33.08-84x56.jpeg",84,56,true]},"post_excerpt_stackable":"<p>A Escola Piauiense de Tr\u00e2nsito, \u00f3rg\u00e3o integrado ao Departamento Estadual de Tr\u00e2nsito (Detran-PI), promover\u00e1 atividades educacionais em diversas cidades do interior, na programa\u00e7\u00e3o oficial em alus\u00e3o aos 10 anos do Movimento Internacional Maio Amarelo. A iniciativa contar\u00e1 com mais de 120 profissionais.A Campanha Maio Amarelo deste ano tem como tema \u201cNo tr\u00e2nsito, escolha a vida\u201d. A tem\u00e1tica tem a proposta de mostrar para a sociedade a import\u00e2ncia da ado\u00e7\u00e3o de boas pr\u00e1ticas no tr\u00e2nsito, visando a preserva\u00e7\u00e3o da vida humana. \u201cPromover o respeito e a responsabilidade com as pessoas no tr\u00e2nsito \u00e9 a melhor demonstra\u00e7\u00e3o de valoriza\u00e7\u00e3o da vida\u201d, destaca&hellip;<\/p>\n","category_list":"<a href=\"https:\/\/portal.pi.gov.br\/detran\/category\/noticias\/\" rel=\"category tag\">Not\u00edcias<\/a>","author_info":{"name":"matheussouza","url":"https:\/\/portal.pi.gov.br\/detran\/author\/matheussouza\/"},"comments_num":"0 coment\u00e1rio","featured_image_urls_v2":{"full":["https:\/\/portal.pi.gov.br\/detran\/wp-content\/uploads\/sites\/62\/2023\/05\/WhatsApp-Image-2023-05-03-at-11.33.08.jpeg",1600,1066,false],"thumbnail":["https:\/\/portal.pi.gov.br\/detran\/wp-content\/uploads\/sites\/62\/2023\/05\/WhatsApp-Image-2023-05-03-at-11.33.08-150x150.jpeg",150,150,true],"medium":["https:\/\/portal.pi.gov.br\/detran\/wp-content\/uploads\/sites\/62\/2023\/05\/WhatsApp-Image-2023-05-03-at-11.33.08-300x200.jpeg",300,200,true],"medium_large":["https:\/\/portal.pi.gov.br\/detran\/wp-content\/uploads\/sites\/62\/2023\/05\/WhatsApp-Image-2023-05-03-at-11.33.08-768x512.jpeg",768,512,true],"large":["https:\/\/portal.pi.gov.br\/detran\/wp-content\/uploads\/sites\/62\/2023\/05\/WhatsApp-Image-2023-05-03-at-11.33.08-1024x682.jpeg",887,591,true],"sgg-420":["https:\/\/portal.pi.gov.br\/detran\/wp-content\/uploads\/sites\/62\/2023\/05\/WhatsApp-Image-2023-05-03-at-11.33.08-420x280.jpeg",420,280,true],"sgg-540":["https:\/\/portal.pi.gov.br\/detran\/wp-content\/uploads\/sites\/62\/2023\/05\/WhatsApp-Image-2023-05-03-at-11.33.08-540x360.jpeg",540,360,true],"sgg-780":["https:\/\/portal.pi.gov.br\/detran\/wp-content\/uploads\/sites\/62\/2023\/05\/WhatsApp-Image-2023-05-03-at-11.33.08-780x520.jpeg",780,520,true],"1536x1536":["https:\/\/portal.pi.gov.br\/detran\/wp-content\/uploads\/sites\/62\/2023\/05\/WhatsApp-Image-2023-05-03-at-11.33.08-1536x1023.jpeg",1536,1023,true],"2048x2048":["https:\/\/portal.pi.gov.br\/detran\/wp-content\/uploads\/sites\/62\/2023\/05\/WhatsApp-Image-2023-05-03-at-11.33.08.jpeg",1600,1066,false],"homepage-slider":["https:\/\/portal.pi.gov.br\/detran\/wp-content\/uploads\/sites\/62\/2023\/05\/WhatsApp-Image-2023-05-03-at-11.33.08-1270x500.jpeg",1270,500,true],"homepage-slider-small":["https:\/\/portal.pi.gov.br\/detran\/wp-content\/uploads\/sites\/62\/2023\/05\/WhatsApp-Image-2023-05-03-at-11.33.08-947x500.jpeg",947,500,true],"page-top":["https:\/\/portal.pi.gov.br\/detran\/wp-content\/uploads\/sites\/62\/2023\/05\/WhatsApp-Image-2023-05-03-at-11.33.08-947x631.jpeg",947,631,true],"page-small":["https:\/\/portal.pi.gov.br\/detran\/wp-content\/uploads\/sites\/62\/2023\/05\/WhatsApp-Image-2023-05-03-at-11.33.08-624x416.jpeg",624,416,true],"loop-main":["https:\/\/portal.pi.gov.br\/detran\/wp-content\/uploads\/sites\/62\/2023\/05\/WhatsApp-Image-2023-05-03-at-11.33.08-365x240.jpeg",365,240,true],"thumb-gallery-widget":["https:\/\/portal.pi.gov.br\/detran\/wp-content\/uploads\/sites\/62\/2023\/05\/WhatsApp-Image-2023-05-03-at-11.33.08-84x56.jpeg",84,56,true]},"post_excerpt_stackable_v2":"<p>A Escola Piauiense de Tr\u00e2nsito, \u00f3rg\u00e3o integrado ao Departamento Estadual de Tr\u00e2nsito (Detran-PI), promover\u00e1 atividades educacionais em diversas cidades do interior, na programa\u00e7\u00e3o oficial em alus\u00e3o aos 10 anos do Movimento Internacional Maio Amarelo. A iniciativa contar\u00e1 com mais de 120 profissionais.A Campanha Maio Amarelo deste ano tem como tema \u201cNo tr\u00e2nsito, escolha a vida\u201d. A tem\u00e1tica tem a proposta de mostrar para a sociedade a import\u00e2ncia da ado\u00e7\u00e3o de boas pr\u00e1ticas no tr\u00e2nsito, visando a preserva\u00e7\u00e3o da vida humana. \u201cPromover o respeito e a responsabilidade com as pessoas no tr\u00e2nsito \u00e9 a melhor demonstra\u00e7\u00e3o de valoriza\u00e7\u00e3o da vida\u201d, destaca&hellip;<\/p>\n","category_list_v2":"<a href=\"https:\/\/portal.pi.gov.br\/detran\/category\/noticias\/\" rel=\"category tag\">Not\u00edcias<\/a>","author_info_v2":{"name":"matheussouza","url":"https:\/\/portal.pi.gov.br\/detran\/author\/matheussouza\/"},"comments_num_v2":"0 coment\u00e1rio","jetpack_featured_media_url":"https:\/\/portal.pi.gov.br\/detran\/wp-content\/uploads\/sites\/62\/2023\/05\/WhatsApp-Image-2023-05-03-at-11.33.08.jpeg","_links":{"self":[{"href":"https:\/\/portal.pi.gov.br\/detran\/wp-json\/wp\/v2\/posts\/1118"}],"collection":[{"href":"https:\/\/portal.pi.gov.br\/detran\/wp-json\/wp\/v2\/posts"}],"about":[{"href":"https:\/\/portal.pi.gov.br\/detran\/wp-json\/wp\/v2\/types\/post"}],"author":[{"embeddable":true,"href":"https:\/\/portal.pi.gov.br\/detran\/wp-json\/wp\/v2\/users\/1732"}],"replies":[{"embeddable":true,"href":"https:\/\/portal.pi.gov.br\/detran\/wp-json\/wp\/v2\/comments?post=1118"}],"version-history":[{"count":1,"href":"https:\/\/portal.pi.gov.br\/detran\/wp-json\/wp\/v2\/posts\/1118\/revisions"}],"predecessor-version":[{"id":1119,"href":"https:\/\/portal.pi.gov.br\/detran\/wp-json\/wp\/v2\/posts\/1118\/revisions\/1119"}],"wp:featuredmedia":[{"embeddable":true,"href":"https:\/\/portal.pi.gov.br\/detran\/wp-json\/wp\/v2\/media\/1111"}],"wp:attachment":[{"href":"https:\/\/portal.pi.gov.br\/detran\/wp-json\/wp\/v2\/media?parent=1118"}],"wp:term":[{"taxonomy":"category","embeddable":true,"href":"https:\/\/portal.pi.gov.br\/detran\/wp-json\/wp\/v2\/categories?post=1118"},{"taxonomy":"post_tag","embeddable":true,"href":"https:\/\/portal.pi.gov.br\/detran\/wp-json\/wp\/v2\/tags?post=1118"}],"curies":[{"name":"wp","href":"https:\/\/api.w.org\/{rel}","templated":true}]}}