{"id":1122,"date":"2023-05-09T12:48:31","date_gmt":"2023-05-09T15:48:31","guid":{"rendered":"https:\/\/portal.pi.gov.br\/detran\/?p=1122"},"modified":"2023-05-09T12:48:32","modified_gmt":"2023-05-09T15:48:32","slug":"detran-pi-planeja-acoes-educativas-para-festival-de-inverno-de-pedro-ii","status":"publish","type":"post","link":"https:\/\/portal.pi.gov.br\/detran\/detran-pi-planeja-acoes-educativas-para-festival-de-inverno-de-pedro-ii\/","title":{"rendered":"Detran-PI planeja A\u00e7\u00f5es Educativas para Festival de Inverno de Pedro II"},"content":{"rendered":"<div class=\"wp-block-image\">\n<figure class=\"aligncenter size-full\"><img decoding=\"async\" loading=\"lazy\" width=\"406\" height=\"264\" src=\"https:\/\/portal.pi.gov.br\/detran\/wp-content\/uploads\/sites\/62\/2023\/05\/pdro.jpg\" alt=\"\" class=\"wp-image-1123\" srcset=\"https:\/\/portal.pi.gov.br\/detran\/wp-content\/uploads\/sites\/62\/2023\/05\/pdro.jpg 406w, https:\/\/portal.pi.gov.br\/detran\/wp-content\/uploads\/sites\/62\/2023\/05\/pdro-300x195.jpg 300w, https:\/\/portal.pi.gov.br\/detran\/wp-content\/uploads\/sites\/62\/2023\/05\/pdro-84x56.jpg 84w\" sizes=\"(max-width: 406px) 100vw, 406px\" \/><\/figure><\/div>\n\n\n<p>O Departamento de Tr\u00e2nsito do Piau\u00ed (Detran-PI) realizar\u00e1 A\u00e7\u00f5es Educativas no per\u00edodo da 17\u00aa Edi\u00e7\u00e3o do Festival de Inverno de Pedro II, nos dias 8 e 11 de junho de 2023. O \u00f3rg\u00e3o atuar\u00e1 em pontos estrat\u00e9gicos para organiza\u00e7\u00e3o do fluxo de ve\u00edculos e preven\u00e7\u00e3o de acidentes na cidade.<\/p>\n\n\n\n<p>As a\u00e7\u00f5es foram discutidas e alinhadas durante reuni\u00e3o com representantes de diversas institui\u00e7\u00f5es de seguran\u00e7a p\u00fablica, cultura e tr\u00e2nsito, ocorrida ontem (08), no Pal\u00e1cio do Governo do Estado. O Detran promover\u00e1 a distribui\u00e7\u00e3o de material educativo e atividades de ordem para prote\u00e7\u00e3o \u00e0 vida no tr\u00e2nsito.<\/p>\n\n\n\n<p>\u201cO Piau\u00ed \u00e9 o destino tur\u00edstico mais procurado nesta temporada, por isso o Detran exerce papel fundamental para a seguran\u00e7a no tr\u00e2nsito dos turistas e demais participantes de eventos de cunho internacional, como o Festival de Inverno de Pedro II\u201d, garante a Diretora-geral do Detran-PI, Luana Barradas.<\/p>\n\n\n\n<p>Destaque<\/p>\n\n\n\n<p>O governador do Piau\u00ed, Rafael Fonteles, divulgou neste domingo (7), que o Minist\u00e9rio do Turismo listou o munic\u00edpio de Pedro II como um dos destinos imperd\u00edveis para quem pretende fugir do calor e curtir um clima mais agrad\u00e1vel com a diversidade de cachoeiras e serras, principalmente neste per\u00edodo que vai acontecer a 17\u00aa edi\u00e7\u00e3o do Festival de Inverno.<\/p>\n\n\n\n<p><\/p>\n","protected":false},"excerpt":{"rendered":"<p>O Departamento de Tr\u00e2nsito do Piau\u00ed (Detran-PI) realizar\u00e1 A\u00e7\u00f5es Educativas no per\u00edodo da 17\u00aa Edi\u00e7\u00e3o do Festival de Inverno de Pedro II, nos dias 8 e 11 de junho de [&hellip;]<\/p>\n","protected":false},"author":1732,"featured_media":1123,"comment_status":"closed","ping_status":"closed","sticky":false,"template":"","format":"standard","meta":[],"categories":[41],"tags":[],"featured_image_urls":{"full":["https:\/\/portal.pi.gov.br\/detran\/wp-content\/uploads\/sites\/62\/2023\/05\/pdro.jpg",406,264,false],"thumbnail":["https:\/\/portal.pi.gov.br\/detran\/wp-content\/uploads\/sites\/62\/2023\/05\/pdro-150x150.jpg",150,150,true],"medium":["https:\/\/portal.pi.gov.br\/detran\/wp-content\/uploads\/sites\/62\/2023\/05\/pdro-300x195.jpg",300,195,true],"medium_large":["https:\/\/portal.pi.gov.br\/detran\/wp-content\/uploads\/sites\/62\/2023\/05\/pdro.jpg",406,264,false],"large":["https:\/\/portal.pi.gov.br\/detran\/wp-content\/uploads\/sites\/62\/2023\/05\/pdro.jpg",406,264,false],"sgg-420":["https:\/\/portal.pi.gov.br\/detran\/wp-content\/uploads\/sites\/62\/2023\/05\/pdro.jpg",406,264,false],"sgg-540":["https:\/\/portal.pi.gov.br\/detran\/wp-content\/uploads\/sites\/62\/2023\/05\/pdro.jpg",406,264,false],"sgg-780":["https:\/\/portal.pi.gov.br\/detran\/wp-content\/uploads\/sites\/62\/2023\/05\/pdro.jpg",406,264,false],"1536x1536":["https:\/\/portal.pi.gov.br\/detran\/wp-content\/uploads\/sites\/62\/2023\/05\/pdro.jpg",406,264,false],"2048x2048":["https:\/\/portal.pi.gov.br\/detran\/wp-content\/uploads\/sites\/62\/2023\/05\/pdro.jpg",406,264,false],"homepage-slider":["https:\/\/portal.pi.gov.br\/detran\/wp-content\/uploads\/sites\/62\/2023\/05\/pdro.jpg",406,264,false],"homepage-slider-small":["https:\/\/portal.pi.gov.br\/detran\/wp-content\/uploads\/sites\/62\/2023\/05\/pdro.jpg",406,264,false],"page-top":["https:\/\/portal.pi.gov.br\/detran\/wp-content\/uploads\/sites\/62\/2023\/05\/pdro.jpg",406,264,false],"page-small":["https:\/\/portal.pi.gov.br\/detran\/wp-content\/uploads\/sites\/62\/2023\/05\/pdro.jpg",406,264,false],"loop-main":["https:\/\/portal.pi.gov.br\/detran\/wp-content\/uploads\/sites\/62\/2023\/05\/pdro-365x240.jpg",365,240,true],"thumb-gallery-widget":["https:\/\/portal.pi.gov.br\/detran\/wp-content\/uploads\/sites\/62\/2023\/05\/pdro-84x56.jpg",84,56,true]},"post_excerpt_stackable":"<p>O Departamento de Tr\u00e2nsito do Piau\u00ed (Detran-PI) realizar\u00e1 A\u00e7\u00f5es Educativas no per\u00edodo da 17\u00aa Edi\u00e7\u00e3o do Festival de Inverno de Pedro II, nos dias 8 e 11 de junho de 2023. O \u00f3rg\u00e3o atuar\u00e1 em pontos estrat\u00e9gicos para organiza\u00e7\u00e3o do fluxo de ve\u00edculos e preven\u00e7\u00e3o de acidentes na cidade. As a\u00e7\u00f5es foram discutidas e alinhadas durante reuni\u00e3o com representantes de diversas institui\u00e7\u00f5es de seguran\u00e7a p\u00fablica, cultura e tr\u00e2nsito, ocorrida ontem (08), no Pal\u00e1cio do Governo do Estado. O Detran promover\u00e1 a distribui\u00e7\u00e3o de material educativo e atividades de ordem para prote\u00e7\u00e3o \u00e0 vida no tr\u00e2nsito. \u201cO Piau\u00ed \u00e9 o destino&hellip;<\/p>\n","category_list":"<a href=\"https:\/\/portal.pi.gov.br\/detran\/category\/noticias\/\" rel=\"category tag\">Not\u00edcias<\/a>","author_info":{"name":"matheussouza","url":"https:\/\/portal.pi.gov.br\/detran\/author\/matheussouza\/"},"comments_num":"0 coment\u00e1rio","featured_image_urls_v2":{"full":["https:\/\/portal.pi.gov.br\/detran\/wp-content\/uploads\/sites\/62\/2023\/05\/pdro.jpg",406,264,false],"thumbnail":["https:\/\/portal.pi.gov.br\/detran\/wp-content\/uploads\/sites\/62\/2023\/05\/pdro-150x150.jpg",150,150,true],"medium":["https:\/\/portal.pi.gov.br\/detran\/wp-content\/uploads\/sites\/62\/2023\/05\/pdro-300x195.jpg",300,195,true],"medium_large":["https:\/\/portal.pi.gov.br\/detran\/wp-content\/uploads\/sites\/62\/2023\/05\/pdro.jpg",406,264,false],"large":["https:\/\/portal.pi.gov.br\/detran\/wp-content\/uploads\/sites\/62\/2023\/05\/pdro.jpg",406,264,false],"sgg-420":["https:\/\/portal.pi.gov.br\/detran\/wp-content\/uploads\/sites\/62\/2023\/05\/pdro.jpg",406,264,false],"sgg-540":["https:\/\/portal.pi.gov.br\/detran\/wp-content\/uploads\/sites\/62\/2023\/05\/pdro.jpg",406,264,false],"sgg-780":["https:\/\/portal.pi.gov.br\/detran\/wp-content\/uploads\/sites\/62\/2023\/05\/pdro.jpg",406,264,false],"1536x1536":["https:\/\/portal.pi.gov.br\/detran\/wp-content\/uploads\/sites\/62\/2023\/05\/pdro.jpg",406,264,false],"2048x2048":["https:\/\/portal.pi.gov.br\/detran\/wp-content\/uploads\/sites\/62\/2023\/05\/pdro.jpg",406,264,false],"homepage-slider":["https:\/\/portal.pi.gov.br\/detran\/wp-content\/uploads\/sites\/62\/2023\/05\/pdro.jpg",406,264,false],"homepage-slider-small":["https:\/\/portal.pi.gov.br\/detran\/wp-content\/uploads\/sites\/62\/2023\/05\/pdro.jpg",406,264,false],"page-top":["https:\/\/portal.pi.gov.br\/detran\/wp-content\/uploads\/sites\/62\/2023\/05\/pdro.jpg",406,264,false],"page-small":["https:\/\/portal.pi.gov.br\/detran\/wp-content\/uploads\/sites\/62\/2023\/05\/pdro.jpg",406,264,false],"loop-main":["https:\/\/portal.pi.gov.br\/detran\/wp-content\/uploads\/sites\/62\/2023\/05\/pdro-365x240.jpg",365,240,true],"thumb-gallery-widget":["https:\/\/portal.pi.gov.br\/detran\/wp-content\/uploads\/sites\/62\/2023\/05\/pdro-84x56.jpg",84,56,true]},"post_excerpt_stackable_v2":"<p>O Departamento de Tr\u00e2nsito do Piau\u00ed (Detran-PI) realizar\u00e1 A\u00e7\u00f5es Educativas no per\u00edodo da 17\u00aa Edi\u00e7\u00e3o do Festival de Inverno de Pedro II, nos dias 8 e 11 de junho de 2023. O \u00f3rg\u00e3o atuar\u00e1 em pontos estrat\u00e9gicos para organiza\u00e7\u00e3o do fluxo de ve\u00edculos e preven\u00e7\u00e3o de acidentes na cidade. As a\u00e7\u00f5es foram discutidas e alinhadas durante reuni\u00e3o com representantes de diversas institui\u00e7\u00f5es de seguran\u00e7a p\u00fablica, cultura e tr\u00e2nsito, ocorrida ontem (08), no Pal\u00e1cio do Governo do Estado. O Detran promover\u00e1 a distribui\u00e7\u00e3o de material educativo e atividades de ordem para prote\u00e7\u00e3o \u00e0 vida no tr\u00e2nsito. \u201cO Piau\u00ed \u00e9 o destino&hellip;<\/p>\n","category_list_v2":"<a href=\"https:\/\/portal.pi.gov.br\/detran\/category\/noticias\/\" rel=\"category tag\">Not\u00edcias<\/a>","author_info_v2":{"name":"matheussouza","url":"https:\/\/portal.pi.gov.br\/detran\/author\/matheussouza\/"},"comments_num_v2":"0 coment\u00e1rio","jetpack_featured_media_url":"https:\/\/portal.pi.gov.br\/detran\/wp-content\/uploads\/sites\/62\/2023\/05\/pdro.jpg","_links":{"self":[{"href":"https:\/\/portal.pi.gov.br\/detran\/wp-json\/wp\/v2\/posts\/1122"}],"collection":[{"href":"https:\/\/portal.pi.gov.br\/detran\/wp-json\/wp\/v2\/posts"}],"about":[{"href":"https:\/\/portal.pi.gov.br\/detran\/wp-json\/wp\/v2\/types\/post"}],"author":[{"embeddable":true,"href":"https:\/\/portal.pi.gov.br\/detran\/wp-json\/wp\/v2\/users\/1732"}],"replies":[{"embeddable":true,"href":"https:\/\/portal.pi.gov.br\/detran\/wp-json\/wp\/v2\/comments?post=1122"}],"version-history":[{"count":1,"href":"https:\/\/portal.pi.gov.br\/detran\/wp-json\/wp\/v2\/posts\/1122\/revisions"}],"predecessor-version":[{"id":1124,"href":"https:\/\/portal.pi.gov.br\/detran\/wp-json\/wp\/v2\/posts\/1122\/revisions\/1124"}],"wp:featuredmedia":[{"embeddable":true,"href":"https:\/\/portal.pi.gov.br\/detran\/wp-json\/wp\/v2\/media\/1123"}],"wp:attachment":[{"href":"https:\/\/portal.pi.gov.br\/detran\/wp-json\/wp\/v2\/media?parent=1122"}],"wp:term":[{"taxonomy":"category","embeddable":true,"href":"https:\/\/portal.pi.gov.br\/detran\/wp-json\/wp\/v2\/categories?post=1122"},{"taxonomy":"post_tag","embeddable":true,"href":"https:\/\/portal.pi.gov.br\/detran\/wp-json\/wp\/v2\/tags?post=1122"}],"curies":[{"name":"wp","href":"https:\/\/api.w.org\/{rel}","templated":true}]}}