{"id":1125,"date":"2023-05-16T12:11:38","date_gmt":"2023-05-16T15:11:38","guid":{"rendered":"https:\/\/portal.pi.gov.br\/detran\/?p=1125"},"modified":"2023-05-16T12:12:15","modified_gmt":"2023-05-16T15:12:15","slug":"detran-pi-realizara-intervencoes-educativas-nas-avenidas-mais-perigosas-de-teresina","status":"publish","type":"post","link":"https:\/\/portal.pi.gov.br\/detran\/detran-pi-realizara-intervencoes-educativas-nas-avenidas-mais-perigosas-de-teresina\/","title":{"rendered":"Detran-PI realizar\u00e1 interven\u00e7\u00f5es educativas nas avenidas mais perigosas de Teresina"},"content":{"rendered":"\n<figure class=\"wp-block-image size-large\"><img decoding=\"async\" loading=\"lazy\" width=\"1024\" height=\"703\" src=\"https:\/\/portal.pi.gov.br\/detran\/wp-content\/uploads\/sites\/62\/2023\/05\/WhatsApp-Image-2023-05-16-at-11.54.19-1024x703.jpeg\" alt=\"\" class=\"wp-image-1126\" srcset=\"https:\/\/portal.pi.gov.br\/detran\/wp-content\/uploads\/sites\/62\/2023\/05\/WhatsApp-Image-2023-05-16-at-11.54.19-1024x703.jpeg 1024w, https:\/\/portal.pi.gov.br\/detran\/wp-content\/uploads\/sites\/62\/2023\/05\/WhatsApp-Image-2023-05-16-at-11.54.19-300x206.jpeg 300w, https:\/\/portal.pi.gov.br\/detran\/wp-content\/uploads\/sites\/62\/2023\/05\/WhatsApp-Image-2023-05-16-at-11.54.19-768x527.jpeg 768w, https:\/\/portal.pi.gov.br\/detran\/wp-content\/uploads\/sites\/62\/2023\/05\/WhatsApp-Image-2023-05-16-at-11.54.19-420x288.jpeg 420w, https:\/\/portal.pi.gov.br\/detran\/wp-content\/uploads\/sites\/62\/2023\/05\/WhatsApp-Image-2023-05-16-at-11.54.19-540x371.jpeg 540w, https:\/\/portal.pi.gov.br\/detran\/wp-content\/uploads\/sites\/62\/2023\/05\/WhatsApp-Image-2023-05-16-at-11.54.19-780x536.jpeg 780w, https:\/\/portal.pi.gov.br\/detran\/wp-content\/uploads\/sites\/62\/2023\/05\/WhatsApp-Image-2023-05-16-at-11.54.19-947x650.jpeg 947w, https:\/\/portal.pi.gov.br\/detran\/wp-content\/uploads\/sites\/62\/2023\/05\/WhatsApp-Image-2023-05-16-at-11.54.19-624x428.jpeg 624w, https:\/\/portal.pi.gov.br\/detran\/wp-content\/uploads\/sites\/62\/2023\/05\/WhatsApp-Image-2023-05-16-at-11.54.19.jpeg 1200w\" sizes=\"(max-width: 1024px) 100vw, 1024px\" \/><\/figure>\n\n\n\n<p>O Departamento Estadual de Tr\u00e2nsito do Piau\u00ed (Detran-PI) vai deslocar equipes de educadores para interven\u00e7\u00f5es simult\u00e2neas em seis avenidas de Teresina. Os trechos s\u00e3o considerados de alto risco de acidentes, de acordo com levantamento da Superintend\u00eancia Municipal de Tr\u00e2nsito (Strans). As atividades ser\u00e3o realizadas nesta quarta-feira (17), a partir das 8h30.<\/p>\n\n\n\n<p>Um levantamento feito pelo \u00f3rg\u00e3o detectou as Avenidas Presidente Kennedy, Centen\u00e1rio, Maranh\u00e3o, Henry Wall de Carvalho, Miguel Rosa e Rio Poti como sendo as que mais registram acidentes na capital. As v\u00edtimas, em grande maioria, s\u00e3o motociclistas.<\/p>\n\n\n\n<p>As a\u00e7\u00f5es educativas do Detran-PI&nbsp;t\u00eam contribu\u00eddo para a redu\u00e7\u00e3o de acidentes graves no Estado. O Governo divulgou dados que indicam queda de 24% em mortes e 34,44% em les\u00f5es no tr\u00e2nsito na capital.<\/p>\n\n\n\n<p>\u201cAs a\u00e7\u00f5es do Detran s\u00e3o cont\u00ednuas, tanto na capital quanto no interior, visando sempre promover o respeito e a responsabilidade no tr\u00e2nsito. Desta vez, vamos focar nos pontos que registram mais acidentes em Teresina\u201d, destaca Daniel Carvalho, Diretor da Escola Piauiense de Tr\u00e2nsito.<\/p>\n\n\n\n<p>As interven\u00e7\u00f5es v\u00e3o ocorrer dentro da programa\u00e7\u00e3o oficial em alus\u00e3o aos 10 anos do Movimento Internacional Maio Amarelo. O objetivo \u00e9 somar esfor\u00e7os junto \u00e0 comunidade para a redu\u00e7\u00e3o dos \u00edndices de mortes e les\u00f5es graves decorrentes de acidentes.<\/p>\n\n\n\n<p><strong>CONFIRA OS LOCAIS ESTRAT\u00c9GICOS<\/strong><br>1 \u2013 Av. Centen\u00e1rio: Em frente ao Portela Restaurante;<br>2 \u2013 Av. Maranh\u00e3o: Descida da Ponte da Amizade;<br>3 \u2013 Av Henry Wall de Carvalho: Clube dos 100<br>4 \u2013 Av. Presidente Kennedy: Frente ao Zobot\u00e2nico;<br>5 \u2013 Av. Miguel Rosa: Ao lado da Esta\u00e7\u00e3o;<br>6 \u2013 Av. Rio Poty: Ap\u00f3s a ponte \u2013 sentido Santa Maria.<\/p>\n\n\n\n<p>A Campanha Maio Amarelo deste ano tem como tema \u201cNo tr\u00e2nsito, escolha a vida\u201d. A tem\u00e1tica tem a proposta de mostrar para a sociedade a import\u00e2ncia da ado\u00e7\u00e3o de boas pr\u00e1ticas no tr\u00e2nsito, visando a preserva\u00e7\u00e3o da vida humana.<\/p>\n","protected":false},"excerpt":{"rendered":"<p>O Departamento Estadual de Tr\u00e2nsito do Piau\u00ed (Detran-PI) vai deslocar equipes de educadores para interven\u00e7\u00f5es simult\u00e2neas em seis avenidas de Teresina. Os trechos s\u00e3o considerados de alto risco de acidentes, [&hellip;]<\/p>\n","protected":false},"author":1732,"featured_media":1126,"comment_status":"closed","ping_status":"closed","sticky":false,"template":"","format":"standard","meta":[],"categories":[41],"tags":[],"featured_image_urls":{"full":["https:\/\/portal.pi.gov.br\/detran\/wp-content\/uploads\/sites\/62\/2023\/05\/WhatsApp-Image-2023-05-16-at-11.54.19.jpeg",1200,824,false],"thumbnail":["https:\/\/portal.pi.gov.br\/detran\/wp-content\/uploads\/sites\/62\/2023\/05\/WhatsApp-Image-2023-05-16-at-11.54.19-150x150.jpeg",150,150,true],"medium":["https:\/\/portal.pi.gov.br\/detran\/wp-content\/uploads\/sites\/62\/2023\/05\/WhatsApp-Image-2023-05-16-at-11.54.19-300x206.jpeg",300,206,true],"medium_large":["https:\/\/portal.pi.gov.br\/detran\/wp-content\/uploads\/sites\/62\/2023\/05\/WhatsApp-Image-2023-05-16-at-11.54.19-768x527.jpeg",768,527,true],"large":["https:\/\/portal.pi.gov.br\/detran\/wp-content\/uploads\/sites\/62\/2023\/05\/WhatsApp-Image-2023-05-16-at-11.54.19-1024x703.jpeg",887,609,true],"sgg-420":["https:\/\/portal.pi.gov.br\/detran\/wp-content\/uploads\/sites\/62\/2023\/05\/WhatsApp-Image-2023-05-16-at-11.54.19-420x288.jpeg",420,288,true],"sgg-540":["https:\/\/portal.pi.gov.br\/detran\/wp-content\/uploads\/sites\/62\/2023\/05\/WhatsApp-Image-2023-05-16-at-11.54.19-540x371.jpeg",540,371,true],"sgg-780":["https:\/\/portal.pi.gov.br\/detran\/wp-content\/uploads\/sites\/62\/2023\/05\/WhatsApp-Image-2023-05-16-at-11.54.19-780x536.jpeg",780,536,true],"1536x1536":["https:\/\/portal.pi.gov.br\/detran\/wp-content\/uploads\/sites\/62\/2023\/05\/WhatsApp-Image-2023-05-16-at-11.54.19.jpeg",1200,824,false],"2048x2048":["https:\/\/portal.pi.gov.br\/detran\/wp-content\/uploads\/sites\/62\/2023\/05\/WhatsApp-Image-2023-05-16-at-11.54.19.jpeg",1200,824,false],"homepage-slider":["https:\/\/portal.pi.gov.br\/detran\/wp-content\/uploads\/sites\/62\/2023\/05\/WhatsApp-Image-2023-05-16-at-11.54.19-1200x500.jpeg",1200,500,true],"homepage-slider-small":["https:\/\/portal.pi.gov.br\/detran\/wp-content\/uploads\/sites\/62\/2023\/05\/WhatsApp-Image-2023-05-16-at-11.54.19-947x500.jpeg",947,500,true],"page-top":["https:\/\/portal.pi.gov.br\/detran\/wp-content\/uploads\/sites\/62\/2023\/05\/WhatsApp-Image-2023-05-16-at-11.54.19-947x650.jpeg",947,650,true],"page-small":["https:\/\/portal.pi.gov.br\/detran\/wp-content\/uploads\/sites\/62\/2023\/05\/WhatsApp-Image-2023-05-16-at-11.54.19-624x428.jpeg",624,428,true],"loop-main":["https:\/\/portal.pi.gov.br\/detran\/wp-content\/uploads\/sites\/62\/2023\/05\/WhatsApp-Image-2023-05-16-at-11.54.19-365x240.jpeg",365,240,true],"thumb-gallery-widget":["https:\/\/portal.pi.gov.br\/detran\/wp-content\/uploads\/sites\/62\/2023\/05\/WhatsApp-Image-2023-05-16-at-11.54.19-84x56.jpeg",84,56,true]},"post_excerpt_stackable":"<p>O Departamento Estadual de Tr\u00e2nsito do Piau\u00ed (Detran-PI) vai deslocar equipes de educadores para interven\u00e7\u00f5es simult\u00e2neas em seis avenidas de Teresina. Os trechos s\u00e3o considerados de alto risco de acidentes, de acordo com levantamento da Superintend\u00eancia Municipal de Tr\u00e2nsito (Strans). As atividades ser\u00e3o realizadas nesta quarta-feira (17), a partir das 8h30. Um levantamento feito pelo \u00f3rg\u00e3o detectou as Avenidas Presidente Kennedy, Centen\u00e1rio, Maranh\u00e3o, Henry Wall de Carvalho, Miguel Rosa e Rio Poti como sendo as que mais registram acidentes na capital. As v\u00edtimas, em grande maioria, s\u00e3o motociclistas. As a\u00e7\u00f5es educativas do Detran-PI&nbsp;t\u00eam contribu\u00eddo para a redu\u00e7\u00e3o de acidentes graves&hellip;<\/p>\n","category_list":"<a href=\"https:\/\/portal.pi.gov.br\/detran\/category\/noticias\/\" rel=\"category tag\">Not\u00edcias<\/a>","author_info":{"name":"matheussouza","url":"https:\/\/portal.pi.gov.br\/detran\/author\/matheussouza\/"},"comments_num":"0 coment\u00e1rio","featured_image_urls_v2":{"full":["https:\/\/portal.pi.gov.br\/detran\/wp-content\/uploads\/sites\/62\/2023\/05\/WhatsApp-Image-2023-05-16-at-11.54.19.jpeg",1200,824,false],"thumbnail":["https:\/\/portal.pi.gov.br\/detran\/wp-content\/uploads\/sites\/62\/2023\/05\/WhatsApp-Image-2023-05-16-at-11.54.19-150x150.jpeg",150,150,true],"medium":["https:\/\/portal.pi.gov.br\/detran\/wp-content\/uploads\/sites\/62\/2023\/05\/WhatsApp-Image-2023-05-16-at-11.54.19-300x206.jpeg",300,206,true],"medium_large":["https:\/\/portal.pi.gov.br\/detran\/wp-content\/uploads\/sites\/62\/2023\/05\/WhatsApp-Image-2023-05-16-at-11.54.19-768x527.jpeg",768,527,true],"large":["https:\/\/portal.pi.gov.br\/detran\/wp-content\/uploads\/sites\/62\/2023\/05\/WhatsApp-Image-2023-05-16-at-11.54.19-1024x703.jpeg",887,609,true],"sgg-420":["https:\/\/portal.pi.gov.br\/detran\/wp-content\/uploads\/sites\/62\/2023\/05\/WhatsApp-Image-2023-05-16-at-11.54.19-420x288.jpeg",420,288,true],"sgg-540":["https:\/\/portal.pi.gov.br\/detran\/wp-content\/uploads\/sites\/62\/2023\/05\/WhatsApp-Image-2023-05-16-at-11.54.19-540x371.jpeg",540,371,true],"sgg-780":["https:\/\/portal.pi.gov.br\/detran\/wp-content\/uploads\/sites\/62\/2023\/05\/WhatsApp-Image-2023-05-16-at-11.54.19-780x536.jpeg",780,536,true],"1536x1536":["https:\/\/portal.pi.gov.br\/detran\/wp-content\/uploads\/sites\/62\/2023\/05\/WhatsApp-Image-2023-05-16-at-11.54.19.jpeg",1200,824,false],"2048x2048":["https:\/\/portal.pi.gov.br\/detran\/wp-content\/uploads\/sites\/62\/2023\/05\/WhatsApp-Image-2023-05-16-at-11.54.19.jpeg",1200,824,false],"homepage-slider":["https:\/\/portal.pi.gov.br\/detran\/wp-content\/uploads\/sites\/62\/2023\/05\/WhatsApp-Image-2023-05-16-at-11.54.19-1200x500.jpeg",1200,500,true],"homepage-slider-small":["https:\/\/portal.pi.gov.br\/detran\/wp-content\/uploads\/sites\/62\/2023\/05\/WhatsApp-Image-2023-05-16-at-11.54.19-947x500.jpeg",947,500,true],"page-top":["https:\/\/portal.pi.gov.br\/detran\/wp-content\/uploads\/sites\/62\/2023\/05\/WhatsApp-Image-2023-05-16-at-11.54.19-947x650.jpeg",947,650,true],"page-small":["https:\/\/portal.pi.gov.br\/detran\/wp-content\/uploads\/sites\/62\/2023\/05\/WhatsApp-Image-2023-05-16-at-11.54.19-624x428.jpeg",624,428,true],"loop-main":["https:\/\/portal.pi.gov.br\/detran\/wp-content\/uploads\/sites\/62\/2023\/05\/WhatsApp-Image-2023-05-16-at-11.54.19-365x240.jpeg",365,240,true],"thumb-gallery-widget":["https:\/\/portal.pi.gov.br\/detran\/wp-content\/uploads\/sites\/62\/2023\/05\/WhatsApp-Image-2023-05-16-at-11.54.19-84x56.jpeg",84,56,true]},"post_excerpt_stackable_v2":"<p>O Departamento Estadual de Tr\u00e2nsito do Piau\u00ed (Detran-PI) vai deslocar equipes de educadores para interven\u00e7\u00f5es simult\u00e2neas em seis avenidas de Teresina. Os trechos s\u00e3o considerados de alto risco de acidentes, de acordo com levantamento da Superintend\u00eancia Municipal de Tr\u00e2nsito (Strans). As atividades ser\u00e3o realizadas nesta quarta-feira (17), a partir das 8h30. Um levantamento feito pelo \u00f3rg\u00e3o detectou as Avenidas Presidente Kennedy, Centen\u00e1rio, Maranh\u00e3o, Henry Wall de Carvalho, Miguel Rosa e Rio Poti como sendo as que mais registram acidentes na capital. As v\u00edtimas, em grande maioria, s\u00e3o motociclistas. As a\u00e7\u00f5es educativas do Detran-PI&nbsp;t\u00eam contribu\u00eddo para a redu\u00e7\u00e3o de acidentes graves&hellip;<\/p>\n","category_list_v2":"<a href=\"https:\/\/portal.pi.gov.br\/detran\/category\/noticias\/\" rel=\"category tag\">Not\u00edcias<\/a>","author_info_v2":{"name":"matheussouza","url":"https:\/\/portal.pi.gov.br\/detran\/author\/matheussouza\/"},"comments_num_v2":"0 coment\u00e1rio","jetpack_featured_media_url":"https:\/\/portal.pi.gov.br\/detran\/wp-content\/uploads\/sites\/62\/2023\/05\/WhatsApp-Image-2023-05-16-at-11.54.19.jpeg","_links":{"self":[{"href":"https:\/\/portal.pi.gov.br\/detran\/wp-json\/wp\/v2\/posts\/1125"}],"collection":[{"href":"https:\/\/portal.pi.gov.br\/detran\/wp-json\/wp\/v2\/posts"}],"about":[{"href":"https:\/\/portal.pi.gov.br\/detran\/wp-json\/wp\/v2\/types\/post"}],"author":[{"embeddable":true,"href":"https:\/\/portal.pi.gov.br\/detran\/wp-json\/wp\/v2\/users\/1732"}],"replies":[{"embeddable":true,"href":"https:\/\/portal.pi.gov.br\/detran\/wp-json\/wp\/v2\/comments?post=1125"}],"version-history":[{"count":3,"href":"https:\/\/portal.pi.gov.br\/detran\/wp-json\/wp\/v2\/posts\/1125\/revisions"}],"predecessor-version":[{"id":1129,"href":"https:\/\/portal.pi.gov.br\/detran\/wp-json\/wp\/v2\/posts\/1125\/revisions\/1129"}],"wp:featuredmedia":[{"embeddable":true,"href":"https:\/\/portal.pi.gov.br\/detran\/wp-json\/wp\/v2\/media\/1126"}],"wp:attachment":[{"href":"https:\/\/portal.pi.gov.br\/detran\/wp-json\/wp\/v2\/media?parent=1125"}],"wp:term":[{"taxonomy":"category","embeddable":true,"href":"https:\/\/portal.pi.gov.br\/detran\/wp-json\/wp\/v2\/categories?post=1125"},{"taxonomy":"post_tag","embeddable":true,"href":"https:\/\/portal.pi.gov.br\/detran\/wp-json\/wp\/v2\/tags?post=1125"}],"curies":[{"name":"wp","href":"https:\/\/api.w.org\/{rel}","templated":true}]}}