{"id":1137,"date":"2023-05-22T12:05:07","date_gmt":"2023-05-22T15:05:07","guid":{"rendered":"https:\/\/portal.pi.gov.br\/detran\/?p=1137"},"modified":"2023-05-22T12:05:07","modified_gmt":"2023-05-22T15:05:07","slug":"detran-pi-se-reune-com-auditores-do-tce-e-apresenta-relatorio-de-servicos","status":"publish","type":"post","link":"https:\/\/portal.pi.gov.br\/detran\/detran-pi-se-reune-com-auditores-do-tce-e-apresenta-relatorio-de-servicos\/","title":{"rendered":"Detran-PI se re\u00fane com auditores do TCE e apresenta relat\u00f3rio de servi\u00e7os"},"content":{"rendered":"\n<p class=\"has-text-align-left\">O Departamento Estadual de Tr\u00e2nsito do Piau\u00ed (Detran-PI) promoveu um encontro com os auditores do Tribunal de Contas do Estado do Piau\u00ed (TCE-PI) e apresentou dados do planejamento de a\u00e7\u00f5es do \u00f3rg\u00e3o. O alinhamento de a\u00e7\u00f5es ocorreu na sexta-feira (19).<\/p>\n\n\n<div class=\"wp-block-image\">\n<figure class=\"aligncenter size-large\"><img decoding=\"async\" loading=\"lazy\" width=\"1024\" height=\"671\" src=\"https:\/\/portal.pi.gov.br\/detran\/wp-content\/uploads\/sites\/62\/2023\/05\/WhatsApp-Image-2023-05-22-at-10.19.55-1024x671.jpeg\" alt=\"\" class=\"wp-image-1138\" srcset=\"https:\/\/portal.pi.gov.br\/detran\/wp-content\/uploads\/sites\/62\/2023\/05\/WhatsApp-Image-2023-05-22-at-10.19.55-1024x671.jpeg 1024w, https:\/\/portal.pi.gov.br\/detran\/wp-content\/uploads\/sites\/62\/2023\/05\/WhatsApp-Image-2023-05-22-at-10.19.55-300x197.jpeg 300w, https:\/\/portal.pi.gov.br\/detran\/wp-content\/uploads\/sites\/62\/2023\/05\/WhatsApp-Image-2023-05-22-at-10.19.55-768x503.jpeg 768w, https:\/\/portal.pi.gov.br\/detran\/wp-content\/uploads\/sites\/62\/2023\/05\/WhatsApp-Image-2023-05-22-at-10.19.55-420x275.jpeg 420w, https:\/\/portal.pi.gov.br\/detran\/wp-content\/uploads\/sites\/62\/2023\/05\/WhatsApp-Image-2023-05-22-at-10.19.55-540x354.jpeg 540w, https:\/\/portal.pi.gov.br\/detran\/wp-content\/uploads\/sites\/62\/2023\/05\/WhatsApp-Image-2023-05-22-at-10.19.55-780x511.jpeg 780w, https:\/\/portal.pi.gov.br\/detran\/wp-content\/uploads\/sites\/62\/2023\/05\/WhatsApp-Image-2023-05-22-at-10.19.55-947x621.jpeg 947w, https:\/\/portal.pi.gov.br\/detran\/wp-content\/uploads\/sites\/62\/2023\/05\/WhatsApp-Image-2023-05-22-at-10.19.55-624x409.jpeg 624w, https:\/\/portal.pi.gov.br\/detran\/wp-content\/uploads\/sites\/62\/2023\/05\/WhatsApp-Image-2023-05-22-at-10.19.55-365x240.jpeg 365w, https:\/\/portal.pi.gov.br\/detran\/wp-content\/uploads\/sites\/62\/2023\/05\/WhatsApp-Image-2023-05-22-at-10.19.55-84x56.jpeg 84w, https:\/\/portal.pi.gov.br\/detran\/wp-content\/uploads\/sites\/62\/2023\/05\/WhatsApp-Image-2023-05-22-at-10.19.55.jpeg 1259w\" sizes=\"(max-width: 1024px) 100vw, 1024px\" \/><\/figure><\/div>\n\n\n<p class=\"has-text-align-left\">Segundo a diretora-geral do Detran-PI, Luana Barradas, a reuni\u00e3o tamb\u00e9m foi importante para o fortalecimento de parceria para qualifica\u00e7\u00e3o dos servi\u00e7os oferecidos pelo Detran, principalmente na \u00e1rea da tecnologia.<br>\u201cApresentamos todo o nosso planejamento estrat\u00e9gicos e refor\u00e7amos a parceria entre o Detran e o TCE, visto que nossas metas precisam da colabora\u00e7\u00e3o de demais \u00f3rg\u00e3os, para a aplica\u00e7\u00e3o e resultado satisfat\u00f3rio ao cidad\u00e3o piauiense\u201d, declarou a Diretora.<\/p>\n\n\n<div class=\"wp-block-image\">\n<figure class=\"aligncenter size-large\"><img decoding=\"async\" loading=\"lazy\" width=\"1024\" height=\"576\" src=\"https:\/\/portal.pi.gov.br\/detran\/wp-content\/uploads\/sites\/62\/2023\/05\/WhatsApp-Image-2023-05-22-at-10.20.05-1024x576.jpeg\" alt=\"\" class=\"wp-image-1139\" srcset=\"https:\/\/portal.pi.gov.br\/detran\/wp-content\/uploads\/sites\/62\/2023\/05\/WhatsApp-Image-2023-05-22-at-10.20.05-1024x576.jpeg 1024w, https:\/\/portal.pi.gov.br\/detran\/wp-content\/uploads\/sites\/62\/2023\/05\/WhatsApp-Image-2023-05-22-at-10.20.05-300x169.jpeg 300w, https:\/\/portal.pi.gov.br\/detran\/wp-content\/uploads\/sites\/62\/2023\/05\/WhatsApp-Image-2023-05-22-at-10.20.05-768x432.jpeg 768w, https:\/\/portal.pi.gov.br\/detran\/wp-content\/uploads\/sites\/62\/2023\/05\/WhatsApp-Image-2023-05-22-at-10.20.05-420x236.jpeg 420w, https:\/\/portal.pi.gov.br\/detran\/wp-content\/uploads\/sites\/62\/2023\/05\/WhatsApp-Image-2023-05-22-at-10.20.05-540x304.jpeg 540w, https:\/\/portal.pi.gov.br\/detran\/wp-content\/uploads\/sites\/62\/2023\/05\/WhatsApp-Image-2023-05-22-at-10.20.05-780x439.jpeg 780w, https:\/\/portal.pi.gov.br\/detran\/wp-content\/uploads\/sites\/62\/2023\/05\/WhatsApp-Image-2023-05-22-at-10.20.05-1536x864.jpeg 1536w, https:\/\/portal.pi.gov.br\/detran\/wp-content\/uploads\/sites\/62\/2023\/05\/WhatsApp-Image-2023-05-22-at-10.20.05-947x533.jpeg 947w, https:\/\/portal.pi.gov.br\/detran\/wp-content\/uploads\/sites\/62\/2023\/05\/WhatsApp-Image-2023-05-22-at-10.20.05-624x351.jpeg 624w, https:\/\/portal.pi.gov.br\/detran\/wp-content\/uploads\/sites\/62\/2023\/05\/WhatsApp-Image-2023-05-22-at-10.20.05.jpeg 1600w\" sizes=\"(max-width: 1024px) 100vw, 1024px\" \/><\/figure><\/div>","protected":false},"excerpt":{"rendered":"<p>O Departamento Estadual de Tr\u00e2nsito do Piau\u00ed (Detran-PI) promoveu um encontro com os auditores do Tribunal de Contas do Estado do Piau\u00ed (TCE-PI) e apresentou dados do planejamento de a\u00e7\u00f5es [&hellip;]<\/p>\n","protected":false},"author":1732,"featured_media":1138,"comment_status":"closed","ping_status":"closed","sticky":false,"template":"","format":"standard","meta":[],"categories":[41],"tags":[],"featured_image_urls":{"full":["https:\/\/portal.pi.gov.br\/detran\/wp-content\/uploads\/sites\/62\/2023\/05\/WhatsApp-Image-2023-05-22-at-10.19.55.jpeg",1259,825,false],"thumbnail":["https:\/\/portal.pi.gov.br\/detran\/wp-content\/uploads\/sites\/62\/2023\/05\/WhatsApp-Image-2023-05-22-at-10.19.55-150x150.jpeg",150,150,true],"medium":["https:\/\/portal.pi.gov.br\/detran\/wp-content\/uploads\/sites\/62\/2023\/05\/WhatsApp-Image-2023-05-22-at-10.19.55-300x197.jpeg",300,197,true],"medium_large":["https:\/\/portal.pi.gov.br\/detran\/wp-content\/uploads\/sites\/62\/2023\/05\/WhatsApp-Image-2023-05-22-at-10.19.55-768x503.jpeg",768,503,true],"large":["https:\/\/portal.pi.gov.br\/detran\/wp-content\/uploads\/sites\/62\/2023\/05\/WhatsApp-Image-2023-05-22-at-10.19.55-1024x671.jpeg",887,581,true],"sgg-420":["https:\/\/portal.pi.gov.br\/detran\/wp-content\/uploads\/sites\/62\/2023\/05\/WhatsApp-Image-2023-05-22-at-10.19.55-420x275.jpeg",420,275,true],"sgg-540":["https:\/\/portal.pi.gov.br\/detran\/wp-content\/uploads\/sites\/62\/2023\/05\/WhatsApp-Image-2023-05-22-at-10.19.55-540x354.jpeg",540,354,true],"sgg-780":["https:\/\/portal.pi.gov.br\/detran\/wp-content\/uploads\/sites\/62\/2023\/05\/WhatsApp-Image-2023-05-22-at-10.19.55-780x511.jpeg",780,511,true],"1536x1536":["https:\/\/portal.pi.gov.br\/detran\/wp-content\/uploads\/sites\/62\/2023\/05\/WhatsApp-Image-2023-05-22-at-10.19.55.jpeg",1259,825,false],"2048x2048":["https:\/\/portal.pi.gov.br\/detran\/wp-content\/uploads\/sites\/62\/2023\/05\/WhatsApp-Image-2023-05-22-at-10.19.55.jpeg",1259,825,false],"homepage-slider":["https:\/\/portal.pi.gov.br\/detran\/wp-content\/uploads\/sites\/62\/2023\/05\/WhatsApp-Image-2023-05-22-at-10.19.55-1259x500.jpeg",1259,500,true],"homepage-slider-small":["https:\/\/portal.pi.gov.br\/detran\/wp-content\/uploads\/sites\/62\/2023\/05\/WhatsApp-Image-2023-05-22-at-10.19.55-947x500.jpeg",947,500,true],"page-top":["https:\/\/portal.pi.gov.br\/detran\/wp-content\/uploads\/sites\/62\/2023\/05\/WhatsApp-Image-2023-05-22-at-10.19.55-947x621.jpeg",947,621,true],"page-small":["https:\/\/portal.pi.gov.br\/detran\/wp-content\/uploads\/sites\/62\/2023\/05\/WhatsApp-Image-2023-05-22-at-10.19.55-624x409.jpeg",624,409,true],"loop-main":["https:\/\/portal.pi.gov.br\/detran\/wp-content\/uploads\/sites\/62\/2023\/05\/WhatsApp-Image-2023-05-22-at-10.19.55-365x240.jpeg",365,240,true],"thumb-gallery-widget":["https:\/\/portal.pi.gov.br\/detran\/wp-content\/uploads\/sites\/62\/2023\/05\/WhatsApp-Image-2023-05-22-at-10.19.55-84x56.jpeg",84,56,true]},"post_excerpt_stackable":"<p>O Departamento Estadual de Tr\u00e2nsito do Piau\u00ed (Detran-PI) promoveu um encontro com os auditores do Tribunal de Contas do Estado do Piau\u00ed (TCE-PI) e apresentou dados do planejamento de a\u00e7\u00f5es do \u00f3rg\u00e3o. O alinhamento de a\u00e7\u00f5es ocorreu na sexta-feira (19). Segundo a diretora-geral do Detran-PI, Luana Barradas, a reuni\u00e3o tamb\u00e9m foi importante para o fortalecimento de parceria para qualifica\u00e7\u00e3o dos servi\u00e7os oferecidos pelo Detran, principalmente na \u00e1rea da tecnologia.\u201cApresentamos todo o nosso planejamento estrat\u00e9gicos e refor\u00e7amos a parceria entre o Detran e o TCE, visto que nossas metas precisam da colabora\u00e7\u00e3o de demais \u00f3rg\u00e3os, para a aplica\u00e7\u00e3o e resultado satisfat\u00f3rio&hellip;<\/p>\n","category_list":"<a href=\"https:\/\/portal.pi.gov.br\/detran\/category\/noticias\/\" rel=\"category tag\">Not\u00edcias<\/a>","author_info":{"name":"matheussouza","url":"https:\/\/portal.pi.gov.br\/detran\/author\/matheussouza\/"},"comments_num":"0 coment\u00e1rio","featured_image_urls_v2":{"full":["https:\/\/portal.pi.gov.br\/detran\/wp-content\/uploads\/sites\/62\/2023\/05\/WhatsApp-Image-2023-05-22-at-10.19.55.jpeg",1259,825,false],"thumbnail":["https:\/\/portal.pi.gov.br\/detran\/wp-content\/uploads\/sites\/62\/2023\/05\/WhatsApp-Image-2023-05-22-at-10.19.55-150x150.jpeg",150,150,true],"medium":["https:\/\/portal.pi.gov.br\/detran\/wp-content\/uploads\/sites\/62\/2023\/05\/WhatsApp-Image-2023-05-22-at-10.19.55-300x197.jpeg",300,197,true],"medium_large":["https:\/\/portal.pi.gov.br\/detran\/wp-content\/uploads\/sites\/62\/2023\/05\/WhatsApp-Image-2023-05-22-at-10.19.55-768x503.jpeg",768,503,true],"large":["https:\/\/portal.pi.gov.br\/detran\/wp-content\/uploads\/sites\/62\/2023\/05\/WhatsApp-Image-2023-05-22-at-10.19.55-1024x671.jpeg",887,581,true],"sgg-420":["https:\/\/portal.pi.gov.br\/detran\/wp-content\/uploads\/sites\/62\/2023\/05\/WhatsApp-Image-2023-05-22-at-10.19.55-420x275.jpeg",420,275,true],"sgg-540":["https:\/\/portal.pi.gov.br\/detran\/wp-content\/uploads\/sites\/62\/2023\/05\/WhatsApp-Image-2023-05-22-at-10.19.55-540x354.jpeg",540,354,true],"sgg-780":["https:\/\/portal.pi.gov.br\/detran\/wp-content\/uploads\/sites\/62\/2023\/05\/WhatsApp-Image-2023-05-22-at-10.19.55-780x511.jpeg",780,511,true],"1536x1536":["https:\/\/portal.pi.gov.br\/detran\/wp-content\/uploads\/sites\/62\/2023\/05\/WhatsApp-Image-2023-05-22-at-10.19.55.jpeg",1259,825,false],"2048x2048":["https:\/\/portal.pi.gov.br\/detran\/wp-content\/uploads\/sites\/62\/2023\/05\/WhatsApp-Image-2023-05-22-at-10.19.55.jpeg",1259,825,false],"homepage-slider":["https:\/\/portal.pi.gov.br\/detran\/wp-content\/uploads\/sites\/62\/2023\/05\/WhatsApp-Image-2023-05-22-at-10.19.55-1259x500.jpeg",1259,500,true],"homepage-slider-small":["https:\/\/portal.pi.gov.br\/detran\/wp-content\/uploads\/sites\/62\/2023\/05\/WhatsApp-Image-2023-05-22-at-10.19.55-947x500.jpeg",947,500,true],"page-top":["https:\/\/portal.pi.gov.br\/detran\/wp-content\/uploads\/sites\/62\/2023\/05\/WhatsApp-Image-2023-05-22-at-10.19.55-947x621.jpeg",947,621,true],"page-small":["https:\/\/portal.pi.gov.br\/detran\/wp-content\/uploads\/sites\/62\/2023\/05\/WhatsApp-Image-2023-05-22-at-10.19.55-624x409.jpeg",624,409,true],"loop-main":["https:\/\/portal.pi.gov.br\/detran\/wp-content\/uploads\/sites\/62\/2023\/05\/WhatsApp-Image-2023-05-22-at-10.19.55-365x240.jpeg",365,240,true],"thumb-gallery-widget":["https:\/\/portal.pi.gov.br\/detran\/wp-content\/uploads\/sites\/62\/2023\/05\/WhatsApp-Image-2023-05-22-at-10.19.55-84x56.jpeg",84,56,true]},"post_excerpt_stackable_v2":"<p>O Departamento Estadual de Tr\u00e2nsito do Piau\u00ed (Detran-PI) promoveu um encontro com os auditores do Tribunal de Contas do Estado do Piau\u00ed (TCE-PI) e apresentou dados do planejamento de a\u00e7\u00f5es do \u00f3rg\u00e3o. O alinhamento de a\u00e7\u00f5es ocorreu na sexta-feira (19). Segundo a diretora-geral do Detran-PI, Luana Barradas, a reuni\u00e3o tamb\u00e9m foi importante para o fortalecimento de parceria para qualifica\u00e7\u00e3o dos servi\u00e7os oferecidos pelo Detran, principalmente na \u00e1rea da tecnologia.\u201cApresentamos todo o nosso planejamento estrat\u00e9gicos e refor\u00e7amos a parceria entre o Detran e o TCE, visto que nossas metas precisam da colabora\u00e7\u00e3o de demais \u00f3rg\u00e3os, para a aplica\u00e7\u00e3o e resultado satisfat\u00f3rio&hellip;<\/p>\n","category_list_v2":"<a href=\"https:\/\/portal.pi.gov.br\/detran\/category\/noticias\/\" rel=\"category tag\">Not\u00edcias<\/a>","author_info_v2":{"name":"matheussouza","url":"https:\/\/portal.pi.gov.br\/detran\/author\/matheussouza\/"},"comments_num_v2":"0 coment\u00e1rio","jetpack_featured_media_url":"https:\/\/portal.pi.gov.br\/detran\/wp-content\/uploads\/sites\/62\/2023\/05\/WhatsApp-Image-2023-05-22-at-10.19.55.jpeg","_links":{"self":[{"href":"https:\/\/portal.pi.gov.br\/detran\/wp-json\/wp\/v2\/posts\/1137"}],"collection":[{"href":"https:\/\/portal.pi.gov.br\/detran\/wp-json\/wp\/v2\/posts"}],"about":[{"href":"https:\/\/portal.pi.gov.br\/detran\/wp-json\/wp\/v2\/types\/post"}],"author":[{"embeddable":true,"href":"https:\/\/portal.pi.gov.br\/detran\/wp-json\/wp\/v2\/users\/1732"}],"replies":[{"embeddable":true,"href":"https:\/\/portal.pi.gov.br\/detran\/wp-json\/wp\/v2\/comments?post=1137"}],"version-history":[{"count":1,"href":"https:\/\/portal.pi.gov.br\/detran\/wp-json\/wp\/v2\/posts\/1137\/revisions"}],"predecessor-version":[{"id":1140,"href":"https:\/\/portal.pi.gov.br\/detran\/wp-json\/wp\/v2\/posts\/1137\/revisions\/1140"}],"wp:featuredmedia":[{"embeddable":true,"href":"https:\/\/portal.pi.gov.br\/detran\/wp-json\/wp\/v2\/media\/1138"}],"wp:attachment":[{"href":"https:\/\/portal.pi.gov.br\/detran\/wp-json\/wp\/v2\/media?parent=1137"}],"wp:term":[{"taxonomy":"category","embeddable":true,"href":"https:\/\/portal.pi.gov.br\/detran\/wp-json\/wp\/v2\/categories?post=1137"},{"taxonomy":"post_tag","embeddable":true,"href":"https:\/\/portal.pi.gov.br\/detran\/wp-json\/wp\/v2\/tags?post=1137"}],"curies":[{"name":"wp","href":"https:\/\/api.w.org\/{rel}","templated":true}]}}