{"id":1142,"date":"2023-05-29T12:56:59","date_gmt":"2023-05-29T15:56:59","guid":{"rendered":"https:\/\/portal.pi.gov.br\/detran\/?p=1142"},"modified":"2023-05-29T12:56:59","modified_gmt":"2023-05-29T15:56:59","slug":"detran-pi-realizou-acoes-educativas-e-promoveu-palestra-em-parnaiba","status":"publish","type":"post","link":"https:\/\/portal.pi.gov.br\/detran\/detran-pi-realizou-acoes-educativas-e-promoveu-palestra-em-parnaiba\/","title":{"rendered":"Detran-PI realizou a\u00e7\u00f5es educativas e promoveu palestra em Parna\u00edba"},"content":{"rendered":"<div class=\"wp-block-image\">\n<figure class=\"aligncenter size-full\"><img decoding=\"async\" loading=\"lazy\" width=\"692\" height=\"392\" src=\"https:\/\/portal.pi.gov.br\/detran\/wp-content\/uploads\/sites\/62\/2023\/05\/portal.jpeg\" alt=\"\" class=\"wp-image-1143\" srcset=\"https:\/\/portal.pi.gov.br\/detran\/wp-content\/uploads\/sites\/62\/2023\/05\/portal.jpeg 692w, https:\/\/portal.pi.gov.br\/detran\/wp-content\/uploads\/sites\/62\/2023\/05\/portal-300x170.jpeg 300w, https:\/\/portal.pi.gov.br\/detran\/wp-content\/uploads\/sites\/62\/2023\/05\/portal-420x238.jpeg 420w, https:\/\/portal.pi.gov.br\/detran\/wp-content\/uploads\/sites\/62\/2023\/05\/portal-540x306.jpeg 540w, https:\/\/portal.pi.gov.br\/detran\/wp-content\/uploads\/sites\/62\/2023\/05\/portal-624x353.jpeg 624w\" sizes=\"(max-width: 692px) 100vw, 692px\" \/><\/figure><\/div>\n\n\n<p>O Departamento Estadual de Tr\u00e2nsito do Piau\u00ed (Detran-PI) realizou na \u00faltima nesta ter\u00e7a-feira (23) diversas interven\u00e7\u00f5es educativas e palestra de conscientiza\u00e7\u00e3o no tr\u00e2nsito, no munic\u00edpio de Parna\u00edba, litoral do Piau\u00ed. Trata-se da amplia\u00e7\u00e3o dos trabalhos para os quatros cantos do Estado.<\/p>\n\n\n\n<p>As a\u00e7\u00f5es educativas aconteceram na Pra\u00e7a Santo Ant\u00f4nio, no centro do munic\u00edpio, com o objetivo de colaborar para a redu\u00e7\u00e3o do n\u00famero de acidentes e para conscientizar os condutores sobre os perigos no tr\u00e2nsito. O evento integrou as atividades de&nbsp; alus\u00e3o ao Movimento Internacional Maio Amarelo.<\/p>\n\n\n\n<p>\u201cAmpliamos a quantidade de a\u00e7\u00f5es educativas tanto na capital como nas cidades do interior como forma de prevenir os acidentes de tr\u00e2nsito e salvar mais vidas, especialmente neste m\u00eas que esses temas s\u00e3o trabalhados em todo o mundo\u201d, destacou a diretora-geral do Detran-PI, Luana Barradas.<\/p>\n\n\n\n<p>A palestra \u201cConscientiza\u00e7\u00e3o no tr\u00e2nsito- Vidas importam, sim!\u201d foi proferida por Edson Netto, coordenador regional das Ciretrans do Norte do Piau\u00ed; Alana Teresina, educadora de tr\u00e2nsito da Escola Piauiense de Tr\u00e2nsito e Ver\u00f4nica Almont, graduanda em administra\u00e7\u00e3o pela UNIP.<\/p>\n","protected":false},"excerpt":{"rendered":"<p>O Departamento Estadual de Tr\u00e2nsito do Piau\u00ed (Detran-PI) realizou na \u00faltima nesta ter\u00e7a-feira (23) diversas interven\u00e7\u00f5es educativas e palestra de conscientiza\u00e7\u00e3o no tr\u00e2nsito, no munic\u00edpio de Parna\u00edba, litoral do Piau\u00ed. [&hellip;]<\/p>\n","protected":false},"author":1,"featured_media":1143,"comment_status":"closed","ping_status":"closed","sticky":false,"template":"","format":"standard","meta":[],"categories":[41],"tags":[],"featured_image_urls":{"full":["https:\/\/portal.pi.gov.br\/detran\/wp-content\/uploads\/sites\/62\/2023\/05\/portal.jpeg",692,392,false],"thumbnail":["https:\/\/portal.pi.gov.br\/detran\/wp-content\/uploads\/sites\/62\/2023\/05\/portal-150x150.jpeg",150,150,true],"medium":["https:\/\/portal.pi.gov.br\/detran\/wp-content\/uploads\/sites\/62\/2023\/05\/portal-300x170.jpeg",300,170,true],"medium_large":["https:\/\/portal.pi.gov.br\/detran\/wp-content\/uploads\/sites\/62\/2023\/05\/portal.jpeg",692,392,false],"large":["https:\/\/portal.pi.gov.br\/detran\/wp-content\/uploads\/sites\/62\/2023\/05\/portal.jpeg",692,392,false],"sgg-420":["https:\/\/portal.pi.gov.br\/detran\/wp-content\/uploads\/sites\/62\/2023\/05\/portal-420x238.jpeg",420,238,true],"sgg-540":["https:\/\/portal.pi.gov.br\/detran\/wp-content\/uploads\/sites\/62\/2023\/05\/portal-540x306.jpeg",540,306,true],"sgg-780":["https:\/\/portal.pi.gov.br\/detran\/wp-content\/uploads\/sites\/62\/2023\/05\/portal.jpeg",692,392,false],"1536x1536":["https:\/\/portal.pi.gov.br\/detran\/wp-content\/uploads\/sites\/62\/2023\/05\/portal.jpeg",692,392,false],"2048x2048":["https:\/\/portal.pi.gov.br\/detran\/wp-content\/uploads\/sites\/62\/2023\/05\/portal.jpeg",692,392,false],"homepage-slider":["https:\/\/portal.pi.gov.br\/detran\/wp-content\/uploads\/sites\/62\/2023\/05\/portal.jpeg",692,392,false],"homepage-slider-small":["https:\/\/portal.pi.gov.br\/detran\/wp-content\/uploads\/sites\/62\/2023\/05\/portal.jpeg",692,392,false],"page-top":["https:\/\/portal.pi.gov.br\/detran\/wp-content\/uploads\/sites\/62\/2023\/05\/portal.jpeg",692,392,false],"page-small":["https:\/\/portal.pi.gov.br\/detran\/wp-content\/uploads\/sites\/62\/2023\/05\/portal-624x353.jpeg",624,353,true],"loop-main":["https:\/\/portal.pi.gov.br\/detran\/wp-content\/uploads\/sites\/62\/2023\/05\/portal-365x240.jpeg",365,240,true],"thumb-gallery-widget":["https:\/\/portal.pi.gov.br\/detran\/wp-content\/uploads\/sites\/62\/2023\/05\/portal-84x56.jpeg",84,56,true]},"post_excerpt_stackable":"<p>O Departamento Estadual de Tr\u00e2nsito do Piau\u00ed (Detran-PI) realizou na \u00faltima nesta ter\u00e7a-feira (23) diversas interven\u00e7\u00f5es educativas e palestra de conscientiza\u00e7\u00e3o no tr\u00e2nsito, no munic\u00edpio de Parna\u00edba, litoral do Piau\u00ed. Trata-se da amplia\u00e7\u00e3o dos trabalhos para os quatros cantos do Estado. As a\u00e7\u00f5es educativas aconteceram na Pra\u00e7a Santo Ant\u00f4nio, no centro do munic\u00edpio, com o objetivo de colaborar para a redu\u00e7\u00e3o do n\u00famero de acidentes e para conscientizar os condutores sobre os perigos no tr\u00e2nsito. O evento integrou as atividades de&nbsp; alus\u00e3o ao Movimento Internacional Maio Amarelo. \u201cAmpliamos a quantidade de a\u00e7\u00f5es educativas tanto na capital como nas cidades do&hellip;<\/p>\n","category_list":"<a href=\"https:\/\/portal.pi.gov.br\/detran\/category\/noticias\/\" rel=\"category tag\">Not\u00edcias<\/a>","author_info":{"name":"admin","url":"https:\/\/portal.pi.gov.br\/detran\/author\/admin\/"},"comments_num":"0 coment\u00e1rio","featured_image_urls_v2":{"full":["https:\/\/portal.pi.gov.br\/detran\/wp-content\/uploads\/sites\/62\/2023\/05\/portal.jpeg",692,392,false],"thumbnail":["https:\/\/portal.pi.gov.br\/detran\/wp-content\/uploads\/sites\/62\/2023\/05\/portal-150x150.jpeg",150,150,true],"medium":["https:\/\/portal.pi.gov.br\/detran\/wp-content\/uploads\/sites\/62\/2023\/05\/portal-300x170.jpeg",300,170,true],"medium_large":["https:\/\/portal.pi.gov.br\/detran\/wp-content\/uploads\/sites\/62\/2023\/05\/portal.jpeg",692,392,false],"large":["https:\/\/portal.pi.gov.br\/detran\/wp-content\/uploads\/sites\/62\/2023\/05\/portal.jpeg",692,392,false],"sgg-420":["https:\/\/portal.pi.gov.br\/detran\/wp-content\/uploads\/sites\/62\/2023\/05\/portal-420x238.jpeg",420,238,true],"sgg-540":["https:\/\/portal.pi.gov.br\/detran\/wp-content\/uploads\/sites\/62\/2023\/05\/portal-540x306.jpeg",540,306,true],"sgg-780":["https:\/\/portal.pi.gov.br\/detran\/wp-content\/uploads\/sites\/62\/2023\/05\/portal.jpeg",692,392,false],"1536x1536":["https:\/\/portal.pi.gov.br\/detran\/wp-content\/uploads\/sites\/62\/2023\/05\/portal.jpeg",692,392,false],"2048x2048":["https:\/\/portal.pi.gov.br\/detran\/wp-content\/uploads\/sites\/62\/2023\/05\/portal.jpeg",692,392,false],"homepage-slider":["https:\/\/portal.pi.gov.br\/detran\/wp-content\/uploads\/sites\/62\/2023\/05\/portal.jpeg",692,392,false],"homepage-slider-small":["https:\/\/portal.pi.gov.br\/detran\/wp-content\/uploads\/sites\/62\/2023\/05\/portal.jpeg",692,392,false],"page-top":["https:\/\/portal.pi.gov.br\/detran\/wp-content\/uploads\/sites\/62\/2023\/05\/portal.jpeg",692,392,false],"page-small":["https:\/\/portal.pi.gov.br\/detran\/wp-content\/uploads\/sites\/62\/2023\/05\/portal-624x353.jpeg",624,353,true],"loop-main":["https:\/\/portal.pi.gov.br\/detran\/wp-content\/uploads\/sites\/62\/2023\/05\/portal-365x240.jpeg",365,240,true],"thumb-gallery-widget":["https:\/\/portal.pi.gov.br\/detran\/wp-content\/uploads\/sites\/62\/2023\/05\/portal-84x56.jpeg",84,56,true]},"post_excerpt_stackable_v2":"<p>O Departamento Estadual de Tr\u00e2nsito do Piau\u00ed (Detran-PI) realizou na \u00faltima nesta ter\u00e7a-feira (23) diversas interven\u00e7\u00f5es educativas e palestra de conscientiza\u00e7\u00e3o no tr\u00e2nsito, no munic\u00edpio de Parna\u00edba, litoral do Piau\u00ed. Trata-se da amplia\u00e7\u00e3o dos trabalhos para os quatros cantos do Estado. As a\u00e7\u00f5es educativas aconteceram na Pra\u00e7a Santo Ant\u00f4nio, no centro do munic\u00edpio, com o objetivo de colaborar para a redu\u00e7\u00e3o do n\u00famero de acidentes e para conscientizar os condutores sobre os perigos no tr\u00e2nsito. O evento integrou as atividades de&nbsp; alus\u00e3o ao Movimento Internacional Maio Amarelo. \u201cAmpliamos a quantidade de a\u00e7\u00f5es educativas tanto na capital como nas cidades do&hellip;<\/p>\n","category_list_v2":"<a href=\"https:\/\/portal.pi.gov.br\/detran\/category\/noticias\/\" rel=\"category tag\">Not\u00edcias<\/a>","author_info_v2":{"name":"admin","url":"https:\/\/portal.pi.gov.br\/detran\/author\/admin\/"},"comments_num_v2":"0 coment\u00e1rio","jetpack_featured_media_url":"https:\/\/portal.pi.gov.br\/detran\/wp-content\/uploads\/sites\/62\/2023\/05\/portal.jpeg","_links":{"self":[{"href":"https:\/\/portal.pi.gov.br\/detran\/wp-json\/wp\/v2\/posts\/1142"}],"collection":[{"href":"https:\/\/portal.pi.gov.br\/detran\/wp-json\/wp\/v2\/posts"}],"about":[{"href":"https:\/\/portal.pi.gov.br\/detran\/wp-json\/wp\/v2\/types\/post"}],"author":[{"embeddable":true,"href":"https:\/\/portal.pi.gov.br\/detran\/wp-json\/wp\/v2\/users\/1"}],"replies":[{"embeddable":true,"href":"https:\/\/portal.pi.gov.br\/detran\/wp-json\/wp\/v2\/comments?post=1142"}],"version-history":[{"count":1,"href":"https:\/\/portal.pi.gov.br\/detran\/wp-json\/wp\/v2\/posts\/1142\/revisions"}],"predecessor-version":[{"id":1144,"href":"https:\/\/portal.pi.gov.br\/detran\/wp-json\/wp\/v2\/posts\/1142\/revisions\/1144"}],"wp:featuredmedia":[{"embeddable":true,"href":"https:\/\/portal.pi.gov.br\/detran\/wp-json\/wp\/v2\/media\/1143"}],"wp:attachment":[{"href":"https:\/\/portal.pi.gov.br\/detran\/wp-json\/wp\/v2\/media?parent=1142"}],"wp:term":[{"taxonomy":"category","embeddable":true,"href":"https:\/\/portal.pi.gov.br\/detran\/wp-json\/wp\/v2\/categories?post=1142"},{"taxonomy":"post_tag","embeddable":true,"href":"https:\/\/portal.pi.gov.br\/detran\/wp-json\/wp\/v2\/tags?post=1142"}],"curies":[{"name":"wp","href":"https:\/\/api.w.org\/{rel}","templated":true}]}}