{"id":1145,"date":"2023-06-01T10:50:31","date_gmt":"2023-06-01T13:50:31","guid":{"rendered":"https:\/\/portal.pi.gov.br\/detran\/?p=1145"},"modified":"2023-06-01T11:12:45","modified_gmt":"2023-06-01T14:12:45","slug":"detran-fecha-parceria-com-fundacao-cultural-e-de-fomento-a-pesquisa-ensino-extensao-e-inovacao","status":"publish","type":"post","link":"https:\/\/portal.pi.gov.br\/detran\/detran-fecha-parceria-com-fundacao-cultural-e-de-fomento-a-pesquisa-ensino-extensao-e-inovacao\/","title":{"rendered":"Detran fecha parceria com Funda\u00e7\u00e3o Cultural e de Fomento \u00e0 Pesquisa, Ensino, Extens\u00e3o e Inova\u00e7\u00e3o"},"content":{"rendered":"<div class=\"wp-block-image\">\n<figure class=\"aligncenter size-large\"><img decoding=\"async\" loading=\"lazy\" width=\"1024\" height=\"639\" src=\"https:\/\/portal.pi.gov.br\/detran\/wp-content\/uploads\/sites\/62\/2023\/06\/WhatsApp-Image-2023-06-01-at-10.24.13-1024x639.jpeg\" alt=\"\" class=\"wp-image-1146\" srcset=\"https:\/\/portal.pi.gov.br\/detran\/wp-content\/uploads\/sites\/62\/2023\/06\/WhatsApp-Image-2023-06-01-at-10.24.13-1024x639.jpeg 1024w, https:\/\/portal.pi.gov.br\/detran\/wp-content\/uploads\/sites\/62\/2023\/06\/WhatsApp-Image-2023-06-01-at-10.24.13-300x187.jpeg 300w, https:\/\/portal.pi.gov.br\/detran\/wp-content\/uploads\/sites\/62\/2023\/06\/WhatsApp-Image-2023-06-01-at-10.24.13-768x479.jpeg 768w, https:\/\/portal.pi.gov.br\/detran\/wp-content\/uploads\/sites\/62\/2023\/06\/WhatsApp-Image-2023-06-01-at-10.24.13-420x262.jpeg 420w, https:\/\/portal.pi.gov.br\/detran\/wp-content\/uploads\/sites\/62\/2023\/06\/WhatsApp-Image-2023-06-01-at-10.24.13-540x337.jpeg 540w, https:\/\/portal.pi.gov.br\/detran\/wp-content\/uploads\/sites\/62\/2023\/06\/WhatsApp-Image-2023-06-01-at-10.24.13-780x487.jpeg 780w, https:\/\/portal.pi.gov.br\/detran\/wp-content\/uploads\/sites\/62\/2023\/06\/WhatsApp-Image-2023-06-01-at-10.24.13-947x591.jpeg 947w, https:\/\/portal.pi.gov.br\/detran\/wp-content\/uploads\/sites\/62\/2023\/06\/WhatsApp-Image-2023-06-01-at-10.24.13-624x389.jpeg 624w, https:\/\/portal.pi.gov.br\/detran\/wp-content\/uploads\/sites\/62\/2023\/06\/WhatsApp-Image-2023-06-01-at-10.24.13.jpeg 1080w\" sizes=\"(max-width: 1024px) 100vw, 1024px\" \/><\/figure><\/div>\n\n\n<p>O Departamento Estadual de Tr\u00e2nsito (Detran-PI) firmou parceria com a Funda\u00e7\u00e3o Cultural e de Fomento \u00e0 Pesquisa, Ensino, Extens\u00e3o e Inova\u00e7\u00e3o (FADEX), institui\u00e7\u00e3o com sede na Universidade Federal do Piau\u00ed (UFPI). O alinhamento visa o compartilhamento de dados cient\u00edficos que possam servir de embasamento para aplica\u00e7\u00e3o de pol\u00edticas p\u00fablicas de melhorias do tr\u00e2nsito.<\/p>\n\n\n\n<p>Os m\u00e9todos foram debatidos pela Diretora Geral do Detran-PI, Luana Barras, em reuni\u00e3o com Alisten Chaves e Ant\u00f4nio Vin\u00edcius, gerente de projetos e superintendente, respectivamente, da Funda\u00e7\u00e3o que possui reconhecimento nacional.<\/p>\n\n\n\n<p>\u201cFirmamos parcerias para decis\u00f5es que possam aliar conhecimento e tecnologia, visando atuar para um tr\u00e2nsito mais organizado, para conscientiza\u00e7\u00e3o da sociedade e para salvar vidas\u201d, declarou a Diretora.<\/p>\n","protected":false},"excerpt":{"rendered":"<p>O Departamento Estadual de Tr\u00e2nsito (Detran-PI) firmou parceria com a Funda\u00e7\u00e3o Cultural e de Fomento \u00e0 Pesquisa, Ensino, Extens\u00e3o e Inova\u00e7\u00e3o (FADEX), institui\u00e7\u00e3o com sede na Universidade Federal do Piau\u00ed [&hellip;]<\/p>\n","protected":false},"author":1732,"featured_media":1146,"comment_status":"closed","ping_status":"closed","sticky":false,"template":"","format":"standard","meta":[],"categories":[41],"tags":[],"featured_image_urls":{"full":["https:\/\/portal.pi.gov.br\/detran\/wp-content\/uploads\/sites\/62\/2023\/06\/WhatsApp-Image-2023-06-01-at-10.24.13.jpeg",1080,674,false],"thumbnail":["https:\/\/portal.pi.gov.br\/detran\/wp-content\/uploads\/sites\/62\/2023\/06\/WhatsApp-Image-2023-06-01-at-10.24.13-150x150.jpeg",150,150,true],"medium":["https:\/\/portal.pi.gov.br\/detran\/wp-content\/uploads\/sites\/62\/2023\/06\/WhatsApp-Image-2023-06-01-at-10.24.13-300x187.jpeg",300,187,true],"medium_large":["https:\/\/portal.pi.gov.br\/detran\/wp-content\/uploads\/sites\/62\/2023\/06\/WhatsApp-Image-2023-06-01-at-10.24.13-768x479.jpeg",768,479,true],"large":["https:\/\/portal.pi.gov.br\/detran\/wp-content\/uploads\/sites\/62\/2023\/06\/WhatsApp-Image-2023-06-01-at-10.24.13-1024x639.jpeg",887,554,true],"sgg-420":["https:\/\/portal.pi.gov.br\/detran\/wp-content\/uploads\/sites\/62\/2023\/06\/WhatsApp-Image-2023-06-01-at-10.24.13-420x262.jpeg",420,262,true],"sgg-540":["https:\/\/portal.pi.gov.br\/detran\/wp-content\/uploads\/sites\/62\/2023\/06\/WhatsApp-Image-2023-06-01-at-10.24.13-540x337.jpeg",540,337,true],"sgg-780":["https:\/\/portal.pi.gov.br\/detran\/wp-content\/uploads\/sites\/62\/2023\/06\/WhatsApp-Image-2023-06-01-at-10.24.13-780x487.jpeg",780,487,true],"1536x1536":["https:\/\/portal.pi.gov.br\/detran\/wp-content\/uploads\/sites\/62\/2023\/06\/WhatsApp-Image-2023-06-01-at-10.24.13.jpeg",1080,674,false],"2048x2048":["https:\/\/portal.pi.gov.br\/detran\/wp-content\/uploads\/sites\/62\/2023\/06\/WhatsApp-Image-2023-06-01-at-10.24.13.jpeg",1080,674,false],"homepage-slider":["https:\/\/portal.pi.gov.br\/detran\/wp-content\/uploads\/sites\/62\/2023\/06\/WhatsApp-Image-2023-06-01-at-10.24.13-1080x500.jpeg",1080,500,true],"homepage-slider-small":["https:\/\/portal.pi.gov.br\/detran\/wp-content\/uploads\/sites\/62\/2023\/06\/WhatsApp-Image-2023-06-01-at-10.24.13-947x500.jpeg",947,500,true],"page-top":["https:\/\/portal.pi.gov.br\/detran\/wp-content\/uploads\/sites\/62\/2023\/06\/WhatsApp-Image-2023-06-01-at-10.24.13-947x591.jpeg",947,591,true],"page-small":["https:\/\/portal.pi.gov.br\/detran\/wp-content\/uploads\/sites\/62\/2023\/06\/WhatsApp-Image-2023-06-01-at-10.24.13-624x389.jpeg",624,389,true],"loop-main":["https:\/\/portal.pi.gov.br\/detran\/wp-content\/uploads\/sites\/62\/2023\/06\/WhatsApp-Image-2023-06-01-at-10.24.13-365x240.jpeg",365,240,true],"thumb-gallery-widget":["https:\/\/portal.pi.gov.br\/detran\/wp-content\/uploads\/sites\/62\/2023\/06\/WhatsApp-Image-2023-06-01-at-10.24.13-84x56.jpeg",84,56,true]},"post_excerpt_stackable":"<p>O Departamento Estadual de Tr\u00e2nsito (Detran-PI) firmou parceria com a Funda\u00e7\u00e3o Cultural e de Fomento \u00e0 Pesquisa, Ensino, Extens\u00e3o e Inova\u00e7\u00e3o (FADEX), institui\u00e7\u00e3o com sede na Universidade Federal do Piau\u00ed (UFPI). O alinhamento visa o compartilhamento de dados cient\u00edficos que possam servir de embasamento para aplica\u00e7\u00e3o de pol\u00edticas p\u00fablicas de melhorias do tr\u00e2nsito. Os m\u00e9todos foram debatidos pela Diretora Geral do Detran-PI, Luana Barras, em reuni\u00e3o com Alisten Chaves e Ant\u00f4nio Vin\u00edcius, gerente de projetos e superintendente, respectivamente, da Funda\u00e7\u00e3o que possui reconhecimento nacional. \u201cFirmamos parcerias para decis\u00f5es que possam aliar conhecimento e tecnologia, visando atuar para um tr\u00e2nsito mais&hellip;<\/p>\n","category_list":"<a href=\"https:\/\/portal.pi.gov.br\/detran\/category\/noticias\/\" rel=\"category tag\">Not\u00edcias<\/a>","author_info":{"name":"matheussouza","url":"https:\/\/portal.pi.gov.br\/detran\/author\/matheussouza\/"},"comments_num":"0 coment\u00e1rio","featured_image_urls_v2":{"full":["https:\/\/portal.pi.gov.br\/detran\/wp-content\/uploads\/sites\/62\/2023\/06\/WhatsApp-Image-2023-06-01-at-10.24.13.jpeg",1080,674,false],"thumbnail":["https:\/\/portal.pi.gov.br\/detran\/wp-content\/uploads\/sites\/62\/2023\/06\/WhatsApp-Image-2023-06-01-at-10.24.13-150x150.jpeg",150,150,true],"medium":["https:\/\/portal.pi.gov.br\/detran\/wp-content\/uploads\/sites\/62\/2023\/06\/WhatsApp-Image-2023-06-01-at-10.24.13-300x187.jpeg",300,187,true],"medium_large":["https:\/\/portal.pi.gov.br\/detran\/wp-content\/uploads\/sites\/62\/2023\/06\/WhatsApp-Image-2023-06-01-at-10.24.13-768x479.jpeg",768,479,true],"large":["https:\/\/portal.pi.gov.br\/detran\/wp-content\/uploads\/sites\/62\/2023\/06\/WhatsApp-Image-2023-06-01-at-10.24.13-1024x639.jpeg",887,554,true],"sgg-420":["https:\/\/portal.pi.gov.br\/detran\/wp-content\/uploads\/sites\/62\/2023\/06\/WhatsApp-Image-2023-06-01-at-10.24.13-420x262.jpeg",420,262,true],"sgg-540":["https:\/\/portal.pi.gov.br\/detran\/wp-content\/uploads\/sites\/62\/2023\/06\/WhatsApp-Image-2023-06-01-at-10.24.13-540x337.jpeg",540,337,true],"sgg-780":["https:\/\/portal.pi.gov.br\/detran\/wp-content\/uploads\/sites\/62\/2023\/06\/WhatsApp-Image-2023-06-01-at-10.24.13-780x487.jpeg",780,487,true],"1536x1536":["https:\/\/portal.pi.gov.br\/detran\/wp-content\/uploads\/sites\/62\/2023\/06\/WhatsApp-Image-2023-06-01-at-10.24.13.jpeg",1080,674,false],"2048x2048":["https:\/\/portal.pi.gov.br\/detran\/wp-content\/uploads\/sites\/62\/2023\/06\/WhatsApp-Image-2023-06-01-at-10.24.13.jpeg",1080,674,false],"homepage-slider":["https:\/\/portal.pi.gov.br\/detran\/wp-content\/uploads\/sites\/62\/2023\/06\/WhatsApp-Image-2023-06-01-at-10.24.13-1080x500.jpeg",1080,500,true],"homepage-slider-small":["https:\/\/portal.pi.gov.br\/detran\/wp-content\/uploads\/sites\/62\/2023\/06\/WhatsApp-Image-2023-06-01-at-10.24.13-947x500.jpeg",947,500,true],"page-top":["https:\/\/portal.pi.gov.br\/detran\/wp-content\/uploads\/sites\/62\/2023\/06\/WhatsApp-Image-2023-06-01-at-10.24.13-947x591.jpeg",947,591,true],"page-small":["https:\/\/portal.pi.gov.br\/detran\/wp-content\/uploads\/sites\/62\/2023\/06\/WhatsApp-Image-2023-06-01-at-10.24.13-624x389.jpeg",624,389,true],"loop-main":["https:\/\/portal.pi.gov.br\/detran\/wp-content\/uploads\/sites\/62\/2023\/06\/WhatsApp-Image-2023-06-01-at-10.24.13-365x240.jpeg",365,240,true],"thumb-gallery-widget":["https:\/\/portal.pi.gov.br\/detran\/wp-content\/uploads\/sites\/62\/2023\/06\/WhatsApp-Image-2023-06-01-at-10.24.13-84x56.jpeg",84,56,true]},"post_excerpt_stackable_v2":"<p>O Departamento Estadual de Tr\u00e2nsito (Detran-PI) firmou parceria com a Funda\u00e7\u00e3o Cultural e de Fomento \u00e0 Pesquisa, Ensino, Extens\u00e3o e Inova\u00e7\u00e3o (FADEX), institui\u00e7\u00e3o com sede na Universidade Federal do Piau\u00ed (UFPI). O alinhamento visa o compartilhamento de dados cient\u00edficos que possam servir de embasamento para aplica\u00e7\u00e3o de pol\u00edticas p\u00fablicas de melhorias do tr\u00e2nsito. Os m\u00e9todos foram debatidos pela Diretora Geral do Detran-PI, Luana Barras, em reuni\u00e3o com Alisten Chaves e Ant\u00f4nio Vin\u00edcius, gerente de projetos e superintendente, respectivamente, da Funda\u00e7\u00e3o que possui reconhecimento nacional. \u201cFirmamos parcerias para decis\u00f5es que possam aliar conhecimento e tecnologia, visando atuar para um tr\u00e2nsito mais&hellip;<\/p>\n","category_list_v2":"<a href=\"https:\/\/portal.pi.gov.br\/detran\/category\/noticias\/\" rel=\"category tag\">Not\u00edcias<\/a>","author_info_v2":{"name":"matheussouza","url":"https:\/\/portal.pi.gov.br\/detran\/author\/matheussouza\/"},"comments_num_v2":"0 coment\u00e1rio","jetpack_featured_media_url":"https:\/\/portal.pi.gov.br\/detran\/wp-content\/uploads\/sites\/62\/2023\/06\/WhatsApp-Image-2023-06-01-at-10.24.13.jpeg","_links":{"self":[{"href":"https:\/\/portal.pi.gov.br\/detran\/wp-json\/wp\/v2\/posts\/1145"}],"collection":[{"href":"https:\/\/portal.pi.gov.br\/detran\/wp-json\/wp\/v2\/posts"}],"about":[{"href":"https:\/\/portal.pi.gov.br\/detran\/wp-json\/wp\/v2\/types\/post"}],"author":[{"embeddable":true,"href":"https:\/\/portal.pi.gov.br\/detran\/wp-json\/wp\/v2\/users\/1732"}],"replies":[{"embeddable":true,"href":"https:\/\/portal.pi.gov.br\/detran\/wp-json\/wp\/v2\/comments?post=1145"}],"version-history":[{"count":2,"href":"https:\/\/portal.pi.gov.br\/detran\/wp-json\/wp\/v2\/posts\/1145\/revisions"}],"predecessor-version":[{"id":1148,"href":"https:\/\/portal.pi.gov.br\/detran\/wp-json\/wp\/v2\/posts\/1145\/revisions\/1148"}],"wp:featuredmedia":[{"embeddable":true,"href":"https:\/\/portal.pi.gov.br\/detran\/wp-json\/wp\/v2\/media\/1146"}],"wp:attachment":[{"href":"https:\/\/portal.pi.gov.br\/detran\/wp-json\/wp\/v2\/media?parent=1145"}],"wp:term":[{"taxonomy":"category","embeddable":true,"href":"https:\/\/portal.pi.gov.br\/detran\/wp-json\/wp\/v2\/categories?post=1145"},{"taxonomy":"post_tag","embeddable":true,"href":"https:\/\/portal.pi.gov.br\/detran\/wp-json\/wp\/v2\/tags?post=1145"}],"curies":[{"name":"wp","href":"https:\/\/api.w.org\/{rel}","templated":true}]}}