{"id":1149,"date":"2023-06-01T12:15:58","date_gmt":"2023-06-01T15:15:58","guid":{"rendered":"https:\/\/portal.pi.gov.br\/detran\/?p=1149"},"modified":"2023-06-01T12:15:58","modified_gmt":"2023-06-01T15:15:58","slug":"paulistana-e-queimada-nova-recebem-palestras-e-intervencoes-educativas-do-detran-pi","status":"publish","type":"post","link":"https:\/\/portal.pi.gov.br\/detran\/paulistana-e-queimada-nova-recebem-palestras-e-intervencoes-educativas-do-detran-pi\/","title":{"rendered":"Paulistana e Queimada Nova recebem palestras e interven\u00e7\u00f5es educativas do Detran-PI"},"content":{"rendered":"<div class=\"wp-block-image\">\n<figure class=\"aligncenter size-large\"><img decoding=\"async\" loading=\"lazy\" width=\"1024\" height=\"576\" src=\"https:\/\/portal.pi.gov.br\/detran\/wp-content\/uploads\/sites\/62\/2023\/06\/WhatsApp-Image-2023-06-01-at-08.23.10-1024x576.jpeg\" alt=\"\" class=\"wp-image-1150\" srcset=\"https:\/\/portal.pi.gov.br\/detran\/wp-content\/uploads\/sites\/62\/2023\/06\/WhatsApp-Image-2023-06-01-at-08.23.10-1024x576.jpeg 1024w, https:\/\/portal.pi.gov.br\/detran\/wp-content\/uploads\/sites\/62\/2023\/06\/WhatsApp-Image-2023-06-01-at-08.23.10-300x169.jpeg 300w, https:\/\/portal.pi.gov.br\/detran\/wp-content\/uploads\/sites\/62\/2023\/06\/WhatsApp-Image-2023-06-01-at-08.23.10-768x432.jpeg 768w, https:\/\/portal.pi.gov.br\/detran\/wp-content\/uploads\/sites\/62\/2023\/06\/WhatsApp-Image-2023-06-01-at-08.23.10-420x236.jpeg 420w, https:\/\/portal.pi.gov.br\/detran\/wp-content\/uploads\/sites\/62\/2023\/06\/WhatsApp-Image-2023-06-01-at-08.23.10-540x304.jpeg 540w, https:\/\/portal.pi.gov.br\/detran\/wp-content\/uploads\/sites\/62\/2023\/06\/WhatsApp-Image-2023-06-01-at-08.23.10-780x439.jpeg 780w, https:\/\/portal.pi.gov.br\/detran\/wp-content\/uploads\/sites\/62\/2023\/06\/WhatsApp-Image-2023-06-01-at-08.23.10-1536x864.jpeg 1536w, https:\/\/portal.pi.gov.br\/detran\/wp-content\/uploads\/sites\/62\/2023\/06\/WhatsApp-Image-2023-06-01-at-08.23.10-947x533.jpeg 947w, https:\/\/portal.pi.gov.br\/detran\/wp-content\/uploads\/sites\/62\/2023\/06\/WhatsApp-Image-2023-06-01-at-08.23.10-624x351.jpeg 624w, https:\/\/portal.pi.gov.br\/detran\/wp-content\/uploads\/sites\/62\/2023\/06\/WhatsApp-Image-2023-06-01-at-08.23.10.jpeg 1600w\" sizes=\"(max-width: 1024px) 100vw, 1024px\" \/><\/figure><\/div>\n\n\n<p>O Departamento Estadual de Tr\u00e2nsito do Piau\u00ed (Detran-PI) realizou uma s\u00e9rie de palestras e interven\u00e7\u00f5es\u00a0 voltadas \u00e0 educa\u00e7\u00e3o de jovens e crian\u00e7as em escolas de tempo integral nas cidades de Paulistana e Queimada Nova. Trata-se da amplia\u00e7\u00e3o dos trabalhos institucionais para os quatros cantos do Estado.<\/p>\n\n\n\n<p>As atividades educativas aconteceram no Centro de Ensino de Tempo Integral (CETI) Lucinete Santana da Silva ( Paulistana-PI) e na Unidade Escolar Padre Teixeira (Queimada Nova-PI) com o objetivo de colaborar para a redu\u00e7\u00e3o do n\u00famero de acidentes e para conscientizar os condutores sobre os perigos no tr\u00e2nsito. O evento integrou as atividades de\u00a0 alus\u00e3o ao Movimento Internacional Maio Amarelo.<\/p>\n\n\n<div class=\"wp-block-image\">\n<figure class=\"aligncenter size-large\"><img decoding=\"async\" loading=\"lazy\" width=\"1024\" height=\"576\" src=\"https:\/\/portal.pi.gov.br\/detran\/wp-content\/uploads\/sites\/62\/2023\/06\/WhatsApp-Image-2023-06-01-at-08.23.11-1024x576.jpeg\" alt=\"\" class=\"wp-image-1152\" srcset=\"https:\/\/portal.pi.gov.br\/detran\/wp-content\/uploads\/sites\/62\/2023\/06\/WhatsApp-Image-2023-06-01-at-08.23.11-1024x576.jpeg 1024w, https:\/\/portal.pi.gov.br\/detran\/wp-content\/uploads\/sites\/62\/2023\/06\/WhatsApp-Image-2023-06-01-at-08.23.11-300x169.jpeg 300w, https:\/\/portal.pi.gov.br\/detran\/wp-content\/uploads\/sites\/62\/2023\/06\/WhatsApp-Image-2023-06-01-at-08.23.11-768x432.jpeg 768w, https:\/\/portal.pi.gov.br\/detran\/wp-content\/uploads\/sites\/62\/2023\/06\/WhatsApp-Image-2023-06-01-at-08.23.11-420x236.jpeg 420w, https:\/\/portal.pi.gov.br\/detran\/wp-content\/uploads\/sites\/62\/2023\/06\/WhatsApp-Image-2023-06-01-at-08.23.11-540x304.jpeg 540w, https:\/\/portal.pi.gov.br\/detran\/wp-content\/uploads\/sites\/62\/2023\/06\/WhatsApp-Image-2023-06-01-at-08.23.11-780x439.jpeg 780w, https:\/\/portal.pi.gov.br\/detran\/wp-content\/uploads\/sites\/62\/2023\/06\/WhatsApp-Image-2023-06-01-at-08.23.11-1536x864.jpeg 1536w, https:\/\/portal.pi.gov.br\/detran\/wp-content\/uploads\/sites\/62\/2023\/06\/WhatsApp-Image-2023-06-01-at-08.23.11-947x533.jpeg 947w, https:\/\/portal.pi.gov.br\/detran\/wp-content\/uploads\/sites\/62\/2023\/06\/WhatsApp-Image-2023-06-01-at-08.23.11-624x351.jpeg 624w, https:\/\/portal.pi.gov.br\/detran\/wp-content\/uploads\/sites\/62\/2023\/06\/WhatsApp-Image-2023-06-01-at-08.23.11.jpeg 1600w\" sizes=\"(max-width: 1024px) 100vw, 1024px\" \/><\/figure><\/div>\n\n\n<p>O Diretor da Escola Piauiense de Tr\u00e2nsito, Daniel Carvalho, afirma que as a\u00e7\u00f5es nos dois munic\u00edpios encerram as atividades alusivas ao Movimento Maio Amarelo. Ele reitera que as interven\u00e7\u00f5es educativas v\u00e3o perdurar durante todo o ano de 2023.<\/p>\n\n\n\n<p>\u201cAs atividades de educa\u00e7\u00e3o n\u00e3o ir\u00e3o parar. Pelo contr\u00e1rio, iremos intensificar durante todo o ano a conscientiza\u00e7\u00e3o dos perigos no tr\u00e2nsito por todo o estado do Piau\u00ed. Agradecemos a colabora\u00e7\u00e3o e apoio de todos os parceiros envolvidos neste trabalho\u201d, afirmou.<\/p>\n\n\n<div class=\"wp-block-image\">\n<figure class=\"aligncenter size-large\"><img decoding=\"async\" loading=\"lazy\" width=\"1024\" height=\"576\" src=\"https:\/\/portal.pi.gov.br\/detran\/wp-content\/uploads\/sites\/62\/2023\/06\/WhatsApp-Image-2023-06-01-at-08.23.28-1024x576.jpeg\" alt=\"\" class=\"wp-image-1151\" srcset=\"https:\/\/portal.pi.gov.br\/detran\/wp-content\/uploads\/sites\/62\/2023\/06\/WhatsApp-Image-2023-06-01-at-08.23.28-1024x576.jpeg 1024w, https:\/\/portal.pi.gov.br\/detran\/wp-content\/uploads\/sites\/62\/2023\/06\/WhatsApp-Image-2023-06-01-at-08.23.28-300x169.jpeg 300w, https:\/\/portal.pi.gov.br\/detran\/wp-content\/uploads\/sites\/62\/2023\/06\/WhatsApp-Image-2023-06-01-at-08.23.28-768x432.jpeg 768w, https:\/\/portal.pi.gov.br\/detran\/wp-content\/uploads\/sites\/62\/2023\/06\/WhatsApp-Image-2023-06-01-at-08.23.28-420x236.jpeg 420w, https:\/\/portal.pi.gov.br\/detran\/wp-content\/uploads\/sites\/62\/2023\/06\/WhatsApp-Image-2023-06-01-at-08.23.28-540x304.jpeg 540w, https:\/\/portal.pi.gov.br\/detran\/wp-content\/uploads\/sites\/62\/2023\/06\/WhatsApp-Image-2023-06-01-at-08.23.28-780x439.jpeg 780w, https:\/\/portal.pi.gov.br\/detran\/wp-content\/uploads\/sites\/62\/2023\/06\/WhatsApp-Image-2023-06-01-at-08.23.28-1536x864.jpeg 1536w, https:\/\/portal.pi.gov.br\/detran\/wp-content\/uploads\/sites\/62\/2023\/06\/WhatsApp-Image-2023-06-01-at-08.23.28-947x533.jpeg 947w, https:\/\/portal.pi.gov.br\/detran\/wp-content\/uploads\/sites\/62\/2023\/06\/WhatsApp-Image-2023-06-01-at-08.23.28-624x351.jpeg 624w, https:\/\/portal.pi.gov.br\/detran\/wp-content\/uploads\/sites\/62\/2023\/06\/WhatsApp-Image-2023-06-01-at-08.23.28.jpeg 1600w\" sizes=\"(max-width: 1024px) 100vw, 1024px\" \/><\/figure><\/div>\n\n\n<p>A equipe de educadores da Escola Piauiense de Tr\u00e2nsito est\u00e1 ampliando cada vez mais os trabalhos educativos para os quatros cantos do Estado. O objetivo \u00e9 colaborar para um tr\u00e2nsito mais seguro e para reduzir o n\u00famero de acidentes.<\/p>\n","protected":false},"excerpt":{"rendered":"<p>O Departamento Estadual de Tr\u00e2nsito do Piau\u00ed (Detran-PI) realizou uma s\u00e9rie de palestras e interven\u00e7\u00f5es\u00a0 voltadas \u00e0 educa\u00e7\u00e3o de jovens e crian\u00e7as em escolas de tempo integral nas cidades de [&hellip;]<\/p>\n","protected":false},"author":1732,"featured_media":1151,"comment_status":"closed","ping_status":"closed","sticky":false,"template":"","format":"standard","meta":[],"categories":[41],"tags":[],"featured_image_urls":{"full":["https:\/\/portal.pi.gov.br\/detran\/wp-content\/uploads\/sites\/62\/2023\/06\/WhatsApp-Image-2023-06-01-at-08.23.28.jpeg",1600,900,false],"thumbnail":["https:\/\/portal.pi.gov.br\/detran\/wp-content\/uploads\/sites\/62\/2023\/06\/WhatsApp-Image-2023-06-01-at-08.23.28-150x150.jpeg",150,150,true],"medium":["https:\/\/portal.pi.gov.br\/detran\/wp-content\/uploads\/sites\/62\/2023\/06\/WhatsApp-Image-2023-06-01-at-08.23.28-300x169.jpeg",300,169,true],"medium_large":["https:\/\/portal.pi.gov.br\/detran\/wp-content\/uploads\/sites\/62\/2023\/06\/WhatsApp-Image-2023-06-01-at-08.23.28-768x432.jpeg",768,432,true],"large":["https:\/\/portal.pi.gov.br\/detran\/wp-content\/uploads\/sites\/62\/2023\/06\/WhatsApp-Image-2023-06-01-at-08.23.28-1024x576.jpeg",887,499,true],"sgg-420":["https:\/\/portal.pi.gov.br\/detran\/wp-content\/uploads\/sites\/62\/2023\/06\/WhatsApp-Image-2023-06-01-at-08.23.28-420x236.jpeg",420,236,true],"sgg-540":["https:\/\/portal.pi.gov.br\/detran\/wp-content\/uploads\/sites\/62\/2023\/06\/WhatsApp-Image-2023-06-01-at-08.23.28-540x304.jpeg",540,304,true],"sgg-780":["https:\/\/portal.pi.gov.br\/detran\/wp-content\/uploads\/sites\/62\/2023\/06\/WhatsApp-Image-2023-06-01-at-08.23.28-780x439.jpeg",780,439,true],"1536x1536":["https:\/\/portal.pi.gov.br\/detran\/wp-content\/uploads\/sites\/62\/2023\/06\/WhatsApp-Image-2023-06-01-at-08.23.28-1536x864.jpeg",1536,864,true],"2048x2048":["https:\/\/portal.pi.gov.br\/detran\/wp-content\/uploads\/sites\/62\/2023\/06\/WhatsApp-Image-2023-06-01-at-08.23.28.jpeg",1600,900,false],"homepage-slider":["https:\/\/portal.pi.gov.br\/detran\/wp-content\/uploads\/sites\/62\/2023\/06\/WhatsApp-Image-2023-06-01-at-08.23.28-1270x500.jpeg",1270,500,true],"homepage-slider-small":["https:\/\/portal.pi.gov.br\/detran\/wp-content\/uploads\/sites\/62\/2023\/06\/WhatsApp-Image-2023-06-01-at-08.23.28-947x500.jpeg",947,500,true],"page-top":["https:\/\/portal.pi.gov.br\/detran\/wp-content\/uploads\/sites\/62\/2023\/06\/WhatsApp-Image-2023-06-01-at-08.23.28-947x533.jpeg",947,533,true],"page-small":["https:\/\/portal.pi.gov.br\/detran\/wp-content\/uploads\/sites\/62\/2023\/06\/WhatsApp-Image-2023-06-01-at-08.23.28-624x351.jpeg",624,351,true],"loop-main":["https:\/\/portal.pi.gov.br\/detran\/wp-content\/uploads\/sites\/62\/2023\/06\/WhatsApp-Image-2023-06-01-at-08.23.28-365x240.jpeg",365,240,true],"thumb-gallery-widget":["https:\/\/portal.pi.gov.br\/detran\/wp-content\/uploads\/sites\/62\/2023\/06\/WhatsApp-Image-2023-06-01-at-08.23.28-84x56.jpeg",84,56,true]},"post_excerpt_stackable":"<p>O Departamento Estadual de Tr\u00e2nsito do Piau\u00ed (Detran-PI) realizou uma s\u00e9rie de palestras e interven\u00e7\u00f5es\u00a0 voltadas \u00e0 educa\u00e7\u00e3o de jovens e crian\u00e7as em escolas de tempo integral nas cidades de Paulistana e Queimada Nova. Trata-se da amplia\u00e7\u00e3o dos trabalhos institucionais para os quatros cantos do Estado. As atividades educativas aconteceram no Centro de Ensino de Tempo Integral (CETI) Lucinete Santana da Silva ( Paulistana-PI) e na Unidade Escolar Padre Teixeira (Queimada Nova-PI) com o objetivo de colaborar para a redu\u00e7\u00e3o do n\u00famero de acidentes e para conscientizar os condutores sobre os perigos no tr\u00e2nsito. O evento integrou as atividades de\u00a0&hellip;<\/p>\n","category_list":"<a href=\"https:\/\/portal.pi.gov.br\/detran\/category\/noticias\/\" rel=\"category tag\">Not\u00edcias<\/a>","author_info":{"name":"matheussouza","url":"https:\/\/portal.pi.gov.br\/detran\/author\/matheussouza\/"},"comments_num":"0 coment\u00e1rio","featured_image_urls_v2":{"full":["https:\/\/portal.pi.gov.br\/detran\/wp-content\/uploads\/sites\/62\/2023\/06\/WhatsApp-Image-2023-06-01-at-08.23.28.jpeg",1600,900,false],"thumbnail":["https:\/\/portal.pi.gov.br\/detran\/wp-content\/uploads\/sites\/62\/2023\/06\/WhatsApp-Image-2023-06-01-at-08.23.28-150x150.jpeg",150,150,true],"medium":["https:\/\/portal.pi.gov.br\/detran\/wp-content\/uploads\/sites\/62\/2023\/06\/WhatsApp-Image-2023-06-01-at-08.23.28-300x169.jpeg",300,169,true],"medium_large":["https:\/\/portal.pi.gov.br\/detran\/wp-content\/uploads\/sites\/62\/2023\/06\/WhatsApp-Image-2023-06-01-at-08.23.28-768x432.jpeg",768,432,true],"large":["https:\/\/portal.pi.gov.br\/detran\/wp-content\/uploads\/sites\/62\/2023\/06\/WhatsApp-Image-2023-06-01-at-08.23.28-1024x576.jpeg",887,499,true],"sgg-420":["https:\/\/portal.pi.gov.br\/detran\/wp-content\/uploads\/sites\/62\/2023\/06\/WhatsApp-Image-2023-06-01-at-08.23.28-420x236.jpeg",420,236,true],"sgg-540":["https:\/\/portal.pi.gov.br\/detran\/wp-content\/uploads\/sites\/62\/2023\/06\/WhatsApp-Image-2023-06-01-at-08.23.28-540x304.jpeg",540,304,true],"sgg-780":["https:\/\/portal.pi.gov.br\/detran\/wp-content\/uploads\/sites\/62\/2023\/06\/WhatsApp-Image-2023-06-01-at-08.23.28-780x439.jpeg",780,439,true],"1536x1536":["https:\/\/portal.pi.gov.br\/detran\/wp-content\/uploads\/sites\/62\/2023\/06\/WhatsApp-Image-2023-06-01-at-08.23.28-1536x864.jpeg",1536,864,true],"2048x2048":["https:\/\/portal.pi.gov.br\/detran\/wp-content\/uploads\/sites\/62\/2023\/06\/WhatsApp-Image-2023-06-01-at-08.23.28.jpeg",1600,900,false],"homepage-slider":["https:\/\/portal.pi.gov.br\/detran\/wp-content\/uploads\/sites\/62\/2023\/06\/WhatsApp-Image-2023-06-01-at-08.23.28-1270x500.jpeg",1270,500,true],"homepage-slider-small":["https:\/\/portal.pi.gov.br\/detran\/wp-content\/uploads\/sites\/62\/2023\/06\/WhatsApp-Image-2023-06-01-at-08.23.28-947x500.jpeg",947,500,true],"page-top":["https:\/\/portal.pi.gov.br\/detran\/wp-content\/uploads\/sites\/62\/2023\/06\/WhatsApp-Image-2023-06-01-at-08.23.28-947x533.jpeg",947,533,true],"page-small":["https:\/\/portal.pi.gov.br\/detran\/wp-content\/uploads\/sites\/62\/2023\/06\/WhatsApp-Image-2023-06-01-at-08.23.28-624x351.jpeg",624,351,true],"loop-main":["https:\/\/portal.pi.gov.br\/detran\/wp-content\/uploads\/sites\/62\/2023\/06\/WhatsApp-Image-2023-06-01-at-08.23.28-365x240.jpeg",365,240,true],"thumb-gallery-widget":["https:\/\/portal.pi.gov.br\/detran\/wp-content\/uploads\/sites\/62\/2023\/06\/WhatsApp-Image-2023-06-01-at-08.23.28-84x56.jpeg",84,56,true]},"post_excerpt_stackable_v2":"<p>O Departamento Estadual de Tr\u00e2nsito do Piau\u00ed (Detran-PI) realizou uma s\u00e9rie de palestras e interven\u00e7\u00f5es\u00a0 voltadas \u00e0 educa\u00e7\u00e3o de jovens e crian\u00e7as em escolas de tempo integral nas cidades de Paulistana e Queimada Nova. Trata-se da amplia\u00e7\u00e3o dos trabalhos institucionais para os quatros cantos do Estado. As atividades educativas aconteceram no Centro de Ensino de Tempo Integral (CETI) Lucinete Santana da Silva ( Paulistana-PI) e na Unidade Escolar Padre Teixeira (Queimada Nova-PI) com o objetivo de colaborar para a redu\u00e7\u00e3o do n\u00famero de acidentes e para conscientizar os condutores sobre os perigos no tr\u00e2nsito. O evento integrou as atividades de\u00a0&hellip;<\/p>\n","category_list_v2":"<a href=\"https:\/\/portal.pi.gov.br\/detran\/category\/noticias\/\" rel=\"category tag\">Not\u00edcias<\/a>","author_info_v2":{"name":"matheussouza","url":"https:\/\/portal.pi.gov.br\/detran\/author\/matheussouza\/"},"comments_num_v2":"0 coment\u00e1rio","jetpack_featured_media_url":"https:\/\/portal.pi.gov.br\/detran\/wp-content\/uploads\/sites\/62\/2023\/06\/WhatsApp-Image-2023-06-01-at-08.23.28.jpeg","_links":{"self":[{"href":"https:\/\/portal.pi.gov.br\/detran\/wp-json\/wp\/v2\/posts\/1149"}],"collection":[{"href":"https:\/\/portal.pi.gov.br\/detran\/wp-json\/wp\/v2\/posts"}],"about":[{"href":"https:\/\/portal.pi.gov.br\/detran\/wp-json\/wp\/v2\/types\/post"}],"author":[{"embeddable":true,"href":"https:\/\/portal.pi.gov.br\/detran\/wp-json\/wp\/v2\/users\/1732"}],"replies":[{"embeddable":true,"href":"https:\/\/portal.pi.gov.br\/detran\/wp-json\/wp\/v2\/comments?post=1149"}],"version-history":[{"count":1,"href":"https:\/\/portal.pi.gov.br\/detran\/wp-json\/wp\/v2\/posts\/1149\/revisions"}],"predecessor-version":[{"id":1153,"href":"https:\/\/portal.pi.gov.br\/detran\/wp-json\/wp\/v2\/posts\/1149\/revisions\/1153"}],"wp:featuredmedia":[{"embeddable":true,"href":"https:\/\/portal.pi.gov.br\/detran\/wp-json\/wp\/v2\/media\/1151"}],"wp:attachment":[{"href":"https:\/\/portal.pi.gov.br\/detran\/wp-json\/wp\/v2\/media?parent=1149"}],"wp:term":[{"taxonomy":"category","embeddable":true,"href":"https:\/\/portal.pi.gov.br\/detran\/wp-json\/wp\/v2\/categories?post=1149"},{"taxonomy":"post_tag","embeddable":true,"href":"https:\/\/portal.pi.gov.br\/detran\/wp-json\/wp\/v2\/tags?post=1149"}],"curies":[{"name":"wp","href":"https:\/\/api.w.org\/{rel}","templated":true}]}}