{"id":1156,"date":"2023-06-19T11:58:22","date_gmt":"2023-06-19T14:58:22","guid":{"rendered":"https:\/\/portal.pi.gov.br\/detran\/?p=1156"},"modified":"2023-06-19T12:07:08","modified_gmt":"2023-06-19T15:07:08","slug":"confira-cronograma-de-exames-praticos-do-detran-pi-para-os-meses-de-julho-e-agosto-de-2023","status":"publish","type":"post","link":"https:\/\/portal.pi.gov.br\/detran\/confira-cronograma-de-exames-praticos-do-detran-pi-para-os-meses-de-julho-e-agosto-de-2023\/","title":{"rendered":"Confira cronograma de exames pr\u00e1ticos do Detran-PI para os meses de Julho e Agosto de 2023"},"content":{"rendered":"\n<figure class=\"wp-block-image size-large\"><img decoding=\"async\" loading=\"lazy\" width=\"1024\" height=\"559\" src=\"https:\/\/portal.pi.gov.br\/detran\/wp-content\/uploads\/sites\/62\/2023\/06\/WhatsApp-Image-2023-06-19-at-11.54.47-1024x559.jpeg\" alt=\"\" class=\"wp-image-1157\" srcset=\"https:\/\/portal.pi.gov.br\/detran\/wp-content\/uploads\/sites\/62\/2023\/06\/WhatsApp-Image-2023-06-19-at-11.54.47-1024x559.jpeg 1024w, https:\/\/portal.pi.gov.br\/detran\/wp-content\/uploads\/sites\/62\/2023\/06\/WhatsApp-Image-2023-06-19-at-11.54.47-300x164.jpeg 300w, https:\/\/portal.pi.gov.br\/detran\/wp-content\/uploads\/sites\/62\/2023\/06\/WhatsApp-Image-2023-06-19-at-11.54.47-768x420.jpeg 768w, https:\/\/portal.pi.gov.br\/detran\/wp-content\/uploads\/sites\/62\/2023\/06\/WhatsApp-Image-2023-06-19-at-11.54.47-420x229.jpeg 420w, https:\/\/portal.pi.gov.br\/detran\/wp-content\/uploads\/sites\/62\/2023\/06\/WhatsApp-Image-2023-06-19-at-11.54.47-540x295.jpeg 540w, https:\/\/portal.pi.gov.br\/detran\/wp-content\/uploads\/sites\/62\/2023\/06\/WhatsApp-Image-2023-06-19-at-11.54.47-780x426.jpeg 780w, https:\/\/portal.pi.gov.br\/detran\/wp-content\/uploads\/sites\/62\/2023\/06\/WhatsApp-Image-2023-06-19-at-11.54.47-1536x839.jpeg 1536w, https:\/\/portal.pi.gov.br\/detran\/wp-content\/uploads\/sites\/62\/2023\/06\/WhatsApp-Image-2023-06-19-at-11.54.47-947x517.jpeg 947w, https:\/\/portal.pi.gov.br\/detran\/wp-content\/uploads\/sites\/62\/2023\/06\/WhatsApp-Image-2023-06-19-at-11.54.47-624x341.jpeg 624w, https:\/\/portal.pi.gov.br\/detran\/wp-content\/uploads\/sites\/62\/2023\/06\/WhatsApp-Image-2023-06-19-at-11.54.47.jpeg 1600w\" sizes=\"(max-width: 1024px) 100vw, 1024px\" \/><\/figure>\n\n\n\n<p>O Departamento Estadual de Tr\u00e2nsito do Piau\u00ed (Detran-PI) disponibiliza o cronograma de exames pr\u00e1ticos (balizas) dos meses de Julho e Agosto de 2023.<\/p>\n\n\n\n<p>S\u00e3o Raimundo Nonato, Oeiras, Piripiri, Floriano, Picos, Parna\u00edba, S\u00e3o Jo\u00e3o do Piau\u00ed, Uru\u00e7u\u00ed, Marcol\u00e2ndia, Fronteiras, Paulistana recebem os servi\u00e7os de avalia\u00e7\u00e3o pr\u00e1tica no m\u00eas de julho e agosto (confira na imagem).<\/p>\n\n\n\n<p>O Detran-PI ressalta que o calend\u00e1rio poder\u00e1 sofrer altera\u00e7\u00f5es. Qualquer mudan\u00e7a ser\u00e1 divulgada pelos meios de comunica\u00e7\u00e3o do \u00f3rg\u00e3o.<\/p>\n","protected":false},"excerpt":{"rendered":"<p>O Departamento Estadual de Tr\u00e2nsito do Piau\u00ed (Detran-PI) disponibiliza o cronograma de exames pr\u00e1ticos (balizas) dos meses de Julho e Agosto de 2023. S\u00e3o Raimundo Nonato, Oeiras, Piripiri, Floriano, Picos, [&hellip;]<\/p>\n","protected":false},"author":1732,"featured_media":1157,"comment_status":"closed","ping_status":"closed","sticky":false,"template":"","format":"standard","meta":[],"categories":[41],"tags":[],"featured_image_urls":{"full":["https:\/\/portal.pi.gov.br\/detran\/wp-content\/uploads\/sites\/62\/2023\/06\/WhatsApp-Image-2023-06-19-at-11.54.47.jpeg",1600,874,false],"thumbnail":["https:\/\/portal.pi.gov.br\/detran\/wp-content\/uploads\/sites\/62\/2023\/06\/WhatsApp-Image-2023-06-19-at-11.54.47-150x150.jpeg",150,150,true],"medium":["https:\/\/portal.pi.gov.br\/detran\/wp-content\/uploads\/sites\/62\/2023\/06\/WhatsApp-Image-2023-06-19-at-11.54.47-300x164.jpeg",300,164,true],"medium_large":["https:\/\/portal.pi.gov.br\/detran\/wp-content\/uploads\/sites\/62\/2023\/06\/WhatsApp-Image-2023-06-19-at-11.54.47-768x420.jpeg",768,420,true],"large":["https:\/\/portal.pi.gov.br\/detran\/wp-content\/uploads\/sites\/62\/2023\/06\/WhatsApp-Image-2023-06-19-at-11.54.47-1024x559.jpeg",887,484,true],"sgg-420":["https:\/\/portal.pi.gov.br\/detran\/wp-content\/uploads\/sites\/62\/2023\/06\/WhatsApp-Image-2023-06-19-at-11.54.47-420x229.jpeg",420,229,true],"sgg-540":["https:\/\/portal.pi.gov.br\/detran\/wp-content\/uploads\/sites\/62\/2023\/06\/WhatsApp-Image-2023-06-19-at-11.54.47-540x295.jpeg",540,295,true],"sgg-780":["https:\/\/portal.pi.gov.br\/detran\/wp-content\/uploads\/sites\/62\/2023\/06\/WhatsApp-Image-2023-06-19-at-11.54.47-780x426.jpeg",780,426,true],"1536x1536":["https:\/\/portal.pi.gov.br\/detran\/wp-content\/uploads\/sites\/62\/2023\/06\/WhatsApp-Image-2023-06-19-at-11.54.47-1536x839.jpeg",1536,839,true],"2048x2048":["https:\/\/portal.pi.gov.br\/detran\/wp-content\/uploads\/sites\/62\/2023\/06\/WhatsApp-Image-2023-06-19-at-11.54.47.jpeg",1600,874,false],"homepage-slider":["https:\/\/portal.pi.gov.br\/detran\/wp-content\/uploads\/sites\/62\/2023\/06\/WhatsApp-Image-2023-06-19-at-11.54.47-1270x500.jpeg",1270,500,true],"homepage-slider-small":["https:\/\/portal.pi.gov.br\/detran\/wp-content\/uploads\/sites\/62\/2023\/06\/WhatsApp-Image-2023-06-19-at-11.54.47-947x500.jpeg",947,500,true],"page-top":["https:\/\/portal.pi.gov.br\/detran\/wp-content\/uploads\/sites\/62\/2023\/06\/WhatsApp-Image-2023-06-19-at-11.54.47-947x517.jpeg",947,517,true],"page-small":["https:\/\/portal.pi.gov.br\/detran\/wp-content\/uploads\/sites\/62\/2023\/06\/WhatsApp-Image-2023-06-19-at-11.54.47-624x341.jpeg",624,341,true],"loop-main":["https:\/\/portal.pi.gov.br\/detran\/wp-content\/uploads\/sites\/62\/2023\/06\/WhatsApp-Image-2023-06-19-at-11.54.47-365x240.jpeg",365,240,true],"thumb-gallery-widget":["https:\/\/portal.pi.gov.br\/detran\/wp-content\/uploads\/sites\/62\/2023\/06\/WhatsApp-Image-2023-06-19-at-11.54.47-84x56.jpeg",84,56,true]},"post_excerpt_stackable":"<p>O Departamento Estadual de Tr\u00e2nsito do Piau\u00ed (Detran-PI) disponibiliza o cronograma de exames pr\u00e1ticos (balizas) dos meses de Julho e Agosto de 2023. S\u00e3o Raimundo Nonato, Oeiras, Piripiri, Floriano, Picos, Parna\u00edba, S\u00e3o Jo\u00e3o do Piau\u00ed, Uru\u00e7u\u00ed, Marcol\u00e2ndia, Fronteiras, Paulistana recebem os servi\u00e7os de avalia\u00e7\u00e3o pr\u00e1tica no m\u00eas de julho e agosto (confira na imagem). O Detran-PI ressalta que o calend\u00e1rio poder\u00e1 sofrer altera\u00e7\u00f5es. Qualquer mudan\u00e7a ser\u00e1 divulgada pelos meios de comunica\u00e7\u00e3o do \u00f3rg\u00e3o.<\/p>\n","category_list":"<a href=\"https:\/\/portal.pi.gov.br\/detran\/category\/noticias\/\" rel=\"category tag\">Not\u00edcias<\/a>","author_info":{"name":"matheussouza","url":"https:\/\/portal.pi.gov.br\/detran\/author\/matheussouza\/"},"comments_num":"0 coment\u00e1rio","featured_image_urls_v2":{"full":["https:\/\/portal.pi.gov.br\/detran\/wp-content\/uploads\/sites\/62\/2023\/06\/WhatsApp-Image-2023-06-19-at-11.54.47.jpeg",1600,874,false],"thumbnail":["https:\/\/portal.pi.gov.br\/detran\/wp-content\/uploads\/sites\/62\/2023\/06\/WhatsApp-Image-2023-06-19-at-11.54.47-150x150.jpeg",150,150,true],"medium":["https:\/\/portal.pi.gov.br\/detran\/wp-content\/uploads\/sites\/62\/2023\/06\/WhatsApp-Image-2023-06-19-at-11.54.47-300x164.jpeg",300,164,true],"medium_large":["https:\/\/portal.pi.gov.br\/detran\/wp-content\/uploads\/sites\/62\/2023\/06\/WhatsApp-Image-2023-06-19-at-11.54.47-768x420.jpeg",768,420,true],"large":["https:\/\/portal.pi.gov.br\/detran\/wp-content\/uploads\/sites\/62\/2023\/06\/WhatsApp-Image-2023-06-19-at-11.54.47-1024x559.jpeg",887,484,true],"sgg-420":["https:\/\/portal.pi.gov.br\/detran\/wp-content\/uploads\/sites\/62\/2023\/06\/WhatsApp-Image-2023-06-19-at-11.54.47-420x229.jpeg",420,229,true],"sgg-540":["https:\/\/portal.pi.gov.br\/detran\/wp-content\/uploads\/sites\/62\/2023\/06\/WhatsApp-Image-2023-06-19-at-11.54.47-540x295.jpeg",540,295,true],"sgg-780":["https:\/\/portal.pi.gov.br\/detran\/wp-content\/uploads\/sites\/62\/2023\/06\/WhatsApp-Image-2023-06-19-at-11.54.47-780x426.jpeg",780,426,true],"1536x1536":["https:\/\/portal.pi.gov.br\/detran\/wp-content\/uploads\/sites\/62\/2023\/06\/WhatsApp-Image-2023-06-19-at-11.54.47-1536x839.jpeg",1536,839,true],"2048x2048":["https:\/\/portal.pi.gov.br\/detran\/wp-content\/uploads\/sites\/62\/2023\/06\/WhatsApp-Image-2023-06-19-at-11.54.47.jpeg",1600,874,false],"homepage-slider":["https:\/\/portal.pi.gov.br\/detran\/wp-content\/uploads\/sites\/62\/2023\/06\/WhatsApp-Image-2023-06-19-at-11.54.47-1270x500.jpeg",1270,500,true],"homepage-slider-small":["https:\/\/portal.pi.gov.br\/detran\/wp-content\/uploads\/sites\/62\/2023\/06\/WhatsApp-Image-2023-06-19-at-11.54.47-947x500.jpeg",947,500,true],"page-top":["https:\/\/portal.pi.gov.br\/detran\/wp-content\/uploads\/sites\/62\/2023\/06\/WhatsApp-Image-2023-06-19-at-11.54.47-947x517.jpeg",947,517,true],"page-small":["https:\/\/portal.pi.gov.br\/detran\/wp-content\/uploads\/sites\/62\/2023\/06\/WhatsApp-Image-2023-06-19-at-11.54.47-624x341.jpeg",624,341,true],"loop-main":["https:\/\/portal.pi.gov.br\/detran\/wp-content\/uploads\/sites\/62\/2023\/06\/WhatsApp-Image-2023-06-19-at-11.54.47-365x240.jpeg",365,240,true],"thumb-gallery-widget":["https:\/\/portal.pi.gov.br\/detran\/wp-content\/uploads\/sites\/62\/2023\/06\/WhatsApp-Image-2023-06-19-at-11.54.47-84x56.jpeg",84,56,true]},"post_excerpt_stackable_v2":"<p>O Departamento Estadual de Tr\u00e2nsito do Piau\u00ed (Detran-PI) disponibiliza o cronograma de exames pr\u00e1ticos (balizas) dos meses de Julho e Agosto de 2023. S\u00e3o Raimundo Nonato, Oeiras, Piripiri, Floriano, Picos, Parna\u00edba, S\u00e3o Jo\u00e3o do Piau\u00ed, Uru\u00e7u\u00ed, Marcol\u00e2ndia, Fronteiras, Paulistana recebem os servi\u00e7os de avalia\u00e7\u00e3o pr\u00e1tica no m\u00eas de julho e agosto (confira na imagem). O Detran-PI ressalta que o calend\u00e1rio poder\u00e1 sofrer altera\u00e7\u00f5es. Qualquer mudan\u00e7a ser\u00e1 divulgada pelos meios de comunica\u00e7\u00e3o do \u00f3rg\u00e3o.<\/p>\n","category_list_v2":"<a href=\"https:\/\/portal.pi.gov.br\/detran\/category\/noticias\/\" rel=\"category tag\">Not\u00edcias<\/a>","author_info_v2":{"name":"matheussouza","url":"https:\/\/portal.pi.gov.br\/detran\/author\/matheussouza\/"},"comments_num_v2":"0 coment\u00e1rio","jetpack_featured_media_url":"https:\/\/portal.pi.gov.br\/detran\/wp-content\/uploads\/sites\/62\/2023\/06\/WhatsApp-Image-2023-06-19-at-11.54.47.jpeg","_links":{"self":[{"href":"https:\/\/portal.pi.gov.br\/detran\/wp-json\/wp\/v2\/posts\/1156"}],"collection":[{"href":"https:\/\/portal.pi.gov.br\/detran\/wp-json\/wp\/v2\/posts"}],"about":[{"href":"https:\/\/portal.pi.gov.br\/detran\/wp-json\/wp\/v2\/types\/post"}],"author":[{"embeddable":true,"href":"https:\/\/portal.pi.gov.br\/detran\/wp-json\/wp\/v2\/users\/1732"}],"replies":[{"embeddable":true,"href":"https:\/\/portal.pi.gov.br\/detran\/wp-json\/wp\/v2\/comments?post=1156"}],"version-history":[{"count":2,"href":"https:\/\/portal.pi.gov.br\/detran\/wp-json\/wp\/v2\/posts\/1156\/revisions"}],"predecessor-version":[{"id":1159,"href":"https:\/\/portal.pi.gov.br\/detran\/wp-json\/wp\/v2\/posts\/1156\/revisions\/1159"}],"wp:featuredmedia":[{"embeddable":true,"href":"https:\/\/portal.pi.gov.br\/detran\/wp-json\/wp\/v2\/media\/1157"}],"wp:attachment":[{"href":"https:\/\/portal.pi.gov.br\/detran\/wp-json\/wp\/v2\/media?parent=1156"}],"wp:term":[{"taxonomy":"category","embeddable":true,"href":"https:\/\/portal.pi.gov.br\/detran\/wp-json\/wp\/v2\/categories?post=1156"},{"taxonomy":"post_tag","embeddable":true,"href":"https:\/\/portal.pi.gov.br\/detran\/wp-json\/wp\/v2\/tags?post=1156"}],"curies":[{"name":"wp","href":"https:\/\/api.w.org\/{rel}","templated":true}]}}