{"id":1166,"date":"2023-06-27T11:36:54","date_gmt":"2023-06-27T14:36:54","guid":{"rendered":"https:\/\/portal.pi.gov.br\/detran\/?p=1166"},"modified":"2023-07-04T12:25:40","modified_gmt":"2023-07-04T15:25:40","slug":"detran-pi-tera-atendimento-digital-e-servicos-ofertados-na-plataforma-gov-pi-cidadao","status":"publish","type":"post","link":"https:\/\/portal.pi.gov.br\/detran\/detran-pi-tera-atendimento-digital-e-servicos-ofertados-na-plataforma-gov-pi-cidadao\/","title":{"rendered":"Detran-PI ter\u00e1 atendimento digital e servi\u00e7os ofertados na plataforma Gov.PI Cidad\u00e3o"},"content":{"rendered":"<div class=\"wp-block-image\">\n<figure class=\"aligncenter size-large\"><img decoding=\"async\" loading=\"lazy\" width=\"1024\" height=\"683\" src=\"https:\/\/portal.pi.gov.br\/detran\/wp-content\/uploads\/sites\/62\/2023\/06\/WhatsApp-Image-2023-06-27-at-10.47.55-1-1024x683.jpeg\" alt=\"\" class=\"wp-image-1167\" srcset=\"https:\/\/portal.pi.gov.br\/detran\/wp-content\/uploads\/sites\/62\/2023\/06\/WhatsApp-Image-2023-06-27-at-10.47.55-1-1024x683.jpeg 1024w, https:\/\/portal.pi.gov.br\/detran\/wp-content\/uploads\/sites\/62\/2023\/06\/WhatsApp-Image-2023-06-27-at-10.47.55-1-300x200.jpeg 300w, https:\/\/portal.pi.gov.br\/detran\/wp-content\/uploads\/sites\/62\/2023\/06\/WhatsApp-Image-2023-06-27-at-10.47.55-1-768x512.jpeg 768w, https:\/\/portal.pi.gov.br\/detran\/wp-content\/uploads\/sites\/62\/2023\/06\/WhatsApp-Image-2023-06-27-at-10.47.55-1-420x280.jpeg 420w, https:\/\/portal.pi.gov.br\/detran\/wp-content\/uploads\/sites\/62\/2023\/06\/WhatsApp-Image-2023-06-27-at-10.47.55-1-540x360.jpeg 540w, https:\/\/portal.pi.gov.br\/detran\/wp-content\/uploads\/sites\/62\/2023\/06\/WhatsApp-Image-2023-06-27-at-10.47.55-1-780x520.jpeg 780w, https:\/\/portal.pi.gov.br\/detran\/wp-content\/uploads\/sites\/62\/2023\/06\/WhatsApp-Image-2023-06-27-at-10.47.55-1-1536x1024.jpeg 1536w, https:\/\/portal.pi.gov.br\/detran\/wp-content\/uploads\/sites\/62\/2023\/06\/WhatsApp-Image-2023-06-27-at-10.47.55-1-947x632.jpeg 947w, https:\/\/portal.pi.gov.br\/detran\/wp-content\/uploads\/sites\/62\/2023\/06\/WhatsApp-Image-2023-06-27-at-10.47.55-1-624x416.jpeg 624w, https:\/\/portal.pi.gov.br\/detran\/wp-content\/uploads\/sites\/62\/2023\/06\/WhatsApp-Image-2023-06-27-at-10.47.55-1-84x56.jpeg 84w, https:\/\/portal.pi.gov.br\/detran\/wp-content\/uploads\/sites\/62\/2023\/06\/WhatsApp-Image-2023-06-27-at-10.47.55-1.jpeg 1600w\" sizes=\"(max-width: 1024px) 100vw, 1024px\" \/><\/figure><\/div>\n\n\n<p>O segundo semestre do ano de 2023 reserva importantes avan\u00e7os no processo de digitaliza\u00e7\u00e3o, seguran\u00e7a de dados, qualifica\u00e7\u00e3o do atendimento e oferta de servi\u00e7os do Departamento Estadual de Tr\u00e2nsito do Piau\u00ed (Detran-PI).<\/p>\n\n\n\n<p>O primeiro passo para a transforma\u00e7\u00e3o digital foi dado nesta segunda-feira (26), com a apresenta\u00e7\u00e3o da plataforma Gov.Pi Cidad\u00e3o, feita pelo governador Rafael Fonteles. Fundamentais para a popula\u00e7\u00e3o, os servi\u00e7os do Detran, incluindo os de diversas secretarias e outras autarquias, ser\u00e3o incorporados \u00e0 ferramenta a partir do m\u00eas de agosto.<\/p>\n\n\n\n<p>O governador Rafael Fonteles declarou que a plataforma ser\u00e1 lan\u00e7ada com o intuito de facilitar e agilizar centenas de servi\u00e7os p\u00fablicos de v\u00e1rios \u00f3rg\u00e3os, de forma r\u00e1pida e segura, em benef\u00edcio do cidad\u00e3o, no ambiente digital. A solu\u00e7\u00e3o tecnol\u00f3gica utilizada no estado para a implanta\u00e7\u00e3o do Governo Digital \u00e9 a mesma j\u00e1 implantada com sucesso no governo da Est\u00f4nia.<\/p>\n\n\n\n<p>\u201cEm agosto, vamos ter a primeira etapa sendo apresentada e estamos aqui engajando todos os l\u00edderes a ofertarem o maior n\u00famero poss\u00edvel de servi\u00e7os p\u00fablicos atrav\u00e9s dessa plataforma. Vai ser uma revolu\u00e7\u00e3o em facilidade e agilidade para o cidad\u00e3o resolver seus problemas junto aos diversos servi\u00e7os p\u00fablicos que n\u00f3s ofertamos\u201d, declarou.<\/p>\n\n\n<div class=\"wp-block-image\">\n<figure class=\"aligncenter size-large\"><img decoding=\"async\" loading=\"lazy\" width=\"1024\" height=\"683\" src=\"https:\/\/portal.pi.gov.br\/detran\/wp-content\/uploads\/sites\/62\/2023\/06\/WhatsApp-Image-2023-06-27-at-10.47.55-1024x683.jpeg\" alt=\"\" class=\"wp-image-1168\" srcset=\"https:\/\/portal.pi.gov.br\/detran\/wp-content\/uploads\/sites\/62\/2023\/06\/WhatsApp-Image-2023-06-27-at-10.47.55-1024x683.jpeg 1024w, https:\/\/portal.pi.gov.br\/detran\/wp-content\/uploads\/sites\/62\/2023\/06\/WhatsApp-Image-2023-06-27-at-10.47.55-300x200.jpeg 300w, https:\/\/portal.pi.gov.br\/detran\/wp-content\/uploads\/sites\/62\/2023\/06\/WhatsApp-Image-2023-06-27-at-10.47.55-768x512.jpeg 768w, https:\/\/portal.pi.gov.br\/detran\/wp-content\/uploads\/sites\/62\/2023\/06\/WhatsApp-Image-2023-06-27-at-10.47.55-420x280.jpeg 420w, https:\/\/portal.pi.gov.br\/detran\/wp-content\/uploads\/sites\/62\/2023\/06\/WhatsApp-Image-2023-06-27-at-10.47.55-540x360.jpeg 540w, https:\/\/portal.pi.gov.br\/detran\/wp-content\/uploads\/sites\/62\/2023\/06\/WhatsApp-Image-2023-06-27-at-10.47.55-780x520.jpeg 780w, https:\/\/portal.pi.gov.br\/detran\/wp-content\/uploads\/sites\/62\/2023\/06\/WhatsApp-Image-2023-06-27-at-10.47.55-1536x1024.jpeg 1536w, https:\/\/portal.pi.gov.br\/detran\/wp-content\/uploads\/sites\/62\/2023\/06\/WhatsApp-Image-2023-06-27-at-10.47.55-947x632.jpeg 947w, https:\/\/portal.pi.gov.br\/detran\/wp-content\/uploads\/sites\/62\/2023\/06\/WhatsApp-Image-2023-06-27-at-10.47.55-624x416.jpeg 624w, https:\/\/portal.pi.gov.br\/detran\/wp-content\/uploads\/sites\/62\/2023\/06\/WhatsApp-Image-2023-06-27-at-10.47.55-84x56.jpeg 84w, https:\/\/portal.pi.gov.br\/detran\/wp-content\/uploads\/sites\/62\/2023\/06\/WhatsApp-Image-2023-06-27-at-10.47.55.jpeg 1600w\" sizes=\"(max-width: 1024px) 100vw, 1024px\" \/><\/figure><\/div>\n\n\n<p><strong>ZAP DO DETRAN<\/strong><\/p>\n\n\n\n<p>O 2\u00ba passo ser\u00e1 dado com o lan\u00e7amento de uma ferramenta exclusiva da autarquia: Um Chatbot, estrutura para dispositivos m\u00f3veis, uma esp\u00e9cie de \u201cZap do Detran\u201d, pela qual o cidad\u00e3o poder\u00e1 acessar informa\u00e7\u00f5es e servi\u00e7os relacionados a ve\u00edculos, CNH, consulta de d\u00e9bitos e multas, documenta\u00e7\u00e3o, impress\u00e3o de boletos, dentre outros, sem sair de casa.<\/p>\n\n\n\n<p>\u201cVamos investir em solu\u00e7\u00e3o tecnol\u00f3gica para melhorar as a\u00e7\u00f5es do \u00f3rg\u00e3o. Primeiro, integrar os servi\u00e7os j\u00e1 existentes \u00e0 estrutura pr\u00f3pria, r\u00e1pida e moderna do Detran, al\u00e9m da expans\u00e3o das atividades pela plataforma do governo. Trata-se do maior processo de moderniza\u00e7\u00e3o do atendimento aos piauienses que procuram as a\u00e7\u00f5es do \u00f3rg\u00e3o. Queremos anunciar esta grande conquista no segundo semestre deste ano\u201d, declarou a Diretora-Geral do Detran, Luana Barradas.<\/p>\n","protected":false},"excerpt":{"rendered":"<p>O segundo semestre do ano de 2023 reserva importantes avan\u00e7os no processo de digitaliza\u00e7\u00e3o, seguran\u00e7a de dados, qualifica\u00e7\u00e3o do atendimento e oferta de servi\u00e7os do Departamento Estadual de Tr\u00e2nsito do [&hellip;]<\/p>\n","protected":false},"author":1,"featured_media":1168,"comment_status":"closed","ping_status":"closed","sticky":false,"template":"","format":"standard","meta":[],"categories":[41],"tags":[],"featured_image_urls":{"full":["https:\/\/portal.pi.gov.br\/detran\/wp-content\/uploads\/sites\/62\/2023\/06\/WhatsApp-Image-2023-06-27-at-10.47.55.jpeg",1600,1067,false],"thumbnail":["https:\/\/portal.pi.gov.br\/detran\/wp-content\/uploads\/sites\/62\/2023\/06\/WhatsApp-Image-2023-06-27-at-10.47.55-150x150.jpeg",150,150,true],"medium":["https:\/\/portal.pi.gov.br\/detran\/wp-content\/uploads\/sites\/62\/2023\/06\/WhatsApp-Image-2023-06-27-at-10.47.55-300x200.jpeg",300,200,true],"medium_large":["https:\/\/portal.pi.gov.br\/detran\/wp-content\/uploads\/sites\/62\/2023\/06\/WhatsApp-Image-2023-06-27-at-10.47.55-768x512.jpeg",768,512,true],"large":["https:\/\/portal.pi.gov.br\/detran\/wp-content\/uploads\/sites\/62\/2023\/06\/WhatsApp-Image-2023-06-27-at-10.47.55-1024x683.jpeg",887,592,true],"sgg-420":["https:\/\/portal.pi.gov.br\/detran\/wp-content\/uploads\/sites\/62\/2023\/06\/WhatsApp-Image-2023-06-27-at-10.47.55-420x280.jpeg",420,280,true],"sgg-540":["https:\/\/portal.pi.gov.br\/detran\/wp-content\/uploads\/sites\/62\/2023\/06\/WhatsApp-Image-2023-06-27-at-10.47.55-540x360.jpeg",540,360,true],"sgg-780":["https:\/\/portal.pi.gov.br\/detran\/wp-content\/uploads\/sites\/62\/2023\/06\/WhatsApp-Image-2023-06-27-at-10.47.55-780x520.jpeg",780,520,true],"1536x1536":["https:\/\/portal.pi.gov.br\/detran\/wp-content\/uploads\/sites\/62\/2023\/06\/WhatsApp-Image-2023-06-27-at-10.47.55-1536x1024.jpeg",1536,1024,true],"2048x2048":["https:\/\/portal.pi.gov.br\/detran\/wp-content\/uploads\/sites\/62\/2023\/06\/WhatsApp-Image-2023-06-27-at-10.47.55.jpeg",1600,1067,false],"homepage-slider":["https:\/\/portal.pi.gov.br\/detran\/wp-content\/uploads\/sites\/62\/2023\/06\/WhatsApp-Image-2023-06-27-at-10.47.55-1270x500.jpeg",1270,500,true],"homepage-slider-small":["https:\/\/portal.pi.gov.br\/detran\/wp-content\/uploads\/sites\/62\/2023\/06\/WhatsApp-Image-2023-06-27-at-10.47.55-947x500.jpeg",947,500,true],"page-top":["https:\/\/portal.pi.gov.br\/detran\/wp-content\/uploads\/sites\/62\/2023\/06\/WhatsApp-Image-2023-06-27-at-10.47.55-947x632.jpeg",947,632,true],"page-small":["https:\/\/portal.pi.gov.br\/detran\/wp-content\/uploads\/sites\/62\/2023\/06\/WhatsApp-Image-2023-06-27-at-10.47.55-624x416.jpeg",624,416,true],"loop-main":["https:\/\/portal.pi.gov.br\/detran\/wp-content\/uploads\/sites\/62\/2023\/06\/WhatsApp-Image-2023-06-27-at-10.47.55-365x240.jpeg",365,240,true],"thumb-gallery-widget":["https:\/\/portal.pi.gov.br\/detran\/wp-content\/uploads\/sites\/62\/2023\/06\/WhatsApp-Image-2023-06-27-at-10.47.55-84x56.jpeg",84,56,true]},"post_excerpt_stackable":"<p>O segundo semestre do ano de 2023 reserva importantes avan\u00e7os no processo de digitaliza\u00e7\u00e3o, seguran\u00e7a de dados, qualifica\u00e7\u00e3o do atendimento e oferta de servi\u00e7os do Departamento Estadual de Tr\u00e2nsito do Piau\u00ed (Detran-PI). O primeiro passo para a transforma\u00e7\u00e3o digital foi dado nesta segunda-feira (26), com a apresenta\u00e7\u00e3o da plataforma Gov.Pi Cidad\u00e3o, feita pelo governador Rafael Fonteles. Fundamentais para a popula\u00e7\u00e3o, os servi\u00e7os do Detran, incluindo os de diversas secretarias e outras autarquias, ser\u00e3o incorporados \u00e0 ferramenta a partir do m\u00eas de agosto. O governador Rafael Fonteles declarou que a plataforma ser\u00e1 lan\u00e7ada com o intuito de facilitar e agilizar centenas&hellip;<\/p>\n","category_list":"<a href=\"https:\/\/portal.pi.gov.br\/detran\/category\/noticias\/\" rel=\"category tag\">Not\u00edcias<\/a>","author_info":{"name":"admin","url":"https:\/\/portal.pi.gov.br\/detran\/author\/admin\/"},"comments_num":"0 coment\u00e1rio","featured_image_urls_v2":{"full":["https:\/\/portal.pi.gov.br\/detran\/wp-content\/uploads\/sites\/62\/2023\/06\/WhatsApp-Image-2023-06-27-at-10.47.55.jpeg",1600,1067,false],"thumbnail":["https:\/\/portal.pi.gov.br\/detran\/wp-content\/uploads\/sites\/62\/2023\/06\/WhatsApp-Image-2023-06-27-at-10.47.55-150x150.jpeg",150,150,true],"medium":["https:\/\/portal.pi.gov.br\/detran\/wp-content\/uploads\/sites\/62\/2023\/06\/WhatsApp-Image-2023-06-27-at-10.47.55-300x200.jpeg",300,200,true],"medium_large":["https:\/\/portal.pi.gov.br\/detran\/wp-content\/uploads\/sites\/62\/2023\/06\/WhatsApp-Image-2023-06-27-at-10.47.55-768x512.jpeg",768,512,true],"large":["https:\/\/portal.pi.gov.br\/detran\/wp-content\/uploads\/sites\/62\/2023\/06\/WhatsApp-Image-2023-06-27-at-10.47.55-1024x683.jpeg",887,592,true],"sgg-420":["https:\/\/portal.pi.gov.br\/detran\/wp-content\/uploads\/sites\/62\/2023\/06\/WhatsApp-Image-2023-06-27-at-10.47.55-420x280.jpeg",420,280,true],"sgg-540":["https:\/\/portal.pi.gov.br\/detran\/wp-content\/uploads\/sites\/62\/2023\/06\/WhatsApp-Image-2023-06-27-at-10.47.55-540x360.jpeg",540,360,true],"sgg-780":["https:\/\/portal.pi.gov.br\/detran\/wp-content\/uploads\/sites\/62\/2023\/06\/WhatsApp-Image-2023-06-27-at-10.47.55-780x520.jpeg",780,520,true],"1536x1536":["https:\/\/portal.pi.gov.br\/detran\/wp-content\/uploads\/sites\/62\/2023\/06\/WhatsApp-Image-2023-06-27-at-10.47.55-1536x1024.jpeg",1536,1024,true],"2048x2048":["https:\/\/portal.pi.gov.br\/detran\/wp-content\/uploads\/sites\/62\/2023\/06\/WhatsApp-Image-2023-06-27-at-10.47.55.jpeg",1600,1067,false],"homepage-slider":["https:\/\/portal.pi.gov.br\/detran\/wp-content\/uploads\/sites\/62\/2023\/06\/WhatsApp-Image-2023-06-27-at-10.47.55-1270x500.jpeg",1270,500,true],"homepage-slider-small":["https:\/\/portal.pi.gov.br\/detran\/wp-content\/uploads\/sites\/62\/2023\/06\/WhatsApp-Image-2023-06-27-at-10.47.55-947x500.jpeg",947,500,true],"page-top":["https:\/\/portal.pi.gov.br\/detran\/wp-content\/uploads\/sites\/62\/2023\/06\/WhatsApp-Image-2023-06-27-at-10.47.55-947x632.jpeg",947,632,true],"page-small":["https:\/\/portal.pi.gov.br\/detran\/wp-content\/uploads\/sites\/62\/2023\/06\/WhatsApp-Image-2023-06-27-at-10.47.55-624x416.jpeg",624,416,true],"loop-main":["https:\/\/portal.pi.gov.br\/detran\/wp-content\/uploads\/sites\/62\/2023\/06\/WhatsApp-Image-2023-06-27-at-10.47.55-365x240.jpeg",365,240,true],"thumb-gallery-widget":["https:\/\/portal.pi.gov.br\/detran\/wp-content\/uploads\/sites\/62\/2023\/06\/WhatsApp-Image-2023-06-27-at-10.47.55-84x56.jpeg",84,56,true]},"post_excerpt_stackable_v2":"<p>O segundo semestre do ano de 2023 reserva importantes avan\u00e7os no processo de digitaliza\u00e7\u00e3o, seguran\u00e7a de dados, qualifica\u00e7\u00e3o do atendimento e oferta de servi\u00e7os do Departamento Estadual de Tr\u00e2nsito do Piau\u00ed (Detran-PI). O primeiro passo para a transforma\u00e7\u00e3o digital foi dado nesta segunda-feira (26), com a apresenta\u00e7\u00e3o da plataforma Gov.Pi Cidad\u00e3o, feita pelo governador Rafael Fonteles. Fundamentais para a popula\u00e7\u00e3o, os servi\u00e7os do Detran, incluindo os de diversas secretarias e outras autarquias, ser\u00e3o incorporados \u00e0 ferramenta a partir do m\u00eas de agosto. O governador Rafael Fonteles declarou que a plataforma ser\u00e1 lan\u00e7ada com o intuito de facilitar e agilizar centenas&hellip;<\/p>\n","category_list_v2":"<a href=\"https:\/\/portal.pi.gov.br\/detran\/category\/noticias\/\" rel=\"category tag\">Not\u00edcias<\/a>","author_info_v2":{"name":"admin","url":"https:\/\/portal.pi.gov.br\/detran\/author\/admin\/"},"comments_num_v2":"0 coment\u00e1rio","jetpack_featured_media_url":"https:\/\/portal.pi.gov.br\/detran\/wp-content\/uploads\/sites\/62\/2023\/06\/WhatsApp-Image-2023-06-27-at-10.47.55.jpeg","_links":{"self":[{"href":"https:\/\/portal.pi.gov.br\/detran\/wp-json\/wp\/v2\/posts\/1166"}],"collection":[{"href":"https:\/\/portal.pi.gov.br\/detran\/wp-json\/wp\/v2\/posts"}],"about":[{"href":"https:\/\/portal.pi.gov.br\/detran\/wp-json\/wp\/v2\/types\/post"}],"author":[{"embeddable":true,"href":"https:\/\/portal.pi.gov.br\/detran\/wp-json\/wp\/v2\/users\/1"}],"replies":[{"embeddable":true,"href":"https:\/\/portal.pi.gov.br\/detran\/wp-json\/wp\/v2\/comments?post=1166"}],"version-history":[{"count":1,"href":"https:\/\/portal.pi.gov.br\/detran\/wp-json\/wp\/v2\/posts\/1166\/revisions"}],"predecessor-version":[{"id":1169,"href":"https:\/\/portal.pi.gov.br\/detran\/wp-json\/wp\/v2\/posts\/1166\/revisions\/1169"}],"wp:featuredmedia":[{"embeddable":true,"href":"https:\/\/portal.pi.gov.br\/detran\/wp-json\/wp\/v2\/media\/1168"}],"wp:attachment":[{"href":"https:\/\/portal.pi.gov.br\/detran\/wp-json\/wp\/v2\/media?parent=1166"}],"wp:term":[{"taxonomy":"category","embeddable":true,"href":"https:\/\/portal.pi.gov.br\/detran\/wp-json\/wp\/v2\/categories?post=1166"},{"taxonomy":"post_tag","embeddable":true,"href":"https:\/\/portal.pi.gov.br\/detran\/wp-json\/wp\/v2\/tags?post=1166"}],"curies":[{"name":"wp","href":"https:\/\/api.w.org\/{rel}","templated":true}]}}