{"id":1170,"date":"2023-06-27T12:20:08","date_gmt":"2023-06-27T15:20:08","guid":{"rendered":"https:\/\/portal.pi.gov.br\/detran\/?p=1170"},"modified":"2023-07-04T12:25:33","modified_gmt":"2023-07-04T15:25:33","slug":"atendimento-do-detran-pi-e-elogiado-em-levantamento-da-ouvidoria-geral-do-estado","status":"publish","type":"post","link":"https:\/\/portal.pi.gov.br\/detran\/atendimento-do-detran-pi-e-elogiado-em-levantamento-da-ouvidoria-geral-do-estado\/","title":{"rendered":"Atendimento do Detran-PI \u00e9 elogiado em levantamento da Ouvidoria Geral do Estado"},"content":{"rendered":"\n<p>A Ouvidoria Geral do Estado (OGE) constatou o registro de 261 manifesta\u00e7\u00f5es do tipo elogio, sendo 209 destinadas diretamente ao Governo e aos \u00f3rg\u00e3os de gest\u00e3o do Piau\u00ed, no per\u00edodo de janeiro a 20 de junho deste ano. As manifesta\u00e7\u00f5es t\u00eam como canais de entrada o atendimento presencial, disque 162, e-mail, WhatsApp e plataforma Fala BR.<\/p>\n\n\n<div class=\"wp-block-image\">\n<figure class=\"aligncenter size-large\"><img decoding=\"async\" loading=\"lazy\" width=\"1024\" height=\"768\" src=\"https:\/\/portal.pi.gov.br\/detran\/wp-content\/uploads\/sites\/62\/2023\/06\/IMG_3921-1024x768.jpg\" alt=\"\" class=\"wp-image-1171\" srcset=\"https:\/\/portal.pi.gov.br\/detran\/wp-content\/uploads\/sites\/62\/2023\/06\/IMG_3921-1024x768.jpg 1024w, https:\/\/portal.pi.gov.br\/detran\/wp-content\/uploads\/sites\/62\/2023\/06\/IMG_3921-300x225.jpg 300w, https:\/\/portal.pi.gov.br\/detran\/wp-content\/uploads\/sites\/62\/2023\/06\/IMG_3921-768x576.jpg 768w, https:\/\/portal.pi.gov.br\/detran\/wp-content\/uploads\/sites\/62\/2023\/06\/IMG_3921-420x315.jpg 420w, https:\/\/portal.pi.gov.br\/detran\/wp-content\/uploads\/sites\/62\/2023\/06\/IMG_3921-540x405.jpg 540w, https:\/\/portal.pi.gov.br\/detran\/wp-content\/uploads\/sites\/62\/2023\/06\/IMG_3921-780x585.jpg 780w, https:\/\/portal.pi.gov.br\/detran\/wp-content\/uploads\/sites\/62\/2023\/06\/IMG_3921-1536x1152.jpg 1536w, https:\/\/portal.pi.gov.br\/detran\/wp-content\/uploads\/sites\/62\/2023\/06\/IMG_3921-2048x1536.jpg 2048w, https:\/\/portal.pi.gov.br\/detran\/wp-content\/uploads\/sites\/62\/2023\/06\/IMG_3921-947x710.jpg 947w, https:\/\/portal.pi.gov.br\/detran\/wp-content\/uploads\/sites\/62\/2023\/06\/IMG_3921-624x468.jpg 624w\" sizes=\"(max-width: 1024px) 100vw, 1024px\" \/><\/figure><\/div>\n\n\n<p><strong>O QUE ACONTECEU?<\/strong><\/p>\n\n\n\n<p>Num determinado caso, uma cidad\u00e3 teve o carro apreendido e utilizou um dos canais de atendimento da OGE para fazer uma manifesta\u00e7\u00e3o. A Ouvidoria realizou o registro e fez o encaminhamento para o \u00f3rg\u00e3o respons\u00e1vel, o Departamento Estadual de Tr\u00e2nsito do Piau\u00ed (Detran). Ap\u00f3s percorrer todo o processo necess\u00e1rio para encontrar a solu\u00e7\u00e3o da demanda, a mulher ainda encontrou um tempo para elogiar a postura, agilidade e a educa\u00e7\u00e3o dos atendentes.<\/p>\n\n\n\n<p>\u201cQuero deixar aqui meu agradecimento \u00e0 equipe da Ouvidoria do Estado do Piau\u00ed como tamb\u00e9m deixar registrada minha satisfa\u00e7\u00e3o com o atendimento da Ouvidoria do Detran. O local teve um atendimento atencioso, prestativo e resolutivo em rela\u00e7\u00e3o \u00e0 minha demanda\u201d, comentou a usu\u00e1ria.<\/p>\n\n\n\n<p>Manifesta\u00e7\u00f5es de satisfa\u00e7\u00e3o e elogios s\u00e3o recebidos diariamente por meio dos canais de acolhimento de demandas do Detran. O Whatsapp e o Instagram do \u00f3rg\u00e3o, manuseados por profissionais de comunica\u00e7\u00e3o e da ouvidoria, concentram a maior parte dos atendimentos e di\u00e1logos com o cidad\u00e3o.<\/p>\n\n\n\n<p>\u201cO retorno positivo dos usu\u00e1rios dos servi\u00e7os do Detran respalda o trabalho planejado desde janeiro deste ano. O nosso objetivo \u00e9 implementar mais tecnologia para ampliar os canais de atendimento \u00e0 popula\u00e7\u00e3o\u201d, ressalta a Diretora-geral do Detran, Luana Barradas.<\/p>\n\n\n\n<p>Esse \u00e9 um dos exemplos de v\u00e1rios casos que constam na base de dados da OGE e que ajudam o \u00f3rg\u00e3o a compor um diagn\u00f3stico sobre um dos gestos que promove motiva\u00e7\u00e3o para o trabalho e para a busca de melhorias: o elogio. \u201cEsses registros de participa\u00e7\u00e3o do cidad\u00e3o s\u00e3o formas de estimular a gest\u00e3o p\u00fablica a procurar sempre desenvolver o seu papel de maneira que contemple os anseios da popula\u00e7\u00e3o, atendendo bem e prestando os servi\u00e7os com boa qualidade\u201d, garante Raimundo Dutra, Ouvidor-geral do Estado.<\/p>\n","protected":false},"excerpt":{"rendered":"<p>A Ouvidoria Geral do Estado (OGE) constatou o registro de 261 manifesta\u00e7\u00f5es do tipo elogio, sendo 209 destinadas diretamente ao Governo e aos \u00f3rg\u00e3os de gest\u00e3o do Piau\u00ed, no per\u00edodo [&hellip;]<\/p>\n","protected":false},"author":1,"featured_media":1171,"comment_status":"closed","ping_status":"closed","sticky":false,"template":"","format":"standard","meta":[],"categories":[41],"tags":[],"featured_image_urls":{"full":["https:\/\/portal.pi.gov.br\/detran\/wp-content\/uploads\/sites\/62\/2023\/06\/IMG_3921-scaled.jpg",2560,1920,false],"thumbnail":["https:\/\/portal.pi.gov.br\/detran\/wp-content\/uploads\/sites\/62\/2023\/06\/IMG_3921-150x150.jpg",150,150,true],"medium":["https:\/\/portal.pi.gov.br\/detran\/wp-content\/uploads\/sites\/62\/2023\/06\/IMG_3921-300x225.jpg",300,225,true],"medium_large":["https:\/\/portal.pi.gov.br\/detran\/wp-content\/uploads\/sites\/62\/2023\/06\/IMG_3921-768x576.jpg",768,576,true],"large":["https:\/\/portal.pi.gov.br\/detran\/wp-content\/uploads\/sites\/62\/2023\/06\/IMG_3921-1024x768.jpg",887,665,true],"sgg-420":["https:\/\/portal.pi.gov.br\/detran\/wp-content\/uploads\/sites\/62\/2023\/06\/IMG_3921-420x315.jpg",420,315,true],"sgg-540":["https:\/\/portal.pi.gov.br\/detran\/wp-content\/uploads\/sites\/62\/2023\/06\/IMG_3921-540x405.jpg",540,405,true],"sgg-780":["https:\/\/portal.pi.gov.br\/detran\/wp-content\/uploads\/sites\/62\/2023\/06\/IMG_3921-780x585.jpg",780,585,true],"1536x1536":["https:\/\/portal.pi.gov.br\/detran\/wp-content\/uploads\/sites\/62\/2023\/06\/IMG_3921-1536x1152.jpg",1536,1152,true],"2048x2048":["https:\/\/portal.pi.gov.br\/detran\/wp-content\/uploads\/sites\/62\/2023\/06\/IMG_3921-2048x1536.jpg",2048,1536,true],"homepage-slider":["https:\/\/portal.pi.gov.br\/detran\/wp-content\/uploads\/sites\/62\/2023\/06\/IMG_3921-1270x500.jpg",1270,500,true],"homepage-slider-small":["https:\/\/portal.pi.gov.br\/detran\/wp-content\/uploads\/sites\/62\/2023\/06\/IMG_3921-947x500.jpg",947,500,true],"page-top":["https:\/\/portal.pi.gov.br\/detran\/wp-content\/uploads\/sites\/62\/2023\/06\/IMG_3921-947x710.jpg",947,710,true],"page-small":["https:\/\/portal.pi.gov.br\/detran\/wp-content\/uploads\/sites\/62\/2023\/06\/IMG_3921-624x468.jpg",624,468,true],"loop-main":["https:\/\/portal.pi.gov.br\/detran\/wp-content\/uploads\/sites\/62\/2023\/06\/IMG_3921-365x240.jpg",365,240,true],"thumb-gallery-widget":["https:\/\/portal.pi.gov.br\/detran\/wp-content\/uploads\/sites\/62\/2023\/06\/IMG_3921-84x56.jpg",84,56,true]},"post_excerpt_stackable":"<p>A Ouvidoria Geral do Estado (OGE) constatou o registro de 261 manifesta\u00e7\u00f5es do tipo elogio, sendo 209 destinadas diretamente ao Governo e aos \u00f3rg\u00e3os de gest\u00e3o do Piau\u00ed, no per\u00edodo de janeiro a 20 de junho deste ano. As manifesta\u00e7\u00f5es t\u00eam como canais de entrada o atendimento presencial, disque 162, e-mail, WhatsApp e plataforma Fala BR. O QUE ACONTECEU? Num determinado caso, uma cidad\u00e3 teve o carro apreendido e utilizou um dos canais de atendimento da OGE para fazer uma manifesta\u00e7\u00e3o. A Ouvidoria realizou o registro e fez o encaminhamento para o \u00f3rg\u00e3o respons\u00e1vel, o Departamento Estadual de Tr\u00e2nsito do&hellip;<\/p>\n","category_list":"<a href=\"https:\/\/portal.pi.gov.br\/detran\/category\/noticias\/\" rel=\"category tag\">Not\u00edcias<\/a>","author_info":{"name":"admin","url":"https:\/\/portal.pi.gov.br\/detran\/author\/admin\/"},"comments_num":"0 coment\u00e1rio","featured_image_urls_v2":{"full":["https:\/\/portal.pi.gov.br\/detran\/wp-content\/uploads\/sites\/62\/2023\/06\/IMG_3921-scaled.jpg",2560,1920,false],"thumbnail":["https:\/\/portal.pi.gov.br\/detran\/wp-content\/uploads\/sites\/62\/2023\/06\/IMG_3921-150x150.jpg",150,150,true],"medium":["https:\/\/portal.pi.gov.br\/detran\/wp-content\/uploads\/sites\/62\/2023\/06\/IMG_3921-300x225.jpg",300,225,true],"medium_large":["https:\/\/portal.pi.gov.br\/detran\/wp-content\/uploads\/sites\/62\/2023\/06\/IMG_3921-768x576.jpg",768,576,true],"large":["https:\/\/portal.pi.gov.br\/detran\/wp-content\/uploads\/sites\/62\/2023\/06\/IMG_3921-1024x768.jpg",887,665,true],"sgg-420":["https:\/\/portal.pi.gov.br\/detran\/wp-content\/uploads\/sites\/62\/2023\/06\/IMG_3921-420x315.jpg",420,315,true],"sgg-540":["https:\/\/portal.pi.gov.br\/detran\/wp-content\/uploads\/sites\/62\/2023\/06\/IMG_3921-540x405.jpg",540,405,true],"sgg-780":["https:\/\/portal.pi.gov.br\/detran\/wp-content\/uploads\/sites\/62\/2023\/06\/IMG_3921-780x585.jpg",780,585,true],"1536x1536":["https:\/\/portal.pi.gov.br\/detran\/wp-content\/uploads\/sites\/62\/2023\/06\/IMG_3921-1536x1152.jpg",1536,1152,true],"2048x2048":["https:\/\/portal.pi.gov.br\/detran\/wp-content\/uploads\/sites\/62\/2023\/06\/IMG_3921-2048x1536.jpg",2048,1536,true],"homepage-slider":["https:\/\/portal.pi.gov.br\/detran\/wp-content\/uploads\/sites\/62\/2023\/06\/IMG_3921-1270x500.jpg",1270,500,true],"homepage-slider-small":["https:\/\/portal.pi.gov.br\/detran\/wp-content\/uploads\/sites\/62\/2023\/06\/IMG_3921-947x500.jpg",947,500,true],"page-top":["https:\/\/portal.pi.gov.br\/detran\/wp-content\/uploads\/sites\/62\/2023\/06\/IMG_3921-947x710.jpg",947,710,true],"page-small":["https:\/\/portal.pi.gov.br\/detran\/wp-content\/uploads\/sites\/62\/2023\/06\/IMG_3921-624x468.jpg",624,468,true],"loop-main":["https:\/\/portal.pi.gov.br\/detran\/wp-content\/uploads\/sites\/62\/2023\/06\/IMG_3921-365x240.jpg",365,240,true],"thumb-gallery-widget":["https:\/\/portal.pi.gov.br\/detran\/wp-content\/uploads\/sites\/62\/2023\/06\/IMG_3921-84x56.jpg",84,56,true]},"post_excerpt_stackable_v2":"<p>A Ouvidoria Geral do Estado (OGE) constatou o registro de 261 manifesta\u00e7\u00f5es do tipo elogio, sendo 209 destinadas diretamente ao Governo e aos \u00f3rg\u00e3os de gest\u00e3o do Piau\u00ed, no per\u00edodo de janeiro a 20 de junho deste ano. As manifesta\u00e7\u00f5es t\u00eam como canais de entrada o atendimento presencial, disque 162, e-mail, WhatsApp e plataforma Fala BR. O QUE ACONTECEU? Num determinado caso, uma cidad\u00e3 teve o carro apreendido e utilizou um dos canais de atendimento da OGE para fazer uma manifesta\u00e7\u00e3o. A Ouvidoria realizou o registro e fez o encaminhamento para o \u00f3rg\u00e3o respons\u00e1vel, o Departamento Estadual de Tr\u00e2nsito do&hellip;<\/p>\n","category_list_v2":"<a href=\"https:\/\/portal.pi.gov.br\/detran\/category\/noticias\/\" rel=\"category tag\">Not\u00edcias<\/a>","author_info_v2":{"name":"admin","url":"https:\/\/portal.pi.gov.br\/detran\/author\/admin\/"},"comments_num_v2":"0 coment\u00e1rio","jetpack_featured_media_url":"https:\/\/portal.pi.gov.br\/detran\/wp-content\/uploads\/sites\/62\/2023\/06\/IMG_3921-scaled.jpg","_links":{"self":[{"href":"https:\/\/portal.pi.gov.br\/detran\/wp-json\/wp\/v2\/posts\/1170"}],"collection":[{"href":"https:\/\/portal.pi.gov.br\/detran\/wp-json\/wp\/v2\/posts"}],"about":[{"href":"https:\/\/portal.pi.gov.br\/detran\/wp-json\/wp\/v2\/types\/post"}],"author":[{"embeddable":true,"href":"https:\/\/portal.pi.gov.br\/detran\/wp-json\/wp\/v2\/users\/1"}],"replies":[{"embeddable":true,"href":"https:\/\/portal.pi.gov.br\/detran\/wp-json\/wp\/v2\/comments?post=1170"}],"version-history":[{"count":1,"href":"https:\/\/portal.pi.gov.br\/detran\/wp-json\/wp\/v2\/posts\/1170\/revisions"}],"predecessor-version":[{"id":1172,"href":"https:\/\/portal.pi.gov.br\/detran\/wp-json\/wp\/v2\/posts\/1170\/revisions\/1172"}],"wp:featuredmedia":[{"embeddable":true,"href":"https:\/\/portal.pi.gov.br\/detran\/wp-json\/wp\/v2\/media\/1171"}],"wp:attachment":[{"href":"https:\/\/portal.pi.gov.br\/detran\/wp-json\/wp\/v2\/media?parent=1170"}],"wp:term":[{"taxonomy":"category","embeddable":true,"href":"https:\/\/portal.pi.gov.br\/detran\/wp-json\/wp\/v2\/categories?post=1170"},{"taxonomy":"post_tag","embeddable":true,"href":"https:\/\/portal.pi.gov.br\/detran\/wp-json\/wp\/v2\/tags?post=1170"}],"curies":[{"name":"wp","href":"https:\/\/api.w.org\/{rel}","templated":true}]}}