{"id":1174,"date":"2023-07-04T12:35:33","date_gmt":"2023-07-04T15:35:33","guid":{"rendered":"https:\/\/portal.pi.gov.br\/detran\/?p=1174"},"modified":"2023-07-04T12:35:34","modified_gmt":"2023-07-04T15:35:34","slug":"piaui-discutiu-novas-tecnologias-no-76o-encontro-nacional-dos-detrans-no-rio-grande-do-norte","status":"publish","type":"post","link":"https:\/\/portal.pi.gov.br\/detran\/piaui-discutiu-novas-tecnologias-no-76o-encontro-nacional-dos-detrans-no-rio-grande-do-norte\/","title":{"rendered":"Piau\u00ed discutiu novas tecnologias no 76\u00ba Encontro Nacional dos Detrans no Rio Grande do Norte"},"content":{"rendered":"<div class=\"wp-block-image\">\n<figure class=\"aligncenter size-large\"><img decoding=\"async\" loading=\"lazy\" width=\"1024\" height=\"683\" src=\"https:\/\/portal.pi.gov.br\/detran\/wp-content\/uploads\/sites\/62\/2023\/07\/WhatsApp-Image-2023-07-04-at-11.04.00-1024x683.jpeg\" alt=\"\" class=\"wp-image-1175\" srcset=\"https:\/\/portal.pi.gov.br\/detran\/wp-content\/uploads\/sites\/62\/2023\/07\/WhatsApp-Image-2023-07-04-at-11.04.00-1024x683.jpeg 1024w, https:\/\/portal.pi.gov.br\/detran\/wp-content\/uploads\/sites\/62\/2023\/07\/WhatsApp-Image-2023-07-04-at-11.04.00-300x200.jpeg 300w, https:\/\/portal.pi.gov.br\/detran\/wp-content\/uploads\/sites\/62\/2023\/07\/WhatsApp-Image-2023-07-04-at-11.04.00-768x512.jpeg 768w, https:\/\/portal.pi.gov.br\/detran\/wp-content\/uploads\/sites\/62\/2023\/07\/WhatsApp-Image-2023-07-04-at-11.04.00-420x280.jpeg 420w, https:\/\/portal.pi.gov.br\/detran\/wp-content\/uploads\/sites\/62\/2023\/07\/WhatsApp-Image-2023-07-04-at-11.04.00-540x360.jpeg 540w, https:\/\/portal.pi.gov.br\/detran\/wp-content\/uploads\/sites\/62\/2023\/07\/WhatsApp-Image-2023-07-04-at-11.04.00-780x520.jpeg 780w, https:\/\/portal.pi.gov.br\/detran\/wp-content\/uploads\/sites\/62\/2023\/07\/WhatsApp-Image-2023-07-04-at-11.04.00-1536x1024.jpeg 1536w, https:\/\/portal.pi.gov.br\/detran\/wp-content\/uploads\/sites\/62\/2023\/07\/WhatsApp-Image-2023-07-04-at-11.04.00-947x631.jpeg 947w, https:\/\/portal.pi.gov.br\/detran\/wp-content\/uploads\/sites\/62\/2023\/07\/WhatsApp-Image-2023-07-04-at-11.04.00-624x416.jpeg 624w, https:\/\/portal.pi.gov.br\/detran\/wp-content\/uploads\/sites\/62\/2023\/07\/WhatsApp-Image-2023-07-04-at-11.04.00-84x56.jpeg 84w, https:\/\/portal.pi.gov.br\/detran\/wp-content\/uploads\/sites\/62\/2023\/07\/WhatsApp-Image-2023-07-04-at-11.04.00.jpeg 1560w\" sizes=\"(max-width: 1024px) 100vw, 1024px\" \/><\/figure><\/div>\n\n\n<p>O encontro propiciou debates sobre pol\u00edticas p\u00fablicas de boas pr\u00e1ticas e humaniza\u00e7\u00e3o no tr\u00e2nsito, interc\u00e2mbio sobre atualiza\u00e7\u00f5es da legisla\u00e7\u00e3o brasileira, nova lei das licita\u00e7\u00f5es, intelig\u00eancia artificial aplicada aos condutores, quest\u00f5es t\u00e9cnicas para melhorias no setor, inova\u00e7\u00f5es tecnol\u00f3gicas e estrat\u00e9gias de seguran\u00e7a no tr\u00e2nsito. O Diretor da Escola Piauiense de Tr\u00e2nsito, Daniel Carvalho, integrou a comitiva.<\/p>\n\n\n\n<p>A diretora-geral do Departamento Estadual de Tr\u00e2nsito (Detran-PI), a primeira mulher da hist\u00f3ria no comando do \u00f3rg\u00e3o, Luana Barradas, participou do 76\u00ba Encontro Nacional dos Detrans, em Natal, capital do Rio Grande do Norte. O evento ocorreu no \u00faltimo final de semana e reuniu autoridades dos Estados e do governo federal.<\/p>\n\n\n\n<p>De acordo com a diretora-geral do Detran-PI, o evento foi mais uma importante oportunidade para o compartilhamento de experi\u00eancias e busca de inova\u00e7\u00f5es tecnol\u00f3gicas para melhorias dos servi\u00e7os do setor.<\/p>\n\n\n\n<p>\u201cEncontros como esse nos possibilitam contato com pautas, projetos e iniciativas na \u00e1rea da educa\u00e7\u00e3o no tr\u00e2nsito e moderniza\u00e7\u00e3o dos Detrans. Estamos ampliando os trabalhos do \u00f3rg\u00e3o piauiense, por isso a import\u00e2ncia de conhecer o que de melhor est\u00e1 acontecendo \u00e0 n\u00edvel nacional\u201d, destacou Luana Barradas.<\/p>\n\n\n\n<p><strong>F\u00d3RUNS TEM\u00c1TICOS&nbsp;<\/strong><\/p>\n\n\n\n<p>Promovido pela Associa\u00e7\u00e3o Nacional dos Departamentos de Tr\u00e2nsito (AND), tendo como base as resolu\u00e7\u00f5es do Conselho Nacional de Tr\u00e2nsito (Contran), t\u00e9cnicos e colaboradores dos diversos setores, tamb\u00e9m, compuseram os f\u00f3runs tem\u00e1ticos sobre Lei Seca, Renaest, Ascom e Educa\u00e7\u00e3o.<\/p>\n","protected":false},"excerpt":{"rendered":"<p>O encontro propiciou debates sobre pol\u00edticas p\u00fablicas de boas pr\u00e1ticas e humaniza\u00e7\u00e3o no tr\u00e2nsito, interc\u00e2mbio sobre atualiza\u00e7\u00f5es da legisla\u00e7\u00e3o brasileira, nova lei das licita\u00e7\u00f5es, intelig\u00eancia artificial aplicada aos condutores, quest\u00f5es [&hellip;]<\/p>\n","protected":false},"author":1732,"featured_media":1175,"comment_status":"closed","ping_status":"closed","sticky":false,"template":"","format":"standard","meta":[],"categories":[41],"tags":[],"featured_image_urls":{"full":["https:\/\/portal.pi.gov.br\/detran\/wp-content\/uploads\/sites\/62\/2023\/07\/WhatsApp-Image-2023-07-04-at-11.04.00.jpeg",1560,1040,false],"thumbnail":["https:\/\/portal.pi.gov.br\/detran\/wp-content\/uploads\/sites\/62\/2023\/07\/WhatsApp-Image-2023-07-04-at-11.04.00-150x150.jpeg",150,150,true],"medium":["https:\/\/portal.pi.gov.br\/detran\/wp-content\/uploads\/sites\/62\/2023\/07\/WhatsApp-Image-2023-07-04-at-11.04.00-300x200.jpeg",300,200,true],"medium_large":["https:\/\/portal.pi.gov.br\/detran\/wp-content\/uploads\/sites\/62\/2023\/07\/WhatsApp-Image-2023-07-04-at-11.04.00-768x512.jpeg",768,512,true],"large":["https:\/\/portal.pi.gov.br\/detran\/wp-content\/uploads\/sites\/62\/2023\/07\/WhatsApp-Image-2023-07-04-at-11.04.00-1024x683.jpeg",887,592,true],"sgg-420":["https:\/\/portal.pi.gov.br\/detran\/wp-content\/uploads\/sites\/62\/2023\/07\/WhatsApp-Image-2023-07-04-at-11.04.00-420x280.jpeg",420,280,true],"sgg-540":["https:\/\/portal.pi.gov.br\/detran\/wp-content\/uploads\/sites\/62\/2023\/07\/WhatsApp-Image-2023-07-04-at-11.04.00-540x360.jpeg",540,360,true],"sgg-780":["https:\/\/portal.pi.gov.br\/detran\/wp-content\/uploads\/sites\/62\/2023\/07\/WhatsApp-Image-2023-07-04-at-11.04.00-780x520.jpeg",780,520,true],"1536x1536":["https:\/\/portal.pi.gov.br\/detran\/wp-content\/uploads\/sites\/62\/2023\/07\/WhatsApp-Image-2023-07-04-at-11.04.00-1536x1024.jpeg",1536,1024,true],"2048x2048":["https:\/\/portal.pi.gov.br\/detran\/wp-content\/uploads\/sites\/62\/2023\/07\/WhatsApp-Image-2023-07-04-at-11.04.00.jpeg",1560,1040,false],"homepage-slider":["https:\/\/portal.pi.gov.br\/detran\/wp-content\/uploads\/sites\/62\/2023\/07\/WhatsApp-Image-2023-07-04-at-11.04.00-1270x500.jpeg",1270,500,true],"homepage-slider-small":["https:\/\/portal.pi.gov.br\/detran\/wp-content\/uploads\/sites\/62\/2023\/07\/WhatsApp-Image-2023-07-04-at-11.04.00-947x500.jpeg",947,500,true],"page-top":["https:\/\/portal.pi.gov.br\/detran\/wp-content\/uploads\/sites\/62\/2023\/07\/WhatsApp-Image-2023-07-04-at-11.04.00-947x631.jpeg",947,631,true],"page-small":["https:\/\/portal.pi.gov.br\/detran\/wp-content\/uploads\/sites\/62\/2023\/07\/WhatsApp-Image-2023-07-04-at-11.04.00-624x416.jpeg",624,416,true],"loop-main":["https:\/\/portal.pi.gov.br\/detran\/wp-content\/uploads\/sites\/62\/2023\/07\/WhatsApp-Image-2023-07-04-at-11.04.00-365x240.jpeg",365,240,true],"thumb-gallery-widget":["https:\/\/portal.pi.gov.br\/detran\/wp-content\/uploads\/sites\/62\/2023\/07\/WhatsApp-Image-2023-07-04-at-11.04.00-84x56.jpeg",84,56,true]},"post_excerpt_stackable":"<p>O encontro propiciou debates sobre pol\u00edticas p\u00fablicas de boas pr\u00e1ticas e humaniza\u00e7\u00e3o no tr\u00e2nsito, interc\u00e2mbio sobre atualiza\u00e7\u00f5es da legisla\u00e7\u00e3o brasileira, nova lei das licita\u00e7\u00f5es, intelig\u00eancia artificial aplicada aos condutores, quest\u00f5es t\u00e9cnicas para melhorias no setor, inova\u00e7\u00f5es tecnol\u00f3gicas e estrat\u00e9gias de seguran\u00e7a no tr\u00e2nsito. O Diretor da Escola Piauiense de Tr\u00e2nsito, Daniel Carvalho, integrou a comitiva. A diretora-geral do Departamento Estadual de Tr\u00e2nsito (Detran-PI), a primeira mulher da hist\u00f3ria no comando do \u00f3rg\u00e3o, Luana Barradas, participou do 76\u00ba Encontro Nacional dos Detrans, em Natal, capital do Rio Grande do Norte. O evento ocorreu no \u00faltimo final de semana e reuniu autoridades&hellip;<\/p>\n","category_list":"<a href=\"https:\/\/portal.pi.gov.br\/detran\/category\/noticias\/\" rel=\"category tag\">Not\u00edcias<\/a>","author_info":{"name":"matheussouza","url":"https:\/\/portal.pi.gov.br\/detran\/author\/matheussouza\/"},"comments_num":"0 coment\u00e1rio","featured_image_urls_v2":{"full":["https:\/\/portal.pi.gov.br\/detran\/wp-content\/uploads\/sites\/62\/2023\/07\/WhatsApp-Image-2023-07-04-at-11.04.00.jpeg",1560,1040,false],"thumbnail":["https:\/\/portal.pi.gov.br\/detran\/wp-content\/uploads\/sites\/62\/2023\/07\/WhatsApp-Image-2023-07-04-at-11.04.00-150x150.jpeg",150,150,true],"medium":["https:\/\/portal.pi.gov.br\/detran\/wp-content\/uploads\/sites\/62\/2023\/07\/WhatsApp-Image-2023-07-04-at-11.04.00-300x200.jpeg",300,200,true],"medium_large":["https:\/\/portal.pi.gov.br\/detran\/wp-content\/uploads\/sites\/62\/2023\/07\/WhatsApp-Image-2023-07-04-at-11.04.00-768x512.jpeg",768,512,true],"large":["https:\/\/portal.pi.gov.br\/detran\/wp-content\/uploads\/sites\/62\/2023\/07\/WhatsApp-Image-2023-07-04-at-11.04.00-1024x683.jpeg",887,592,true],"sgg-420":["https:\/\/portal.pi.gov.br\/detran\/wp-content\/uploads\/sites\/62\/2023\/07\/WhatsApp-Image-2023-07-04-at-11.04.00-420x280.jpeg",420,280,true],"sgg-540":["https:\/\/portal.pi.gov.br\/detran\/wp-content\/uploads\/sites\/62\/2023\/07\/WhatsApp-Image-2023-07-04-at-11.04.00-540x360.jpeg",540,360,true],"sgg-780":["https:\/\/portal.pi.gov.br\/detran\/wp-content\/uploads\/sites\/62\/2023\/07\/WhatsApp-Image-2023-07-04-at-11.04.00-780x520.jpeg",780,520,true],"1536x1536":["https:\/\/portal.pi.gov.br\/detran\/wp-content\/uploads\/sites\/62\/2023\/07\/WhatsApp-Image-2023-07-04-at-11.04.00-1536x1024.jpeg",1536,1024,true],"2048x2048":["https:\/\/portal.pi.gov.br\/detran\/wp-content\/uploads\/sites\/62\/2023\/07\/WhatsApp-Image-2023-07-04-at-11.04.00.jpeg",1560,1040,false],"homepage-slider":["https:\/\/portal.pi.gov.br\/detran\/wp-content\/uploads\/sites\/62\/2023\/07\/WhatsApp-Image-2023-07-04-at-11.04.00-1270x500.jpeg",1270,500,true],"homepage-slider-small":["https:\/\/portal.pi.gov.br\/detran\/wp-content\/uploads\/sites\/62\/2023\/07\/WhatsApp-Image-2023-07-04-at-11.04.00-947x500.jpeg",947,500,true],"page-top":["https:\/\/portal.pi.gov.br\/detran\/wp-content\/uploads\/sites\/62\/2023\/07\/WhatsApp-Image-2023-07-04-at-11.04.00-947x631.jpeg",947,631,true],"page-small":["https:\/\/portal.pi.gov.br\/detran\/wp-content\/uploads\/sites\/62\/2023\/07\/WhatsApp-Image-2023-07-04-at-11.04.00-624x416.jpeg",624,416,true],"loop-main":["https:\/\/portal.pi.gov.br\/detran\/wp-content\/uploads\/sites\/62\/2023\/07\/WhatsApp-Image-2023-07-04-at-11.04.00-365x240.jpeg",365,240,true],"thumb-gallery-widget":["https:\/\/portal.pi.gov.br\/detran\/wp-content\/uploads\/sites\/62\/2023\/07\/WhatsApp-Image-2023-07-04-at-11.04.00-84x56.jpeg",84,56,true]},"post_excerpt_stackable_v2":"<p>O encontro propiciou debates sobre pol\u00edticas p\u00fablicas de boas pr\u00e1ticas e humaniza\u00e7\u00e3o no tr\u00e2nsito, interc\u00e2mbio sobre atualiza\u00e7\u00f5es da legisla\u00e7\u00e3o brasileira, nova lei das licita\u00e7\u00f5es, intelig\u00eancia artificial aplicada aos condutores, quest\u00f5es t\u00e9cnicas para melhorias no setor, inova\u00e7\u00f5es tecnol\u00f3gicas e estrat\u00e9gias de seguran\u00e7a no tr\u00e2nsito. O Diretor da Escola Piauiense de Tr\u00e2nsito, Daniel Carvalho, integrou a comitiva. A diretora-geral do Departamento Estadual de Tr\u00e2nsito (Detran-PI), a primeira mulher da hist\u00f3ria no comando do \u00f3rg\u00e3o, Luana Barradas, participou do 76\u00ba Encontro Nacional dos Detrans, em Natal, capital do Rio Grande do Norte. O evento ocorreu no \u00faltimo final de semana e reuniu autoridades&hellip;<\/p>\n","category_list_v2":"<a href=\"https:\/\/portal.pi.gov.br\/detran\/category\/noticias\/\" rel=\"category tag\">Not\u00edcias<\/a>","author_info_v2":{"name":"matheussouza","url":"https:\/\/portal.pi.gov.br\/detran\/author\/matheussouza\/"},"comments_num_v2":"0 coment\u00e1rio","jetpack_featured_media_url":"https:\/\/portal.pi.gov.br\/detran\/wp-content\/uploads\/sites\/62\/2023\/07\/WhatsApp-Image-2023-07-04-at-11.04.00.jpeg","_links":{"self":[{"href":"https:\/\/portal.pi.gov.br\/detran\/wp-json\/wp\/v2\/posts\/1174"}],"collection":[{"href":"https:\/\/portal.pi.gov.br\/detran\/wp-json\/wp\/v2\/posts"}],"about":[{"href":"https:\/\/portal.pi.gov.br\/detran\/wp-json\/wp\/v2\/types\/post"}],"author":[{"embeddable":true,"href":"https:\/\/portal.pi.gov.br\/detran\/wp-json\/wp\/v2\/users\/1732"}],"replies":[{"embeddable":true,"href":"https:\/\/portal.pi.gov.br\/detran\/wp-json\/wp\/v2\/comments?post=1174"}],"version-history":[{"count":1,"href":"https:\/\/portal.pi.gov.br\/detran\/wp-json\/wp\/v2\/posts\/1174\/revisions"}],"predecessor-version":[{"id":1176,"href":"https:\/\/portal.pi.gov.br\/detran\/wp-json\/wp\/v2\/posts\/1174\/revisions\/1176"}],"wp:featuredmedia":[{"embeddable":true,"href":"https:\/\/portal.pi.gov.br\/detran\/wp-json\/wp\/v2\/media\/1175"}],"wp:attachment":[{"href":"https:\/\/portal.pi.gov.br\/detran\/wp-json\/wp\/v2\/media?parent=1174"}],"wp:term":[{"taxonomy":"category","embeddable":true,"href":"https:\/\/portal.pi.gov.br\/detran\/wp-json\/wp\/v2\/categories?post=1174"},{"taxonomy":"post_tag","embeddable":true,"href":"https:\/\/portal.pi.gov.br\/detran\/wp-json\/wp\/v2\/tags?post=1174"}],"curies":[{"name":"wp","href":"https:\/\/api.w.org\/{rel}","templated":true}]}}