{"id":1187,"date":"2023-07-20T13:43:13","date_gmt":"2023-07-20T16:43:13","guid":{"rendered":"https:\/\/portal.pi.gov.br\/detran\/?p=1187"},"modified":"2023-07-20T13:43:14","modified_gmt":"2023-07-20T16:43:14","slug":"detran-pi-inicia-operacao-transito-seguro-no-litoral-nas-ferias-com-voce","status":"publish","type":"post","link":"https:\/\/portal.pi.gov.br\/detran\/detran-pi-inicia-operacao-transito-seguro-no-litoral-nas-ferias-com-voce\/","title":{"rendered":"Detran-PI inicia opera\u00e7\u00e3o tr\u00e2nsito seguro no litoral; \u201cnas f\u00e9rias com voc\u00ea\u201d"},"content":{"rendered":"\n<figure class=\"wp-block-image size-large\"><img decoding=\"async\" loading=\"lazy\" width=\"1024\" height=\"671\" src=\"https:\/\/portal.pi.gov.br\/detran\/wp-content\/uploads\/sites\/62\/2023\/07\/WhatsApp-Image-2023-07-20-at-12.06.37-1024x671.jpeg\" alt=\"\" class=\"wp-image-1188\" srcset=\"https:\/\/portal.pi.gov.br\/detran\/wp-content\/uploads\/sites\/62\/2023\/07\/WhatsApp-Image-2023-07-20-at-12.06.37-1024x671.jpeg 1024w, https:\/\/portal.pi.gov.br\/detran\/wp-content\/uploads\/sites\/62\/2023\/07\/WhatsApp-Image-2023-07-20-at-12.06.37-300x197.jpeg 300w, https:\/\/portal.pi.gov.br\/detran\/wp-content\/uploads\/sites\/62\/2023\/07\/WhatsApp-Image-2023-07-20-at-12.06.37-768x504.jpeg 768w, https:\/\/portal.pi.gov.br\/detran\/wp-content\/uploads\/sites\/62\/2023\/07\/WhatsApp-Image-2023-07-20-at-12.06.37-420x275.jpeg 420w, https:\/\/portal.pi.gov.br\/detran\/wp-content\/uploads\/sites\/62\/2023\/07\/WhatsApp-Image-2023-07-20-at-12.06.37-540x354.jpeg 540w, https:\/\/portal.pi.gov.br\/detran\/wp-content\/uploads\/sites\/62\/2023\/07\/WhatsApp-Image-2023-07-20-at-12.06.37-780x511.jpeg 780w, https:\/\/portal.pi.gov.br\/detran\/wp-content\/uploads\/sites\/62\/2023\/07\/WhatsApp-Image-2023-07-20-at-12.06.37-1536x1007.jpeg 1536w, https:\/\/portal.pi.gov.br\/detran\/wp-content\/uploads\/sites\/62\/2023\/07\/WhatsApp-Image-2023-07-20-at-12.06.37-947x621.jpeg 947w, https:\/\/portal.pi.gov.br\/detran\/wp-content\/uploads\/sites\/62\/2023\/07\/WhatsApp-Image-2023-07-20-at-12.06.37-624x409.jpeg 624w, https:\/\/portal.pi.gov.br\/detran\/wp-content\/uploads\/sites\/62\/2023\/07\/WhatsApp-Image-2023-07-20-at-12.06.37-365x240.jpeg 365w, https:\/\/portal.pi.gov.br\/detran\/wp-content\/uploads\/sites\/62\/2023\/07\/WhatsApp-Image-2023-07-20-at-12.06.37-84x56.jpeg 84w, https:\/\/portal.pi.gov.br\/detran\/wp-content\/uploads\/sites\/62\/2023\/07\/WhatsApp-Image-2023-07-20-at-12.06.37.jpeg 1600w\" sizes=\"(max-width: 1024px) 100vw, 1024px\" \/><\/figure>\n\n\n\n<p><br>O Departamento Estadual de Tr\u00e2nsito do Piau\u00ed (Detran-PI) inicia nesta quinta-feira (20) uma s\u00e9rie de a\u00e7\u00f5es educativas e de fiscaliza\u00e7\u00e3o de tr\u00e2nsito no acesso \u00e0s cidades tur\u00edsticas e pontos estrat\u00e9gicos do litoral. Ao todo, ser\u00e3o oito dias de atividades de orienta\u00e7\u00e3o e conscientiza\u00e7\u00e3o visando preserva\u00e7\u00e3o de vidas nas rodovias da regi\u00e3o.<\/p>\n\n\n\n<p>As equipes do \u00f3rg\u00e3o estar\u00e3o concentradas, inicialmente, nas cidades de Parna\u00edba, Lu\u00eds Correia e Cajueiro da Praia. Os trabalhos ser\u00e3o promovidos at\u00e9 o dia 30 de julho, numa parceria com a Pol\u00edcia Rodovi\u00e1ria Federal, Pol\u00edcia Militar, Secretaria Estadual de Turismo, Secretaria Estadual de Sa\u00fade e Secretaria Estadual de Seguran\u00e7a P\u00fablica do Piau\u00ed.<\/p>\n\n\n\n<p>Luana Barradas, Diretora-geral do Detran-PI, explica que o trabalho tem o objetivo de colaborar para a redu\u00e7\u00e3o de acidentes de tr\u00e2nsito, a exemplo do que ocorre desde o in\u00edcio do ano. Para tanto, ela destaca que as equipes do \u00f3rg\u00e3o far\u00e3o abordagens educativas e alertas sobre a postura das pessoas ao volante nos corredores que d\u00e3o acesso \u00e0s praias piauienses.<\/p>\n\n\n\n<p>\u201cO nosso trabalho come\u00e7a logo na quinta-feira com a distribui\u00e7\u00e3o de material nos hot\u00e9is e pousadas. Nossas equipes ter\u00e3o um di\u00e1logo direto com os turistas para ado\u00e7\u00e3o de medidas de seguran\u00e7a no tr\u00e2nsito, como n\u00e3o assumir o volante sob efeito de bebidas alco\u00f3licas, elei\u00e7\u00e3o do motorista da rodada, uso de capacete pelos motociclistas, sobre temas como sinaliza\u00e7\u00e3o, limites de velocidade e a import\u00e2ncia do uso da cadeirinha para crian\u00e7as\u201d, classifica a Diretora.<\/p>\n\n\n\n<p>O Diretor da Escola Piauiense de Tr\u00e2nsito, Daniel Carvalho, cita que o grande fluxo de ve\u00edculos nas estradas, especialmente neste per\u00edodo de f\u00e9rias, demanda cuidados por parte das autoridades, bem como dos motoristas. \u201c\u00c9 uma soma de for\u00e7as em prol de todos no tr\u00e2nsito. O cidad\u00e3o conscientes dos perigos ao volante passa a agir com prud\u00eancia e respeito \u00e0 vida\u201d, aponta.<\/p>\n","protected":false},"excerpt":{"rendered":"<p>O Departamento Estadual de Tr\u00e2nsito do Piau\u00ed (Detran-PI) inicia nesta quinta-feira (20) uma s\u00e9rie de a\u00e7\u00f5es educativas e de fiscaliza\u00e7\u00e3o de tr\u00e2nsito no acesso \u00e0s cidades tur\u00edsticas e pontos estrat\u00e9gicos [&hellip;]<\/p>\n","protected":false},"author":1,"featured_media":1188,"comment_status":"closed","ping_status":"closed","sticky":false,"template":"","format":"standard","meta":[],"categories":[41],"tags":[],"featured_image_urls":{"full":["https:\/\/portal.pi.gov.br\/detran\/wp-content\/uploads\/sites\/62\/2023\/07\/WhatsApp-Image-2023-07-20-at-12.06.37.jpeg",1600,1049,false],"thumbnail":["https:\/\/portal.pi.gov.br\/detran\/wp-content\/uploads\/sites\/62\/2023\/07\/WhatsApp-Image-2023-07-20-at-12.06.37-150x150.jpeg",150,150,true],"medium":["https:\/\/portal.pi.gov.br\/detran\/wp-content\/uploads\/sites\/62\/2023\/07\/WhatsApp-Image-2023-07-20-at-12.06.37-300x197.jpeg",300,197,true],"medium_large":["https:\/\/portal.pi.gov.br\/detran\/wp-content\/uploads\/sites\/62\/2023\/07\/WhatsApp-Image-2023-07-20-at-12.06.37-768x504.jpeg",768,504,true],"large":["https:\/\/portal.pi.gov.br\/detran\/wp-content\/uploads\/sites\/62\/2023\/07\/WhatsApp-Image-2023-07-20-at-12.06.37-1024x671.jpeg",887,581,true],"sgg-420":["https:\/\/portal.pi.gov.br\/detran\/wp-content\/uploads\/sites\/62\/2023\/07\/WhatsApp-Image-2023-07-20-at-12.06.37-420x275.jpeg",420,275,true],"sgg-540":["https:\/\/portal.pi.gov.br\/detran\/wp-content\/uploads\/sites\/62\/2023\/07\/WhatsApp-Image-2023-07-20-at-12.06.37-540x354.jpeg",540,354,true],"sgg-780":["https:\/\/portal.pi.gov.br\/detran\/wp-content\/uploads\/sites\/62\/2023\/07\/WhatsApp-Image-2023-07-20-at-12.06.37-780x511.jpeg",780,511,true],"1536x1536":["https:\/\/portal.pi.gov.br\/detran\/wp-content\/uploads\/sites\/62\/2023\/07\/WhatsApp-Image-2023-07-20-at-12.06.37-1536x1007.jpeg",1536,1007,true],"2048x2048":["https:\/\/portal.pi.gov.br\/detran\/wp-content\/uploads\/sites\/62\/2023\/07\/WhatsApp-Image-2023-07-20-at-12.06.37.jpeg",1600,1049,false],"homepage-slider":["https:\/\/portal.pi.gov.br\/detran\/wp-content\/uploads\/sites\/62\/2023\/07\/WhatsApp-Image-2023-07-20-at-12.06.37-1270x500.jpeg",1270,500,true],"homepage-slider-small":["https:\/\/portal.pi.gov.br\/detran\/wp-content\/uploads\/sites\/62\/2023\/07\/WhatsApp-Image-2023-07-20-at-12.06.37-947x500.jpeg",947,500,true],"page-top":["https:\/\/portal.pi.gov.br\/detran\/wp-content\/uploads\/sites\/62\/2023\/07\/WhatsApp-Image-2023-07-20-at-12.06.37-947x621.jpeg",947,621,true],"page-small":["https:\/\/portal.pi.gov.br\/detran\/wp-content\/uploads\/sites\/62\/2023\/07\/WhatsApp-Image-2023-07-20-at-12.06.37-624x409.jpeg",624,409,true],"loop-main":["https:\/\/portal.pi.gov.br\/detran\/wp-content\/uploads\/sites\/62\/2023\/07\/WhatsApp-Image-2023-07-20-at-12.06.37-365x240.jpeg",365,240,true],"thumb-gallery-widget":["https:\/\/portal.pi.gov.br\/detran\/wp-content\/uploads\/sites\/62\/2023\/07\/WhatsApp-Image-2023-07-20-at-12.06.37-84x56.jpeg",84,56,true]},"post_excerpt_stackable":"<p>O Departamento Estadual de Tr\u00e2nsito do Piau\u00ed (Detran-PI) inicia nesta quinta-feira (20) uma s\u00e9rie de a\u00e7\u00f5es educativas e de fiscaliza\u00e7\u00e3o de tr\u00e2nsito no acesso \u00e0s cidades tur\u00edsticas e pontos estrat\u00e9gicos do litoral. Ao todo, ser\u00e3o oito dias de atividades de orienta\u00e7\u00e3o e conscientiza\u00e7\u00e3o visando preserva\u00e7\u00e3o de vidas nas rodovias da regi\u00e3o. As equipes do \u00f3rg\u00e3o estar\u00e3o concentradas, inicialmente, nas cidades de Parna\u00edba, Lu\u00eds Correia e Cajueiro da Praia. Os trabalhos ser\u00e3o promovidos at\u00e9 o dia 30 de julho, numa parceria com a Pol\u00edcia Rodovi\u00e1ria Federal, Pol\u00edcia Militar, Secretaria Estadual de Turismo, Secretaria Estadual de Sa\u00fade e Secretaria Estadual de Seguran\u00e7a&hellip;<\/p>\n","category_list":"<a href=\"https:\/\/portal.pi.gov.br\/detran\/category\/noticias\/\" rel=\"category tag\">Not\u00edcias<\/a>","author_info":{"name":"admin","url":"https:\/\/portal.pi.gov.br\/detran\/author\/admin\/"},"comments_num":"0 coment\u00e1rio","featured_image_urls_v2":{"full":["https:\/\/portal.pi.gov.br\/detran\/wp-content\/uploads\/sites\/62\/2023\/07\/WhatsApp-Image-2023-07-20-at-12.06.37.jpeg",1600,1049,false],"thumbnail":["https:\/\/portal.pi.gov.br\/detran\/wp-content\/uploads\/sites\/62\/2023\/07\/WhatsApp-Image-2023-07-20-at-12.06.37-150x150.jpeg",150,150,true],"medium":["https:\/\/portal.pi.gov.br\/detran\/wp-content\/uploads\/sites\/62\/2023\/07\/WhatsApp-Image-2023-07-20-at-12.06.37-300x197.jpeg",300,197,true],"medium_large":["https:\/\/portal.pi.gov.br\/detran\/wp-content\/uploads\/sites\/62\/2023\/07\/WhatsApp-Image-2023-07-20-at-12.06.37-768x504.jpeg",768,504,true],"large":["https:\/\/portal.pi.gov.br\/detran\/wp-content\/uploads\/sites\/62\/2023\/07\/WhatsApp-Image-2023-07-20-at-12.06.37-1024x671.jpeg",887,581,true],"sgg-420":["https:\/\/portal.pi.gov.br\/detran\/wp-content\/uploads\/sites\/62\/2023\/07\/WhatsApp-Image-2023-07-20-at-12.06.37-420x275.jpeg",420,275,true],"sgg-540":["https:\/\/portal.pi.gov.br\/detran\/wp-content\/uploads\/sites\/62\/2023\/07\/WhatsApp-Image-2023-07-20-at-12.06.37-540x354.jpeg",540,354,true],"sgg-780":["https:\/\/portal.pi.gov.br\/detran\/wp-content\/uploads\/sites\/62\/2023\/07\/WhatsApp-Image-2023-07-20-at-12.06.37-780x511.jpeg",780,511,true],"1536x1536":["https:\/\/portal.pi.gov.br\/detran\/wp-content\/uploads\/sites\/62\/2023\/07\/WhatsApp-Image-2023-07-20-at-12.06.37-1536x1007.jpeg",1536,1007,true],"2048x2048":["https:\/\/portal.pi.gov.br\/detran\/wp-content\/uploads\/sites\/62\/2023\/07\/WhatsApp-Image-2023-07-20-at-12.06.37.jpeg",1600,1049,false],"homepage-slider":["https:\/\/portal.pi.gov.br\/detran\/wp-content\/uploads\/sites\/62\/2023\/07\/WhatsApp-Image-2023-07-20-at-12.06.37-1270x500.jpeg",1270,500,true],"homepage-slider-small":["https:\/\/portal.pi.gov.br\/detran\/wp-content\/uploads\/sites\/62\/2023\/07\/WhatsApp-Image-2023-07-20-at-12.06.37-947x500.jpeg",947,500,true],"page-top":["https:\/\/portal.pi.gov.br\/detran\/wp-content\/uploads\/sites\/62\/2023\/07\/WhatsApp-Image-2023-07-20-at-12.06.37-947x621.jpeg",947,621,true],"page-small":["https:\/\/portal.pi.gov.br\/detran\/wp-content\/uploads\/sites\/62\/2023\/07\/WhatsApp-Image-2023-07-20-at-12.06.37-624x409.jpeg",624,409,true],"loop-main":["https:\/\/portal.pi.gov.br\/detran\/wp-content\/uploads\/sites\/62\/2023\/07\/WhatsApp-Image-2023-07-20-at-12.06.37-365x240.jpeg",365,240,true],"thumb-gallery-widget":["https:\/\/portal.pi.gov.br\/detran\/wp-content\/uploads\/sites\/62\/2023\/07\/WhatsApp-Image-2023-07-20-at-12.06.37-84x56.jpeg",84,56,true]},"post_excerpt_stackable_v2":"<p>O Departamento Estadual de Tr\u00e2nsito do Piau\u00ed (Detran-PI) inicia nesta quinta-feira (20) uma s\u00e9rie de a\u00e7\u00f5es educativas e de fiscaliza\u00e7\u00e3o de tr\u00e2nsito no acesso \u00e0s cidades tur\u00edsticas e pontos estrat\u00e9gicos do litoral. Ao todo, ser\u00e3o oito dias de atividades de orienta\u00e7\u00e3o e conscientiza\u00e7\u00e3o visando preserva\u00e7\u00e3o de vidas nas rodovias da regi\u00e3o. As equipes do \u00f3rg\u00e3o estar\u00e3o concentradas, inicialmente, nas cidades de Parna\u00edba, Lu\u00eds Correia e Cajueiro da Praia. Os trabalhos ser\u00e3o promovidos at\u00e9 o dia 30 de julho, numa parceria com a Pol\u00edcia Rodovi\u00e1ria Federal, Pol\u00edcia Militar, Secretaria Estadual de Turismo, Secretaria Estadual de Sa\u00fade e Secretaria Estadual de Seguran\u00e7a&hellip;<\/p>\n","category_list_v2":"<a href=\"https:\/\/portal.pi.gov.br\/detran\/category\/noticias\/\" rel=\"category tag\">Not\u00edcias<\/a>","author_info_v2":{"name":"admin","url":"https:\/\/portal.pi.gov.br\/detran\/author\/admin\/"},"comments_num_v2":"0 coment\u00e1rio","jetpack_featured_media_url":"https:\/\/portal.pi.gov.br\/detran\/wp-content\/uploads\/sites\/62\/2023\/07\/WhatsApp-Image-2023-07-20-at-12.06.37.jpeg","_links":{"self":[{"href":"https:\/\/portal.pi.gov.br\/detran\/wp-json\/wp\/v2\/posts\/1187"}],"collection":[{"href":"https:\/\/portal.pi.gov.br\/detran\/wp-json\/wp\/v2\/posts"}],"about":[{"href":"https:\/\/portal.pi.gov.br\/detran\/wp-json\/wp\/v2\/types\/post"}],"author":[{"embeddable":true,"href":"https:\/\/portal.pi.gov.br\/detran\/wp-json\/wp\/v2\/users\/1"}],"replies":[{"embeddable":true,"href":"https:\/\/portal.pi.gov.br\/detran\/wp-json\/wp\/v2\/comments?post=1187"}],"version-history":[{"count":1,"href":"https:\/\/portal.pi.gov.br\/detran\/wp-json\/wp\/v2\/posts\/1187\/revisions"}],"predecessor-version":[{"id":1189,"href":"https:\/\/portal.pi.gov.br\/detran\/wp-json\/wp\/v2\/posts\/1187\/revisions\/1189"}],"wp:featuredmedia":[{"embeddable":true,"href":"https:\/\/portal.pi.gov.br\/detran\/wp-json\/wp\/v2\/media\/1188"}],"wp:attachment":[{"href":"https:\/\/portal.pi.gov.br\/detran\/wp-json\/wp\/v2\/media?parent=1187"}],"wp:term":[{"taxonomy":"category","embeddable":true,"href":"https:\/\/portal.pi.gov.br\/detran\/wp-json\/wp\/v2\/categories?post=1187"},{"taxonomy":"post_tag","embeddable":true,"href":"https:\/\/portal.pi.gov.br\/detran\/wp-json\/wp\/v2\/tags?post=1187"}],"curies":[{"name":"wp","href":"https:\/\/api.w.org\/{rel}","templated":true}]}}