{"id":1198,"date":"2023-07-27T13:16:00","date_gmt":"2023-07-27T16:16:00","guid":{"rendered":"https:\/\/portal.pi.gov.br\/detran\/?p=1198"},"modified":"2023-09-04T13:19:45","modified_gmt":"2023-09-04T16:19:45","slug":"oeiras-recebe-autonomia-do-detran-para-municipalizacao-do-transito","status":"publish","type":"post","link":"https:\/\/portal.pi.gov.br\/detran\/oeiras-recebe-autonomia-do-detran-para-municipalizacao-do-transito\/","title":{"rendered":"Oeiras recebe autonomia do Detran para municipaliza\u00e7\u00e3o do tr\u00e2nsito"},"content":{"rendered":"\n<p>A Diretora-geral do Departamento Estadual de Tr\u00e2nsito do Piau\u00ed (Detran-PI), Luana Barradas, assinou nesta quinta-feira, 27 de julho de 2023, o documento que possibilita a adequa\u00e7\u00e3o t\u00e9cnica do processo de municipaliza\u00e7\u00e3o do tr\u00e2nsito na cidade de Oeiras. Trata-se da \u00faltima etapa de integra\u00e7\u00e3o da administra\u00e7\u00e3o territorial ao Sistema Nacional de Tr\u00e2nsito (SNT).<\/p>\n\n\n\n<p>Em reuni\u00e3o com o prefeito Z\u00e9 Raimundo, o deputado Severo Eul\u00e1lio, Fernando do Zadim, chefe do departamento de tr\u00e2nsito municipal e Paulo Fernandes, chefe da Superintend\u00eancia Municipal de Transportes e Tr\u00e2nsito de Oeiras (SUTRAN), Luana Barradas garantiu que o Detran seguir\u00e1 como parceiro da cidade com a realiza\u00e7\u00e3o de a\u00e7\u00f5es educativas, interven\u00e7\u00f5es, treinamento de equipes e fiscaliza\u00e7\u00e3o.<\/p>\n\n\n\n<p>\u201cAs instru\u00e7\u00f5es e treinamentos das equipes da superintend\u00eancia ser\u00e3o realizadas pelo Detran. Por sinal, o \u00f3rg\u00e3o estadual fortalecer\u00e1 mais ainda a execu\u00e7\u00e3o dos servi\u00e7os de emiss\u00e3o e renova\u00e7\u00e3o de documenta\u00e7\u00e3o dos usu\u00e1rios e ve\u00edculos na 7\u00aa Ciretran da cidade\u201d, disse a Diretora-geral.<\/p>\n\n\n\n<p>Conforme o projeto, a municipaliza\u00e7\u00e3o envolve a estrutura\u00e7\u00e3o administrativa, prepara\u00e7\u00e3o t\u00e9cnica e a adequa\u00e7\u00e3o legal da cidade \u00e0s normas do Conselho Nacional de Tr\u00e2nsito (Contran) e ao disposto no C\u00f3digo de Tr\u00e2nsito Brasileiro. Oeiras possui frota de aproximadamente 18,600 (dezoito mil e seiscentos) ve\u00edculos, incluindo autom\u00f3veis e motocicletas.<\/p>\n\n\n\n<p>\u201cA Sutran nasce com o desafio de realizar o gerenciamento t\u00e9cnico e operacional do sistema de transportes e tr\u00e2nsito da nossa cidade, promovendo sua moderniza\u00e7\u00e3o, efici\u00eancia e seguran\u00e7a, atrav\u00e9s de atividades educativas, de fiscaliza\u00e7\u00e3o e conscientiza\u00e7\u00e3o dos condutores, passageiros e pedestres para um tr\u00e2nsito mais humano e seguro\u201d, destacou o prefeito Z\u00e9 Raimundo.<\/p>\n","protected":false},"excerpt":{"rendered":"<p>A Diretora-geral do Departamento Estadual de Tr\u00e2nsito do Piau\u00ed (Detran-PI), Luana Barradas, assinou nesta quinta-feira, 27 de julho de 2023, o documento que possibilita a adequa\u00e7\u00e3o t\u00e9cnica do processo de [&hellip;]<\/p>\n","protected":false},"author":1732,"featured_media":1199,"comment_status":"closed","ping_status":"closed","sticky":false,"template":"","format":"standard","meta":[],"categories":[41],"tags":[],"featured_image_urls":{"full":["https:\/\/portal.pi.gov.br\/detran\/wp-content\/uploads\/sites\/62\/2023\/09\/WhatsApp-Image-2023-07-27-at-11.56.24.jpeg",1113,667,false],"thumbnail":["https:\/\/portal.pi.gov.br\/detran\/wp-content\/uploads\/sites\/62\/2023\/09\/WhatsApp-Image-2023-07-27-at-11.56.24-150x150.jpeg",150,150,true],"medium":["https:\/\/portal.pi.gov.br\/detran\/wp-content\/uploads\/sites\/62\/2023\/09\/WhatsApp-Image-2023-07-27-at-11.56.24-300x180.jpeg",300,180,true],"medium_large":["https:\/\/portal.pi.gov.br\/detran\/wp-content\/uploads\/sites\/62\/2023\/09\/WhatsApp-Image-2023-07-27-at-11.56.24-768x460.jpeg",768,460,true],"large":["https:\/\/portal.pi.gov.br\/detran\/wp-content\/uploads\/sites\/62\/2023\/09\/WhatsApp-Image-2023-07-27-at-11.56.24-1024x614.jpeg",887,532,true],"sgg-420":["https:\/\/portal.pi.gov.br\/detran\/wp-content\/uploads\/sites\/62\/2023\/09\/WhatsApp-Image-2023-07-27-at-11.56.24-420x252.jpeg",420,252,true],"sgg-540":["https:\/\/portal.pi.gov.br\/detran\/wp-content\/uploads\/sites\/62\/2023\/09\/WhatsApp-Image-2023-07-27-at-11.56.24-540x324.jpeg",540,324,true],"sgg-780":["https:\/\/portal.pi.gov.br\/detran\/wp-content\/uploads\/sites\/62\/2023\/09\/WhatsApp-Image-2023-07-27-at-11.56.24-780x467.jpeg",780,467,true],"1536x1536":["https:\/\/portal.pi.gov.br\/detran\/wp-content\/uploads\/sites\/62\/2023\/09\/WhatsApp-Image-2023-07-27-at-11.56.24.jpeg",1113,667,false],"2048x2048":["https:\/\/portal.pi.gov.br\/detran\/wp-content\/uploads\/sites\/62\/2023\/09\/WhatsApp-Image-2023-07-27-at-11.56.24.jpeg",1113,667,false],"homepage-slider":["https:\/\/portal.pi.gov.br\/detran\/wp-content\/uploads\/sites\/62\/2023\/09\/WhatsApp-Image-2023-07-27-at-11.56.24-1113x500.jpeg",1113,500,true],"homepage-slider-small":["https:\/\/portal.pi.gov.br\/detran\/wp-content\/uploads\/sites\/62\/2023\/09\/WhatsApp-Image-2023-07-27-at-11.56.24-947x500.jpeg",947,500,true],"page-top":["https:\/\/portal.pi.gov.br\/detran\/wp-content\/uploads\/sites\/62\/2023\/09\/WhatsApp-Image-2023-07-27-at-11.56.24-947x568.jpeg",947,568,true],"page-small":["https:\/\/portal.pi.gov.br\/detran\/wp-content\/uploads\/sites\/62\/2023\/09\/WhatsApp-Image-2023-07-27-at-11.56.24-624x374.jpeg",624,374,true],"loop-main":["https:\/\/portal.pi.gov.br\/detran\/wp-content\/uploads\/sites\/62\/2023\/09\/WhatsApp-Image-2023-07-27-at-11.56.24-365x240.jpeg",365,240,true],"thumb-gallery-widget":["https:\/\/portal.pi.gov.br\/detran\/wp-content\/uploads\/sites\/62\/2023\/09\/WhatsApp-Image-2023-07-27-at-11.56.24-84x56.jpeg",84,56,true]},"post_excerpt_stackable":"<p>A Diretora-geral do Departamento Estadual de Tr\u00e2nsito do Piau\u00ed (Detran-PI), Luana Barradas, assinou nesta quinta-feira, 27 de julho de 2023, o documento que possibilita a adequa\u00e7\u00e3o t\u00e9cnica do processo de municipaliza\u00e7\u00e3o do tr\u00e2nsito na cidade de Oeiras. Trata-se da \u00faltima etapa de integra\u00e7\u00e3o da administra\u00e7\u00e3o territorial ao Sistema Nacional de Tr\u00e2nsito (SNT). Em reuni\u00e3o com o prefeito Z\u00e9 Raimundo, o deputado Severo Eul\u00e1lio, Fernando do Zadim, chefe do departamento de tr\u00e2nsito municipal e Paulo Fernandes, chefe da Superintend\u00eancia Municipal de Transportes e Tr\u00e2nsito de Oeiras (SUTRAN), Luana Barradas garantiu que o Detran seguir\u00e1 como parceiro da cidade com a realiza\u00e7\u00e3o&hellip;<\/p>\n","category_list":"<a href=\"https:\/\/portal.pi.gov.br\/detran\/category\/noticias\/\" rel=\"category tag\">Not\u00edcias<\/a>","author_info":{"name":"matheussouza","url":"https:\/\/portal.pi.gov.br\/detran\/author\/matheussouza\/"},"comments_num":"0 coment\u00e1rio","featured_image_urls_v2":{"full":["https:\/\/portal.pi.gov.br\/detran\/wp-content\/uploads\/sites\/62\/2023\/09\/WhatsApp-Image-2023-07-27-at-11.56.24.jpeg",1113,667,false],"thumbnail":["https:\/\/portal.pi.gov.br\/detran\/wp-content\/uploads\/sites\/62\/2023\/09\/WhatsApp-Image-2023-07-27-at-11.56.24-150x150.jpeg",150,150,true],"medium":["https:\/\/portal.pi.gov.br\/detran\/wp-content\/uploads\/sites\/62\/2023\/09\/WhatsApp-Image-2023-07-27-at-11.56.24-300x180.jpeg",300,180,true],"medium_large":["https:\/\/portal.pi.gov.br\/detran\/wp-content\/uploads\/sites\/62\/2023\/09\/WhatsApp-Image-2023-07-27-at-11.56.24-768x460.jpeg",768,460,true],"large":["https:\/\/portal.pi.gov.br\/detran\/wp-content\/uploads\/sites\/62\/2023\/09\/WhatsApp-Image-2023-07-27-at-11.56.24-1024x614.jpeg",887,532,true],"sgg-420":["https:\/\/portal.pi.gov.br\/detran\/wp-content\/uploads\/sites\/62\/2023\/09\/WhatsApp-Image-2023-07-27-at-11.56.24-420x252.jpeg",420,252,true],"sgg-540":["https:\/\/portal.pi.gov.br\/detran\/wp-content\/uploads\/sites\/62\/2023\/09\/WhatsApp-Image-2023-07-27-at-11.56.24-540x324.jpeg",540,324,true],"sgg-780":["https:\/\/portal.pi.gov.br\/detran\/wp-content\/uploads\/sites\/62\/2023\/09\/WhatsApp-Image-2023-07-27-at-11.56.24-780x467.jpeg",780,467,true],"1536x1536":["https:\/\/portal.pi.gov.br\/detran\/wp-content\/uploads\/sites\/62\/2023\/09\/WhatsApp-Image-2023-07-27-at-11.56.24.jpeg",1113,667,false],"2048x2048":["https:\/\/portal.pi.gov.br\/detran\/wp-content\/uploads\/sites\/62\/2023\/09\/WhatsApp-Image-2023-07-27-at-11.56.24.jpeg",1113,667,false],"homepage-slider":["https:\/\/portal.pi.gov.br\/detran\/wp-content\/uploads\/sites\/62\/2023\/09\/WhatsApp-Image-2023-07-27-at-11.56.24-1113x500.jpeg",1113,500,true],"homepage-slider-small":["https:\/\/portal.pi.gov.br\/detran\/wp-content\/uploads\/sites\/62\/2023\/09\/WhatsApp-Image-2023-07-27-at-11.56.24-947x500.jpeg",947,500,true],"page-top":["https:\/\/portal.pi.gov.br\/detran\/wp-content\/uploads\/sites\/62\/2023\/09\/WhatsApp-Image-2023-07-27-at-11.56.24-947x568.jpeg",947,568,true],"page-small":["https:\/\/portal.pi.gov.br\/detran\/wp-content\/uploads\/sites\/62\/2023\/09\/WhatsApp-Image-2023-07-27-at-11.56.24-624x374.jpeg",624,374,true],"loop-main":["https:\/\/portal.pi.gov.br\/detran\/wp-content\/uploads\/sites\/62\/2023\/09\/WhatsApp-Image-2023-07-27-at-11.56.24-365x240.jpeg",365,240,true],"thumb-gallery-widget":["https:\/\/portal.pi.gov.br\/detran\/wp-content\/uploads\/sites\/62\/2023\/09\/WhatsApp-Image-2023-07-27-at-11.56.24-84x56.jpeg",84,56,true]},"post_excerpt_stackable_v2":"<p>A Diretora-geral do Departamento Estadual de Tr\u00e2nsito do Piau\u00ed (Detran-PI), Luana Barradas, assinou nesta quinta-feira, 27 de julho de 2023, o documento que possibilita a adequa\u00e7\u00e3o t\u00e9cnica do processo de municipaliza\u00e7\u00e3o do tr\u00e2nsito na cidade de Oeiras. Trata-se da \u00faltima etapa de integra\u00e7\u00e3o da administra\u00e7\u00e3o territorial ao Sistema Nacional de Tr\u00e2nsito (SNT). Em reuni\u00e3o com o prefeito Z\u00e9 Raimundo, o deputado Severo Eul\u00e1lio, Fernando do Zadim, chefe do departamento de tr\u00e2nsito municipal e Paulo Fernandes, chefe da Superintend\u00eancia Municipal de Transportes e Tr\u00e2nsito de Oeiras (SUTRAN), Luana Barradas garantiu que o Detran seguir\u00e1 como parceiro da cidade com a realiza\u00e7\u00e3o&hellip;<\/p>\n","category_list_v2":"<a href=\"https:\/\/portal.pi.gov.br\/detran\/category\/noticias\/\" rel=\"category tag\">Not\u00edcias<\/a>","author_info_v2":{"name":"matheussouza","url":"https:\/\/portal.pi.gov.br\/detran\/author\/matheussouza\/"},"comments_num_v2":"0 coment\u00e1rio","jetpack_featured_media_url":"https:\/\/portal.pi.gov.br\/detran\/wp-content\/uploads\/sites\/62\/2023\/09\/WhatsApp-Image-2023-07-27-at-11.56.24.jpeg","_links":{"self":[{"href":"https:\/\/portal.pi.gov.br\/detran\/wp-json\/wp\/v2\/posts\/1198"}],"collection":[{"href":"https:\/\/portal.pi.gov.br\/detran\/wp-json\/wp\/v2\/posts"}],"about":[{"href":"https:\/\/portal.pi.gov.br\/detran\/wp-json\/wp\/v2\/types\/post"}],"author":[{"embeddable":true,"href":"https:\/\/portal.pi.gov.br\/detran\/wp-json\/wp\/v2\/users\/1732"}],"replies":[{"embeddable":true,"href":"https:\/\/portal.pi.gov.br\/detran\/wp-json\/wp\/v2\/comments?post=1198"}],"version-history":[{"count":1,"href":"https:\/\/portal.pi.gov.br\/detran\/wp-json\/wp\/v2\/posts\/1198\/revisions"}],"predecessor-version":[{"id":1200,"href":"https:\/\/portal.pi.gov.br\/detran\/wp-json\/wp\/v2\/posts\/1198\/revisions\/1200"}],"wp:featuredmedia":[{"embeddable":true,"href":"https:\/\/portal.pi.gov.br\/detran\/wp-json\/wp\/v2\/media\/1199"}],"wp:attachment":[{"href":"https:\/\/portal.pi.gov.br\/detran\/wp-json\/wp\/v2\/media?parent=1198"}],"wp:term":[{"taxonomy":"category","embeddable":true,"href":"https:\/\/portal.pi.gov.br\/detran\/wp-json\/wp\/v2\/categories?post=1198"},{"taxonomy":"post_tag","embeddable":true,"href":"https:\/\/portal.pi.gov.br\/detran\/wp-json\/wp\/v2\/tags?post=1198"}],"curies":[{"name":"wp","href":"https:\/\/api.w.org\/{rel}","templated":true}]}}