{"id":1209,"date":"2023-09-04T14:00:44","date_gmt":"2023-09-04T17:00:44","guid":{"rendered":"https:\/\/portal.pi.gov.br\/detran\/?p=1209"},"modified":"2023-09-04T14:01:06","modified_gmt":"2023-09-04T17:01:06","slug":"1209","status":"publish","type":"post","link":"https:\/\/portal.pi.gov.br\/detran\/1209\/","title":{"rendered":"Detran-PI participa de reuni\u00e3o na CGE e elenca avan\u00e7os no setor de Ouvidoria"},"content":{"rendered":"\n<p>Integrantes do Detran participaram do &#8220;Caf\u00e9 com Ouvidoria&#8221;, debate promovido pela Controladoria do Estado do Piau\u00ed (CGE-PI), na manh\u00e3 desta segunda-feira (04). O encontro reuniu representantes de diversos \u00f3rg\u00e3os p\u00fablicos e abordou o papel da \u201cOuvidoria como instrumento de mudan\u00e7a e controle social\u201d.<\/p>\n\n\n<div class=\"wp-block-image\">\n<figure class=\"aligncenter size-large\"><img decoding=\"async\" loading=\"lazy\" width=\"1024\" height=\"768\" src=\"https:\/\/portal.pi.gov.br\/detran\/wp-content\/uploads\/sites\/62\/2023\/09\/WhatsApp-Image-2023-09-04-at-12.47.21-1024x768.jpeg\" alt=\"\" class=\"wp-image-1210\" srcset=\"https:\/\/portal.pi.gov.br\/detran\/wp-content\/uploads\/sites\/62\/2023\/09\/WhatsApp-Image-2023-09-04-at-12.47.21-1024x768.jpeg 1024w, https:\/\/portal.pi.gov.br\/detran\/wp-content\/uploads\/sites\/62\/2023\/09\/WhatsApp-Image-2023-09-04-at-12.47.21-300x225.jpeg 300w, https:\/\/portal.pi.gov.br\/detran\/wp-content\/uploads\/sites\/62\/2023\/09\/WhatsApp-Image-2023-09-04-at-12.47.21-768x576.jpeg 768w, https:\/\/portal.pi.gov.br\/detran\/wp-content\/uploads\/sites\/62\/2023\/09\/WhatsApp-Image-2023-09-04-at-12.47.21-420x315.jpeg 420w, https:\/\/portal.pi.gov.br\/detran\/wp-content\/uploads\/sites\/62\/2023\/09\/WhatsApp-Image-2023-09-04-at-12.47.21-540x405.jpeg 540w, https:\/\/portal.pi.gov.br\/detran\/wp-content\/uploads\/sites\/62\/2023\/09\/WhatsApp-Image-2023-09-04-at-12.47.21-780x585.jpeg 780w, https:\/\/portal.pi.gov.br\/detran\/wp-content\/uploads\/sites\/62\/2023\/09\/WhatsApp-Image-2023-09-04-at-12.47.21-947x710.jpeg 947w, https:\/\/portal.pi.gov.br\/detran\/wp-content\/uploads\/sites\/62\/2023\/09\/WhatsApp-Image-2023-09-04-at-12.47.21-624x468.jpeg 624w, https:\/\/portal.pi.gov.br\/detran\/wp-content\/uploads\/sites\/62\/2023\/09\/WhatsApp-Image-2023-09-04-at-12.47.21.jpeg 1280w\" sizes=\"(max-width: 1024px) 100vw, 1024px\" \/><\/figure><\/div>\n\n\n<p>O evento teve como debatedores a economista e primeira ouvidora geral do estado, Ros\u00e1rio Bezerra e o Defensor P\u00fablico e Coordenador do N\u00facleo de Direitos Humanos, Igor Sampaio, com a participa\u00e7\u00e3o de ouvidores de diversos \u00f3rg\u00e3os. Na oportunidade, foi destacado a import\u00e2ncia e o crescimento das ouvidorias no Estado.<\/p>\n\n\n\n<p>Ros\u00e1rio Bezerra elencou que o departamento abre as portas das institui\u00e7\u00f5es para a sociedade e proporciona solu\u00e7\u00f5es imediatas para temas b\u00e1sicos do dia a dia. O Detran-PI, citado como refer\u00eancia no processo resolutivo de a\u00e7\u00f5es no Estado, esteve representado pelas servidoras Ananda Normando e S\u00f3nia Silva.<\/p>\n\n\n<div class=\"wp-block-image\">\n<figure class=\"aligncenter size-large\"><img decoding=\"async\" loading=\"lazy\" width=\"1024\" height=\"768\" src=\"https:\/\/portal.pi.gov.br\/detran\/wp-content\/uploads\/sites\/62\/2023\/09\/WhatsApp-Image-2023-09-04-at-12.47.20-1024x768.jpeg\" alt=\"\" class=\"wp-image-1211\" srcset=\"https:\/\/portal.pi.gov.br\/detran\/wp-content\/uploads\/sites\/62\/2023\/09\/WhatsApp-Image-2023-09-04-at-12.47.20-1024x768.jpeg 1024w, https:\/\/portal.pi.gov.br\/detran\/wp-content\/uploads\/sites\/62\/2023\/09\/WhatsApp-Image-2023-09-04-at-12.47.20-300x225.jpeg 300w, https:\/\/portal.pi.gov.br\/detran\/wp-content\/uploads\/sites\/62\/2023\/09\/WhatsApp-Image-2023-09-04-at-12.47.20-768x576.jpeg 768w, https:\/\/portal.pi.gov.br\/detran\/wp-content\/uploads\/sites\/62\/2023\/09\/WhatsApp-Image-2023-09-04-at-12.47.20-420x315.jpeg 420w, https:\/\/portal.pi.gov.br\/detran\/wp-content\/uploads\/sites\/62\/2023\/09\/WhatsApp-Image-2023-09-04-at-12.47.20-540x405.jpeg 540w, https:\/\/portal.pi.gov.br\/detran\/wp-content\/uploads\/sites\/62\/2023\/09\/WhatsApp-Image-2023-09-04-at-12.47.20-780x585.jpeg 780w, https:\/\/portal.pi.gov.br\/detran\/wp-content\/uploads\/sites\/62\/2023\/09\/WhatsApp-Image-2023-09-04-at-12.47.20-947x710.jpeg 947w, https:\/\/portal.pi.gov.br\/detran\/wp-content\/uploads\/sites\/62\/2023\/09\/WhatsApp-Image-2023-09-04-at-12.47.20-624x468.jpeg 624w, https:\/\/portal.pi.gov.br\/detran\/wp-content\/uploads\/sites\/62\/2023\/09\/WhatsApp-Image-2023-09-04-at-12.47.20.jpeg 1280w\" sizes=\"(max-width: 1024px) 100vw, 1024px\" \/><\/figure><\/div>\n\n\n<p>No ensejo, Igor Sampaio ressaltou que o instrumento aproxima o cidad\u00e3o do servi\u00e7o p\u00fablico. \u201cA ouvidoria \u00e9 particularmente algo que eu gosto muito, pois n\u00e3o \u00e9 s\u00f3 escutar a sociedade, mas tamb\u00e9m resolver e ajudar nas suas demandas. Na pr\u00e1tica, atinge os objetivos propostos.\u201d citou.<\/p>\n","protected":false},"excerpt":{"rendered":"<p>Integrantes do Detran participaram do &#8220;Caf\u00e9 com Ouvidoria&#8221;, debate promovido pela Controladoria do Estado do Piau\u00ed (CGE-PI), na manh\u00e3 desta segunda-feira (04). O encontro reuniu representantes de diversos \u00f3rg\u00e3os p\u00fablicos [&hellip;]<\/p>\n","protected":false},"author":1732,"featured_media":1210,"comment_status":"closed","ping_status":"closed","sticky":false,"template":"","format":"standard","meta":[],"categories":[41],"tags":[],"featured_image_urls":{"full":["https:\/\/portal.pi.gov.br\/detran\/wp-content\/uploads\/sites\/62\/2023\/09\/WhatsApp-Image-2023-09-04-at-12.47.21.jpeg",1280,960,false],"thumbnail":["https:\/\/portal.pi.gov.br\/detran\/wp-content\/uploads\/sites\/62\/2023\/09\/WhatsApp-Image-2023-09-04-at-12.47.21-150x150.jpeg",150,150,true],"medium":["https:\/\/portal.pi.gov.br\/detran\/wp-content\/uploads\/sites\/62\/2023\/09\/WhatsApp-Image-2023-09-04-at-12.47.21-300x225.jpeg",300,225,true],"medium_large":["https:\/\/portal.pi.gov.br\/detran\/wp-content\/uploads\/sites\/62\/2023\/09\/WhatsApp-Image-2023-09-04-at-12.47.21-768x576.jpeg",768,576,true],"large":["https:\/\/portal.pi.gov.br\/detran\/wp-content\/uploads\/sites\/62\/2023\/09\/WhatsApp-Image-2023-09-04-at-12.47.21-1024x768.jpeg",887,665,true],"sgg-420":["https:\/\/portal.pi.gov.br\/detran\/wp-content\/uploads\/sites\/62\/2023\/09\/WhatsApp-Image-2023-09-04-at-12.47.21-420x315.jpeg",420,315,true],"sgg-540":["https:\/\/portal.pi.gov.br\/detran\/wp-content\/uploads\/sites\/62\/2023\/09\/WhatsApp-Image-2023-09-04-at-12.47.21-540x405.jpeg",540,405,true],"sgg-780":["https:\/\/portal.pi.gov.br\/detran\/wp-content\/uploads\/sites\/62\/2023\/09\/WhatsApp-Image-2023-09-04-at-12.47.21-780x585.jpeg",780,585,true],"1536x1536":["https:\/\/portal.pi.gov.br\/detran\/wp-content\/uploads\/sites\/62\/2023\/09\/WhatsApp-Image-2023-09-04-at-12.47.21.jpeg",1280,960,false],"2048x2048":["https:\/\/portal.pi.gov.br\/detran\/wp-content\/uploads\/sites\/62\/2023\/09\/WhatsApp-Image-2023-09-04-at-12.47.21.jpeg",1280,960,false],"homepage-slider":["https:\/\/portal.pi.gov.br\/detran\/wp-content\/uploads\/sites\/62\/2023\/09\/WhatsApp-Image-2023-09-04-at-12.47.21-1270x500.jpeg",1270,500,true],"homepage-slider-small":["https:\/\/portal.pi.gov.br\/detran\/wp-content\/uploads\/sites\/62\/2023\/09\/WhatsApp-Image-2023-09-04-at-12.47.21-947x500.jpeg",947,500,true],"page-top":["https:\/\/portal.pi.gov.br\/detran\/wp-content\/uploads\/sites\/62\/2023\/09\/WhatsApp-Image-2023-09-04-at-12.47.21-947x710.jpeg",947,710,true],"page-small":["https:\/\/portal.pi.gov.br\/detran\/wp-content\/uploads\/sites\/62\/2023\/09\/WhatsApp-Image-2023-09-04-at-12.47.21-624x468.jpeg",624,468,true],"loop-main":["https:\/\/portal.pi.gov.br\/detran\/wp-content\/uploads\/sites\/62\/2023\/09\/WhatsApp-Image-2023-09-04-at-12.47.21-365x240.jpeg",365,240,true],"thumb-gallery-widget":["https:\/\/portal.pi.gov.br\/detran\/wp-content\/uploads\/sites\/62\/2023\/09\/WhatsApp-Image-2023-09-04-at-12.47.21-84x56.jpeg",84,56,true]},"post_excerpt_stackable":"<p>Integrantes do Detran participaram do &#8220;Caf\u00e9 com Ouvidoria&#8221;, debate promovido pela Controladoria do Estado do Piau\u00ed (CGE-PI), na manh\u00e3 desta segunda-feira (04). O encontro reuniu representantes de diversos \u00f3rg\u00e3os p\u00fablicos e abordou o papel da \u201cOuvidoria como instrumento de mudan\u00e7a e controle social\u201d. O evento teve como debatedores a economista e primeira ouvidora geral do estado, Ros\u00e1rio Bezerra e o Defensor P\u00fablico e Coordenador do N\u00facleo de Direitos Humanos, Igor Sampaio, com a participa\u00e7\u00e3o de ouvidores de diversos \u00f3rg\u00e3os. Na oportunidade, foi destacado a import\u00e2ncia e o crescimento das ouvidorias no Estado. Ros\u00e1rio Bezerra elencou que o departamento abre as&hellip;<\/p>\n","category_list":"<a href=\"https:\/\/portal.pi.gov.br\/detran\/category\/noticias\/\" rel=\"category tag\">Not\u00edcias<\/a>","author_info":{"name":"matheussouza","url":"https:\/\/portal.pi.gov.br\/detran\/author\/matheussouza\/"},"comments_num":"0 coment\u00e1rio","featured_image_urls_v2":{"full":["https:\/\/portal.pi.gov.br\/detran\/wp-content\/uploads\/sites\/62\/2023\/09\/WhatsApp-Image-2023-09-04-at-12.47.21.jpeg",1280,960,false],"thumbnail":["https:\/\/portal.pi.gov.br\/detran\/wp-content\/uploads\/sites\/62\/2023\/09\/WhatsApp-Image-2023-09-04-at-12.47.21-150x150.jpeg",150,150,true],"medium":["https:\/\/portal.pi.gov.br\/detran\/wp-content\/uploads\/sites\/62\/2023\/09\/WhatsApp-Image-2023-09-04-at-12.47.21-300x225.jpeg",300,225,true],"medium_large":["https:\/\/portal.pi.gov.br\/detran\/wp-content\/uploads\/sites\/62\/2023\/09\/WhatsApp-Image-2023-09-04-at-12.47.21-768x576.jpeg",768,576,true],"large":["https:\/\/portal.pi.gov.br\/detran\/wp-content\/uploads\/sites\/62\/2023\/09\/WhatsApp-Image-2023-09-04-at-12.47.21-1024x768.jpeg",887,665,true],"sgg-420":["https:\/\/portal.pi.gov.br\/detran\/wp-content\/uploads\/sites\/62\/2023\/09\/WhatsApp-Image-2023-09-04-at-12.47.21-420x315.jpeg",420,315,true],"sgg-540":["https:\/\/portal.pi.gov.br\/detran\/wp-content\/uploads\/sites\/62\/2023\/09\/WhatsApp-Image-2023-09-04-at-12.47.21-540x405.jpeg",540,405,true],"sgg-780":["https:\/\/portal.pi.gov.br\/detran\/wp-content\/uploads\/sites\/62\/2023\/09\/WhatsApp-Image-2023-09-04-at-12.47.21-780x585.jpeg",780,585,true],"1536x1536":["https:\/\/portal.pi.gov.br\/detran\/wp-content\/uploads\/sites\/62\/2023\/09\/WhatsApp-Image-2023-09-04-at-12.47.21.jpeg",1280,960,false],"2048x2048":["https:\/\/portal.pi.gov.br\/detran\/wp-content\/uploads\/sites\/62\/2023\/09\/WhatsApp-Image-2023-09-04-at-12.47.21.jpeg",1280,960,false],"homepage-slider":["https:\/\/portal.pi.gov.br\/detran\/wp-content\/uploads\/sites\/62\/2023\/09\/WhatsApp-Image-2023-09-04-at-12.47.21-1270x500.jpeg",1270,500,true],"homepage-slider-small":["https:\/\/portal.pi.gov.br\/detran\/wp-content\/uploads\/sites\/62\/2023\/09\/WhatsApp-Image-2023-09-04-at-12.47.21-947x500.jpeg",947,500,true],"page-top":["https:\/\/portal.pi.gov.br\/detran\/wp-content\/uploads\/sites\/62\/2023\/09\/WhatsApp-Image-2023-09-04-at-12.47.21-947x710.jpeg",947,710,true],"page-small":["https:\/\/portal.pi.gov.br\/detran\/wp-content\/uploads\/sites\/62\/2023\/09\/WhatsApp-Image-2023-09-04-at-12.47.21-624x468.jpeg",624,468,true],"loop-main":["https:\/\/portal.pi.gov.br\/detran\/wp-content\/uploads\/sites\/62\/2023\/09\/WhatsApp-Image-2023-09-04-at-12.47.21-365x240.jpeg",365,240,true],"thumb-gallery-widget":["https:\/\/portal.pi.gov.br\/detran\/wp-content\/uploads\/sites\/62\/2023\/09\/WhatsApp-Image-2023-09-04-at-12.47.21-84x56.jpeg",84,56,true]},"post_excerpt_stackable_v2":"<p>Integrantes do Detran participaram do &#8220;Caf\u00e9 com Ouvidoria&#8221;, debate promovido pela Controladoria do Estado do Piau\u00ed (CGE-PI), na manh\u00e3 desta segunda-feira (04). O encontro reuniu representantes de diversos \u00f3rg\u00e3os p\u00fablicos e abordou o papel da \u201cOuvidoria como instrumento de mudan\u00e7a e controle social\u201d. O evento teve como debatedores a economista e primeira ouvidora geral do estado, Ros\u00e1rio Bezerra e o Defensor P\u00fablico e Coordenador do N\u00facleo de Direitos Humanos, Igor Sampaio, com a participa\u00e7\u00e3o de ouvidores de diversos \u00f3rg\u00e3os. Na oportunidade, foi destacado a import\u00e2ncia e o crescimento das ouvidorias no Estado. Ros\u00e1rio Bezerra elencou que o departamento abre as&hellip;<\/p>\n","category_list_v2":"<a href=\"https:\/\/portal.pi.gov.br\/detran\/category\/noticias\/\" rel=\"category tag\">Not\u00edcias<\/a>","author_info_v2":{"name":"matheussouza","url":"https:\/\/portal.pi.gov.br\/detran\/author\/matheussouza\/"},"comments_num_v2":"0 coment\u00e1rio","jetpack_featured_media_url":"https:\/\/portal.pi.gov.br\/detran\/wp-content\/uploads\/sites\/62\/2023\/09\/WhatsApp-Image-2023-09-04-at-12.47.21.jpeg","_links":{"self":[{"href":"https:\/\/portal.pi.gov.br\/detran\/wp-json\/wp\/v2\/posts\/1209"}],"collection":[{"href":"https:\/\/portal.pi.gov.br\/detran\/wp-json\/wp\/v2\/posts"}],"about":[{"href":"https:\/\/portal.pi.gov.br\/detran\/wp-json\/wp\/v2\/types\/post"}],"author":[{"embeddable":true,"href":"https:\/\/portal.pi.gov.br\/detran\/wp-json\/wp\/v2\/users\/1732"}],"replies":[{"embeddable":true,"href":"https:\/\/portal.pi.gov.br\/detran\/wp-json\/wp\/v2\/comments?post=1209"}],"version-history":[{"count":3,"href":"https:\/\/portal.pi.gov.br\/detran\/wp-json\/wp\/v2\/posts\/1209\/revisions"}],"predecessor-version":[{"id":1214,"href":"https:\/\/portal.pi.gov.br\/detran\/wp-json\/wp\/v2\/posts\/1209\/revisions\/1214"}],"wp:featuredmedia":[{"embeddable":true,"href":"https:\/\/portal.pi.gov.br\/detran\/wp-json\/wp\/v2\/media\/1210"}],"wp:attachment":[{"href":"https:\/\/portal.pi.gov.br\/detran\/wp-json\/wp\/v2\/media?parent=1209"}],"wp:term":[{"taxonomy":"category","embeddable":true,"href":"https:\/\/portal.pi.gov.br\/detran\/wp-json\/wp\/v2\/categories?post=1209"},{"taxonomy":"post_tag","embeddable":true,"href":"https:\/\/portal.pi.gov.br\/detran\/wp-json\/wp\/v2\/tags?post=1209"}],"curies":[{"name":"wp","href":"https:\/\/api.w.org\/{rel}","templated":true}]}}