{"id":1217,"date":"2023-08-14T10:25:00","date_gmt":"2023-08-14T13:25:00","guid":{"rendered":"https:\/\/portal.pi.gov.br\/detran\/?p=1217"},"modified":"2023-09-11T11:26:00","modified_gmt":"2023-09-11T14:26:00","slug":"1o-encontro-de-coordenadores-de-ciretrans-do-detran-debate-tecnologia-e-expansao-de-servicos","status":"publish","type":"post","link":"https:\/\/portal.pi.gov.br\/detran\/1o-encontro-de-coordenadores-de-ciretrans-do-detran-debate-tecnologia-e-expansao-de-servicos\/","title":{"rendered":"1\u00ba Encontro de Coordenadores de Ciretrans do Detran debate tecnologia e expans\u00e3o de servi\u00e7os"},"content":{"rendered":"\n<p class=\"has-text-align-left\">Departamento Estadual de Tr\u00e2nsito do Piau\u00ed (Detran) realizou em 02 de agosto deste ano o Primeiro Acolhimento de Coordenadores de Ciretrans (Circunscri\u00e7\u00f5es Regionais de Tr\u00e2nsito). O evento teve como foco o compartilhamento de conhecimento sobre a\u00e7\u00f5es e programas do \u00f3rg\u00e3o.<\/p>\n\n\n<div class=\"wp-block-image\">\n<figure class=\"aligncenter size-large\"><img decoding=\"async\" loading=\"lazy\" width=\"1024\" height=\"682\" src=\"https:\/\/portal.pi.gov.br\/detran\/wp-content\/uploads\/sites\/62\/2023\/09\/WhatsApp-Image-2023-08-14-at-10.55.06-1024x682.jpeg\" alt=\"\" class=\"wp-image-1218\" srcset=\"https:\/\/portal.pi.gov.br\/detran\/wp-content\/uploads\/sites\/62\/2023\/09\/WhatsApp-Image-2023-08-14-at-10.55.06-1024x682.jpeg 1024w, https:\/\/portal.pi.gov.br\/detran\/wp-content\/uploads\/sites\/62\/2023\/09\/WhatsApp-Image-2023-08-14-at-10.55.06-300x200.jpeg 300w, https:\/\/portal.pi.gov.br\/detran\/wp-content\/uploads\/sites\/62\/2023\/09\/WhatsApp-Image-2023-08-14-at-10.55.06-768x512.jpeg 768w, https:\/\/portal.pi.gov.br\/detran\/wp-content\/uploads\/sites\/62\/2023\/09\/WhatsApp-Image-2023-08-14-at-10.55.06-420x280.jpeg 420w, https:\/\/portal.pi.gov.br\/detran\/wp-content\/uploads\/sites\/62\/2023\/09\/WhatsApp-Image-2023-08-14-at-10.55.06-540x360.jpeg 540w, https:\/\/portal.pi.gov.br\/detran\/wp-content\/uploads\/sites\/62\/2023\/09\/WhatsApp-Image-2023-08-14-at-10.55.06-780x520.jpeg 780w, https:\/\/portal.pi.gov.br\/detran\/wp-content\/uploads\/sites\/62\/2023\/09\/WhatsApp-Image-2023-08-14-at-10.55.06-1536x1023.jpeg 1536w, https:\/\/portal.pi.gov.br\/detran\/wp-content\/uploads\/sites\/62\/2023\/09\/WhatsApp-Image-2023-08-14-at-10.55.06-947x631.jpeg 947w, https:\/\/portal.pi.gov.br\/detran\/wp-content\/uploads\/sites\/62\/2023\/09\/WhatsApp-Image-2023-08-14-at-10.55.06-624x416.jpeg 624w, https:\/\/portal.pi.gov.br\/detran\/wp-content\/uploads\/sites\/62\/2023\/09\/WhatsApp-Image-2023-08-14-at-10.55.06-84x56.jpeg 84w, https:\/\/portal.pi.gov.br\/detran\/wp-content\/uploads\/sites\/62\/2023\/09\/WhatsApp-Image-2023-08-14-at-10.55.06.jpeg 1600w\" sizes=\"(max-width: 1024px) 100vw, 1024px\" \/><\/figure><\/div>\n\n\n<p class=\"has-text-align-left\">Na solenidade, os coordenadores da capital e interior do estado se reuniram para analisar metas e avan\u00e7os no servi\u00e7o ao p\u00fablico. A Diretora-geral do Detran-PI, Luana Barradas, destacou os avan\u00e7os obtidos no primeiro semestre de gest\u00e3o, o apoio \u00e0s coordenadorias regionais e apresentou a funcion\u00e1ria com maior produtividade de atendimento do m\u00eas de julho.<\/p>\n\n\n\n<p class=\"has-text-align-left\">\u201cJ\u00e9ssica Rodrigues Oliveira foi nomeada pela sua efici\u00eancia no atendimento ao p\u00fablico na sede do \u00f3rg\u00e3o, em Teresina. A condecora\u00e7\u00e3o pelo servi\u00e7o prestado revela o comprometimento do Departamento de Tr\u00e2nsito com a equipe de funcion\u00e1rios e incentivo ao melhor atendimento do usu\u00e1rio\u2019, disse a Diretora.<\/p>\n\n\n\n<p class=\"has-text-align-left\">A Deputada Estadual Ana Paula Mendes (MDB) tamb\u00e9m marcou presen\u00e7a na solenidade de abertura. Representando o Poder Legislativo, ela citou o apoio da bancada para qualifica\u00e7\u00e3o das atividades do Detran, sobretudo a descentraliza\u00e7\u00e3o de servi\u00e7os, mediante a implementa\u00e7\u00e3o de novas tecnologias.<\/p>\n\n\n\n<p class=\"has-text-align-left\">O Diretor da Escola de Tr\u00e2nsito, Daniel Carvalho, apresentou o balan\u00e7o de a\u00e7\u00f5es deste ano. Ele apontou o trabalho das equipes educacionais nas rodovias e escolas do Piau\u00ed.<\/p>\n\n\n\n<p class=\"has-text-align-left\">O gerente geral de Ciretrans, o chefe de comunica\u00e7\u00e3o e os diretores de Infra\u00e7\u00e3o e de Registro apresentaram protocolos de atendimento e resolutividade de demandas. As diretorias de Habilita\u00e7\u00e3o, de Engenharia e de Tecnologia da Informa\u00e7\u00e3o (TI) destacaram os sistemas integrados do Detran em benef\u00edcio da popula\u00e7\u00e3o.<\/p>\n\n\n\n<p class=\"has-text-align-left\">O \u00f3rg\u00e3o possui 41 Ciretrans no interior do Estado e 04 postos na capital, al\u00e9m da sede. O Detran investe continuamente em tecnologia e educa\u00e7\u00e3o visando a conscientiza\u00e7\u00e3o da sociedade para um tr\u00e2nsito mais seguro.<\/p>\n","protected":false},"excerpt":{"rendered":"<p>Departamento Estadual de Tr\u00e2nsito do Piau\u00ed (Detran) realizou em 02 de agosto deste ano o Primeiro Acolhimento de Coordenadores de Ciretrans (Circunscri\u00e7\u00f5es Regionais de Tr\u00e2nsito). O evento teve como foco [&hellip;]<\/p>\n","protected":false},"author":1732,"featured_media":1218,"comment_status":"closed","ping_status":"closed","sticky":false,"template":"","format":"standard","meta":[],"categories":[41],"tags":[],"featured_image_urls":{"full":["https:\/\/portal.pi.gov.br\/detran\/wp-content\/uploads\/sites\/62\/2023\/09\/WhatsApp-Image-2023-08-14-at-10.55.06.jpeg",1600,1066,false],"thumbnail":["https:\/\/portal.pi.gov.br\/detran\/wp-content\/uploads\/sites\/62\/2023\/09\/WhatsApp-Image-2023-08-14-at-10.55.06-150x150.jpeg",150,150,true],"medium":["https:\/\/portal.pi.gov.br\/detran\/wp-content\/uploads\/sites\/62\/2023\/09\/WhatsApp-Image-2023-08-14-at-10.55.06-300x200.jpeg",300,200,true],"medium_large":["https:\/\/portal.pi.gov.br\/detran\/wp-content\/uploads\/sites\/62\/2023\/09\/WhatsApp-Image-2023-08-14-at-10.55.06-768x512.jpeg",768,512,true],"large":["https:\/\/portal.pi.gov.br\/detran\/wp-content\/uploads\/sites\/62\/2023\/09\/WhatsApp-Image-2023-08-14-at-10.55.06-1024x682.jpeg",887,591,true],"sgg-420":["https:\/\/portal.pi.gov.br\/detran\/wp-content\/uploads\/sites\/62\/2023\/09\/WhatsApp-Image-2023-08-14-at-10.55.06-420x280.jpeg",420,280,true],"sgg-540":["https:\/\/portal.pi.gov.br\/detran\/wp-content\/uploads\/sites\/62\/2023\/09\/WhatsApp-Image-2023-08-14-at-10.55.06-540x360.jpeg",540,360,true],"sgg-780":["https:\/\/portal.pi.gov.br\/detran\/wp-content\/uploads\/sites\/62\/2023\/09\/WhatsApp-Image-2023-08-14-at-10.55.06-780x520.jpeg",780,520,true],"1536x1536":["https:\/\/portal.pi.gov.br\/detran\/wp-content\/uploads\/sites\/62\/2023\/09\/WhatsApp-Image-2023-08-14-at-10.55.06-1536x1023.jpeg",1536,1023,true],"2048x2048":["https:\/\/portal.pi.gov.br\/detran\/wp-content\/uploads\/sites\/62\/2023\/09\/WhatsApp-Image-2023-08-14-at-10.55.06.jpeg",1600,1066,false],"homepage-slider":["https:\/\/portal.pi.gov.br\/detran\/wp-content\/uploads\/sites\/62\/2023\/09\/WhatsApp-Image-2023-08-14-at-10.55.06-1270x500.jpeg",1270,500,true],"homepage-slider-small":["https:\/\/portal.pi.gov.br\/detran\/wp-content\/uploads\/sites\/62\/2023\/09\/WhatsApp-Image-2023-08-14-at-10.55.06-947x500.jpeg",947,500,true],"page-top":["https:\/\/portal.pi.gov.br\/detran\/wp-content\/uploads\/sites\/62\/2023\/09\/WhatsApp-Image-2023-08-14-at-10.55.06-947x631.jpeg",947,631,true],"page-small":["https:\/\/portal.pi.gov.br\/detran\/wp-content\/uploads\/sites\/62\/2023\/09\/WhatsApp-Image-2023-08-14-at-10.55.06-624x416.jpeg",624,416,true],"loop-main":["https:\/\/portal.pi.gov.br\/detran\/wp-content\/uploads\/sites\/62\/2023\/09\/WhatsApp-Image-2023-08-14-at-10.55.06-365x240.jpeg",365,240,true],"thumb-gallery-widget":["https:\/\/portal.pi.gov.br\/detran\/wp-content\/uploads\/sites\/62\/2023\/09\/WhatsApp-Image-2023-08-14-at-10.55.06-84x56.jpeg",84,56,true]},"post_excerpt_stackable":"<p>Departamento Estadual de Tr\u00e2nsito do Piau\u00ed (Detran) realizou em 02 de agosto deste ano o Primeiro Acolhimento de Coordenadores de Ciretrans (Circunscri\u00e7\u00f5es Regionais de Tr\u00e2nsito). O evento teve como foco o compartilhamento de conhecimento sobre a\u00e7\u00f5es e programas do \u00f3rg\u00e3o. Na solenidade, os coordenadores da capital e interior do estado se reuniram para analisar metas e avan\u00e7os no servi\u00e7o ao p\u00fablico. A Diretora-geral do Detran-PI, Luana Barradas, destacou os avan\u00e7os obtidos no primeiro semestre de gest\u00e3o, o apoio \u00e0s coordenadorias regionais e apresentou a funcion\u00e1ria com maior produtividade de atendimento do m\u00eas de julho. \u201cJ\u00e9ssica Rodrigues Oliveira foi nomeada pela&hellip;<\/p>\n","category_list":"<a href=\"https:\/\/portal.pi.gov.br\/detran\/category\/noticias\/\" rel=\"category tag\">Not\u00edcias<\/a>","author_info":{"name":"matheussouza","url":"https:\/\/portal.pi.gov.br\/detran\/author\/matheussouza\/"},"comments_num":"0 coment\u00e1rio","featured_image_urls_v2":{"full":["https:\/\/portal.pi.gov.br\/detran\/wp-content\/uploads\/sites\/62\/2023\/09\/WhatsApp-Image-2023-08-14-at-10.55.06.jpeg",1600,1066,false],"thumbnail":["https:\/\/portal.pi.gov.br\/detran\/wp-content\/uploads\/sites\/62\/2023\/09\/WhatsApp-Image-2023-08-14-at-10.55.06-150x150.jpeg",150,150,true],"medium":["https:\/\/portal.pi.gov.br\/detran\/wp-content\/uploads\/sites\/62\/2023\/09\/WhatsApp-Image-2023-08-14-at-10.55.06-300x200.jpeg",300,200,true],"medium_large":["https:\/\/portal.pi.gov.br\/detran\/wp-content\/uploads\/sites\/62\/2023\/09\/WhatsApp-Image-2023-08-14-at-10.55.06-768x512.jpeg",768,512,true],"large":["https:\/\/portal.pi.gov.br\/detran\/wp-content\/uploads\/sites\/62\/2023\/09\/WhatsApp-Image-2023-08-14-at-10.55.06-1024x682.jpeg",887,591,true],"sgg-420":["https:\/\/portal.pi.gov.br\/detran\/wp-content\/uploads\/sites\/62\/2023\/09\/WhatsApp-Image-2023-08-14-at-10.55.06-420x280.jpeg",420,280,true],"sgg-540":["https:\/\/portal.pi.gov.br\/detran\/wp-content\/uploads\/sites\/62\/2023\/09\/WhatsApp-Image-2023-08-14-at-10.55.06-540x360.jpeg",540,360,true],"sgg-780":["https:\/\/portal.pi.gov.br\/detran\/wp-content\/uploads\/sites\/62\/2023\/09\/WhatsApp-Image-2023-08-14-at-10.55.06-780x520.jpeg",780,520,true],"1536x1536":["https:\/\/portal.pi.gov.br\/detran\/wp-content\/uploads\/sites\/62\/2023\/09\/WhatsApp-Image-2023-08-14-at-10.55.06-1536x1023.jpeg",1536,1023,true],"2048x2048":["https:\/\/portal.pi.gov.br\/detran\/wp-content\/uploads\/sites\/62\/2023\/09\/WhatsApp-Image-2023-08-14-at-10.55.06.jpeg",1600,1066,false],"homepage-slider":["https:\/\/portal.pi.gov.br\/detran\/wp-content\/uploads\/sites\/62\/2023\/09\/WhatsApp-Image-2023-08-14-at-10.55.06-1270x500.jpeg",1270,500,true],"homepage-slider-small":["https:\/\/portal.pi.gov.br\/detran\/wp-content\/uploads\/sites\/62\/2023\/09\/WhatsApp-Image-2023-08-14-at-10.55.06-947x500.jpeg",947,500,true],"page-top":["https:\/\/portal.pi.gov.br\/detran\/wp-content\/uploads\/sites\/62\/2023\/09\/WhatsApp-Image-2023-08-14-at-10.55.06-947x631.jpeg",947,631,true],"page-small":["https:\/\/portal.pi.gov.br\/detran\/wp-content\/uploads\/sites\/62\/2023\/09\/WhatsApp-Image-2023-08-14-at-10.55.06-624x416.jpeg",624,416,true],"loop-main":["https:\/\/portal.pi.gov.br\/detran\/wp-content\/uploads\/sites\/62\/2023\/09\/WhatsApp-Image-2023-08-14-at-10.55.06-365x240.jpeg",365,240,true],"thumb-gallery-widget":["https:\/\/portal.pi.gov.br\/detran\/wp-content\/uploads\/sites\/62\/2023\/09\/WhatsApp-Image-2023-08-14-at-10.55.06-84x56.jpeg",84,56,true]},"post_excerpt_stackable_v2":"<p>Departamento Estadual de Tr\u00e2nsito do Piau\u00ed (Detran) realizou em 02 de agosto deste ano o Primeiro Acolhimento de Coordenadores de Ciretrans (Circunscri\u00e7\u00f5es Regionais de Tr\u00e2nsito). O evento teve como foco o compartilhamento de conhecimento sobre a\u00e7\u00f5es e programas do \u00f3rg\u00e3o. Na solenidade, os coordenadores da capital e interior do estado se reuniram para analisar metas e avan\u00e7os no servi\u00e7o ao p\u00fablico. A Diretora-geral do Detran-PI, Luana Barradas, destacou os avan\u00e7os obtidos no primeiro semestre de gest\u00e3o, o apoio \u00e0s coordenadorias regionais e apresentou a funcion\u00e1ria com maior produtividade de atendimento do m\u00eas de julho. \u201cJ\u00e9ssica Rodrigues Oliveira foi nomeada pela&hellip;<\/p>\n","category_list_v2":"<a href=\"https:\/\/portal.pi.gov.br\/detran\/category\/noticias\/\" rel=\"category tag\">Not\u00edcias<\/a>","author_info_v2":{"name":"matheussouza","url":"https:\/\/portal.pi.gov.br\/detran\/author\/matheussouza\/"},"comments_num_v2":"0 coment\u00e1rio","jetpack_featured_media_url":"https:\/\/portal.pi.gov.br\/detran\/wp-content\/uploads\/sites\/62\/2023\/09\/WhatsApp-Image-2023-08-14-at-10.55.06.jpeg","_links":{"self":[{"href":"https:\/\/portal.pi.gov.br\/detran\/wp-json\/wp\/v2\/posts\/1217"}],"collection":[{"href":"https:\/\/portal.pi.gov.br\/detran\/wp-json\/wp\/v2\/posts"}],"about":[{"href":"https:\/\/portal.pi.gov.br\/detran\/wp-json\/wp\/v2\/types\/post"}],"author":[{"embeddable":true,"href":"https:\/\/portal.pi.gov.br\/detran\/wp-json\/wp\/v2\/users\/1732"}],"replies":[{"embeddable":true,"href":"https:\/\/portal.pi.gov.br\/detran\/wp-json\/wp\/v2\/comments?post=1217"}],"version-history":[{"count":1,"href":"https:\/\/portal.pi.gov.br\/detran\/wp-json\/wp\/v2\/posts\/1217\/revisions"}],"predecessor-version":[{"id":1219,"href":"https:\/\/portal.pi.gov.br\/detran\/wp-json\/wp\/v2\/posts\/1217\/revisions\/1219"}],"wp:featuredmedia":[{"embeddable":true,"href":"https:\/\/portal.pi.gov.br\/detran\/wp-json\/wp\/v2\/media\/1218"}],"wp:attachment":[{"href":"https:\/\/portal.pi.gov.br\/detran\/wp-json\/wp\/v2\/media?parent=1217"}],"wp:term":[{"taxonomy":"category","embeddable":true,"href":"https:\/\/portal.pi.gov.br\/detran\/wp-json\/wp\/v2\/categories?post=1217"},{"taxonomy":"post_tag","embeddable":true,"href":"https:\/\/portal.pi.gov.br\/detran\/wp-json\/wp\/v2\/tags?post=1217"}],"curies":[{"name":"wp","href":"https:\/\/api.w.org\/{rel}","templated":true}]}}